{"id":455,"date":"2020-10-20T12:14:43","date_gmt":"2020-10-20T10:14:43","guid":{"rendered":"https:\/\/www.medisocial.it\/francesco-melaragni\/?p=455"},"modified":"2020-10-20T12:14:43","modified_gmt":"2020-10-20T10:14:43","slug":"articolazioni-danni-da-lockdown-per-covid-19","status":"publish","type":"post","link":"https:\/\/www.medisocial.it\/francesco-melaragni\/2020\/10\/20\/articolazioni-danni-da-lockdown-per-covid-19\/","title":{"rendered":"Articolazioni: danni da Lockdown per Covid-19"},"content":{"rendered":"<p><strong>Articolazioni: danni da Lockdown per Covid-19<\/strong><\/p>\n<p>Sicuramente il lockdown per Codiv-19 ha giocato un ruolo determinante per la salute del nostro apparato muscolo scheletrico soprattutto per le persone che non erano abituate a una regolare attivit\u00e0 fisica.<\/p>\n<p>Infatti, da una ricerca condotta da Assosalute \u00e8 emerso che a soffrire di dolori muscolo scheletrici, anche prima del lockdown per Covid-19, \u00e8 il 73% degli italiani, con il mal di schiena al primo posto (49%), seguito dai dolori al collo (37%) e dolori alle articolazioni degli arti inferiori (29%).<\/p>\n<p>A causa dell\u2019eccesso di attivit\u00e0 fisica o, altrimenti, della totale immobilit\u00e0 che il lockdown da Covid-19 ha imposto, sono arrivati a noi ortopedici persone con queste patologie:<\/p>\n<ul>\n<li>Danni al ginocchio: il ginocchio pu\u00f2 subire danni sia dalla troppa e non corretta attivit\u00e0 che dall\u2019inattivit\u00e0. Se si svolge troppa attivit\u00e0 fisica e non si \u00e8 allenati, le ginocchia tendono ad usurarsi provocando dolore e gonfiore.<\/li>\n<li>Degenerazioni articolari: stando troppo fermi, le articolazioni tendono ad irrigidirsi e a provocare dolore e gonfiore. Le terapie in questo caso possono essere costituite da infiltrazioni di acido ialuronico e cortisone<\/li>\n<li>Dolore alla spalla per lo sforzo: questo caso include ad esempio le grandi pulizie della casa alle quali un po\u2019 tutti si sono dedicati durante il Lockdown<\/li>\n<\/ul>\n<p>In alcuni casi, e specialmente in presenza di artrosi degenerativa, questi problemi hanno portato anche i pazienti a dover affrontare interventi di protesica agli arti (specialmente ginocchio e spalla).<\/p>\n<p>Spesso il problema \u00e8 costituito anche dal fatto che i pazienti aspettano troppo tempo prima di farsi visitare dall\u2019ortopedico e spesso arrivano alla visita con le articolazioni gi\u00e0 molto danneggiate.<\/p>\n<p>Se accusate dolori muscolo-scheletrici, prenotate subito una visita alla sezione <a href=\"https:\/\/www.medisocial.it\/francesco-melaragni\/contatti\/\">Contatti<\/a><\/p>\n","protected":false},"excerpt":{"rendered":"<p>Articolazioni: danni da Lockdown per Covid-19 Sicuramente il lockdown per Codiv-19 ha giocato un ruolo determinante per la salute del nostro apparato muscolo scheletrico soprattutto per le persone che non erano abituate a una regolare attivit\u00e0 fisica. Infatti, da una ricerca condotta da Assosalute \u00e8 emerso che a soffrire di dolori muscolo scheletrici, anche prima [&hellip;]<\/p>\n","protected":false},"author":1,"featured_media":456,"comment_status":"open","ping_status":"open","sticky":false,"template":"","format":"standard","meta":{"_monsterinsights_skip_tracking":false,"_monsterinsights_sitenote_active":false,"_monsterinsights_sitenote_note":"","_monsterinsights_sitenote_category":0,"footnotes":""},"categories":[3],"tags":[57,112,99,102,108,101,87,109,13,103,104,100,110,106,85,107,53,111,105],"yoast_head":"<!-- This site is optimized with the Yoast SEO plugin v22.1 - https:\/\/yoast.com\/wordpress\/plugins\/seo\/ -->\n<title>Articolazioni: danni da Lockdown per Covid-19 - Dott. Francesco Melaragni<\/title>\n<meta name=\"description\" content=\"Articolazioni: danni da Lockdown per Covid-19 Il lockdown per Codiv-19 ha giocato un ruolo determinante per la salute dell&#039;apparato muscolo scheletrico\" \/>\n<meta name=\"robots\" content=\"index, follow, max-snippet:-1, max-image-preview:large, max-video-preview:-1\" \/>\n<link rel=\"canonical\" href=\"https:\/\/www.medisocial.it\/francesco-melaragni\/2020\/10\/20\/articolazioni-danni-da-lockdown-per-covid-19\/\" \/>\n<meta property=\"og:locale\" content=\"it_IT\" \/>\n<meta property=\"og:type\" content=\"article\" \/>\n<meta property=\"og:title\" content=\"Articolazioni: danni da Lockdown per Covid-19 - Dott. Francesco Melaragni\" \/>\n<meta property=\"og:description\" content=\"Articolazioni: danni da Lockdown per Covid-19 Il lockdown per Codiv-19 ha giocato un ruolo determinante per la salute dell&#039;apparato muscolo scheletrico\" \/>\n<meta property=\"og:url\" content=\"https:\/\/www.medisocial.it\/francesco-melaragni\/2020\/10\/20\/articolazioni-danni-da-lockdown-per-covid-19\/\" \/>\n<meta property=\"og:site_name\" content=\"Dott. Francesco Melaragni\" \/>\n<meta property=\"article:published_time\" content=\"2020-10-20T10:14:43+00:00\" \/>\n<meta property=\"og:image\" content=\"https:\/\/www.medisocial.it\/francesco-melaragni\/wp-content\/uploads\/2020\/10\/Articolazioni.jpg\" \/>\n\t<meta property=\"og:image:width\" content=\"400\" \/>\n\t<meta property=\"og:image:height\" content=\"617\" \/>\n\t<meta property=\"og:image:type\" content=\"image\/jpeg\" \/>\n<meta name=\"author\" content=\"medisocial\" \/>\n<meta name=\"twitter:card\" content=\"summary_large_image\" \/>\n<meta name=\"twitter:label1\" content=\"Scritto da\" \/>\n\t<meta name=\"twitter:data1\" content=\"medisocial\" \/>\n\t<meta name=\"twitter:label2\" content=\"Tempo di lettura stimato\" \/>\n\t<meta name=\"twitter:data2\" content=\"1 minuto\" \/>\n<script type=\"application\/ld+json\" class=\"yoast-schema-graph\">{\"@context\":\"https:\/\/schema.org\",\"@graph\":[{\"@type\":\"Article\",\"@id\":\"https:\/\/www.medisocial.it\/francesco-melaragni\/2020\/10\/20\/articolazioni-danni-da-lockdown-per-covid-19\/#article\",\"isPartOf\":{\"@id\":\"https:\/\/www.medisocial.it\/francesco-melaragni\/2020\/10\/20\/articolazioni-danni-da-lockdown-per-covid-19\/\"},\"author\":{\"name\":\"medisocial\",\"@id\":\"https:\/\/www.medisocial.it\/francesco-melaragni\/#\/schema\/person\/142e46c115b01350929544c525191b4d\"},\"headline\":\"Articolazioni: danni da Lockdown per Covid-19\",\"datePublished\":\"2020-10-20T10:14:43+00:00\",\"dateModified\":\"2020-10-20T10:14:43+00:00\",\"mainEntityOfPage\":{\"@id\":\"https:\/\/www.medisocial.it\/francesco-melaragni\/2020\/10\/20\/articolazioni-danni-da-lockdown-per-covid-19\/\"},\"wordCount\":280,\"commentCount\":0,\"publisher\":{\"@id\":\"https:\/\/www.medisocial.it\/francesco-melaragni\/#organization\"},\"keywords\":[\"anca\",\"apparato muscolo scheletrico\",\"articolazioni\",\"artrosi degenerativa\",\"Cellule Mesenchimali\",\"covid-19\",\"dolore\",\"Dott. Francesco Melaragni\",\"ginocchio\",\"gonfiore\",\"infiltrazioni\",\"lockdown\",\"OrtopedicoViterbo\",\"pappa piastrinica\",\"protesi\",\"PRP\",\"spalla\",\"specialistaortopedico\",\"terapia conservativa\"],\"articleSection\":[\"Articoli giornalistici\"],\"inLanguage\":\"it-IT\",\"potentialAction\":[{\"@type\":\"CommentAction\",\"name\":\"Comment\",\"target\":[\"https:\/\/www.medisocial.it\/francesco-melaragni\/2020\/10\/20\/articolazioni-danni-da-lockdown-per-covid-19\/#respond\"]}]},{\"@type\":\"WebPage\",\"@id\":\"https:\/\/www.medisocial.it\/francesco-melaragni\/2020\/10\/20\/articolazioni-danni-da-lockdown-per-covid-19\/\",\"url\":\"https:\/\/www.medisocial.it\/francesco-melaragni\/2020\/10\/20\/articolazioni-danni-da-lockdown-per-covid-19\/\",\"name\":\"Articolazioni: danni da Lockdown per Covid-19 - Dott. Francesco Melaragni\",\"isPartOf\":{\"@id\":\"https:\/\/www.medisocial.it\/francesco-melaragni\/#website\"},\"datePublished\":\"2020-10-20T10:14:43+00:00\",\"dateModified\":\"2020-10-20T10:14:43+00:00\",\"description\":\"Articolazioni: danni da Lockdown per Covid-19 Il lockdown per Codiv-19 ha giocato un ruolo determinante per la salute dell'apparato muscolo scheletrico\",\"breadcrumb\":{\"@id\":\"https:\/\/www.medisocial.it\/francesco-melaragni\/2020\/10\/20\/articolazioni-danni-da-lockdown-per-covid-19\/#breadcrumb\"},\"inLanguage\":\"it-IT\",\"potentialAction\":[{\"@type\":\"ReadAction\",\"target\":[\"https:\/\/www.medisocial.it\/francesco-melaragni\/2020\/10\/20\/articolazioni-danni-da-lockdown-per-covid-19\/\"]}]},{\"@type\":\"BreadcrumbList\",\"@id\":\"https:\/\/www.medisocial.it\/francesco-melaragni\/2020\/10\/20\/articolazioni-danni-da-lockdown-per-covid-19\/#breadcrumb\",\"itemListElement\":[{\"@type\":\"ListItem\",\"position\":1,\"name\":\"Home\",\"item\":\"https:\/\/www.medisocial.it\/francesco-melaragni\/\"},{\"@type\":\"ListItem\",\"position\":2,\"name\":\"Articolazioni: danni da Lockdown per Covid-19\"}]},{\"@type\":\"WebSite\",\"@id\":\"https:\/\/www.medisocial.it\/francesco-melaragni\/#website\",\"url\":\"https:\/\/www.medisocial.it\/francesco-melaragni\/\",\"name\":\"Dott. Francesco Melaragni\",\"description\":\"Specialista in Ortopedia e Traumatologia\",\"publisher\":{\"@id\":\"https:\/\/www.medisocial.it\/francesco-melaragni\/#organization\"},\"potentialAction\":[{\"@type\":\"SearchAction\",\"target\":{\"@type\":\"EntryPoint\",\"urlTemplate\":\"https:\/\/www.medisocial.it\/francesco-melaragni\/?s={search_term_string}\"},\"query-input\":\"required name=search_term_string\"}],\"inLanguage\":\"it-IT\"},{\"@type\":\"Organization\",\"@id\":\"https:\/\/www.medisocial.it\/francesco-melaragni\/#organization\",\"name\":\"Dott. Francesco Melaragni\",\"url\":\"https:\/\/www.medisocial.it\/francesco-melaragni\/\",\"logo\":{\"@type\":\"ImageObject\",\"inLanguage\":\"it-IT\",\"@id\":\"https:\/\/www.medisocial.it\/francesco-melaragni\/#\/schema\/logo\/image\/\",\"url\":\"https:\/\/www.medisocial.it\/francesco-melaragni\/wp-content\/uploads\/2019\/09\/logo-2.jpg\",\"contentUrl\":\"https:\/\/www.medisocial.it\/francesco-melaragni\/wp-content\/uploads\/2019\/09\/logo-2.jpg\",\"width\":242,\"height\":76,\"caption\":\"Dott. Francesco Melaragni\"},\"image\":{\"@id\":\"https:\/\/www.medisocial.it\/francesco-melaragni\/#\/schema\/logo\/image\/\"}},{\"@type\":\"Person\",\"@id\":\"https:\/\/www.medisocial.it\/francesco-melaragni\/#\/schema\/person\/142e46c115b01350929544c525191b4d\",\"name\":\"medisocial\",\"image\":{\"@type\":\"ImageObject\",\"inLanguage\":\"it-IT\",\"@id\":\"https:\/\/www.medisocial.it\/francesco-melaragni\/#\/schema\/person\/image\/\",\"url\":\"https:\/\/secure.gravatar.com\/avatar\/efa9393110d3610a15f45429c6613084?s=96&d=mm&r=g\",\"contentUrl\":\"https:\/\/secure.gravatar.com\/avatar\/efa9393110d3610a15f45429c6613084?s=96&d=mm&r=g\",\"caption\":\"medisocial\"}}]}<\/script>\n<!-- \/ Yoast SEO plugin. -->","yoast_head_json":{"title":"Articolazioni: danni da Lockdown per Covid-19 - Dott. Francesco Melaragni","description":"Articolazioni: danni da Lockdown per Covid-19 Il lockdown per Codiv-19 ha giocato un ruolo determinante per la salute dell'apparato muscolo scheletrico","robots":{"index":"index","follow":"follow","max-snippet":"max-snippet:-1","max-image-preview":"max-image-preview:large","max-video-preview":"max-video-preview:-1"},"canonical":"https:\/\/www.medisocial.it\/francesco-melaragni\/2020\/10\/20\/articolazioni-danni-da-lockdown-per-covid-19\/","og_locale":"it_IT","og_type":"article","og_title":"Articolazioni: danni da Lockdown per Covid-19 - Dott. Francesco Melaragni","og_description":"Articolazioni: danni da Lockdown per Covid-19 Il lockdown per Codiv-19 ha giocato un ruolo determinante per la salute dell'apparato muscolo scheletrico","og_url":"https:\/\/www.medisocial.it\/francesco-melaragni\/2020\/10\/20\/articolazioni-danni-da-lockdown-per-covid-19\/","og_site_name":"Dott. Francesco Melaragni","article_published_time":"2020-10-20T10:14:43+00:00","og_image":[{"width":400,"height":617,"url":"https:\/\/www.medisocial.it\/francesco-melaragni\/wp-content\/uploads\/2020\/10\/Articolazioni.jpg","type":"image\/jpeg"}],"author":"medisocial","twitter_card":"summary_large_image","twitter_misc":{"Scritto da":"medisocial","Tempo di lettura stimato":"1 minuto"},"schema":{"@context":"https:\/\/schema.org","@graph":[{"@type":"Article","@id":"https:\/\/www.medisocial.it\/francesco-melaragni\/2020\/10\/20\/articolazioni-danni-da-lockdown-per-covid-19\/#article","isPartOf":{"@id":"https:\/\/www.medisocial.it\/francesco-melaragni\/2020\/10\/20\/articolazioni-danni-da-lockdown-per-covid-19\/"},"author":{"name":"medisocial","@id":"https:\/\/www.medisocial.it\/francesco-melaragni\/#\/schema\/person\/142e46c115b01350929544c525191b4d"},"headline":"Articolazioni: danni da Lockdown per Covid-19","datePublished":"2020-10-20T10:14:43+00:00","dateModified":"2020-10-20T10:14:43+00:00","mainEntityOfPage":{"@id":"https:\/\/www.medisocial.it\/francesco-melaragni\/2020\/10\/20\/articolazioni-danni-da-lockdown-per-covid-19\/"},"wordCount":280,"commentCount":0,"publisher":{"@id":"https:\/\/www.medisocial.it\/francesco-melaragni\/#organization"},"keywords":["anca","apparato muscolo scheletrico","articolazioni","artrosi degenerativa","Cellule Mesenchimali","covid-19","dolore","Dott. Francesco Melaragni","ginocchio","gonfiore","infiltrazioni","lockdown","OrtopedicoViterbo","pappa piastrinica","protesi","PRP","spalla","specialistaortopedico","terapia conservativa"],"articleSection":["Articoli giornalistici"],"inLanguage":"it-IT","potentialAction":[{"@type":"CommentAction","name":"Comment","target":["https:\/\/www.medisocial.it\/francesco-melaragni\/2020\/10\/20\/articolazioni-danni-da-lockdown-per-covid-19\/#respond"]}]},{"@type":"WebPage","@id":"https:\/\/www.medisocial.it\/francesco-melaragni\/2020\/10\/20\/articolazioni-danni-da-lockdown-per-covid-19\/","url":"https:\/\/www.medisocial.it\/francesco-melaragni\/2020\/10\/20\/articolazioni-danni-da-lockdown-per-covid-19\/","name":"Articolazioni: danni da Lockdown per Covid-19 - Dott. Francesco Melaragni","isPartOf":{"@id":"https:\/\/www.medisocial.it\/francesco-melaragni\/#website"},"datePublished":"2020-10-20T10:14:43+00:00","dateModified":"2020-10-20T10:14:43+00:00","description":"Articolazioni: danni da Lockdown per Covid-19 Il lockdown per Codiv-19 ha giocato un ruolo determinante per la salute dell'apparato muscolo scheletrico","breadcrumb":{"@id":"https:\/\/www.medisocial.it\/francesco-melaragni\/2020\/10\/20\/articolazioni-danni-da-lockdown-per-covid-19\/#breadcrumb"},"inLanguage":"it-IT","potentialAction":[{"@type":"ReadAction","target":["https:\/\/www.medisocial.it\/francesco-melaragni\/2020\/10\/20\/articolazioni-danni-da-lockdown-per-covid-19\/"]}]},{"@type":"BreadcrumbList","@id":"https:\/\/www.medisocial.it\/francesco-melaragni\/2020\/10\/20\/articolazioni-danni-da-lockdown-per-covid-19\/#breadcrumb","itemListElement":[{"@type":"ListItem","position":1,"name":"Home","item":"https:\/\/www.medisocial.it\/francesco-melaragni\/"},{"@type":"ListItem","position":2,"name":"Articolazioni: danni da Lockdown per Covid-19"}]},{"@type":"WebSite","@id":"https:\/\/www.medisocial.it\/francesco-melaragni\/#website","url":"https:\/\/www.medisocial.it\/francesco-melaragni\/","name":"Dott. Francesco Melaragni","description":"Specialista in Ortopedia e Traumatologia","publisher":{"@id":"https:\/\/www.medisocial.it\/francesco-melaragni\/#organization"},"potentialAction":[{"@type":"SearchAction","target":{"@type":"EntryPoint","urlTemplate":"https:\/\/www.medisocial.it\/francesco-melaragni\/?s={search_term_string}"},"query-input":"required name=search_term_string"}],"inLanguage":"it-IT"},{"@type":"Organization","@id":"https:\/\/www.medisocial.it\/francesco-melaragni\/#organization","name":"Dott. Francesco Melaragni","url":"https:\/\/www.medisocial.it\/francesco-melaragni\/","logo":{"@type":"ImageObject","inLanguage":"it-IT","@id":"https:\/\/www.medisocial.it\/francesco-melaragni\/#\/schema\/logo\/image\/","url":"https:\/\/www.medisocial.it\/francesco-melaragni\/wp-content\/uploads\/2019\/09\/logo-2.jpg","contentUrl":"https:\/\/www.medisocial.it\/francesco-melaragni\/wp-content\/uploads\/2019\/09\/logo-2.jpg","width":242,"height":76,"caption":"Dott. Francesco Melaragni"},"image":{"@id":"https:\/\/www.medisocial.it\/francesco-melaragni\/#\/schema\/logo\/image\/"}},{"@type":"Person","@id":"https:\/\/www.medisocial.it\/francesco-melaragni\/#\/schema\/person\/142e46c115b01350929544c525191b4d","name":"medisocial","image":{"@type":"ImageObject","inLanguage":"it-IT","@id":"https:\/\/www.medisocial.it\/francesco-melaragni\/#\/schema\/person\/image\/","url":"https:\/\/secure.gravatar.com\/avatar\/efa9393110d3610a15f45429c6613084?s=96&d=mm&r=g","contentUrl":"https:\/\/secure.gravatar.com\/avatar\/efa9393110d3610a15f45429c6613084?s=96&d=mm&r=g","caption":"medisocial"}}]}},"_links":{"self":[{"href":"https:\/\/www.medisocial.it\/francesco-melaragni\/wp-json\/wp\/v2\/posts\/455"}],"collection":[{"href":"https:\/\/www.medisocial.it\/francesco-melaragni\/wp-json\/wp\/v2\/posts"}],"about":[{"href":"https:\/\/www.medisocial.it\/francesco-melaragni\/wp-json\/wp\/v2\/types\/post"}],"author":[{"embeddable":true,"href":"https:\/\/www.medisocial.it\/francesco-melaragni\/wp-json\/wp\/v2\/users\/1"}],"replies":[{"embeddable":true,"href":"https:\/\/www.medisocial.it\/francesco-melaragni\/wp-json\/wp\/v2\/comments?post=455"}],"version-history":[{"count":1,"href":"https:\/\/www.medisocial.it\/francesco-melaragni\/wp-json\/wp\/v2\/posts\/455\/revisions"}],"predecessor-version":[{"id":457,"href":"https:\/\/www.medisocial.it\/francesco-melaragni\/wp-json\/wp\/v2\/posts\/455\/revisions\/457"}],"wp:featuredmedia":[{"embeddable":true,"href":"https:\/\/www.medisocial.it\/francesco-melaragni\/wp-json\/wp\/v2\/media\/456"}],"wp:attachment":[{"href":"https:\/\/www.medisocial.it\/francesco-melaragni\/wp-json\/wp\/v2\/media?parent=455"}],"wp:term":[{"taxonomy":"category","embeddable":true,"href":"https:\/\/www.medisocial.it\/francesco-melaragni\/wp-json\/wp\/v2\/categories?post=455"},{"taxonomy":"post_tag","embeddable":true,"href":"https:\/\/www.medisocial.it\/francesco-melaragni\/wp-json\/wp\/v2\/tags?post=455"}],"curies":[{"name":"wp","href":"https:\/\/api.w.org\/{rel}","templated":true}]}}