{"id":450,"date":"2020-02-28T10:30:25","date_gmt":"2020-02-28T09:30:25","guid":{"rendered":"https:\/\/www.medisocial.it\/francesco-melaragni\/?p=450"},"modified":"2020-02-28T10:30:25","modified_gmt":"2020-02-28T09:30:25","slug":"protesi-di-spalla","status":"publish","type":"post","link":"https:\/\/www.medisocial.it\/francesco-melaragni\/2020\/02\/28\/protesi-di-spalla\/","title":{"rendered":"Protesi di spalla"},"content":{"rendered":"<p>La protesi di spalla \u00e8 una pratica meno comune rispetto alla sostituzione del ginocchio o dell&#8217;anca, ma \u00e8 molto efficace nell\u2019alleviare il dolore articolare.<\/p>\n<p>L\u2019intervento di protesi di spalla va preso in considerazione solo quando i trattamenti conservativi e riabilitativi non sono serviti a migliorare la situazione.<\/p>\n<p>L\u2019articolazione della spalla \u00e8 composta da tre ossa: l\u2019omero, la scapola e la clavicola.<\/p>\n<p>Le superfici articolari sono ricoperte da cartilagine che protegge le ossa e consente loro di muoversi con facilit\u00e0.<\/p>\n<h4>Ci sono diverse condizioni che possono portare dolore e disabilit\u00e0 di spalla e a causa delle quali i pazienti possono considerare la chirurgia protesica.<\/h4>\n<h4>Vediamone insieme alcune:<\/h4>\n<ul>\n<li><strong><em>Osteoartrosi<\/em><\/strong>, un tipo di artrite &#8220;usurante&#8221; legato all&#8217;et\u00e0. L\u2019Osteoartrosi \u00e8 causata da un progressivo assottigliamento della cartilagine articolare<\/li>\n<li><strong><em>Artrite Reumatoide<\/em><\/strong>, malattia a carattere reumatologico che provoca l\u2019infiammazione cronica della membrana sinoviale danneggiando la cartilagine articolare<\/li>\n<li><strong><em>Artrite Post-Traumatica<\/em><\/strong>, forma di artrite causata e conseguente ad un grave infortunio alla spalla<\/li>\n<li><strong><em>Necrosi Avascolare (Osteonecrosi)<\/em><\/strong>, una condizione dolorosa che si verifica quando l\u2019apporto sanguigno all&#8217;osso viene interrotto causando la morte delle cellule costituenti l\u2019osso.<\/li>\n<li><strong><em>Gravi Fratture<\/em><\/strong><\/li>\n<\/ul>\n<ul>\n<li><strong><em>Fallimento Di Un Precedente Intervento Di Sostituzione Articolare<\/em><\/strong><\/li>\n<\/ul>\n<p>&nbsp;<\/p>\n<h4><strong>Sintomi e Diagnosi<\/strong><\/h4>\n<p>Ci sono diversi motivi per cui l\u2019ortopedico suggerisce l\u2019intervento chirurgico di protesi di spalla.<\/p>\n<p>Le persone che decidono di sottoporsi all\u2019intervento spesso accusano:<\/p>\n<p>&#8211;\u00a0\u00a0 fortissimo dolore alla spalla che impedisce lo svolgimento delle attivit\u00e0 quotidiane<\/p>\n<p>&#8211;\u00a0\u00a0 forte dolore durante il sonno<\/p>\n<p>&#8211;\u00a0\u00a0 perdita dell\u2019arco di movimento<\/p>\n<p>&#8211;\u00a0\u00a0 debolezza della spalla<\/p>\n<p>&#8211;\u00a0\u00a0 mancata risposta ai trattamenti farmacologici con antinfiammatori, iniezioni di cortisone o fisioterapia<\/p>\n<p>&nbsp;<\/p>\n<h4><strong>Diagnosi<\/strong><\/h4>\n<p>Il chirurgo ortopedico raccoglier\u00e0 informazioni riguardo la salute generale focalizzando l\u2019attenzione sull\u2019entit\u00e0 del dolore e sulla limitazione nelle normali attivit\u00e0 quotidiane. Quindi proceder\u00e0 con:<\/p>\n<p>-Esame fisico (che rileva il movimento della spalla, la stabilit\u00e0 e la forza)<\/p>\n<p>&#8211;<em>Radiografie (<\/em>che aiutano a determinare l&#8217;estensione del danno).<\/p>\n<p><em>-Altri esami<\/em><\/p>\n<p>Inoltre verranno eseguiti gli esami del sangue, la RM ed una TAC.<\/p>\n<p>Sulla base dei risultati dei vari test, l\u2019ortopedico indicher\u00e0 il miglior trattamento da eseguire per alleviare il dolore e migliorare la funzionalit\u00e0.<\/p>\n<p>&nbsp;<\/p>\n<h4><strong>Trattamento chirurgico:<\/strong><\/h4>\n<p>Esistono diverse tipologie di protesi di spalla. A seconda delle tipologia di danno riportato sulla spalla, l\u2019ortopedico valuter\u00e0 la migliore soluzione tra queste indicate di seguito:<\/p>\n<p><strong>1) Protesi Totale di Spalla<\/strong> che prevede la sostituzione totale della spalla con elementi protesici in metallo e polietilene<\/p>\n<p><strong>2) Endoprotesi di spalla <\/strong>che prevede la sostituzione della sola testa omerale<\/p>\n<p><strong>3) Protesi di spalla &#8220;stemless&#8221; <\/strong>che prevede la sostituzione della superficie articolare della testa omerale con una protesi a cappuccio senza stelo.<\/p>\n<p><strong>4) Protesi inversa di spalla <\/strong>che viene eseguita quando si rilevano gravi lesioni della cuffia dei rotatori, quando l\u2019articolazione \u00e8 pesantemente artrosica e quando \u00e8 fallito un precedente intervento<\/p>\n<p>Pi\u00f9 dell\u201980 % delle persone sottoposte a protesi di spalla hanno sperimentato una notevole riduzione del dolore e un significativo miglioramento della capacit\u00e0 di eseguire attivit\u00e0 comuni della vita quotidiana.<\/p>\n<p>Con le appropriate cautele, la protesi di spalla pu\u00f2 durare per circa 15-20 anni.<\/p>\n<p>Per qualsiasi problematica legata alla spalla, prendi un appuntamento chiamando ai numeri che trovi nella sezione <a href=\"https:\/\/www.medisocial.it\/francesco-melaragni\/contatti\/\">Contatti<\/a><\/p>\n<p><strong>\u00a0<\/strong><\/p>\n","protected":false},"excerpt":{"rendered":"<p>La protesi di spalla \u00e8 una pratica meno comune rispetto alla sostituzione del ginocchio o dell&#8217;anca, ma \u00e8 molto efficace nell\u2019alleviare il dolore articolare. L\u2019intervento di protesi di spalla va preso in considerazione solo quando i trattamenti conservativi e riabilitativi non sono serviti a migliorare la situazione. L\u2019articolazione della spalla \u00e8 composta da tre ossa: [&hellip;]<\/p>\n","protected":false},"author":1,"featured_media":451,"comment_status":"open","ping_status":"open","sticky":false,"template":"","format":"standard","meta":{"_monsterinsights_skip_tracking":false,"_monsterinsights_sitenote_active":false,"_monsterinsights_sitenote_note":"","_monsterinsights_sitenote_category":0,"footnotes":""},"categories":[3],"tags":[96,97,94,85,98,95,53],"yoast_head":"<!-- This site is optimized with the Yoast SEO plugin v22.1 - https:\/\/yoast.com\/wordpress\/plugins\/seo\/ -->\n<title>Protesi di spalla - Dott. Francesco Melaragni<\/title>\n<meta name=\"description\" content=\"La protesi di spalla \u00e8 una pratica meno comune rispetto alla sostituzione del ginocchio o dell&#039;anca, ma \u00e8 molto efficace nell\u2019alleviare il dolore articolare\" \/>\n<meta name=\"robots\" content=\"index, follow, max-snippet:-1, max-image-preview:large, max-video-preview:-1\" \/>\n<link rel=\"canonical\" href=\"https:\/\/www.medisocial.it\/francesco-melaragni\/2020\/02\/28\/protesi-di-spalla\/\" \/>\n<meta property=\"og:locale\" content=\"it_IT\" \/>\n<meta property=\"og:type\" content=\"article\" \/>\n<meta property=\"og:title\" content=\"Protesi di spalla - Dott. Francesco Melaragni\" \/>\n<meta property=\"og:description\" content=\"La protesi di spalla \u00e8 una pratica meno comune rispetto alla sostituzione del ginocchio o dell&#039;anca, ma \u00e8 molto efficace nell\u2019alleviare il dolore articolare\" \/>\n<meta property=\"og:url\" content=\"https:\/\/www.medisocial.it\/francesco-melaragni\/2020\/02\/28\/protesi-di-spalla\/\" \/>\n<meta property=\"og:site_name\" content=\"Dott. Francesco Melaragni\" \/>\n<meta property=\"article:published_time\" content=\"2020-02-28T09:30:25+00:00\" \/>\n<meta property=\"og:image\" content=\"https:\/\/www.medisocial.it\/francesco-melaragni\/wp-content\/uploads\/2020\/02\/Protesi-di-spalla.jpg\" \/>\n\t<meta property=\"og:image:width\" content=\"472\" \/>\n\t<meta property=\"og:image:height\" content=\"630\" \/>\n\t<meta property=\"og:image:type\" content=\"image\/jpeg\" \/>\n<meta name=\"author\" content=\"medisocial\" \/>\n<meta name=\"twitter:card\" content=\"summary_large_image\" \/>\n<meta name=\"twitter:label1\" content=\"Scritto da\" \/>\n\t<meta name=\"twitter:data1\" content=\"medisocial\" \/>\n\t<meta name=\"twitter:label2\" content=\"Tempo di lettura stimato\" \/>\n\t<meta name=\"twitter:data2\" content=\"3 minuti\" \/>\n<script type=\"application\/ld+json\" class=\"yoast-schema-graph\">{\"@context\":\"https:\/\/schema.org\",\"@graph\":[{\"@type\":\"Article\",\"@id\":\"https:\/\/www.medisocial.it\/francesco-melaragni\/2020\/02\/28\/protesi-di-spalla\/#article\",\"isPartOf\":{\"@id\":\"https:\/\/www.medisocial.it\/francesco-melaragni\/2020\/02\/28\/protesi-di-spalla\/\"},\"author\":{\"name\":\"medisocial\",\"@id\":\"https:\/\/www.medisocial.it\/francesco-melaragni\/#\/schema\/person\/142e46c115b01350929544c525191b4d\"},\"headline\":\"Protesi di spalla\",\"datePublished\":\"2020-02-28T09:30:25+00:00\",\"dateModified\":\"2020-02-28T09:30:25+00:00\",\"mainEntityOfPage\":{\"@id\":\"https:\/\/www.medisocial.it\/francesco-melaragni\/2020\/02\/28\/protesi-di-spalla\/\"},\"wordCount\":522,\"commentCount\":0,\"publisher\":{\"@id\":\"https:\/\/www.medisocial.it\/francesco-melaragni\/#organization\"},\"keywords\":[\"clavicola\",\"endoprotesi\",\"omero\",\"protesi\",\"protesi inversa\",\"scapola\",\"spalla\"],\"articleSection\":[\"Articoli giornalistici\"],\"inLanguage\":\"it-IT\",\"potentialAction\":[{\"@type\":\"CommentAction\",\"name\":\"Comment\",\"target\":[\"https:\/\/www.medisocial.it\/francesco-melaragni\/2020\/02\/28\/protesi-di-spalla\/#respond\"]}]},{\"@type\":\"WebPage\",\"@id\":\"https:\/\/www.medisocial.it\/francesco-melaragni\/2020\/02\/28\/protesi-di-spalla\/\",\"url\":\"https:\/\/www.medisocial.it\/francesco-melaragni\/2020\/02\/28\/protesi-di-spalla\/\",\"name\":\"Protesi di spalla - Dott. Francesco Melaragni\",\"isPartOf\":{\"@id\":\"https:\/\/www.medisocial.it\/francesco-melaragni\/#website\"},\"datePublished\":\"2020-02-28T09:30:25+00:00\",\"dateModified\":\"2020-02-28T09:30:25+00:00\",\"description\":\"La protesi di spalla \u00e8 una pratica meno comune rispetto alla sostituzione del ginocchio o dell'anca, ma \u00e8 molto efficace nell\u2019alleviare il dolore articolare\",\"breadcrumb\":{\"@id\":\"https:\/\/www.medisocial.it\/francesco-melaragni\/2020\/02\/28\/protesi-di-spalla\/#breadcrumb\"},\"inLanguage\":\"it-IT\",\"potentialAction\":[{\"@type\":\"ReadAction\",\"target\":[\"https:\/\/www.medisocial.it\/francesco-melaragni\/2020\/02\/28\/protesi-di-spalla\/\"]}]},{\"@type\":\"BreadcrumbList\",\"@id\":\"https:\/\/www.medisocial.it\/francesco-melaragni\/2020\/02\/28\/protesi-di-spalla\/#breadcrumb\",\"itemListElement\":[{\"@type\":\"ListItem\",\"position\":1,\"name\":\"Home\",\"item\":\"https:\/\/www.medisocial.it\/francesco-melaragni\/\"},{\"@type\":\"ListItem\",\"position\":2,\"name\":\"Protesi di spalla\"}]},{\"@type\":\"WebSite\",\"@id\":\"https:\/\/www.medisocial.it\/francesco-melaragni\/#website\",\"url\":\"https:\/\/www.medisocial.it\/francesco-melaragni\/\",\"name\":\"Dott. Francesco Melaragni\",\"description\":\"Specialista in Ortopedia e Traumatologia\",\"publisher\":{\"@id\":\"https:\/\/www.medisocial.it\/francesco-melaragni\/#organization\"},\"potentialAction\":[{\"@type\":\"SearchAction\",\"target\":{\"@type\":\"EntryPoint\",\"urlTemplate\":\"https:\/\/www.medisocial.it\/francesco-melaragni\/?s={search_term_string}\"},\"query-input\":\"required name=search_term_string\"}],\"inLanguage\":\"it-IT\"},{\"@type\":\"Organization\",\"@id\":\"https:\/\/www.medisocial.it\/francesco-melaragni\/#organization\",\"name\":\"Dott. Francesco Melaragni\",\"url\":\"https:\/\/www.medisocial.it\/francesco-melaragni\/\",\"logo\":{\"@type\":\"ImageObject\",\"inLanguage\":\"it-IT\",\"@id\":\"https:\/\/www.medisocial.it\/francesco-melaragni\/#\/schema\/logo\/image\/\",\"url\":\"https:\/\/www.medisocial.it\/francesco-melaragni\/wp-content\/uploads\/2019\/09\/logo-2.jpg\",\"contentUrl\":\"https:\/\/www.medisocial.it\/francesco-melaragni\/wp-content\/uploads\/2019\/09\/logo-2.jpg\",\"width\":242,\"height\":76,\"caption\":\"Dott. Francesco Melaragni\"},\"image\":{\"@id\":\"https:\/\/www.medisocial.it\/francesco-melaragni\/#\/schema\/logo\/image\/\"}},{\"@type\":\"Person\",\"@id\":\"https:\/\/www.medisocial.it\/francesco-melaragni\/#\/schema\/person\/142e46c115b01350929544c525191b4d\",\"name\":\"medisocial\",\"image\":{\"@type\":\"ImageObject\",\"inLanguage\":\"it-IT\",\"@id\":\"https:\/\/www.medisocial.it\/francesco-melaragni\/#\/schema\/person\/image\/\",\"url\":\"https:\/\/secure.gravatar.com\/avatar\/efa9393110d3610a15f45429c6613084?s=96&d=mm&r=g\",\"contentUrl\":\"https:\/\/secure.gravatar.com\/avatar\/efa9393110d3610a15f45429c6613084?s=96&d=mm&r=g\",\"caption\":\"medisocial\"}}]}<\/script>\n<!-- \/ Yoast SEO plugin. -->","yoast_head_json":{"title":"Protesi di spalla - Dott. Francesco Melaragni","description":"La protesi di spalla \u00e8 una pratica meno comune rispetto alla sostituzione del ginocchio o dell'anca, ma \u00e8 molto efficace nell\u2019alleviare il dolore articolare","robots":{"index":"index","follow":"follow","max-snippet":"max-snippet:-1","max-image-preview":"max-image-preview:large","max-video-preview":"max-video-preview:-1"},"canonical":"https:\/\/www.medisocial.it\/francesco-melaragni\/2020\/02\/28\/protesi-di-spalla\/","og_locale":"it_IT","og_type":"article","og_title":"Protesi di spalla - Dott. Francesco Melaragni","og_description":"La protesi di spalla \u00e8 una pratica meno comune rispetto alla sostituzione del ginocchio o dell'anca, ma \u00e8 molto efficace nell\u2019alleviare il dolore articolare","og_url":"https:\/\/www.medisocial.it\/francesco-melaragni\/2020\/02\/28\/protesi-di-spalla\/","og_site_name":"Dott. Francesco Melaragni","article_published_time":"2020-02-28T09:30:25+00:00","og_image":[{"width":472,"height":630,"url":"https:\/\/www.medisocial.it\/francesco-melaragni\/wp-content\/uploads\/2020\/02\/Protesi-di-spalla.jpg","type":"image\/jpeg"}],"author":"medisocial","twitter_card":"summary_large_image","twitter_misc":{"Scritto da":"medisocial","Tempo di lettura stimato":"3 minuti"},"schema":{"@context":"https:\/\/schema.org","@graph":[{"@type":"Article","@id":"https:\/\/www.medisocial.it\/francesco-melaragni\/2020\/02\/28\/protesi-di-spalla\/#article","isPartOf":{"@id":"https:\/\/www.medisocial.it\/francesco-melaragni\/2020\/02\/28\/protesi-di-spalla\/"},"author":{"name":"medisocial","@id":"https:\/\/www.medisocial.it\/francesco-melaragni\/#\/schema\/person\/142e46c115b01350929544c525191b4d"},"headline":"Protesi di spalla","datePublished":"2020-02-28T09:30:25+00:00","dateModified":"2020-02-28T09:30:25+00:00","mainEntityOfPage":{"@id":"https:\/\/www.medisocial.it\/francesco-melaragni\/2020\/02\/28\/protesi-di-spalla\/"},"wordCount":522,"commentCount":0,"publisher":{"@id":"https:\/\/www.medisocial.it\/francesco-melaragni\/#organization"},"keywords":["clavicola","endoprotesi","omero","protesi","protesi inversa","scapola","spalla"],"articleSection":["Articoli giornalistici"],"inLanguage":"it-IT","potentialAction":[{"@type":"CommentAction","name":"Comment","target":["https:\/\/www.medisocial.it\/francesco-melaragni\/2020\/02\/28\/protesi-di-spalla\/#respond"]}]},{"@type":"WebPage","@id":"https:\/\/www.medisocial.it\/francesco-melaragni\/2020\/02\/28\/protesi-di-spalla\/","url":"https:\/\/www.medisocial.it\/francesco-melaragni\/2020\/02\/28\/protesi-di-spalla\/","name":"Protesi di spalla - Dott. Francesco Melaragni","isPartOf":{"@id":"https:\/\/www.medisocial.it\/francesco-melaragni\/#website"},"datePublished":"2020-02-28T09:30:25+00:00","dateModified":"2020-02-28T09:30:25+00:00","description":"La protesi di spalla \u00e8 una pratica meno comune rispetto alla sostituzione del ginocchio o dell'anca, ma \u00e8 molto efficace nell\u2019alleviare il dolore articolare","breadcrumb":{"@id":"https:\/\/www.medisocial.it\/francesco-melaragni\/2020\/02\/28\/protesi-di-spalla\/#breadcrumb"},"inLanguage":"it-IT","potentialAction":[{"@type":"ReadAction","target":["https:\/\/www.medisocial.it\/francesco-melaragni\/2020\/02\/28\/protesi-di-spalla\/"]}]},{"@type":"BreadcrumbList","@id":"https:\/\/www.medisocial.it\/francesco-melaragni\/2020\/02\/28\/protesi-di-spalla\/#breadcrumb","itemListElement":[{"@type":"ListItem","position":1,"name":"Home","item":"https:\/\/www.medisocial.it\/francesco-melaragni\/"},{"@type":"ListItem","position":2,"name":"Protesi di spalla"}]},{"@type":"WebSite","@id":"https:\/\/www.medisocial.it\/francesco-melaragni\/#website","url":"https:\/\/www.medisocial.it\/francesco-melaragni\/","name":"Dott. Francesco Melaragni","description":"Specialista in Ortopedia e Traumatologia","publisher":{"@id":"https:\/\/www.medisocial.it\/francesco-melaragni\/#organization"},"potentialAction":[{"@type":"SearchAction","target":{"@type":"EntryPoint","urlTemplate":"https:\/\/www.medisocial.it\/francesco-melaragni\/?s={search_term_string}"},"query-input":"required name=search_term_string"}],"inLanguage":"it-IT"},{"@type":"Organization","@id":"https:\/\/www.medisocial.it\/francesco-melaragni\/#organization","name":"Dott. Francesco Melaragni","url":"https:\/\/www.medisocial.it\/francesco-melaragni\/","logo":{"@type":"ImageObject","inLanguage":"it-IT","@id":"https:\/\/www.medisocial.it\/francesco-melaragni\/#\/schema\/logo\/image\/","url":"https:\/\/www.medisocial.it\/francesco-melaragni\/wp-content\/uploads\/2019\/09\/logo-2.jpg","contentUrl":"https:\/\/www.medisocial.it\/francesco-melaragni\/wp-content\/uploads\/2019\/09\/logo-2.jpg","width":242,"height":76,"caption":"Dott. Francesco Melaragni"},"image":{"@id":"https:\/\/www.medisocial.it\/francesco-melaragni\/#\/schema\/logo\/image\/"}},{"@type":"Person","@id":"https:\/\/www.medisocial.it\/francesco-melaragni\/#\/schema\/person\/142e46c115b01350929544c525191b4d","name":"medisocial","image":{"@type":"ImageObject","inLanguage":"it-IT","@id":"https:\/\/www.medisocial.it\/francesco-melaragni\/#\/schema\/person\/image\/","url":"https:\/\/secure.gravatar.com\/avatar\/efa9393110d3610a15f45429c6613084?s=96&d=mm&r=g","contentUrl":"https:\/\/secure.gravatar.com\/avatar\/efa9393110d3610a15f45429c6613084?s=96&d=mm&r=g","caption":"medisocial"}}]}},"_links":{"self":[{"href":"https:\/\/www.medisocial.it\/francesco-melaragni\/wp-json\/wp\/v2\/posts\/450"}],"collection":[{"href":"https:\/\/www.medisocial.it\/francesco-melaragni\/wp-json\/wp\/v2\/posts"}],"about":[{"href":"https:\/\/www.medisocial.it\/francesco-melaragni\/wp-json\/wp\/v2\/types\/post"}],"author":[{"embeddable":true,"href":"https:\/\/www.medisocial.it\/francesco-melaragni\/wp-json\/wp\/v2\/users\/1"}],"replies":[{"embeddable":true,"href":"https:\/\/www.medisocial.it\/francesco-melaragni\/wp-json\/wp\/v2\/comments?post=450"}],"version-history":[{"count":2,"href":"https:\/\/www.medisocial.it\/francesco-melaragni\/wp-json\/wp\/v2\/posts\/450\/revisions"}],"predecessor-version":[{"id":453,"href":"https:\/\/www.medisocial.it\/francesco-melaragni\/wp-json\/wp\/v2\/posts\/450\/revisions\/453"}],"wp:featuredmedia":[{"embeddable":true,"href":"https:\/\/www.medisocial.it\/francesco-melaragni\/wp-json\/wp\/v2\/media\/451"}],"wp:attachment":[{"href":"https:\/\/www.medisocial.it\/francesco-melaragni\/wp-json\/wp\/v2\/media?parent=450"}],"wp:term":[{"taxonomy":"category","embeddable":true,"href":"https:\/\/www.medisocial.it\/francesco-melaragni\/wp-json\/wp\/v2\/categories?post=450"},{"taxonomy":"post_tag","embeddable":true,"href":"https:\/\/www.medisocial.it\/francesco-melaragni\/wp-json\/wp\/v2\/tags?post=450"}],"curies":[{"name":"wp","href":"https:\/\/api.w.org\/{rel}","templated":true}]}}