{"id":445,"date":"2020-02-21T15:39:53","date_gmt":"2020-02-21T14:39:53","guid":{"rendered":"https:\/\/www.medisocial.it\/francesco-melaragni\/?p=445"},"modified":"2020-02-21T15:41:02","modified_gmt":"2020-02-21T14:41:02","slug":"la-sindrome-del-tunnel-carpale","status":"publish","type":"post","link":"https:\/\/www.medisocial.it\/francesco-melaragni\/2020\/02\/21\/la-sindrome-del-tunnel-carpale\/","title":{"rendered":"La sindrome del Tunnel Carpale"},"content":{"rendered":"<p>La sindrome del tunnel carpale \u00e8 uno schiacciamento del nervo mediano nel suo passaggio attraverso il tunnel carpale che si trova nel polso.<\/p>\n<p>Questa compressione pu\u00f2 essere causata dal gonfiore del tessuto esterno o interno al tunnel, oppure dai fasci di tessuto fibroso che formano il lato del polso rivolto verso il palmo della mano.<\/p>\n<p>Questa sindrome \u00e8 molto frequente, specialmente nelle donne di et\u00e0 compresa fra i 30 e i 50 anni. Pu\u00f2 interessare una o entrambe le mani.<\/p>\n<p>I motivi per cui si manifesta la sindrome del Tunnel Carpale non sono noti ma esistono soggetti pi\u00f9 a rischio di altri come le donne in gravidanza, diabetici, persone affette da ipotiroidismo, da alcune forme di amiloidosi o artrite reumatoide.<\/p>\n<p>Sono a rischio anche i soggetti che lavorano eseguendo movimenti ripetuti e forzati a polso esteso, o anche chi fa uso continuato e costante di una tastiera di computer posizionata in modo sbagliato e chi \u00e8 molto esposto a vibrazioni (ad esempio, nell\u2019uso di certi attrezzi elettrici).<\/p>\n<p>&nbsp;<\/p>\n<p>I sintomi della sindrome del tunnel carpale possono essere dolore, formicolio e intorpidimento nelle dita e nel palmo vicino al pollice.<\/p>\n<p>La diagnosi avviene attraverso un esame obiettivo e, se necessario, sui risultati dell\u2019esame della funzione nervosa.<\/p>\n<p><strong>Trattamento<\/strong><\/p>\n<p>I trattamenti per la sindrome del tunnel carpale possono essere:<\/p>\n<ul>\n<li>Tutore<\/li>\n<li>Assunzione di antidolorifici leggeri<\/li>\n<li>Iniezioni di corticosteroidi nel tunnel carpale<\/li>\n<li>Intervento chirurgico<\/li>\n<\/ul>\n<p>Se accusi dolori o fastidi oppure sospetti un&#8217;infiammazione del tunnel carpale, <a href=\"https:\/\/www.medisocial.it\/francesco-melaragni\/contatti\/\">prenota un appuntamento in studio.<\/a><\/p>\n<p>Per ulteriori approfondimenti, puoi consultare anche gli articoli <a href=\"https:\/\/www.medisocial.it\/francesco-melaragni\/2019\/10\/23\/le-patologie-della-mano-e-del-polso\/\">Le patologie della Mano e del Polso<\/a> oppure <a href=\"https:\/\/www.medisocial.it\/francesco-melaragni\/2019\/11\/22\/infiammazioni-muscolo-scheletriche\/\">Le infiammazioni muscolo scheletriche<\/a><\/p>\n","protected":false},"excerpt":{"rendered":"<p>La sindrome del tunnel carpale \u00e8 uno schiacciamento del nervo mediano nel suo passaggio attraverso il tunnel carpale che si trova nel polso. Questa compressione pu\u00f2 essere causata dal gonfiore del tessuto esterno o interno al tunnel, oppure dai fasci di tessuto fibroso che formano il lato del polso rivolto verso il palmo della mano. [&hellip;]<\/p>\n","protected":false},"author":1,"featured_media":387,"comment_status":"open","ping_status":"open","sticky":false,"template":"","format":"standard","meta":{"_monsterinsights_skip_tracking":false,"_monsterinsights_sitenote_active":false,"_monsterinsights_sitenote_note":"","_monsterinsights_sitenote_category":0,"footnotes":""},"categories":[3],"tags":[80,93,92,90,91,89,88],"yoast_head":"<!-- This site is optimized with the Yoast SEO plugin v22.1 - https:\/\/yoast.com\/wordpress\/plugins\/seo\/ -->\n<title>La sindrome del Tunnel Carpale - Dott. Francesco Melaragni<\/title>\n<meta name=\"description\" content=\"La sindrome del tunnel carpale \u00e8 uno schiacciamento del nervo mediano nel suo passaggio attraverso il tunnel carpale che si trova nel polso\" \/>\n<meta name=\"robots\" content=\"index, follow, max-snippet:-1, max-image-preview:large, max-video-preview:-1\" \/>\n<link rel=\"canonical\" href=\"https:\/\/www.medisocial.it\/francesco-melaragni\/2020\/02\/21\/la-sindrome-del-tunnel-carpale\/\" \/>\n<meta property=\"og:locale\" content=\"it_IT\" \/>\n<meta property=\"og:type\" content=\"article\" \/>\n<meta property=\"og:title\" content=\"La sindrome del Tunnel Carpale - Dott. Francesco Melaragni\" \/>\n<meta property=\"og:description\" content=\"La sindrome del tunnel carpale \u00e8 uno schiacciamento del nervo mediano nel suo passaggio attraverso il tunnel carpale che si trova nel polso\" \/>\n<meta property=\"og:url\" content=\"https:\/\/www.medisocial.it\/francesco-melaragni\/2020\/02\/21\/la-sindrome-del-tunnel-carpale\/\" \/>\n<meta property=\"og:site_name\" content=\"Dott. Francesco Melaragni\" \/>\n<meta property=\"article:published_time\" content=\"2020-02-21T14:39:53+00:00\" \/>\n<meta property=\"article:modified_time\" content=\"2020-02-21T14:41:02+00:00\" \/>\n<meta property=\"og:image\" content=\"https:\/\/www.medisocial.it\/francesco-melaragni\/wp-content\/uploads\/2019\/10\/Carpal-Tunnel-3.jpeg\" \/>\n\t<meta property=\"og:image:width\" content=\"250\" \/>\n\t<meta property=\"og:image:height\" content=\"257\" \/>\n\t<meta property=\"og:image:type\" content=\"image\/jpeg\" \/>\n<meta name=\"author\" content=\"medisocial\" \/>\n<meta name=\"twitter:card\" content=\"summary_large_image\" \/>\n<meta name=\"twitter:label1\" content=\"Scritto da\" \/>\n\t<meta name=\"twitter:data1\" content=\"medisocial\" \/>\n\t<meta name=\"twitter:label2\" content=\"Tempo di lettura stimato\" \/>\n\t<meta name=\"twitter:data2\" content=\"1 minuto\" \/>\n<script type=\"application\/ld+json\" class=\"yoast-schema-graph\">{\"@context\":\"https:\/\/schema.org\",\"@graph\":[{\"@type\":\"Article\",\"@id\":\"https:\/\/www.medisocial.it\/francesco-melaragni\/2020\/02\/21\/la-sindrome-del-tunnel-carpale\/#article\",\"isPartOf\":{\"@id\":\"https:\/\/www.medisocial.it\/francesco-melaragni\/2020\/02\/21\/la-sindrome-del-tunnel-carpale\/\"},\"author\":{\"name\":\"medisocial\",\"@id\":\"https:\/\/www.medisocial.it\/francesco-melaragni\/#\/schema\/person\/142e46c115b01350929544c525191b4d\"},\"headline\":\"La sindrome del Tunnel Carpale\",\"datePublished\":\"2020-02-21T14:39:53+00:00\",\"dateModified\":\"2020-02-21T14:41:02+00:00\",\"mainEntityOfPage\":{\"@id\":\"https:\/\/www.medisocial.it\/francesco-melaragni\/2020\/02\/21\/la-sindrome-del-tunnel-carpale\/\"},\"wordCount\":268,\"commentCount\":0,\"publisher\":{\"@id\":\"https:\/\/www.medisocial.it\/francesco-melaragni\/#organization\"},\"keywords\":[\"artrite reumatoide\",\"diabete\",\"ipotiroidismo\",\"mano\",\"nervi\",\"polso\",\"tunnel carpale\"],\"articleSection\":[\"Articoli giornalistici\"],\"inLanguage\":\"it-IT\",\"potentialAction\":[{\"@type\":\"CommentAction\",\"name\":\"Comment\",\"target\":[\"https:\/\/www.medisocial.it\/francesco-melaragni\/2020\/02\/21\/la-sindrome-del-tunnel-carpale\/#respond\"]}]},{\"@type\":\"WebPage\",\"@id\":\"https:\/\/www.medisocial.it\/francesco-melaragni\/2020\/02\/21\/la-sindrome-del-tunnel-carpale\/\",\"url\":\"https:\/\/www.medisocial.it\/francesco-melaragni\/2020\/02\/21\/la-sindrome-del-tunnel-carpale\/\",\"name\":\"La sindrome del Tunnel Carpale - Dott. Francesco Melaragni\",\"isPartOf\":{\"@id\":\"https:\/\/www.medisocial.it\/francesco-melaragni\/#website\"},\"datePublished\":\"2020-02-21T14:39:53+00:00\",\"dateModified\":\"2020-02-21T14:41:02+00:00\",\"description\":\"La sindrome del tunnel carpale \u00e8 uno schiacciamento del nervo mediano nel suo passaggio attraverso il tunnel carpale che si trova nel polso\",\"breadcrumb\":{\"@id\":\"https:\/\/www.medisocial.it\/francesco-melaragni\/2020\/02\/21\/la-sindrome-del-tunnel-carpale\/#breadcrumb\"},\"inLanguage\":\"it-IT\",\"potentialAction\":[{\"@type\":\"ReadAction\",\"target\":[\"https:\/\/www.medisocial.it\/francesco-melaragni\/2020\/02\/21\/la-sindrome-del-tunnel-carpale\/\"]}]},{\"@type\":\"BreadcrumbList\",\"@id\":\"https:\/\/www.medisocial.it\/francesco-melaragni\/2020\/02\/21\/la-sindrome-del-tunnel-carpale\/#breadcrumb\",\"itemListElement\":[{\"@type\":\"ListItem\",\"position\":1,\"name\":\"Home\",\"item\":\"https:\/\/www.medisocial.it\/francesco-melaragni\/\"},{\"@type\":\"ListItem\",\"position\":2,\"name\":\"La sindrome del Tunnel Carpale\"}]},{\"@type\":\"WebSite\",\"@id\":\"https:\/\/www.medisocial.it\/francesco-melaragni\/#website\",\"url\":\"https:\/\/www.medisocial.it\/francesco-melaragni\/\",\"name\":\"Dott. Francesco Melaragni\",\"description\":\"Specialista in Ortopedia e Traumatologia\",\"publisher\":{\"@id\":\"https:\/\/www.medisocial.it\/francesco-melaragni\/#organization\"},\"potentialAction\":[{\"@type\":\"SearchAction\",\"target\":{\"@type\":\"EntryPoint\",\"urlTemplate\":\"https:\/\/www.medisocial.it\/francesco-melaragni\/?s={search_term_string}\"},\"query-input\":\"required name=search_term_string\"}],\"inLanguage\":\"it-IT\"},{\"@type\":\"Organization\",\"@id\":\"https:\/\/www.medisocial.it\/francesco-melaragni\/#organization\",\"name\":\"Dott. Francesco Melaragni\",\"url\":\"https:\/\/www.medisocial.it\/francesco-melaragni\/\",\"logo\":{\"@type\":\"ImageObject\",\"inLanguage\":\"it-IT\",\"@id\":\"https:\/\/www.medisocial.it\/francesco-melaragni\/#\/schema\/logo\/image\/\",\"url\":\"https:\/\/www.medisocial.it\/francesco-melaragni\/wp-content\/uploads\/2019\/09\/logo-2.jpg\",\"contentUrl\":\"https:\/\/www.medisocial.it\/francesco-melaragni\/wp-content\/uploads\/2019\/09\/logo-2.jpg\",\"width\":242,\"height\":76,\"caption\":\"Dott. Francesco Melaragni\"},\"image\":{\"@id\":\"https:\/\/www.medisocial.it\/francesco-melaragni\/#\/schema\/logo\/image\/\"}},{\"@type\":\"Person\",\"@id\":\"https:\/\/www.medisocial.it\/francesco-melaragni\/#\/schema\/person\/142e46c115b01350929544c525191b4d\",\"name\":\"medisocial\",\"image\":{\"@type\":\"ImageObject\",\"inLanguage\":\"it-IT\",\"@id\":\"https:\/\/www.medisocial.it\/francesco-melaragni\/#\/schema\/person\/image\/\",\"url\":\"https:\/\/secure.gravatar.com\/avatar\/efa9393110d3610a15f45429c6613084?s=96&d=mm&r=g\",\"contentUrl\":\"https:\/\/secure.gravatar.com\/avatar\/efa9393110d3610a15f45429c6613084?s=96&d=mm&r=g\",\"caption\":\"medisocial\"}}]}<\/script>\n<!-- \/ Yoast SEO plugin. -->","yoast_head_json":{"title":"La sindrome del Tunnel Carpale - Dott. Francesco Melaragni","description":"La sindrome del tunnel carpale \u00e8 uno schiacciamento del nervo mediano nel suo passaggio attraverso il tunnel carpale che si trova nel polso","robots":{"index":"index","follow":"follow","max-snippet":"max-snippet:-1","max-image-preview":"max-image-preview:large","max-video-preview":"max-video-preview:-1"},"canonical":"https:\/\/www.medisocial.it\/francesco-melaragni\/2020\/02\/21\/la-sindrome-del-tunnel-carpale\/","og_locale":"it_IT","og_type":"article","og_title":"La sindrome del Tunnel Carpale - Dott. Francesco Melaragni","og_description":"La sindrome del tunnel carpale \u00e8 uno schiacciamento del nervo mediano nel suo passaggio attraverso il tunnel carpale che si trova nel polso","og_url":"https:\/\/www.medisocial.it\/francesco-melaragni\/2020\/02\/21\/la-sindrome-del-tunnel-carpale\/","og_site_name":"Dott. Francesco Melaragni","article_published_time":"2020-02-21T14:39:53+00:00","article_modified_time":"2020-02-21T14:41:02+00:00","og_image":[{"width":250,"height":257,"url":"https:\/\/www.medisocial.it\/francesco-melaragni\/wp-content\/uploads\/2019\/10\/Carpal-Tunnel-3.jpeg","type":"image\/jpeg"}],"author":"medisocial","twitter_card":"summary_large_image","twitter_misc":{"Scritto da":"medisocial","Tempo di lettura stimato":"1 minuto"},"schema":{"@context":"https:\/\/schema.org","@graph":[{"@type":"Article","@id":"https:\/\/www.medisocial.it\/francesco-melaragni\/2020\/02\/21\/la-sindrome-del-tunnel-carpale\/#article","isPartOf":{"@id":"https:\/\/www.medisocial.it\/francesco-melaragni\/2020\/02\/21\/la-sindrome-del-tunnel-carpale\/"},"author":{"name":"medisocial","@id":"https:\/\/www.medisocial.it\/francesco-melaragni\/#\/schema\/person\/142e46c115b01350929544c525191b4d"},"headline":"La sindrome del Tunnel Carpale","datePublished":"2020-02-21T14:39:53+00:00","dateModified":"2020-02-21T14:41:02+00:00","mainEntityOfPage":{"@id":"https:\/\/www.medisocial.it\/francesco-melaragni\/2020\/02\/21\/la-sindrome-del-tunnel-carpale\/"},"wordCount":268,"commentCount":0,"publisher":{"@id":"https:\/\/www.medisocial.it\/francesco-melaragni\/#organization"},"keywords":["artrite reumatoide","diabete","ipotiroidismo","mano","nervi","polso","tunnel carpale"],"articleSection":["Articoli giornalistici"],"inLanguage":"it-IT","potentialAction":[{"@type":"CommentAction","name":"Comment","target":["https:\/\/www.medisocial.it\/francesco-melaragni\/2020\/02\/21\/la-sindrome-del-tunnel-carpale\/#respond"]}]},{"@type":"WebPage","@id":"https:\/\/www.medisocial.it\/francesco-melaragni\/2020\/02\/21\/la-sindrome-del-tunnel-carpale\/","url":"https:\/\/www.medisocial.it\/francesco-melaragni\/2020\/02\/21\/la-sindrome-del-tunnel-carpale\/","name":"La sindrome del Tunnel Carpale - Dott. Francesco Melaragni","isPartOf":{"@id":"https:\/\/www.medisocial.it\/francesco-melaragni\/#website"},"datePublished":"2020-02-21T14:39:53+00:00","dateModified":"2020-02-21T14:41:02+00:00","description":"La sindrome del tunnel carpale \u00e8 uno schiacciamento del nervo mediano nel suo passaggio attraverso il tunnel carpale che si trova nel polso","breadcrumb":{"@id":"https:\/\/www.medisocial.it\/francesco-melaragni\/2020\/02\/21\/la-sindrome-del-tunnel-carpale\/#breadcrumb"},"inLanguage":"it-IT","potentialAction":[{"@type":"ReadAction","target":["https:\/\/www.medisocial.it\/francesco-melaragni\/2020\/02\/21\/la-sindrome-del-tunnel-carpale\/"]}]},{"@type":"BreadcrumbList","@id":"https:\/\/www.medisocial.it\/francesco-melaragni\/2020\/02\/21\/la-sindrome-del-tunnel-carpale\/#breadcrumb","itemListElement":[{"@type":"ListItem","position":1,"name":"Home","item":"https:\/\/www.medisocial.it\/francesco-melaragni\/"},{"@type":"ListItem","position":2,"name":"La sindrome del Tunnel Carpale"}]},{"@type":"WebSite","@id":"https:\/\/www.medisocial.it\/francesco-melaragni\/#website","url":"https:\/\/www.medisocial.it\/francesco-melaragni\/","name":"Dott. Francesco Melaragni","description":"Specialista in Ortopedia e Traumatologia","publisher":{"@id":"https:\/\/www.medisocial.it\/francesco-melaragni\/#organization"},"potentialAction":[{"@type":"SearchAction","target":{"@type":"EntryPoint","urlTemplate":"https:\/\/www.medisocial.it\/francesco-melaragni\/?s={search_term_string}"},"query-input":"required name=search_term_string"}],"inLanguage":"it-IT"},{"@type":"Organization","@id":"https:\/\/www.medisocial.it\/francesco-melaragni\/#organization","name":"Dott. Francesco Melaragni","url":"https:\/\/www.medisocial.it\/francesco-melaragni\/","logo":{"@type":"ImageObject","inLanguage":"it-IT","@id":"https:\/\/www.medisocial.it\/francesco-melaragni\/#\/schema\/logo\/image\/","url":"https:\/\/www.medisocial.it\/francesco-melaragni\/wp-content\/uploads\/2019\/09\/logo-2.jpg","contentUrl":"https:\/\/www.medisocial.it\/francesco-melaragni\/wp-content\/uploads\/2019\/09\/logo-2.jpg","width":242,"height":76,"caption":"Dott. Francesco Melaragni"},"image":{"@id":"https:\/\/www.medisocial.it\/francesco-melaragni\/#\/schema\/logo\/image\/"}},{"@type":"Person","@id":"https:\/\/www.medisocial.it\/francesco-melaragni\/#\/schema\/person\/142e46c115b01350929544c525191b4d","name":"medisocial","image":{"@type":"ImageObject","inLanguage":"it-IT","@id":"https:\/\/www.medisocial.it\/francesco-melaragni\/#\/schema\/person\/image\/","url":"https:\/\/secure.gravatar.com\/avatar\/efa9393110d3610a15f45429c6613084?s=96&d=mm&r=g","contentUrl":"https:\/\/secure.gravatar.com\/avatar\/efa9393110d3610a15f45429c6613084?s=96&d=mm&r=g","caption":"medisocial"}}]}},"_links":{"self":[{"href":"https:\/\/www.medisocial.it\/francesco-melaragni\/wp-json\/wp\/v2\/posts\/445"}],"collection":[{"href":"https:\/\/www.medisocial.it\/francesco-melaragni\/wp-json\/wp\/v2\/posts"}],"about":[{"href":"https:\/\/www.medisocial.it\/francesco-melaragni\/wp-json\/wp\/v2\/types\/post"}],"author":[{"embeddable":true,"href":"https:\/\/www.medisocial.it\/francesco-melaragni\/wp-json\/wp\/v2\/users\/1"}],"replies":[{"embeddable":true,"href":"https:\/\/www.medisocial.it\/francesco-melaragni\/wp-json\/wp\/v2\/comments?post=445"}],"version-history":[{"count":3,"href":"https:\/\/www.medisocial.it\/francesco-melaragni\/wp-json\/wp\/v2\/posts\/445\/revisions"}],"predecessor-version":[{"id":448,"href":"https:\/\/www.medisocial.it\/francesco-melaragni\/wp-json\/wp\/v2\/posts\/445\/revisions\/448"}],"wp:featuredmedia":[{"embeddable":true,"href":"https:\/\/www.medisocial.it\/francesco-melaragni\/wp-json\/wp\/v2\/media\/387"}],"wp:attachment":[{"href":"https:\/\/www.medisocial.it\/francesco-melaragni\/wp-json\/wp\/v2\/media?parent=445"}],"wp:term":[{"taxonomy":"category","embeddable":true,"href":"https:\/\/www.medisocial.it\/francesco-melaragni\/wp-json\/wp\/v2\/categories?post=445"},{"taxonomy":"post_tag","embeddable":true,"href":"https:\/\/www.medisocial.it\/francesco-melaragni\/wp-json\/wp\/v2\/tags?post=445"}],"curies":[{"name":"wp","href":"https:\/\/api.w.org\/{rel}","templated":true}]}}