{"id":435,"date":"2020-01-31T10:43:30","date_gmt":"2020-01-31T09:43:30","guid":{"rendered":"https:\/\/www.medisocial.it\/francesco-melaragni\/?p=435"},"modified":"2020-01-31T10:43:30","modified_gmt":"2020-01-31T09:43:30","slug":"artrite-reumatoide-malattia-infiammatoria","status":"publish","type":"post","link":"https:\/\/www.medisocial.it\/francesco-melaragni\/2020\/01\/31\/artrite-reumatoide-malattia-infiammatoria\/","title":{"rendered":"L\u2019Artrite Reumatoide malattia infiammatoria"},"content":{"rendered":"<p>L\u2019artrite reumatoide (AR) \u00e8 una malattia infiammatoria cronica autoimmune che colpisce in maniera elettiva le articolazioni.<\/p>\n<p>La malattia colpisce il sesso femminile pi\u00f9 frequentemente del sesso maschile in particolare in una fascia di et\u00e0 compresa fra i 40 e i 60 anni.<\/p>\n<p>Tra le malattie osteoarticolari l\u2019artrite reumatoide \u00e8 quella pi\u00f9 severa in termini di danno strutturale delle articolazioni, danno osseo secondario, complicanze extra-articolari, comorbidit\u00e0 associate e di rischio di mortalit\u00e0.<\/p>\n<h4><strong>Cos\u00ec come per altre malattie autoimmuni \u00e8 lo stesso sistema immunitario &#8211; che di norma difende l\u2019organismo dalle aggressioni esterne &#8211; ad attaccare i tessuti sani, non riconoscendoli come tali.<\/strong><\/h4>\n<p>Il \u201cbersaglio\u201d privilegiato degli anticorpi, in questo caso \u00e8 la membrana sinoviale, che \u00e8 il foglietto di rivestimento interno della capsula articolare e che si riflette ai margini di questa andando poi a tappezzare le superfici ossee articolari.<\/p>\n<p>Questa membrana reagisce all&#8217;infiammazione aumentando di volume e dando origine al panno sinoviale che si espande fino a provocare la graduale distruzione della cartilagine e, nei casi pi\u00f9 gravi, arriva a toccare le ossa e gli altri tessuti circostanti.<\/p>\n<p>La causa dell\u2019artrite reumatoide non \u00e8 ancora completamente nota.<\/p>\n<p>Fattori genetici e ambientali, il genere, l\u2019et\u00e0, l\u2019esposizione al fumo di sigaretta, fattori alimentari, fattori ormonali, fattori socio-economici e agenti di natura infettiva posso contribuire alla frequenza e alla severit\u00e0 della malattia.<\/p>\n<p>I sintomi sono rappresentati da dolore, gonfiore, rigidit\u00e0 al movimento e successiva perdita della funzionalit\u00e0 delle articolazioni coinvolte. Il dolore, che \u00e8 il sintomo principale, \u00e8 spontaneo, continuo, spesso difficile da quantificare, presente a riposo e tende a migliorare con il movimento.<\/p>\n<h4>La rigidit\u00e0 articolare \u00e8 pi\u00f9 intensa al risveglio e pu\u00f2 durare per ore, se non per l\u2019intera giornata.<\/h4>\n<p>Le articolazioni soprattutto coinvolte in modo bilaterale e simmetrico sono le piccole articolazioni delle mani e dei piedi, i polsi, gomiti, spalle, anche, ginocchia e caviglie.<\/p>\n<p>La diagnosi viene effettuata attraverso studi ematologici e attraverso l\u2019utilizzo della diagnostica ad immagini (per lo pi\u00f9 ecografia articolare e risonanza magnetica).<\/p>\n<p>I farmaci adottati per questa patologia (ad oggi hanno migliorato la prognosi della malattia) sono in grado di modificare la storia naturale della malattia ed evitare che si instaurino danni articolari irreversibili.<\/p>\n<p>Si approccia alla terapia con l\u2019obiettivo di:<\/p>\n<ol>\n<li>Ridurre il dolore;<\/li>\n<li>Fermare il processo distruttivo a carico delle articolazioni;<\/li>\n<li>Recuperare la funzione delle articolazioni colpite.<\/li>\n<\/ol>\n<p>Allo scopo di ridurre il dolore, vengono impiegati i farmaci antinfiammatori non steroidei (Fans) e i corticosteroidi.<\/p>\n<p>Per fermare il processo distruttivo a carico delle articolazioni vengono utilizzati farmaci che modificano il decorso della malattia, i cosiddetti farmaci di fondo distinti in farmaci di fondo tradizionali e farmaci biotecnologici che verranno impiegati nel caso in cui la terapia con i farmaci tradizionali fallisca.<\/p>\n<p>Per recuperare la funzione articolare invece \u00e8 necessaria la riabilitazione articolare-neuromuscolare ed eventualmente la chirurgia ortopedica.<\/p>\n<p>Se sospetti artrite reumatoide, prenota la tua visita specialistica con il <a href=\"https:\/\/www.medisocial.it\/francesco-melaragni\/contatti\/\">Dr. Melaragni<\/a>.<\/p>\n<p>Per ulteriori approfondimenti, si possono consultare anche i seguenti articoli:<\/p>\n<p class=\"entry-title\"><strong><a class=\"czr-title\" href=\"https:\/\/www.medisocial.it\/francesco-melaragni\/2019\/12\/06\/osteoartrosi-obesita-sovrappeso-aumentano-rischio\/\" rel=\"bookmark\">Osteoartrosi: obesit\u00e0 e sovrappeso<\/a><\/strong><\/p>\n<p class=\"entry-title\"><strong><a class=\"czr-title\" href=\"https:\/\/www.medisocial.it\/francesco-melaragni\/2019\/11\/22\/infiammazioni-muscolo-scheletriche\/\" rel=\"bookmark\">Le infiammazioni muscolo scheletriche<\/a><\/strong><\/p>\n<p class=\"entry-title\"><a class=\"czr-title\" href=\"https:\/\/www.medisocial.it\/francesco-melaragni\/2020\/01\/24\/osteoporosi-e-vitamina-d\/\" rel=\"bookmark\"><strong>Osteoporosi e Vitamina D<\/strong><\/a><\/p>\n","protected":false},"excerpt":{"rendered":"<p>L\u2019artrite reumatoide (AR) \u00e8 una malattia infiammatoria cronica autoimmune che colpisce in maniera elettiva le articolazioni. La malattia colpisce il sesso femminile pi\u00f9 frequentemente del sesso maschile in particolare in una fascia di et\u00e0 compresa fra i 40 e i 60 anni. Tra le malattie osteoarticolari l\u2019artrite reumatoide \u00e8 quella pi\u00f9 severa in termini di [&hellip;]<\/p>\n","protected":false},"author":1,"featured_media":436,"comment_status":"open","ping_status":"open","sticky":false,"template":"","format":"standard","meta":{"_monsterinsights_skip_tracking":false,"_monsterinsights_sitenote_active":false,"_monsterinsights_sitenote_note":"","_monsterinsights_sitenote_category":0,"footnotes":""},"categories":[3],"tags":[82,80,81,83],"yoast_head":"<!-- This site is optimized with the Yoast SEO plugin v22.1 - https:\/\/yoast.com\/wordpress\/plugins\/seo\/ -->\n<title>L\u2019Artrite Reumatoide malattia infiammatoria - Dott. Francesco Melaragni<\/title>\n<meta name=\"description\" content=\"L\u2019artrite reumatoide (AR) \u00e8 una malattia infiammatoria cronica autoimmune che colpisce in maniera elettiva le articolazioni\" \/>\n<meta name=\"robots\" content=\"index, follow, max-snippet:-1, max-image-preview:large, max-video-preview:-1\" \/>\n<link rel=\"canonical\" href=\"https:\/\/www.medisocial.it\/francesco-melaragni\/2020\/01\/31\/artrite-reumatoide-malattia-infiammatoria\/\" \/>\n<meta property=\"og:locale\" content=\"it_IT\" \/>\n<meta property=\"og:type\" content=\"article\" \/>\n<meta property=\"og:title\" content=\"L\u2019Artrite Reumatoide malattia infiammatoria - Dott. Francesco Melaragni\" \/>\n<meta property=\"og:description\" content=\"L\u2019artrite reumatoide (AR) \u00e8 una malattia infiammatoria cronica autoimmune che colpisce in maniera elettiva le articolazioni\" \/>\n<meta property=\"og:url\" content=\"https:\/\/www.medisocial.it\/francesco-melaragni\/2020\/01\/31\/artrite-reumatoide-malattia-infiammatoria\/\" \/>\n<meta property=\"og:site_name\" content=\"Dott. Francesco Melaragni\" \/>\n<meta property=\"article:published_time\" content=\"2020-01-31T09:43:30+00:00\" \/>\n<meta property=\"og:image\" content=\"https:\/\/www.medisocial.it\/francesco-melaragni\/wp-content\/uploads\/2020\/01\/artrite-reumatoide.jpg\" \/>\n\t<meta property=\"og:image:width\" content=\"500\" \/>\n\t<meta property=\"og:image:height\" content=\"292\" \/>\n\t<meta property=\"og:image:type\" content=\"image\/jpeg\" \/>\n<meta name=\"author\" content=\"medisocial\" \/>\n<meta name=\"twitter:card\" content=\"summary_large_image\" \/>\n<meta name=\"twitter:label1\" content=\"Scritto da\" \/>\n\t<meta name=\"twitter:data1\" content=\"medisocial\" \/>\n\t<meta name=\"twitter:label2\" content=\"Tempo di lettura stimato\" \/>\n\t<meta name=\"twitter:data2\" content=\"2 minuti\" \/>\n<script type=\"application\/ld+json\" class=\"yoast-schema-graph\">{\"@context\":\"https:\/\/schema.org\",\"@graph\":[{\"@type\":\"Article\",\"@id\":\"https:\/\/www.medisocial.it\/francesco-melaragni\/2020\/01\/31\/artrite-reumatoide-malattia-infiammatoria\/#article\",\"isPartOf\":{\"@id\":\"https:\/\/www.medisocial.it\/francesco-melaragni\/2020\/01\/31\/artrite-reumatoide-malattia-infiammatoria\/\"},\"author\":{\"name\":\"medisocial\",\"@id\":\"https:\/\/www.medisocial.it\/francesco-melaragni\/#\/schema\/person\/142e46c115b01350929544c525191b4d\"},\"headline\":\"L\u2019Artrite Reumatoide malattia infiammatoria\",\"datePublished\":\"2020-01-31T09:43:30+00:00\",\"dateModified\":\"2020-01-31T09:43:30+00:00\",\"mainEntityOfPage\":{\"@id\":\"https:\/\/www.medisocial.it\/francesco-melaragni\/2020\/01\/31\/artrite-reumatoide-malattia-infiammatoria\/\"},\"wordCount\":500,\"commentCount\":0,\"publisher\":{\"@id\":\"https:\/\/www.medisocial.it\/francesco-melaragni\/#organization\"},\"keywords\":[\"articolazione\",\"artrite reumatoide\",\"infiammazione\",\"riabilitazione\"],\"articleSection\":[\"Articoli giornalistici\"],\"inLanguage\":\"it-IT\",\"potentialAction\":[{\"@type\":\"CommentAction\",\"name\":\"Comment\",\"target\":[\"https:\/\/www.medisocial.it\/francesco-melaragni\/2020\/01\/31\/artrite-reumatoide-malattia-infiammatoria\/#respond\"]}]},{\"@type\":\"WebPage\",\"@id\":\"https:\/\/www.medisocial.it\/francesco-melaragni\/2020\/01\/31\/artrite-reumatoide-malattia-infiammatoria\/\",\"url\":\"https:\/\/www.medisocial.it\/francesco-melaragni\/2020\/01\/31\/artrite-reumatoide-malattia-infiammatoria\/\",\"name\":\"L\u2019Artrite Reumatoide malattia infiammatoria - Dott. Francesco Melaragni\",\"isPartOf\":{\"@id\":\"https:\/\/www.medisocial.it\/francesco-melaragni\/#website\"},\"datePublished\":\"2020-01-31T09:43:30+00:00\",\"dateModified\":\"2020-01-31T09:43:30+00:00\",\"description\":\"L\u2019artrite reumatoide (AR) \u00e8 una malattia infiammatoria cronica autoimmune che colpisce in maniera elettiva le articolazioni\",\"breadcrumb\":{\"@id\":\"https:\/\/www.medisocial.it\/francesco-melaragni\/2020\/01\/31\/artrite-reumatoide-malattia-infiammatoria\/#breadcrumb\"},\"inLanguage\":\"it-IT\",\"potentialAction\":[{\"@type\":\"ReadAction\",\"target\":[\"https:\/\/www.medisocial.it\/francesco-melaragni\/2020\/01\/31\/artrite-reumatoide-malattia-infiammatoria\/\"]}]},{\"@type\":\"BreadcrumbList\",\"@id\":\"https:\/\/www.medisocial.it\/francesco-melaragni\/2020\/01\/31\/artrite-reumatoide-malattia-infiammatoria\/#breadcrumb\",\"itemListElement\":[{\"@type\":\"ListItem\",\"position\":1,\"name\":\"Home\",\"item\":\"https:\/\/www.medisocial.it\/francesco-melaragni\/\"},{\"@type\":\"ListItem\",\"position\":2,\"name\":\"L\u2019Artrite Reumatoide malattia infiammatoria\"}]},{\"@type\":\"WebSite\",\"@id\":\"https:\/\/www.medisocial.it\/francesco-melaragni\/#website\",\"url\":\"https:\/\/www.medisocial.it\/francesco-melaragni\/\",\"name\":\"Dott. Francesco Melaragni\",\"description\":\"Specialista in Ortopedia e Traumatologia\",\"publisher\":{\"@id\":\"https:\/\/www.medisocial.it\/francesco-melaragni\/#organization\"},\"potentialAction\":[{\"@type\":\"SearchAction\",\"target\":{\"@type\":\"EntryPoint\",\"urlTemplate\":\"https:\/\/www.medisocial.it\/francesco-melaragni\/?s={search_term_string}\"},\"query-input\":\"required name=search_term_string\"}],\"inLanguage\":\"it-IT\"},{\"@type\":\"Organization\",\"@id\":\"https:\/\/www.medisocial.it\/francesco-melaragni\/#organization\",\"name\":\"Dott. Francesco Melaragni\",\"url\":\"https:\/\/www.medisocial.it\/francesco-melaragni\/\",\"logo\":{\"@type\":\"ImageObject\",\"inLanguage\":\"it-IT\",\"@id\":\"https:\/\/www.medisocial.it\/francesco-melaragni\/#\/schema\/logo\/image\/\",\"url\":\"https:\/\/www.medisocial.it\/francesco-melaragni\/wp-content\/uploads\/2019\/09\/logo-2.jpg\",\"contentUrl\":\"https:\/\/www.medisocial.it\/francesco-melaragni\/wp-content\/uploads\/2019\/09\/logo-2.jpg\",\"width\":242,\"height\":76,\"caption\":\"Dott. Francesco Melaragni\"},\"image\":{\"@id\":\"https:\/\/www.medisocial.it\/francesco-melaragni\/#\/schema\/logo\/image\/\"}},{\"@type\":\"Person\",\"@id\":\"https:\/\/www.medisocial.it\/francesco-melaragni\/#\/schema\/person\/142e46c115b01350929544c525191b4d\",\"name\":\"medisocial\",\"image\":{\"@type\":\"ImageObject\",\"inLanguage\":\"it-IT\",\"@id\":\"https:\/\/www.medisocial.it\/francesco-melaragni\/#\/schema\/person\/image\/\",\"url\":\"https:\/\/secure.gravatar.com\/avatar\/efa9393110d3610a15f45429c6613084?s=96&d=mm&r=g\",\"contentUrl\":\"https:\/\/secure.gravatar.com\/avatar\/efa9393110d3610a15f45429c6613084?s=96&d=mm&r=g\",\"caption\":\"medisocial\"}}]}<\/script>\n<!-- \/ Yoast SEO plugin. -->","yoast_head_json":{"title":"L\u2019Artrite Reumatoide malattia infiammatoria - Dott. Francesco Melaragni","description":"L\u2019artrite reumatoide (AR) \u00e8 una malattia infiammatoria cronica autoimmune che colpisce in maniera elettiva le articolazioni","robots":{"index":"index","follow":"follow","max-snippet":"max-snippet:-1","max-image-preview":"max-image-preview:large","max-video-preview":"max-video-preview:-1"},"canonical":"https:\/\/www.medisocial.it\/francesco-melaragni\/2020\/01\/31\/artrite-reumatoide-malattia-infiammatoria\/","og_locale":"it_IT","og_type":"article","og_title":"L\u2019Artrite Reumatoide malattia infiammatoria - Dott. Francesco Melaragni","og_description":"L\u2019artrite reumatoide (AR) \u00e8 una malattia infiammatoria cronica autoimmune che colpisce in maniera elettiva le articolazioni","og_url":"https:\/\/www.medisocial.it\/francesco-melaragni\/2020\/01\/31\/artrite-reumatoide-malattia-infiammatoria\/","og_site_name":"Dott. Francesco Melaragni","article_published_time":"2020-01-31T09:43:30+00:00","og_image":[{"width":500,"height":292,"url":"https:\/\/www.medisocial.it\/francesco-melaragni\/wp-content\/uploads\/2020\/01\/artrite-reumatoide.jpg","type":"image\/jpeg"}],"author":"medisocial","twitter_card":"summary_large_image","twitter_misc":{"Scritto da":"medisocial","Tempo di lettura stimato":"2 minuti"},"schema":{"@context":"https:\/\/schema.org","@graph":[{"@type":"Article","@id":"https:\/\/www.medisocial.it\/francesco-melaragni\/2020\/01\/31\/artrite-reumatoide-malattia-infiammatoria\/#article","isPartOf":{"@id":"https:\/\/www.medisocial.it\/francesco-melaragni\/2020\/01\/31\/artrite-reumatoide-malattia-infiammatoria\/"},"author":{"name":"medisocial","@id":"https:\/\/www.medisocial.it\/francesco-melaragni\/#\/schema\/person\/142e46c115b01350929544c525191b4d"},"headline":"L\u2019Artrite Reumatoide malattia infiammatoria","datePublished":"2020-01-31T09:43:30+00:00","dateModified":"2020-01-31T09:43:30+00:00","mainEntityOfPage":{"@id":"https:\/\/www.medisocial.it\/francesco-melaragni\/2020\/01\/31\/artrite-reumatoide-malattia-infiammatoria\/"},"wordCount":500,"commentCount":0,"publisher":{"@id":"https:\/\/www.medisocial.it\/francesco-melaragni\/#organization"},"keywords":["articolazione","artrite reumatoide","infiammazione","riabilitazione"],"articleSection":["Articoli giornalistici"],"inLanguage":"it-IT","potentialAction":[{"@type":"CommentAction","name":"Comment","target":["https:\/\/www.medisocial.it\/francesco-melaragni\/2020\/01\/31\/artrite-reumatoide-malattia-infiammatoria\/#respond"]}]},{"@type":"WebPage","@id":"https:\/\/www.medisocial.it\/francesco-melaragni\/2020\/01\/31\/artrite-reumatoide-malattia-infiammatoria\/","url":"https:\/\/www.medisocial.it\/francesco-melaragni\/2020\/01\/31\/artrite-reumatoide-malattia-infiammatoria\/","name":"L\u2019Artrite Reumatoide malattia infiammatoria - Dott. Francesco Melaragni","isPartOf":{"@id":"https:\/\/www.medisocial.it\/francesco-melaragni\/#website"},"datePublished":"2020-01-31T09:43:30+00:00","dateModified":"2020-01-31T09:43:30+00:00","description":"L\u2019artrite reumatoide (AR) \u00e8 una malattia infiammatoria cronica autoimmune che colpisce in maniera elettiva le articolazioni","breadcrumb":{"@id":"https:\/\/www.medisocial.it\/francesco-melaragni\/2020\/01\/31\/artrite-reumatoide-malattia-infiammatoria\/#breadcrumb"},"inLanguage":"it-IT","potentialAction":[{"@type":"ReadAction","target":["https:\/\/www.medisocial.it\/francesco-melaragni\/2020\/01\/31\/artrite-reumatoide-malattia-infiammatoria\/"]}]},{"@type":"BreadcrumbList","@id":"https:\/\/www.medisocial.it\/francesco-melaragni\/2020\/01\/31\/artrite-reumatoide-malattia-infiammatoria\/#breadcrumb","itemListElement":[{"@type":"ListItem","position":1,"name":"Home","item":"https:\/\/www.medisocial.it\/francesco-melaragni\/"},{"@type":"ListItem","position":2,"name":"L\u2019Artrite Reumatoide malattia infiammatoria"}]},{"@type":"WebSite","@id":"https:\/\/www.medisocial.it\/francesco-melaragni\/#website","url":"https:\/\/www.medisocial.it\/francesco-melaragni\/","name":"Dott. Francesco Melaragni","description":"Specialista in Ortopedia e Traumatologia","publisher":{"@id":"https:\/\/www.medisocial.it\/francesco-melaragni\/#organization"},"potentialAction":[{"@type":"SearchAction","target":{"@type":"EntryPoint","urlTemplate":"https:\/\/www.medisocial.it\/francesco-melaragni\/?s={search_term_string}"},"query-input":"required name=search_term_string"}],"inLanguage":"it-IT"},{"@type":"Organization","@id":"https:\/\/www.medisocial.it\/francesco-melaragni\/#organization","name":"Dott. Francesco Melaragni","url":"https:\/\/www.medisocial.it\/francesco-melaragni\/","logo":{"@type":"ImageObject","inLanguage":"it-IT","@id":"https:\/\/www.medisocial.it\/francesco-melaragni\/#\/schema\/logo\/image\/","url":"https:\/\/www.medisocial.it\/francesco-melaragni\/wp-content\/uploads\/2019\/09\/logo-2.jpg","contentUrl":"https:\/\/www.medisocial.it\/francesco-melaragni\/wp-content\/uploads\/2019\/09\/logo-2.jpg","width":242,"height":76,"caption":"Dott. Francesco Melaragni"},"image":{"@id":"https:\/\/www.medisocial.it\/francesco-melaragni\/#\/schema\/logo\/image\/"}},{"@type":"Person","@id":"https:\/\/www.medisocial.it\/francesco-melaragni\/#\/schema\/person\/142e46c115b01350929544c525191b4d","name":"medisocial","image":{"@type":"ImageObject","inLanguage":"it-IT","@id":"https:\/\/www.medisocial.it\/francesco-melaragni\/#\/schema\/person\/image\/","url":"https:\/\/secure.gravatar.com\/avatar\/efa9393110d3610a15f45429c6613084?s=96&d=mm&r=g","contentUrl":"https:\/\/secure.gravatar.com\/avatar\/efa9393110d3610a15f45429c6613084?s=96&d=mm&r=g","caption":"medisocial"}}]}},"_links":{"self":[{"href":"https:\/\/www.medisocial.it\/francesco-melaragni\/wp-json\/wp\/v2\/posts\/435"}],"collection":[{"href":"https:\/\/www.medisocial.it\/francesco-melaragni\/wp-json\/wp\/v2\/posts"}],"about":[{"href":"https:\/\/www.medisocial.it\/francesco-melaragni\/wp-json\/wp\/v2\/types\/post"}],"author":[{"embeddable":true,"href":"https:\/\/www.medisocial.it\/francesco-melaragni\/wp-json\/wp\/v2\/users\/1"}],"replies":[{"embeddable":true,"href":"https:\/\/www.medisocial.it\/francesco-melaragni\/wp-json\/wp\/v2\/comments?post=435"}],"version-history":[{"count":3,"href":"https:\/\/www.medisocial.it\/francesco-melaragni\/wp-json\/wp\/v2\/posts\/435\/revisions"}],"predecessor-version":[{"id":439,"href":"https:\/\/www.medisocial.it\/francesco-melaragni\/wp-json\/wp\/v2\/posts\/435\/revisions\/439"}],"wp:featuredmedia":[{"embeddable":true,"href":"https:\/\/www.medisocial.it\/francesco-melaragni\/wp-json\/wp\/v2\/media\/436"}],"wp:attachment":[{"href":"https:\/\/www.medisocial.it\/francesco-melaragni\/wp-json\/wp\/v2\/media?parent=435"}],"wp:term":[{"taxonomy":"category","embeddable":true,"href":"https:\/\/www.medisocial.it\/francesco-melaragni\/wp-json\/wp\/v2\/categories?post=435"},{"taxonomy":"post_tag","embeddable":true,"href":"https:\/\/www.medisocial.it\/francesco-melaragni\/wp-json\/wp\/v2\/tags?post=435"}],"curies":[{"name":"wp","href":"https:\/\/api.w.org\/{rel}","templated":true}]}}