{"id":407,"date":"2019-11-22T13:03:05","date_gmt":"2019-11-22T12:03:05","guid":{"rendered":"https:\/\/www.medisocial.it\/francesco-melaragni\/?p=407"},"modified":"2019-11-22T13:07:01","modified_gmt":"2019-11-22T12:07:01","slug":"infiammazioni-muscolo-scheletriche","status":"publish","type":"post","link":"https:\/\/www.medisocial.it\/francesco-melaragni\/2019\/11\/22\/infiammazioni-muscolo-scheletriche\/","title":{"rendered":"Le infiammazioni muscolo scheletriche"},"content":{"rendered":"<p>Le infiammazioni muscolo scheletriche possono essere causate da disturbi a carico di ossa, articolazioni, muscoli, tendini, legamenti, borse o una loro combinazione.<\/p>\n<p>I traumi sono la causa pi\u00f9 comune del dolore.<\/p>\n<p>Il dolore osseo \u00e8 in genere profondo, penetrante o sordo. Spesso deriva da traumi.<\/p>\n<p>Altre cause meno comuni del dolore osseo includono l\u2019infezione ossea (osteomielite), i disturbi endocrini e i tumori.<br \/>\nIl dolore a una borsa pu\u00f2 essere causato da traumi, sovraccarico, gotta o infezione.<\/p>\n<p>Le borse sono piccole sacche piene di liquido che formano un cuscinetto protettivo intorno alle articolazioni. Solitamente il dolore peggiora con i movimenti che coinvolgono la borsa e viene alleviato dal riposo. La borsa interessata pu\u00f2 gonfiarsi.<\/p>\n<p>L\u2019artralgia o dolore articolare non \u00e8 sempre correlato all\u2019infiammazione articolare o artrite.<\/p>\n<p>L\u2019artrite pu\u00f2 causare gonfiore e dolore. Essa pu\u00f2 essere causata da diversi disturbi, fra i quali artriti infiammatorie (come l\u2019artrite reumatoide), l\u2019osteoartrite, l\u2019artrite infettiva, la gotta e le patologie correlate, le malattie autoimmuni (come il lupus eritematoso sistemico), le vasculiti (come la vasculite associata a immunoglobulina A), l\u2019osteonecrosi e i traumi che colpiscono la parte dell\u2019osso all\u2019interno di un\u2019articolazione.<\/p>\n<p>Alcune patologie ed infiammazioni muscolo scheletriche causano dolore dovuto alla compressione dei nervi. Fra queste vi sono le sindromi dei tunnel (ad esempio sindrome del <a href=\"https:\/\/www.medisocial.it\/francesco-melaragni\/2019\/10\/23\/le-patologie-della-mano-e-del-polso\/\">tunnel carpale<\/a>). Il dolore tende ad irradiarsi lungo il percorso del nervo.<\/p>\n<h4><em>Esami<\/em><\/h4>\n<p>Le radiografie sono utilizzate soprattutto per avere immagini delle ossa.<br \/>\nIn genere, le radiografie sono richieste se il medico sospetta una frattura o, meno comunemente, un tumore osseo o un\u2019infezione, oppure per cercare alterazioni che confermino che un soggetto soffre di una certa forma di artrite.<\/p>\n<p>La risonanza magnetica per immagini (RMI) pu\u00f2 rilevare fratture non visibili alla radiografia.<\/p>\n<p>La tomografia computerizzata (TC) \u00e8 un approfondimento della radiografia in quanto \u00e8 pi\u00f9 sensibile ed \u00e8 spesso usata per il rilevamento di ulteriori e maggiori dettagli su una frattura o un problema osseo rilevato con la radiografia.<\/p>\n<p>Altri esami di diagnostica per immagini sono l\u2019artrografia e la scintigrafia ossea.<\/p>\n<p>Questi esami possono aiutare il medico a diagnosticare determinate condizioni. Il medico pu\u00f2 asportare un campione di osso, di rivestimento dell\u2019articolazione (sinovia) o di altri tessuti per l\u2019esame al microscopio (biopsia).<\/p>\n<p>(Modificato da Manuale MSD)<\/p>\n<p><a href=\"https:\/\/www.medisocial.it\/francesco-melaragni\/contatti\/\">Contatta<\/a> il Dr. Francesco Melaragni per prenotare una prima visita o una visita di controllo.<\/p>\n","protected":false},"excerpt":{"rendered":"<p>Le infiammazioni muscolo scheletriche possono essere causate da disturbi a carico di ossa, articolazioni, muscoli, tendini, legamenti, borse o una loro combinazione. I traumi sono la causa pi\u00f9 comune del dolore. Il dolore osseo \u00e8 in genere profondo, penetrante o sordo. Spesso deriva da traumi. Altre cause meno comuni del dolore osseo includono l\u2019infezione ossea [&hellip;]<\/p>\n","protected":false},"author":1,"featured_media":412,"comment_status":"open","ping_status":"open","sticky":false,"template":"","format":"standard","meta":{"_monsterinsights_skip_tracking":false,"_monsterinsights_sitenote_active":false,"_monsterinsights_sitenote_note":"","_monsterinsights_sitenote_category":0,"footnotes":""},"categories":[3],"tags":[],"yoast_head":"<!-- This site is optimized with the Yoast SEO plugin v22.1 - https:\/\/yoast.com\/wordpress\/plugins\/seo\/ -->\n<title>Le infiammazioni muscolo scheletriche - Dott. Francesco Melaragni<\/title>\n<meta name=\"description\" content=\"Le infiammazioni muscolo scheletriche possono essere a carico di ossa, articolazioni, muscoli, tendini, legamenti, borse o di una loro combinazione\" \/>\n<meta name=\"robots\" content=\"index, follow, max-snippet:-1, max-image-preview:large, max-video-preview:-1\" \/>\n<link rel=\"canonical\" href=\"https:\/\/www.medisocial.it\/francesco-melaragni\/2019\/11\/22\/infiammazioni-muscolo-scheletriche\/\" \/>\n<meta property=\"og:locale\" content=\"it_IT\" \/>\n<meta property=\"og:type\" content=\"article\" \/>\n<meta property=\"og:title\" content=\"Le infiammazioni muscolo scheletriche - Dott. Francesco Melaragni\" \/>\n<meta property=\"og:description\" content=\"Le infiammazioni muscolo scheletriche possono essere a carico di ossa, articolazioni, muscoli, tendini, legamenti, borse o di una loro combinazione\" \/>\n<meta property=\"og:url\" content=\"https:\/\/www.medisocial.it\/francesco-melaragni\/2019\/11\/22\/infiammazioni-muscolo-scheletriche\/\" \/>\n<meta property=\"og:site_name\" content=\"Dott. Francesco Melaragni\" \/>\n<meta property=\"article:published_time\" content=\"2019-11-22T12:03:05+00:00\" \/>\n<meta property=\"article:modified_time\" content=\"2019-11-22T12:07:01+00:00\" \/>\n<meta property=\"og:image\" content=\"https:\/\/www.medisocial.it\/francesco-melaragni\/wp-content\/uploads\/2019\/11\/Infiammazioni-muscolo-scheletriche.png\" \/>\n\t<meta property=\"og:image:width\" content=\"267\" \/>\n\t<meta property=\"og:image:height\" content=\"317\" \/>\n\t<meta property=\"og:image:type\" content=\"image\/png\" \/>\n<meta name=\"author\" content=\"medisocial\" \/>\n<meta name=\"twitter:card\" content=\"summary_large_image\" \/>\n<meta name=\"twitter:label1\" content=\"Scritto da\" \/>\n\t<meta name=\"twitter:data1\" content=\"medisocial\" \/>\n\t<meta name=\"twitter:label2\" content=\"Tempo di lettura stimato\" \/>\n\t<meta name=\"twitter:data2\" content=\"2 minuti\" \/>\n<script type=\"application\/ld+json\" class=\"yoast-schema-graph\">{\"@context\":\"https:\/\/schema.org\",\"@graph\":[{\"@type\":\"Article\",\"@id\":\"https:\/\/www.medisocial.it\/francesco-melaragni\/2019\/11\/22\/infiammazioni-muscolo-scheletriche\/#article\",\"isPartOf\":{\"@id\":\"https:\/\/www.medisocial.it\/francesco-melaragni\/2019\/11\/22\/infiammazioni-muscolo-scheletriche\/\"},\"author\":{\"name\":\"medisocial\",\"@id\":\"https:\/\/www.medisocial.it\/francesco-melaragni\/#\/schema\/person\/142e46c115b01350929544c525191b4d\"},\"headline\":\"Le infiammazioni muscolo scheletriche\",\"datePublished\":\"2019-11-22T12:03:05+00:00\",\"dateModified\":\"2019-11-22T12:07:01+00:00\",\"mainEntityOfPage\":{\"@id\":\"https:\/\/www.medisocial.it\/francesco-melaragni\/2019\/11\/22\/infiammazioni-muscolo-scheletriche\/\"},\"wordCount\":394,\"commentCount\":0,\"publisher\":{\"@id\":\"https:\/\/www.medisocial.it\/francesco-melaragni\/#organization\"},\"articleSection\":[\"Articoli giornalistici\"],\"inLanguage\":\"it-IT\",\"potentialAction\":[{\"@type\":\"CommentAction\",\"name\":\"Comment\",\"target\":[\"https:\/\/www.medisocial.it\/francesco-melaragni\/2019\/11\/22\/infiammazioni-muscolo-scheletriche\/#respond\"]}]},{\"@type\":\"WebPage\",\"@id\":\"https:\/\/www.medisocial.it\/francesco-melaragni\/2019\/11\/22\/infiammazioni-muscolo-scheletriche\/\",\"url\":\"https:\/\/www.medisocial.it\/francesco-melaragni\/2019\/11\/22\/infiammazioni-muscolo-scheletriche\/\",\"name\":\"Le infiammazioni muscolo scheletriche - Dott. Francesco Melaragni\",\"isPartOf\":{\"@id\":\"https:\/\/www.medisocial.it\/francesco-melaragni\/#website\"},\"datePublished\":\"2019-11-22T12:03:05+00:00\",\"dateModified\":\"2019-11-22T12:07:01+00:00\",\"description\":\"Le infiammazioni muscolo scheletriche possono essere a carico di ossa, articolazioni, muscoli, tendini, legamenti, borse o di una loro combinazione\",\"breadcrumb\":{\"@id\":\"https:\/\/www.medisocial.it\/francesco-melaragni\/2019\/11\/22\/infiammazioni-muscolo-scheletriche\/#breadcrumb\"},\"inLanguage\":\"it-IT\",\"potentialAction\":[{\"@type\":\"ReadAction\",\"target\":[\"https:\/\/www.medisocial.it\/francesco-melaragni\/2019\/11\/22\/infiammazioni-muscolo-scheletriche\/\"]}]},{\"@type\":\"BreadcrumbList\",\"@id\":\"https:\/\/www.medisocial.it\/francesco-melaragni\/2019\/11\/22\/infiammazioni-muscolo-scheletriche\/#breadcrumb\",\"itemListElement\":[{\"@type\":\"ListItem\",\"position\":1,\"name\":\"Home\",\"item\":\"https:\/\/www.medisocial.it\/francesco-melaragni\/\"},{\"@type\":\"ListItem\",\"position\":2,\"name\":\"Le infiammazioni muscolo scheletriche\"}]},{\"@type\":\"WebSite\",\"@id\":\"https:\/\/www.medisocial.it\/francesco-melaragni\/#website\",\"url\":\"https:\/\/www.medisocial.it\/francesco-melaragni\/\",\"name\":\"Dott. Francesco Melaragni\",\"description\":\"Specialista in Ortopedia e Traumatologia\",\"publisher\":{\"@id\":\"https:\/\/www.medisocial.it\/francesco-melaragni\/#organization\"},\"potentialAction\":[{\"@type\":\"SearchAction\",\"target\":{\"@type\":\"EntryPoint\",\"urlTemplate\":\"https:\/\/www.medisocial.it\/francesco-melaragni\/?s={search_term_string}\"},\"query-input\":\"required name=search_term_string\"}],\"inLanguage\":\"it-IT\"},{\"@type\":\"Organization\",\"@id\":\"https:\/\/www.medisocial.it\/francesco-melaragni\/#organization\",\"name\":\"Dott. Francesco Melaragni\",\"url\":\"https:\/\/www.medisocial.it\/francesco-melaragni\/\",\"logo\":{\"@type\":\"ImageObject\",\"inLanguage\":\"it-IT\",\"@id\":\"https:\/\/www.medisocial.it\/francesco-melaragni\/#\/schema\/logo\/image\/\",\"url\":\"https:\/\/www.medisocial.it\/francesco-melaragni\/wp-content\/uploads\/2019\/09\/logo-2.jpg\",\"contentUrl\":\"https:\/\/www.medisocial.it\/francesco-melaragni\/wp-content\/uploads\/2019\/09\/logo-2.jpg\",\"width\":242,\"height\":76,\"caption\":\"Dott. Francesco Melaragni\"},\"image\":{\"@id\":\"https:\/\/www.medisocial.it\/francesco-melaragni\/#\/schema\/logo\/image\/\"}},{\"@type\":\"Person\",\"@id\":\"https:\/\/www.medisocial.it\/francesco-melaragni\/#\/schema\/person\/142e46c115b01350929544c525191b4d\",\"name\":\"medisocial\",\"image\":{\"@type\":\"ImageObject\",\"inLanguage\":\"it-IT\",\"@id\":\"https:\/\/www.medisocial.it\/francesco-melaragni\/#\/schema\/person\/image\/\",\"url\":\"https:\/\/secure.gravatar.com\/avatar\/efa9393110d3610a15f45429c6613084?s=96&d=mm&r=g\",\"contentUrl\":\"https:\/\/secure.gravatar.com\/avatar\/efa9393110d3610a15f45429c6613084?s=96&d=mm&r=g\",\"caption\":\"medisocial\"}}]}<\/script>\n<!-- \/ Yoast SEO plugin. -->","yoast_head_json":{"title":"Le infiammazioni muscolo scheletriche - Dott. Francesco Melaragni","description":"Le infiammazioni muscolo scheletriche possono essere a carico di ossa, articolazioni, muscoli, tendini, legamenti, borse o di una loro combinazione","robots":{"index":"index","follow":"follow","max-snippet":"max-snippet:-1","max-image-preview":"max-image-preview:large","max-video-preview":"max-video-preview:-1"},"canonical":"https:\/\/www.medisocial.it\/francesco-melaragni\/2019\/11\/22\/infiammazioni-muscolo-scheletriche\/","og_locale":"it_IT","og_type":"article","og_title":"Le infiammazioni muscolo scheletriche - Dott. Francesco Melaragni","og_description":"Le infiammazioni muscolo scheletriche possono essere a carico di ossa, articolazioni, muscoli, tendini, legamenti, borse o di una loro combinazione","og_url":"https:\/\/www.medisocial.it\/francesco-melaragni\/2019\/11\/22\/infiammazioni-muscolo-scheletriche\/","og_site_name":"Dott. Francesco Melaragni","article_published_time":"2019-11-22T12:03:05+00:00","article_modified_time":"2019-11-22T12:07:01+00:00","og_image":[{"width":267,"height":317,"url":"https:\/\/www.medisocial.it\/francesco-melaragni\/wp-content\/uploads\/2019\/11\/Infiammazioni-muscolo-scheletriche.png","type":"image\/png"}],"author":"medisocial","twitter_card":"summary_large_image","twitter_misc":{"Scritto da":"medisocial","Tempo di lettura stimato":"2 minuti"},"schema":{"@context":"https:\/\/schema.org","@graph":[{"@type":"Article","@id":"https:\/\/www.medisocial.it\/francesco-melaragni\/2019\/11\/22\/infiammazioni-muscolo-scheletriche\/#article","isPartOf":{"@id":"https:\/\/www.medisocial.it\/francesco-melaragni\/2019\/11\/22\/infiammazioni-muscolo-scheletriche\/"},"author":{"name":"medisocial","@id":"https:\/\/www.medisocial.it\/francesco-melaragni\/#\/schema\/person\/142e46c115b01350929544c525191b4d"},"headline":"Le infiammazioni muscolo scheletriche","datePublished":"2019-11-22T12:03:05+00:00","dateModified":"2019-11-22T12:07:01+00:00","mainEntityOfPage":{"@id":"https:\/\/www.medisocial.it\/francesco-melaragni\/2019\/11\/22\/infiammazioni-muscolo-scheletriche\/"},"wordCount":394,"commentCount":0,"publisher":{"@id":"https:\/\/www.medisocial.it\/francesco-melaragni\/#organization"},"articleSection":["Articoli giornalistici"],"inLanguage":"it-IT","potentialAction":[{"@type":"CommentAction","name":"Comment","target":["https:\/\/www.medisocial.it\/francesco-melaragni\/2019\/11\/22\/infiammazioni-muscolo-scheletriche\/#respond"]}]},{"@type":"WebPage","@id":"https:\/\/www.medisocial.it\/francesco-melaragni\/2019\/11\/22\/infiammazioni-muscolo-scheletriche\/","url":"https:\/\/www.medisocial.it\/francesco-melaragni\/2019\/11\/22\/infiammazioni-muscolo-scheletriche\/","name":"Le infiammazioni muscolo scheletriche - Dott. Francesco Melaragni","isPartOf":{"@id":"https:\/\/www.medisocial.it\/francesco-melaragni\/#website"},"datePublished":"2019-11-22T12:03:05+00:00","dateModified":"2019-11-22T12:07:01+00:00","description":"Le infiammazioni muscolo scheletriche possono essere a carico di ossa, articolazioni, muscoli, tendini, legamenti, borse o di una loro combinazione","breadcrumb":{"@id":"https:\/\/www.medisocial.it\/francesco-melaragni\/2019\/11\/22\/infiammazioni-muscolo-scheletriche\/#breadcrumb"},"inLanguage":"it-IT","potentialAction":[{"@type":"ReadAction","target":["https:\/\/www.medisocial.it\/francesco-melaragni\/2019\/11\/22\/infiammazioni-muscolo-scheletriche\/"]}]},{"@type":"BreadcrumbList","@id":"https:\/\/www.medisocial.it\/francesco-melaragni\/2019\/11\/22\/infiammazioni-muscolo-scheletriche\/#breadcrumb","itemListElement":[{"@type":"ListItem","position":1,"name":"Home","item":"https:\/\/www.medisocial.it\/francesco-melaragni\/"},{"@type":"ListItem","position":2,"name":"Le infiammazioni muscolo scheletriche"}]},{"@type":"WebSite","@id":"https:\/\/www.medisocial.it\/francesco-melaragni\/#website","url":"https:\/\/www.medisocial.it\/francesco-melaragni\/","name":"Dott. Francesco Melaragni","description":"Specialista in Ortopedia e Traumatologia","publisher":{"@id":"https:\/\/www.medisocial.it\/francesco-melaragni\/#organization"},"potentialAction":[{"@type":"SearchAction","target":{"@type":"EntryPoint","urlTemplate":"https:\/\/www.medisocial.it\/francesco-melaragni\/?s={search_term_string}"},"query-input":"required name=search_term_string"}],"inLanguage":"it-IT"},{"@type":"Organization","@id":"https:\/\/www.medisocial.it\/francesco-melaragni\/#organization","name":"Dott. Francesco Melaragni","url":"https:\/\/www.medisocial.it\/francesco-melaragni\/","logo":{"@type":"ImageObject","inLanguage":"it-IT","@id":"https:\/\/www.medisocial.it\/francesco-melaragni\/#\/schema\/logo\/image\/","url":"https:\/\/www.medisocial.it\/francesco-melaragni\/wp-content\/uploads\/2019\/09\/logo-2.jpg","contentUrl":"https:\/\/www.medisocial.it\/francesco-melaragni\/wp-content\/uploads\/2019\/09\/logo-2.jpg","width":242,"height":76,"caption":"Dott. Francesco Melaragni"},"image":{"@id":"https:\/\/www.medisocial.it\/francesco-melaragni\/#\/schema\/logo\/image\/"}},{"@type":"Person","@id":"https:\/\/www.medisocial.it\/francesco-melaragni\/#\/schema\/person\/142e46c115b01350929544c525191b4d","name":"medisocial","image":{"@type":"ImageObject","inLanguage":"it-IT","@id":"https:\/\/www.medisocial.it\/francesco-melaragni\/#\/schema\/person\/image\/","url":"https:\/\/secure.gravatar.com\/avatar\/efa9393110d3610a15f45429c6613084?s=96&d=mm&r=g","contentUrl":"https:\/\/secure.gravatar.com\/avatar\/efa9393110d3610a15f45429c6613084?s=96&d=mm&r=g","caption":"medisocial"}}]}},"_links":{"self":[{"href":"https:\/\/www.medisocial.it\/francesco-melaragni\/wp-json\/wp\/v2\/posts\/407"}],"collection":[{"href":"https:\/\/www.medisocial.it\/francesco-melaragni\/wp-json\/wp\/v2\/posts"}],"about":[{"href":"https:\/\/www.medisocial.it\/francesco-melaragni\/wp-json\/wp\/v2\/types\/post"}],"author":[{"embeddable":true,"href":"https:\/\/www.medisocial.it\/francesco-melaragni\/wp-json\/wp\/v2\/users\/1"}],"replies":[{"embeddable":true,"href":"https:\/\/www.medisocial.it\/francesco-melaragni\/wp-json\/wp\/v2\/comments?post=407"}],"version-history":[{"count":3,"href":"https:\/\/www.medisocial.it\/francesco-melaragni\/wp-json\/wp\/v2\/posts\/407\/revisions"}],"predecessor-version":[{"id":410,"href":"https:\/\/www.medisocial.it\/francesco-melaragni\/wp-json\/wp\/v2\/posts\/407\/revisions\/410"}],"wp:featuredmedia":[{"embeddable":true,"href":"https:\/\/www.medisocial.it\/francesco-melaragni\/wp-json\/wp\/v2\/media\/412"}],"wp:attachment":[{"href":"https:\/\/www.medisocial.it\/francesco-melaragni\/wp-json\/wp\/v2\/media?parent=407"}],"wp:term":[{"taxonomy":"category","embeddable":true,"href":"https:\/\/www.medisocial.it\/francesco-melaragni\/wp-json\/wp\/v2\/categories?post=407"},{"taxonomy":"post_tag","embeddable":true,"href":"https:\/\/www.medisocial.it\/francesco-melaragni\/wp-json\/wp\/v2\/tags?post=407"}],"curies":[{"name":"wp","href":"https:\/\/api.w.org\/{rel}","templated":true}]}}