{"id":247,"date":"2019-10-23T18:35:31","date_gmt":"2019-10-23T16:35:31","guid":{"rendered":"https:\/\/www.medisocial.it\/francesco-melaragni\/?p=247"},"modified":"2019-11-12T12:12:38","modified_gmt":"2019-11-12T11:12:38","slug":"le-patologie-della-mano-e-del-polso","status":"publish","type":"post","link":"https:\/\/www.medisocial.it\/francesco-melaragni\/2019\/10\/23\/le-patologie-della-mano-e-del-polso\/","title":{"rendered":"Le patologie della Mano e del Polso"},"content":{"rendered":"<p><strong>Le patologie della Mano e del Polso<\/strong>. <span class=\"notranslate\">La mano e il polso sono costituiti da diverse ossa, muscoli e legamenti che consentono un&#8217;ampia gamma di movimenti.<\/span><\/p>\n<p><span class=\"notranslate\">Il polso si forma dove le due ossa dell&#8217;avambraccio &#8211; il raggio e l&#8217;ulna &#8211; incontrano il carpo.<\/span><\/p>\n<p><span class=\"notranslate\">Piuttosto che una singola articolazione, il polso \u00e8 in realt\u00e0 costituito da pi\u00f9 articolazioni in cui le ossa del braccio e della mano si incontrano per consentire il movimento.<\/span><\/p>\n<p>Nella mano sono presenti le ossa metacarpali (<span class=\"notranslate\">le cinque ossa che compongono la parte centrale della mano) e le falangi <\/span><span class=\"notranslate\">(le 14 ossa strette che compongono le dita di ogni mano.<\/span><\/p>\n<p><span class=\"notranslate\">Ogni dito ha tre falangi (distale, medio e prossimale);<\/span> <span class=\"notranslate\"> il pollice ne ha due.<\/span><\/p>\n<p><span class=\"notranslate\"> Le superfici delle ossa dove si incontrano per formare le articolazioni sono coperte da uno strato di cartilagine, che consente loro di scivolare uniformemente l&#8217;una contro l&#8217;altra mentre si muovono.<\/span><\/p>\n<p><span class=\"notranslate\">Le articolazioni sono racchiuse da una capsula fibrosa che \u00e8 rivestita da una sottile membrana chiamata sinovia, che secerne un fluido per lubrificare le articolazioni.<\/span><\/p>\n<p>Inoltre sono presenti legamenti (<span class=\"notranslate\">fasce resistenti di tessuto connettivo che collegano le ossa per sostenerle e mantenerle in posizione) e i tendini\u00a0<\/span> <span class=\"notranslate\"> (bande di tessuto connettivo che attaccano i muscoli all&#8217;osso consentendo ai muscoli di muovere le ossa).<\/span><\/p>\n<p>Per la complessit\u00e0 della mano e del polso e per il continuo ed incessante uso che se ne fa, questi due arti sono spesso soggetti a patologie ossee pi\u00f9 o meno complesse.<\/p>\n<p>Il Dr. Melaragni tratta le Patologie della Mano e del Polso:<\/p>\n<ul>\n<li>Sindrome del Tunnel Carpale<\/li>\n<li>Dito a scatto<\/li>\n<li>Morbo di De Quervain<\/li>\n<li>Morbo di Dupuytren<\/li>\n<li>Rizoartrosi<\/li>\n<li>Traumatologia della mano<\/li>\n<\/ul>\n<figure id=\"attachment_387\" aria-describedby=\"caption-attachment-387\" style=\"width: 250px\" class=\"wp-caption alignnone\"><img decoding=\"async\" loading=\"lazy\" class=\"wp-image-387 size-full\" src=\"https:\/\/www.medisocial.it\/francesco-melaragni\/wp-content\/uploads\/2019\/10\/Carpal-Tunnel-3.jpeg\" alt=\"Sindrome della mano e del polso\" width=\"250\" height=\"257\" \/><figcaption id=\"caption-attachment-387\" class=\"wp-caption-text\">Tunnel Carpale<\/figcaption><\/figure>\n<p>&nbsp;<\/p>\n<figure id=\"attachment_388\" aria-describedby=\"caption-attachment-388\" style=\"width: 300px\" class=\"wp-caption alignnone\"><img decoding=\"async\" loading=\"lazy\" class=\"wp-image-388 size-medium\" src=\"https:\/\/www.medisocial.it\/francesco-melaragni\/wp-content\/uploads\/2019\/10\/ditoascattointro-300x199.jpg\" alt=\"Patologie della mano e del polso\" width=\"300\" height=\"199\" srcset=\"https:\/\/www.medisocial.it\/francesco-melaragni\/wp-content\/uploads\/2019\/10\/ditoascattointro-300x199.jpg 300w, https:\/\/www.medisocial.it\/francesco-melaragni\/wp-content\/uploads\/2019\/10\/ditoascattointro.jpg 450w\" sizes=\"(max-width: 300px) 100vw, 300px\" \/><figcaption id=\"caption-attachment-388\" class=\"wp-caption-text\">Dito a Scatto<\/figcaption><\/figure>\n<p>&nbsp;<\/p>\n<figure id=\"attachment_389\" aria-describedby=\"caption-attachment-389\" style=\"width: 300px\" class=\"wp-caption alignnone\"><img decoding=\"async\" loading=\"lazy\" class=\"wp-image-389 size-medium\" src=\"https:\/\/www.medisocial.it\/francesco-melaragni\/wp-content\/uploads\/2019\/10\/De-quervains-300x158.gif\" alt=\"Patologie della mano e del polso\" width=\"300\" height=\"158\" \/><figcaption id=\"caption-attachment-389\" class=\"wp-caption-text\">Sindrome di De Quervains<\/figcaption><\/figure>\n<p>&nbsp;<\/p>\n<p>In caso di dolori e patologie della mano e del polso \u00e8 sempre necessario rivolgersi ad un ortopedico specialista.<\/p>\n<p>Chiama il Dr. Melaragni o contattaci attraverso il modulo <a href=\"https:\/\/www.medisocial.it\/francesco-melaragni\/contatti\/\">Contatti<\/a><\/p>\n","protected":false},"excerpt":{"rendered":"<p>Le patologie della Mano e del Polso. La mano e il polso sono costituiti da diverse ossa, muscoli e legamenti che consentono un&#8217;ampia gamma di movimenti. Il polso si forma dove le due ossa dell&#8217;avambraccio &#8211; il raggio e l&#8217;ulna &#8211; incontrano il carpo. Piuttosto che una singola articolazione, il polso \u00e8 in realt\u00e0 costituito [&hellip;]<\/p>\n","protected":false},"author":1,"featured_media":251,"comment_status":"open","ping_status":"open","sticky":false,"template":"","format":"standard","meta":{"_monsterinsights_skip_tracking":false,"_monsterinsights_sitenote_active":false,"_monsterinsights_sitenote_note":"","_monsterinsights_sitenote_category":0,"footnotes":""},"categories":[11,6],"tags":[36,37,38,39,35,40],"yoast_head":"<!-- This site is optimized with the Yoast SEO plugin v22.1 - https:\/\/yoast.com\/wordpress\/plugins\/seo\/ -->\n<title>Le patologie della Mano e del Polso - Dott. Francesco Melaragni<\/title>\n<meta name=\"description\" content=\"Le patologie della Mano e del Polso. La mano e il polso sono costituiti da diverse ossa, muscoli e legamenti che consentono un&#039;ampia gamma di movimenti.\" \/>\n<meta name=\"robots\" content=\"index, follow, max-snippet:-1, max-image-preview:large, max-video-preview:-1\" \/>\n<link rel=\"canonical\" href=\"https:\/\/www.medisocial.it\/francesco-melaragni\/2019\/10\/23\/le-patologie-della-mano-e-del-polso\/\" \/>\n<meta property=\"og:locale\" content=\"it_IT\" \/>\n<meta property=\"og:type\" content=\"article\" \/>\n<meta property=\"og:title\" content=\"Le patologie della Mano e del Polso - Dott. Francesco Melaragni\" \/>\n<meta property=\"og:description\" content=\"Le patologie della Mano e del Polso. La mano e il polso sono costituiti da diverse ossa, muscoli e legamenti che consentono un&#039;ampia gamma di movimenti.\" \/>\n<meta property=\"og:url\" content=\"https:\/\/www.medisocial.it\/francesco-melaragni\/2019\/10\/23\/le-patologie-della-mano-e-del-polso\/\" \/>\n<meta property=\"og:site_name\" content=\"Dott. Francesco Melaragni\" \/>\n<meta property=\"article:published_time\" content=\"2019-10-23T16:35:31+00:00\" \/>\n<meta property=\"article:modified_time\" content=\"2019-11-12T11:12:38+00:00\" \/>\n<meta property=\"og:image\" content=\"https:\/\/www.medisocial.it\/francesco-melaragni\/wp-content\/uploads\/2019\/10\/le-patologie-della-mano-e-del-polso.jpg\" \/>\n\t<meta property=\"og:image:width\" content=\"724\" \/>\n\t<meta property=\"og:image:height\" content=\"375\" \/>\n\t<meta property=\"og:image:type\" content=\"image\/jpeg\" \/>\n<meta name=\"author\" content=\"medisocial\" \/>\n<meta name=\"twitter:card\" content=\"summary_large_image\" \/>\n<meta name=\"twitter:label1\" content=\"Scritto da\" \/>\n\t<meta name=\"twitter:data1\" content=\"medisocial\" \/>\n\t<meta name=\"twitter:label2\" content=\"Tempo di lettura stimato\" \/>\n\t<meta name=\"twitter:data2\" content=\"2 minuti\" \/>\n<script type=\"application\/ld+json\" class=\"yoast-schema-graph\">{\"@context\":\"https:\/\/schema.org\",\"@graph\":[{\"@type\":\"Article\",\"@id\":\"https:\/\/www.medisocial.it\/francesco-melaragni\/2019\/10\/23\/le-patologie-della-mano-e-del-polso\/#article\",\"isPartOf\":{\"@id\":\"https:\/\/www.medisocial.it\/francesco-melaragni\/2019\/10\/23\/le-patologie-della-mano-e-del-polso\/\"},\"author\":{\"name\":\"medisocial\",\"@id\":\"https:\/\/www.medisocial.it\/francesco-melaragni\/#\/schema\/person\/142e46c115b01350929544c525191b4d\"},\"headline\":\"Le patologie della Mano e del Polso\",\"datePublished\":\"2019-10-23T16:35:31+00:00\",\"dateModified\":\"2019-11-12T11:12:38+00:00\",\"mainEntityOfPage\":{\"@id\":\"https:\/\/www.medisocial.it\/francesco-melaragni\/2019\/10\/23\/le-patologie-della-mano-e-del-polso\/\"},\"wordCount\":343,\"commentCount\":0,\"publisher\":{\"@id\":\"https:\/\/www.medisocial.it\/francesco-melaragni\/#organization\"},\"keywords\":[\"Dito a scatto\",\"Morbo di De Quervain\",\"Morbo di Dupuytren\",\"Rizoartrosi\",\"Sindrome del Tunnel Carpale\",\"Traumatologia della mano\"],\"articleSection\":[\"Mano e Polso\",\"Patologie\"],\"inLanguage\":\"it-IT\",\"potentialAction\":[{\"@type\":\"CommentAction\",\"name\":\"Comment\",\"target\":[\"https:\/\/www.medisocial.it\/francesco-melaragni\/2019\/10\/23\/le-patologie-della-mano-e-del-polso\/#respond\"]}]},{\"@type\":\"WebPage\",\"@id\":\"https:\/\/www.medisocial.it\/francesco-melaragni\/2019\/10\/23\/le-patologie-della-mano-e-del-polso\/\",\"url\":\"https:\/\/www.medisocial.it\/francesco-melaragni\/2019\/10\/23\/le-patologie-della-mano-e-del-polso\/\",\"name\":\"Le patologie della Mano e del Polso - Dott. Francesco Melaragni\",\"isPartOf\":{\"@id\":\"https:\/\/www.medisocial.it\/francesco-melaragni\/#website\"},\"datePublished\":\"2019-10-23T16:35:31+00:00\",\"dateModified\":\"2019-11-12T11:12:38+00:00\",\"description\":\"Le patologie della Mano e del Polso. La mano e il polso sono costituiti da diverse ossa, muscoli e legamenti che consentono un'ampia gamma di movimenti.\",\"breadcrumb\":{\"@id\":\"https:\/\/www.medisocial.it\/francesco-melaragni\/2019\/10\/23\/le-patologie-della-mano-e-del-polso\/#breadcrumb\"},\"inLanguage\":\"it-IT\",\"potentialAction\":[{\"@type\":\"ReadAction\",\"target\":[\"https:\/\/www.medisocial.it\/francesco-melaragni\/2019\/10\/23\/le-patologie-della-mano-e-del-polso\/\"]}]},{\"@type\":\"BreadcrumbList\",\"@id\":\"https:\/\/www.medisocial.it\/francesco-melaragni\/2019\/10\/23\/le-patologie-della-mano-e-del-polso\/#breadcrumb\",\"itemListElement\":[{\"@type\":\"ListItem\",\"position\":1,\"name\":\"Home\",\"item\":\"https:\/\/www.medisocial.it\/francesco-melaragni\/\"},{\"@type\":\"ListItem\",\"position\":2,\"name\":\"Le patologie della Mano e del Polso\"}]},{\"@type\":\"WebSite\",\"@id\":\"https:\/\/www.medisocial.it\/francesco-melaragni\/#website\",\"url\":\"https:\/\/www.medisocial.it\/francesco-melaragni\/\",\"name\":\"Dott. Francesco Melaragni\",\"description\":\"Specialista in Ortopedia e Traumatologia\",\"publisher\":{\"@id\":\"https:\/\/www.medisocial.it\/francesco-melaragni\/#organization\"},\"potentialAction\":[{\"@type\":\"SearchAction\",\"target\":{\"@type\":\"EntryPoint\",\"urlTemplate\":\"https:\/\/www.medisocial.it\/francesco-melaragni\/?s={search_term_string}\"},\"query-input\":\"required name=search_term_string\"}],\"inLanguage\":\"it-IT\"},{\"@type\":\"Organization\",\"@id\":\"https:\/\/www.medisocial.it\/francesco-melaragni\/#organization\",\"name\":\"Dott. Francesco Melaragni\",\"url\":\"https:\/\/www.medisocial.it\/francesco-melaragni\/\",\"logo\":{\"@type\":\"ImageObject\",\"inLanguage\":\"it-IT\",\"@id\":\"https:\/\/www.medisocial.it\/francesco-melaragni\/#\/schema\/logo\/image\/\",\"url\":\"https:\/\/www.medisocial.it\/francesco-melaragni\/wp-content\/uploads\/2019\/09\/logo-2.jpg\",\"contentUrl\":\"https:\/\/www.medisocial.it\/francesco-melaragni\/wp-content\/uploads\/2019\/09\/logo-2.jpg\",\"width\":242,\"height\":76,\"caption\":\"Dott. Francesco Melaragni\"},\"image\":{\"@id\":\"https:\/\/www.medisocial.it\/francesco-melaragni\/#\/schema\/logo\/image\/\"}},{\"@type\":\"Person\",\"@id\":\"https:\/\/www.medisocial.it\/francesco-melaragni\/#\/schema\/person\/142e46c115b01350929544c525191b4d\",\"name\":\"medisocial\",\"image\":{\"@type\":\"ImageObject\",\"inLanguage\":\"it-IT\",\"@id\":\"https:\/\/www.medisocial.it\/francesco-melaragni\/#\/schema\/person\/image\/\",\"url\":\"https:\/\/secure.gravatar.com\/avatar\/efa9393110d3610a15f45429c6613084?s=96&d=mm&r=g\",\"contentUrl\":\"https:\/\/secure.gravatar.com\/avatar\/efa9393110d3610a15f45429c6613084?s=96&d=mm&r=g\",\"caption\":\"medisocial\"}}]}<\/script>\n<!-- \/ Yoast SEO plugin. -->","yoast_head_json":{"title":"Le patologie della Mano e del Polso - Dott. Francesco Melaragni","description":"Le patologie della Mano e del Polso. La mano e il polso sono costituiti da diverse ossa, muscoli e legamenti che consentono un'ampia gamma di movimenti.","robots":{"index":"index","follow":"follow","max-snippet":"max-snippet:-1","max-image-preview":"max-image-preview:large","max-video-preview":"max-video-preview:-1"},"canonical":"https:\/\/www.medisocial.it\/francesco-melaragni\/2019\/10\/23\/le-patologie-della-mano-e-del-polso\/","og_locale":"it_IT","og_type":"article","og_title":"Le patologie della Mano e del Polso - Dott. Francesco Melaragni","og_description":"Le patologie della Mano e del Polso. La mano e il polso sono costituiti da diverse ossa, muscoli e legamenti che consentono un'ampia gamma di movimenti.","og_url":"https:\/\/www.medisocial.it\/francesco-melaragni\/2019\/10\/23\/le-patologie-della-mano-e-del-polso\/","og_site_name":"Dott. Francesco Melaragni","article_published_time":"2019-10-23T16:35:31+00:00","article_modified_time":"2019-11-12T11:12:38+00:00","og_image":[{"width":724,"height":375,"url":"https:\/\/www.medisocial.it\/francesco-melaragni\/wp-content\/uploads\/2019\/10\/le-patologie-della-mano-e-del-polso.jpg","type":"image\/jpeg"}],"author":"medisocial","twitter_card":"summary_large_image","twitter_misc":{"Scritto da":"medisocial","Tempo di lettura stimato":"2 minuti"},"schema":{"@context":"https:\/\/schema.org","@graph":[{"@type":"Article","@id":"https:\/\/www.medisocial.it\/francesco-melaragni\/2019\/10\/23\/le-patologie-della-mano-e-del-polso\/#article","isPartOf":{"@id":"https:\/\/www.medisocial.it\/francesco-melaragni\/2019\/10\/23\/le-patologie-della-mano-e-del-polso\/"},"author":{"name":"medisocial","@id":"https:\/\/www.medisocial.it\/francesco-melaragni\/#\/schema\/person\/142e46c115b01350929544c525191b4d"},"headline":"Le patologie della Mano e del Polso","datePublished":"2019-10-23T16:35:31+00:00","dateModified":"2019-11-12T11:12:38+00:00","mainEntityOfPage":{"@id":"https:\/\/www.medisocial.it\/francesco-melaragni\/2019\/10\/23\/le-patologie-della-mano-e-del-polso\/"},"wordCount":343,"commentCount":0,"publisher":{"@id":"https:\/\/www.medisocial.it\/francesco-melaragni\/#organization"},"keywords":["Dito a scatto","Morbo di De Quervain","Morbo di Dupuytren","Rizoartrosi","Sindrome del Tunnel Carpale","Traumatologia della mano"],"articleSection":["Mano e Polso","Patologie"],"inLanguage":"it-IT","potentialAction":[{"@type":"CommentAction","name":"Comment","target":["https:\/\/www.medisocial.it\/francesco-melaragni\/2019\/10\/23\/le-patologie-della-mano-e-del-polso\/#respond"]}]},{"@type":"WebPage","@id":"https:\/\/www.medisocial.it\/francesco-melaragni\/2019\/10\/23\/le-patologie-della-mano-e-del-polso\/","url":"https:\/\/www.medisocial.it\/francesco-melaragni\/2019\/10\/23\/le-patologie-della-mano-e-del-polso\/","name":"Le patologie della Mano e del Polso - Dott. Francesco Melaragni","isPartOf":{"@id":"https:\/\/www.medisocial.it\/francesco-melaragni\/#website"},"datePublished":"2019-10-23T16:35:31+00:00","dateModified":"2019-11-12T11:12:38+00:00","description":"Le patologie della Mano e del Polso. La mano e il polso sono costituiti da diverse ossa, muscoli e legamenti che consentono un'ampia gamma di movimenti.","breadcrumb":{"@id":"https:\/\/www.medisocial.it\/francesco-melaragni\/2019\/10\/23\/le-patologie-della-mano-e-del-polso\/#breadcrumb"},"inLanguage":"it-IT","potentialAction":[{"@type":"ReadAction","target":["https:\/\/www.medisocial.it\/francesco-melaragni\/2019\/10\/23\/le-patologie-della-mano-e-del-polso\/"]}]},{"@type":"BreadcrumbList","@id":"https:\/\/www.medisocial.it\/francesco-melaragni\/2019\/10\/23\/le-patologie-della-mano-e-del-polso\/#breadcrumb","itemListElement":[{"@type":"ListItem","position":1,"name":"Home","item":"https:\/\/www.medisocial.it\/francesco-melaragni\/"},{"@type":"ListItem","position":2,"name":"Le patologie della Mano e del Polso"}]},{"@type":"WebSite","@id":"https:\/\/www.medisocial.it\/francesco-melaragni\/#website","url":"https:\/\/www.medisocial.it\/francesco-melaragni\/","name":"Dott. Francesco Melaragni","description":"Specialista in Ortopedia e Traumatologia","publisher":{"@id":"https:\/\/www.medisocial.it\/francesco-melaragni\/#organization"},"potentialAction":[{"@type":"SearchAction","target":{"@type":"EntryPoint","urlTemplate":"https:\/\/www.medisocial.it\/francesco-melaragni\/?s={search_term_string}"},"query-input":"required name=search_term_string"}],"inLanguage":"it-IT"},{"@type":"Organization","@id":"https:\/\/www.medisocial.it\/francesco-melaragni\/#organization","name":"Dott. Francesco Melaragni","url":"https:\/\/www.medisocial.it\/francesco-melaragni\/","logo":{"@type":"ImageObject","inLanguage":"it-IT","@id":"https:\/\/www.medisocial.it\/francesco-melaragni\/#\/schema\/logo\/image\/","url":"https:\/\/www.medisocial.it\/francesco-melaragni\/wp-content\/uploads\/2019\/09\/logo-2.jpg","contentUrl":"https:\/\/www.medisocial.it\/francesco-melaragni\/wp-content\/uploads\/2019\/09\/logo-2.jpg","width":242,"height":76,"caption":"Dott. Francesco Melaragni"},"image":{"@id":"https:\/\/www.medisocial.it\/francesco-melaragni\/#\/schema\/logo\/image\/"}},{"@type":"Person","@id":"https:\/\/www.medisocial.it\/francesco-melaragni\/#\/schema\/person\/142e46c115b01350929544c525191b4d","name":"medisocial","image":{"@type":"ImageObject","inLanguage":"it-IT","@id":"https:\/\/www.medisocial.it\/francesco-melaragni\/#\/schema\/person\/image\/","url":"https:\/\/secure.gravatar.com\/avatar\/efa9393110d3610a15f45429c6613084?s=96&d=mm&r=g","contentUrl":"https:\/\/secure.gravatar.com\/avatar\/efa9393110d3610a15f45429c6613084?s=96&d=mm&r=g","caption":"medisocial"}}]}},"_links":{"self":[{"href":"https:\/\/www.medisocial.it\/francesco-melaragni\/wp-json\/wp\/v2\/posts\/247"}],"collection":[{"href":"https:\/\/www.medisocial.it\/francesco-melaragni\/wp-json\/wp\/v2\/posts"}],"about":[{"href":"https:\/\/www.medisocial.it\/francesco-melaragni\/wp-json\/wp\/v2\/types\/post"}],"author":[{"embeddable":true,"href":"https:\/\/www.medisocial.it\/francesco-melaragni\/wp-json\/wp\/v2\/users\/1"}],"replies":[{"embeddable":true,"href":"https:\/\/www.medisocial.it\/francesco-melaragni\/wp-json\/wp\/v2\/comments?post=247"}],"version-history":[{"count":4,"href":"https:\/\/www.medisocial.it\/francesco-melaragni\/wp-json\/wp\/v2\/posts\/247\/revisions"}],"predecessor-version":[{"id":390,"href":"https:\/\/www.medisocial.it\/francesco-melaragni\/wp-json\/wp\/v2\/posts\/247\/revisions\/390"}],"wp:featuredmedia":[{"embeddable":true,"href":"https:\/\/www.medisocial.it\/francesco-melaragni\/wp-json\/wp\/v2\/media\/251"}],"wp:attachment":[{"href":"https:\/\/www.medisocial.it\/francesco-melaragni\/wp-json\/wp\/v2\/media?parent=247"}],"wp:term":[{"taxonomy":"category","embeddable":true,"href":"https:\/\/www.medisocial.it\/francesco-melaragni\/wp-json\/wp\/v2\/categories?post=247"},{"taxonomy":"post_tag","embeddable":true,"href":"https:\/\/www.medisocial.it\/francesco-melaragni\/wp-json\/wp\/v2\/tags?post=247"}],"curies":[{"name":"wp","href":"https:\/\/api.w.org\/{rel}","templated":true}]}}