{"id":240,"date":"2019-10-23T17:52:19","date_gmt":"2019-10-23T15:52:19","guid":{"rendered":"https:\/\/www.medisocial.it\/francesco-melaragni\/?p=240"},"modified":"2019-11-12T11:31:47","modified_gmt":"2019-11-12T10:31:47","slug":"le-patologie-del-piede-e-della-caviglia","status":"publish","type":"post","link":"https:\/\/www.medisocial.it\/francesco-melaragni\/2019\/10\/23\/le-patologie-del-piede-e-della-caviglia\/","title":{"rendered":"Le patologie del Piede e della Caviglia"},"content":{"rendered":"<p>Le patologie del Piede e della Caviglia. Sia il Piede che la Caviglia, sono elementi ossei fondamentali poich\u00e8 su di loro si poggia tutto il peso del nostro corpo.<\/p>\n<p><span class=\"semibold\">Piedi e caviglie possono spesso essere doloranti e affetti da patologie ossee, proprio perch\u00e9 sono sottoposti a sforzi continui.<\/span><\/p>\n<p><span class=\"semibold\">Il dolore pu\u00f2 essere avvertito in varie zone: dalle dita dei piedi, ai talloni, all&#8217;articolazione della caviglia.<\/span><\/p>\n<p>E&#8217; fondamentale rivolgersi subito all&#8217;ortopedico specialista se non si riesce a caricare il peso sul piede, si hanno difficolt\u00e0 a camminare, se si avverte dolore acuto o una sensazione di intorpidimento.<\/p>\n<p>Il Dr. Melaragni tratta le patologie del Piede e della Caviglia quali:<\/p>\n<ul>\n<li>Dita a Martello<\/li>\n<li>Alluce Valgo<\/li>\n<li>Alluce Rigido<\/li>\n<li>Traumatologia del Piede e della Caviglia<\/li>\n<\/ul>\n<h4><em>Esempi di Alluce Valgo e suo trattamento<\/em><\/h4>\n<p>&nbsp;<\/p>\n<p><img decoding=\"async\" loading=\"lazy\" class=\"wp-image-333 alignleft\" src=\"https:\/\/www.medisocial.it\/francesco-melaragni\/wp-content\/uploads\/2019\/10\/Alluce-valgo-e-suo-trattamento-1-300x142.png\" alt=\"\" width=\"401\" height=\"190\" srcset=\"https:\/\/www.medisocial.it\/francesco-melaragni\/wp-content\/uploads\/2019\/10\/Alluce-valgo-e-suo-trattamento-1-300x142.png 300w, https:\/\/www.medisocial.it\/francesco-melaragni\/wp-content\/uploads\/2019\/10\/Alluce-valgo-e-suo-trattamento-1-768x363.png 768w, https:\/\/www.medisocial.it\/francesco-melaragni\/wp-content\/uploads\/2019\/10\/Alluce-valgo-e-suo-trattamento-1.png 1004w\" sizes=\"(max-width: 401px) 100vw, 401px\" \/><\/p>\n<p>L&#8217;<b>alluce valgo<\/b> \u00e8 una deformazione del piede costituita dall&#8217;allontanamento della testa del primo metatarso dalle altre.<\/p>\n<p>L&#8217;alluce valgo colpisce prevalentemente le donne in et\u00e0 adulta.<\/p>\n<p>Le forme che si manifestano in giovane et\u00e0 sono pi\u00f9 spesso quelle congenite. Il sintomo principale \u00e8 il dolore che \u00e8 evidente anche a riposo. In seguito si manifesta tumefazione e arrossamento e si avverte un particolare fastidio<\/p>\n<p>&nbsp;<\/p>\n<p><img decoding=\"async\" loading=\"lazy\" class=\"alignnone size-medium wp-image-335\" src=\"https:\/\/www.medisocial.it\/francesco-melaragni\/wp-content\/uploads\/2019\/10\/Alluce-valgo-e-suo-trattamento-part1-300x245.png\" alt=\"\" width=\"300\" height=\"245\" srcset=\"https:\/\/www.medisocial.it\/francesco-melaragni\/wp-content\/uploads\/2019\/10\/Alluce-valgo-e-suo-trattamento-part1-300x245.png 300w, https:\/\/www.medisocial.it\/francesco-melaragni\/wp-content\/uploads\/2019\/10\/Alluce-valgo-e-suo-trattamento-part1.png 452w\" sizes=\"(max-width: 300px) 100vw, 300px\" \/> <img decoding=\"async\" loading=\"lazy\" class=\"alignnone wp-image-336\" src=\"https:\/\/www.medisocial.it\/francesco-melaragni\/wp-content\/uploads\/2019\/10\/Alluce-valgo-e-suo-trattamento-part-two-300x249.png\" alt=\"\" width=\"295\" height=\"245\" srcset=\"https:\/\/www.medisocial.it\/francesco-melaragni\/wp-content\/uploads\/2019\/10\/Alluce-valgo-e-suo-trattamento-part-two-300x249.png 300w, https:\/\/www.medisocial.it\/francesco-melaragni\/wp-content\/uploads\/2019\/10\/Alluce-valgo-e-suo-trattamento-part-two.png 455w\" sizes=\"(max-width: 295px) 100vw, 295px\" \/><\/p>\n<p>Se pensi di avere una patologia del piede e della caviglia, chiama subito per un consulto ed una visita.<\/p>\n<p><strong>Contatta il Dr. Melaragni attraverso il modulo <a href=\"https:\/\/www.medisocial.it\/francesco-melaragni\/contatti\/\">Contatti<\/a><\/strong><\/p>\n","protected":false},"excerpt":{"rendered":"<p>Le patologie del Piede e della Caviglia. Sia il Piede che la Caviglia, sono elementi ossei fondamentali poich\u00e8 su di loro si poggia tutto il peso del nostro corpo. Piedi e caviglie possono spesso essere doloranti e affetti da patologie ossee, proprio perch\u00e9 sono sottoposti a sforzi continui. Il dolore pu\u00f2 essere avvertito in varie [&hellip;]<\/p>\n","protected":false},"author":1,"featured_media":332,"comment_status":"open","ping_status":"open","sticky":false,"template":"","format":"standard","meta":{"_monsterinsights_skip_tracking":false,"_monsterinsights_sitenote_active":false,"_monsterinsights_sitenote_note":"","_monsterinsights_sitenote_category":0,"footnotes":""},"categories":[6,10],"tags":[33,32,31,34],"yoast_head":"<!-- This site is optimized with the Yoast SEO plugin v22.1 - https:\/\/yoast.com\/wordpress\/plugins\/seo\/ -->\n<title>Le patologie del Piede e della Caviglia - Dott. Francesco Melaragni<\/title>\n<meta name=\"description\" content=\"Le patologie del Piede e della Caviglia. Piede e Caviglia sono elementi ossei fondamentali poich\u00e8 su di loro si poggia tutto il peso del nostro corpo\" \/>\n<meta name=\"robots\" content=\"index, follow, max-snippet:-1, max-image-preview:large, max-video-preview:-1\" \/>\n<link rel=\"canonical\" href=\"https:\/\/www.medisocial.it\/francesco-melaragni\/2019\/10\/23\/le-patologie-del-piede-e-della-caviglia\/\" \/>\n<meta property=\"og:locale\" content=\"it_IT\" \/>\n<meta property=\"og:type\" content=\"article\" \/>\n<meta property=\"og:title\" content=\"Le patologie del Piede e della Caviglia - Dott. Francesco Melaragni\" \/>\n<meta property=\"og:description\" content=\"Le patologie del Piede e della Caviglia. Piede e Caviglia sono elementi ossei fondamentali poich\u00e8 su di loro si poggia tutto il peso del nostro corpo\" \/>\n<meta property=\"og:url\" content=\"https:\/\/www.medisocial.it\/francesco-melaragni\/2019\/10\/23\/le-patologie-del-piede-e-della-caviglia\/\" \/>\n<meta property=\"og:site_name\" content=\"Dott. Francesco Melaragni\" \/>\n<meta property=\"article:published_time\" content=\"2019-10-23T15:52:19+00:00\" \/>\n<meta property=\"article:modified_time\" content=\"2019-11-12T10:31:47+00:00\" \/>\n<meta property=\"og:image\" content=\"https:\/\/www.medisocial.it\/francesco-melaragni\/wp-content\/uploads\/2019\/10\/Alluce-valgo-e-suo-trattamento.png\" \/>\n\t<meta property=\"og:image:width\" content=\"443\" \/>\n\t<meta property=\"og:image:height\" content=\"475\" \/>\n\t<meta property=\"og:image:type\" content=\"image\/png\" \/>\n<meta name=\"author\" content=\"medisocial\" \/>\n<meta name=\"twitter:card\" content=\"summary_large_image\" \/>\n<meta name=\"twitter:label1\" content=\"Scritto da\" \/>\n\t<meta name=\"twitter:data1\" content=\"medisocial\" \/>\n\t<meta name=\"twitter:label2\" content=\"Tempo di lettura stimato\" \/>\n\t<meta name=\"twitter:data2\" content=\"1 minuto\" \/>\n<script type=\"application\/ld+json\" class=\"yoast-schema-graph\">{\"@context\":\"https:\/\/schema.org\",\"@graph\":[{\"@type\":\"Article\",\"@id\":\"https:\/\/www.medisocial.it\/francesco-melaragni\/2019\/10\/23\/le-patologie-del-piede-e-della-caviglia\/#article\",\"isPartOf\":{\"@id\":\"https:\/\/www.medisocial.it\/francesco-melaragni\/2019\/10\/23\/le-patologie-del-piede-e-della-caviglia\/\"},\"author\":{\"name\":\"medisocial\",\"@id\":\"https:\/\/www.medisocial.it\/francesco-melaragni\/#\/schema\/person\/142e46c115b01350929544c525191b4d\"},\"headline\":\"Le patologie del Piede e della Caviglia\",\"datePublished\":\"2019-10-23T15:52:19+00:00\",\"dateModified\":\"2019-11-12T10:31:47+00:00\",\"mainEntityOfPage\":{\"@id\":\"https:\/\/www.medisocial.it\/francesco-melaragni\/2019\/10\/23\/le-patologie-del-piede-e-della-caviglia\/\"},\"wordCount\":229,\"commentCount\":0,\"publisher\":{\"@id\":\"https:\/\/www.medisocial.it\/francesco-melaragni\/#organization\"},\"keywords\":[\"Alluce Rigido\",\"Alluce Valgo\",\"Dita a Martello\",\"Traumatologia del Piede e della Caviglia\"],\"articleSection\":[\"Patologie\",\"Piede e Caviglia\"],\"inLanguage\":\"it-IT\",\"potentialAction\":[{\"@type\":\"CommentAction\",\"name\":\"Comment\",\"target\":[\"https:\/\/www.medisocial.it\/francesco-melaragni\/2019\/10\/23\/le-patologie-del-piede-e-della-caviglia\/#respond\"]}]},{\"@type\":\"WebPage\",\"@id\":\"https:\/\/www.medisocial.it\/francesco-melaragni\/2019\/10\/23\/le-patologie-del-piede-e-della-caviglia\/\",\"url\":\"https:\/\/www.medisocial.it\/francesco-melaragni\/2019\/10\/23\/le-patologie-del-piede-e-della-caviglia\/\",\"name\":\"Le patologie del Piede e della Caviglia - Dott. Francesco Melaragni\",\"isPartOf\":{\"@id\":\"https:\/\/www.medisocial.it\/francesco-melaragni\/#website\"},\"datePublished\":\"2019-10-23T15:52:19+00:00\",\"dateModified\":\"2019-11-12T10:31:47+00:00\",\"description\":\"Le patologie del Piede e della Caviglia. Piede e Caviglia sono elementi ossei fondamentali poich\u00e8 su di loro si poggia tutto il peso del nostro corpo\",\"breadcrumb\":{\"@id\":\"https:\/\/www.medisocial.it\/francesco-melaragni\/2019\/10\/23\/le-patologie-del-piede-e-della-caviglia\/#breadcrumb\"},\"inLanguage\":\"it-IT\",\"potentialAction\":[{\"@type\":\"ReadAction\",\"target\":[\"https:\/\/www.medisocial.it\/francesco-melaragni\/2019\/10\/23\/le-patologie-del-piede-e-della-caviglia\/\"]}]},{\"@type\":\"BreadcrumbList\",\"@id\":\"https:\/\/www.medisocial.it\/francesco-melaragni\/2019\/10\/23\/le-patologie-del-piede-e-della-caviglia\/#breadcrumb\",\"itemListElement\":[{\"@type\":\"ListItem\",\"position\":1,\"name\":\"Home\",\"item\":\"https:\/\/www.medisocial.it\/francesco-melaragni\/\"},{\"@type\":\"ListItem\",\"position\":2,\"name\":\"Le patologie del Piede e della Caviglia\"}]},{\"@type\":\"WebSite\",\"@id\":\"https:\/\/www.medisocial.it\/francesco-melaragni\/#website\",\"url\":\"https:\/\/www.medisocial.it\/francesco-melaragni\/\",\"name\":\"Dott. Francesco Melaragni\",\"description\":\"Specialista in Ortopedia e Traumatologia\",\"publisher\":{\"@id\":\"https:\/\/www.medisocial.it\/francesco-melaragni\/#organization\"},\"potentialAction\":[{\"@type\":\"SearchAction\",\"target\":{\"@type\":\"EntryPoint\",\"urlTemplate\":\"https:\/\/www.medisocial.it\/francesco-melaragni\/?s={search_term_string}\"},\"query-input\":\"required name=search_term_string\"}],\"inLanguage\":\"it-IT\"},{\"@type\":\"Organization\",\"@id\":\"https:\/\/www.medisocial.it\/francesco-melaragni\/#organization\",\"name\":\"Dott. Francesco Melaragni\",\"url\":\"https:\/\/www.medisocial.it\/francesco-melaragni\/\",\"logo\":{\"@type\":\"ImageObject\",\"inLanguage\":\"it-IT\",\"@id\":\"https:\/\/www.medisocial.it\/francesco-melaragni\/#\/schema\/logo\/image\/\",\"url\":\"https:\/\/www.medisocial.it\/francesco-melaragni\/wp-content\/uploads\/2019\/09\/logo-2.jpg\",\"contentUrl\":\"https:\/\/www.medisocial.it\/francesco-melaragni\/wp-content\/uploads\/2019\/09\/logo-2.jpg\",\"width\":242,\"height\":76,\"caption\":\"Dott. Francesco Melaragni\"},\"image\":{\"@id\":\"https:\/\/www.medisocial.it\/francesco-melaragni\/#\/schema\/logo\/image\/\"}},{\"@type\":\"Person\",\"@id\":\"https:\/\/www.medisocial.it\/francesco-melaragni\/#\/schema\/person\/142e46c115b01350929544c525191b4d\",\"name\":\"medisocial\",\"image\":{\"@type\":\"ImageObject\",\"inLanguage\":\"it-IT\",\"@id\":\"https:\/\/www.medisocial.it\/francesco-melaragni\/#\/schema\/person\/image\/\",\"url\":\"https:\/\/secure.gravatar.com\/avatar\/efa9393110d3610a15f45429c6613084?s=96&d=mm&r=g\",\"contentUrl\":\"https:\/\/secure.gravatar.com\/avatar\/efa9393110d3610a15f45429c6613084?s=96&d=mm&r=g\",\"caption\":\"medisocial\"}}]}<\/script>\n<!-- \/ Yoast SEO plugin. -->","yoast_head_json":{"title":"Le patologie del Piede e della Caviglia - Dott. Francesco Melaragni","description":"Le patologie del Piede e della Caviglia. Piede e Caviglia sono elementi ossei fondamentali poich\u00e8 su di loro si poggia tutto il peso del nostro corpo","robots":{"index":"index","follow":"follow","max-snippet":"max-snippet:-1","max-image-preview":"max-image-preview:large","max-video-preview":"max-video-preview:-1"},"canonical":"https:\/\/www.medisocial.it\/francesco-melaragni\/2019\/10\/23\/le-patologie-del-piede-e-della-caviglia\/","og_locale":"it_IT","og_type":"article","og_title":"Le patologie del Piede e della Caviglia - Dott. Francesco Melaragni","og_description":"Le patologie del Piede e della Caviglia. Piede e Caviglia sono elementi ossei fondamentali poich\u00e8 su di loro si poggia tutto il peso del nostro corpo","og_url":"https:\/\/www.medisocial.it\/francesco-melaragni\/2019\/10\/23\/le-patologie-del-piede-e-della-caviglia\/","og_site_name":"Dott. Francesco Melaragni","article_published_time":"2019-10-23T15:52:19+00:00","article_modified_time":"2019-11-12T10:31:47+00:00","og_image":[{"width":443,"height":475,"url":"https:\/\/www.medisocial.it\/francesco-melaragni\/wp-content\/uploads\/2019\/10\/Alluce-valgo-e-suo-trattamento.png","type":"image\/png"}],"author":"medisocial","twitter_card":"summary_large_image","twitter_misc":{"Scritto da":"medisocial","Tempo di lettura stimato":"1 minuto"},"schema":{"@context":"https:\/\/schema.org","@graph":[{"@type":"Article","@id":"https:\/\/www.medisocial.it\/francesco-melaragni\/2019\/10\/23\/le-patologie-del-piede-e-della-caviglia\/#article","isPartOf":{"@id":"https:\/\/www.medisocial.it\/francesco-melaragni\/2019\/10\/23\/le-patologie-del-piede-e-della-caviglia\/"},"author":{"name":"medisocial","@id":"https:\/\/www.medisocial.it\/francesco-melaragni\/#\/schema\/person\/142e46c115b01350929544c525191b4d"},"headline":"Le patologie del Piede e della Caviglia","datePublished":"2019-10-23T15:52:19+00:00","dateModified":"2019-11-12T10:31:47+00:00","mainEntityOfPage":{"@id":"https:\/\/www.medisocial.it\/francesco-melaragni\/2019\/10\/23\/le-patologie-del-piede-e-della-caviglia\/"},"wordCount":229,"commentCount":0,"publisher":{"@id":"https:\/\/www.medisocial.it\/francesco-melaragni\/#organization"},"keywords":["Alluce Rigido","Alluce Valgo","Dita a Martello","Traumatologia del Piede e della Caviglia"],"articleSection":["Patologie","Piede e Caviglia"],"inLanguage":"it-IT","potentialAction":[{"@type":"CommentAction","name":"Comment","target":["https:\/\/www.medisocial.it\/francesco-melaragni\/2019\/10\/23\/le-patologie-del-piede-e-della-caviglia\/#respond"]}]},{"@type":"WebPage","@id":"https:\/\/www.medisocial.it\/francesco-melaragni\/2019\/10\/23\/le-patologie-del-piede-e-della-caviglia\/","url":"https:\/\/www.medisocial.it\/francesco-melaragni\/2019\/10\/23\/le-patologie-del-piede-e-della-caviglia\/","name":"Le patologie del Piede e della Caviglia - Dott. Francesco Melaragni","isPartOf":{"@id":"https:\/\/www.medisocial.it\/francesco-melaragni\/#website"},"datePublished":"2019-10-23T15:52:19+00:00","dateModified":"2019-11-12T10:31:47+00:00","description":"Le patologie del Piede e della Caviglia. Piede e Caviglia sono elementi ossei fondamentali poich\u00e8 su di loro si poggia tutto il peso del nostro corpo","breadcrumb":{"@id":"https:\/\/www.medisocial.it\/francesco-melaragni\/2019\/10\/23\/le-patologie-del-piede-e-della-caviglia\/#breadcrumb"},"inLanguage":"it-IT","potentialAction":[{"@type":"ReadAction","target":["https:\/\/www.medisocial.it\/francesco-melaragni\/2019\/10\/23\/le-patologie-del-piede-e-della-caviglia\/"]}]},{"@type":"BreadcrumbList","@id":"https:\/\/www.medisocial.it\/francesco-melaragni\/2019\/10\/23\/le-patologie-del-piede-e-della-caviglia\/#breadcrumb","itemListElement":[{"@type":"ListItem","position":1,"name":"Home","item":"https:\/\/www.medisocial.it\/francesco-melaragni\/"},{"@type":"ListItem","position":2,"name":"Le patologie del Piede e della Caviglia"}]},{"@type":"WebSite","@id":"https:\/\/www.medisocial.it\/francesco-melaragni\/#website","url":"https:\/\/www.medisocial.it\/francesco-melaragni\/","name":"Dott. Francesco Melaragni","description":"Specialista in Ortopedia e Traumatologia","publisher":{"@id":"https:\/\/www.medisocial.it\/francesco-melaragni\/#organization"},"potentialAction":[{"@type":"SearchAction","target":{"@type":"EntryPoint","urlTemplate":"https:\/\/www.medisocial.it\/francesco-melaragni\/?s={search_term_string}"},"query-input":"required name=search_term_string"}],"inLanguage":"it-IT"},{"@type":"Organization","@id":"https:\/\/www.medisocial.it\/francesco-melaragni\/#organization","name":"Dott. Francesco Melaragni","url":"https:\/\/www.medisocial.it\/francesco-melaragni\/","logo":{"@type":"ImageObject","inLanguage":"it-IT","@id":"https:\/\/www.medisocial.it\/francesco-melaragni\/#\/schema\/logo\/image\/","url":"https:\/\/www.medisocial.it\/francesco-melaragni\/wp-content\/uploads\/2019\/09\/logo-2.jpg","contentUrl":"https:\/\/www.medisocial.it\/francesco-melaragni\/wp-content\/uploads\/2019\/09\/logo-2.jpg","width":242,"height":76,"caption":"Dott. Francesco Melaragni"},"image":{"@id":"https:\/\/www.medisocial.it\/francesco-melaragni\/#\/schema\/logo\/image\/"}},{"@type":"Person","@id":"https:\/\/www.medisocial.it\/francesco-melaragni\/#\/schema\/person\/142e46c115b01350929544c525191b4d","name":"medisocial","image":{"@type":"ImageObject","inLanguage":"it-IT","@id":"https:\/\/www.medisocial.it\/francesco-melaragni\/#\/schema\/person\/image\/","url":"https:\/\/secure.gravatar.com\/avatar\/efa9393110d3610a15f45429c6613084?s=96&d=mm&r=g","contentUrl":"https:\/\/secure.gravatar.com\/avatar\/efa9393110d3610a15f45429c6613084?s=96&d=mm&r=g","caption":"medisocial"}}]}},"_links":{"self":[{"href":"https:\/\/www.medisocial.it\/francesco-melaragni\/wp-json\/wp\/v2\/posts\/240"}],"collection":[{"href":"https:\/\/www.medisocial.it\/francesco-melaragni\/wp-json\/wp\/v2\/posts"}],"about":[{"href":"https:\/\/www.medisocial.it\/francesco-melaragni\/wp-json\/wp\/v2\/types\/post"}],"author":[{"embeddable":true,"href":"https:\/\/www.medisocial.it\/francesco-melaragni\/wp-json\/wp\/v2\/users\/1"}],"replies":[{"embeddable":true,"href":"https:\/\/www.medisocial.it\/francesco-melaragni\/wp-json\/wp\/v2\/comments?post=240"}],"version-history":[{"count":11,"href":"https:\/\/www.medisocial.it\/francesco-melaragni\/wp-json\/wp\/v2\/posts\/240\/revisions"}],"predecessor-version":[{"id":383,"href":"https:\/\/www.medisocial.it\/francesco-melaragni\/wp-json\/wp\/v2\/posts\/240\/revisions\/383"}],"wp:featuredmedia":[{"embeddable":true,"href":"https:\/\/www.medisocial.it\/francesco-melaragni\/wp-json\/wp\/v2\/media\/332"}],"wp:attachment":[{"href":"https:\/\/www.medisocial.it\/francesco-melaragni\/wp-json\/wp\/v2\/media?parent=240"}],"wp:term":[{"taxonomy":"category","embeddable":true,"href":"https:\/\/www.medisocial.it\/francesco-melaragni\/wp-json\/wp\/v2\/categories?post=240"},{"taxonomy":"post_tag","embeddable":true,"href":"https:\/\/www.medisocial.it\/francesco-melaragni\/wp-json\/wp\/v2\/tags?post=240"}],"curies":[{"name":"wp","href":"https:\/\/api.w.org\/{rel}","templated":true}]}}