{"id":224,"date":"2019-10-23T16:54:58","date_gmt":"2019-10-23T14:54:58","guid":{"rendered":"https:\/\/www.medisocial.it\/francesco-melaragni\/?p=224"},"modified":"2019-11-12T11:33:07","modified_gmt":"2019-11-12T10:33:07","slug":"le-patologie-del-gomito","status":"publish","type":"post","link":"https:\/\/www.medisocial.it\/francesco-melaragni\/2019\/10\/23\/le-patologie-del-gomito\/","title":{"rendered":"Le patologie del Gomito"},"content":{"rendered":"<p>Patologie del Gomito. Il Gomito \u00e8 usato praticamente per tutte le attivit\u00e0 che coinvolgono le mani.<\/p>\n<p>Il gomito \u00e8 la seconda articolazione pi\u00f9 frequentemente slogata nel corpo dopo le spalle e pu\u00f2 anche essere soggetta a lesioni eccessive.<\/p>\n<p><span class=\"notranslate\">L&#8217;articolazione del gomito \u00e8 formata da tre ossa: l&#8217;omero (parte superiore del braccio), il raggio e l&#8217;ulna.<\/span><\/p>\n<p><span class=\"tlid-translation translation\" lang=\"it\"><span class=\"\" title=\"\">Il gomito consente la flessione e l&#8217;estensione dell&#8217;avambraccio rispetto alla parte superiore del braccio, nonch\u00e9 la rotazione dell&#8217;avambraccio e del polso.<\/span><\/span><\/p>\n<p><span class=\"tlid-translation translation\" lang=\"it\"><span class=\"\" title=\"\">Il raggio e l&#8217;ulna si incontrano nel gomito per consentire una piccola quantit\u00e0 di rotazione dell&#8217;avambraccio.<\/span> <\/span><\/p>\n<p><span class=\"tlid-translation translation\" lang=\"it\"><span class=\"\" title=\"\">Pertanto il gomito funziona per muovere il braccio come una cerniera (avanti e indietro) e in rotazione (verso l&#8217;esterno e verso l&#8217;interno).<\/span><\/span><\/p>\n<p><span class=\"notranslate\">I <b>tendini<\/b> trasmettono il potere dei muscoli all&#8217;osso.<\/span> <span class=\"notranslate\"> Sono costituiti da tessuto connettivo rigido ed elastico.<\/span><\/p>\n<p>il Dr. Melaragni tratta le seguenti patologie del Gomito:<\/p>\n<ul>\n<li>Epicondilite o Gomito del Tennista<\/li>\n<li>Epitrocleite o Gomito del Golfista<\/li>\n<li>Neuropatie periferiche<\/li>\n<li>Traumatologia del Gomito<\/li>\n<\/ul>\n<p>Chiama il Dr. Melaragni per una consulenza o contattaci\u00a0 tramite il modulo <a href=\"https:\/\/www.medisocial.it\/francesco-melaragni\/contatti\/\">Contatti<\/a><\/p>\n","protected":false},"excerpt":{"rendered":"<p>Patologie del Gomito. Il Gomito \u00e8 usato praticamente per tutte le attivit\u00e0 che coinvolgono le mani. Il gomito \u00e8 la seconda articolazione pi\u00f9 frequentemente slogata nel corpo dopo le spalle e pu\u00f2 anche essere soggetta a lesioni eccessive. L&#8217;articolazione del gomito \u00e8 formata da tre ossa: l&#8217;omero (parte superiore del braccio), il raggio e l&#8217;ulna. [&hellip;]<\/p>\n","protected":false},"author":1,"featured_media":229,"comment_status":"open","ping_status":"open","sticky":false,"template":"","format":"standard","meta":{"_monsterinsights_skip_tracking":false,"_monsterinsights_sitenote_active":false,"_monsterinsights_sitenote_note":"","_monsterinsights_sitenote_category":0,"footnotes":""},"categories":[6,9],"tags":[45,42,44,43,29,30],"yoast_head":"<!-- This site is optimized with the Yoast SEO plugin v22.1 - https:\/\/yoast.com\/wordpress\/plugins\/seo\/ -->\n<title>Le patologie del Gomito - Dott. Francesco Melaragni<\/title>\n<meta name=\"description\" content=\"Patologie del Gomito. Il Gomito \u00e8 usato per tutte le attivit\u00e0 che coinvolgono le mani. E&#039; la seconda articolazione pi\u00f9 frequentemente slogata nel corpo\" \/>\n<meta name=\"robots\" content=\"index, follow, max-snippet:-1, max-image-preview:large, max-video-preview:-1\" \/>\n<link rel=\"canonical\" href=\"https:\/\/www.medisocial.it\/francesco-melaragni\/2019\/10\/23\/le-patologie-del-gomito\/\" \/>\n<meta property=\"og:locale\" content=\"it_IT\" \/>\n<meta property=\"og:type\" content=\"article\" \/>\n<meta property=\"og:title\" content=\"Le patologie del Gomito - Dott. Francesco Melaragni\" \/>\n<meta property=\"og:description\" content=\"Patologie del Gomito. Il Gomito \u00e8 usato per tutte le attivit\u00e0 che coinvolgono le mani. E&#039; la seconda articolazione pi\u00f9 frequentemente slogata nel corpo\" \/>\n<meta property=\"og:url\" content=\"https:\/\/www.medisocial.it\/francesco-melaragni\/2019\/10\/23\/le-patologie-del-gomito\/\" \/>\n<meta property=\"og:site_name\" content=\"Dott. Francesco Melaragni\" \/>\n<meta property=\"article:published_time\" content=\"2019-10-23T14:54:58+00:00\" \/>\n<meta property=\"article:modified_time\" content=\"2019-11-12T10:33:07+00:00\" \/>\n<meta property=\"og:image\" content=\"https:\/\/www.medisocial.it\/francesco-melaragni\/wp-content\/uploads\/2019\/10\/gomito.jpg\" \/>\n\t<meta property=\"og:image:width\" content=\"347\" \/>\n\t<meta property=\"og:image:height\" content=\"233\" \/>\n\t<meta property=\"og:image:type\" content=\"image\/jpeg\" \/>\n<meta name=\"author\" content=\"medisocial\" \/>\n<meta name=\"twitter:card\" content=\"summary_large_image\" \/>\n<meta name=\"twitter:label1\" content=\"Scritto da\" \/>\n\t<meta name=\"twitter:data1\" content=\"medisocial\" \/>\n\t<meta name=\"twitter:label2\" content=\"Tempo di lettura stimato\" \/>\n\t<meta name=\"twitter:data2\" content=\"1 minuto\" \/>\n<script type=\"application\/ld+json\" class=\"yoast-schema-graph\">{\"@context\":\"https:\/\/schema.org\",\"@graph\":[{\"@type\":\"Article\",\"@id\":\"https:\/\/www.medisocial.it\/francesco-melaragni\/2019\/10\/23\/le-patologie-del-gomito\/#article\",\"isPartOf\":{\"@id\":\"https:\/\/www.medisocial.it\/francesco-melaragni\/2019\/10\/23\/le-patologie-del-gomito\/\"},\"author\":{\"name\":\"medisocial\",\"@id\":\"https:\/\/www.medisocial.it\/francesco-melaragni\/#\/schema\/person\/142e46c115b01350929544c525191b4d\"},\"headline\":\"Le patologie del Gomito\",\"datePublished\":\"2019-10-23T14:54:58+00:00\",\"dateModified\":\"2019-11-12T10:33:07+00:00\",\"mainEntityOfPage\":{\"@id\":\"https:\/\/www.medisocial.it\/francesco-melaragni\/2019\/10\/23\/le-patologie-del-gomito\/\"},\"wordCount\":179,\"commentCount\":0,\"publisher\":{\"@id\":\"https:\/\/www.medisocial.it\/francesco-melaragni\/#organization\"},\"keywords\":[\"Epicondilite\",\"Epitrocleite\",\"Gomito del Golfista\",\"Gomito del Tennista\",\"Neuropatie periferiche\",\"Traumatologia del Gomito\"],\"articleSection\":[\"Patologie\",\"Spalla e Gomito\"],\"inLanguage\":\"it-IT\",\"potentialAction\":[{\"@type\":\"CommentAction\",\"name\":\"Comment\",\"target\":[\"https:\/\/www.medisocial.it\/francesco-melaragni\/2019\/10\/23\/le-patologie-del-gomito\/#respond\"]}]},{\"@type\":\"WebPage\",\"@id\":\"https:\/\/www.medisocial.it\/francesco-melaragni\/2019\/10\/23\/le-patologie-del-gomito\/\",\"url\":\"https:\/\/www.medisocial.it\/francesco-melaragni\/2019\/10\/23\/le-patologie-del-gomito\/\",\"name\":\"Le patologie del Gomito - Dott. Francesco Melaragni\",\"isPartOf\":{\"@id\":\"https:\/\/www.medisocial.it\/francesco-melaragni\/#website\"},\"datePublished\":\"2019-10-23T14:54:58+00:00\",\"dateModified\":\"2019-11-12T10:33:07+00:00\",\"description\":\"Patologie del Gomito. Il Gomito \u00e8 usato per tutte le attivit\u00e0 che coinvolgono le mani. E' la seconda articolazione pi\u00f9 frequentemente slogata nel corpo\",\"breadcrumb\":{\"@id\":\"https:\/\/www.medisocial.it\/francesco-melaragni\/2019\/10\/23\/le-patologie-del-gomito\/#breadcrumb\"},\"inLanguage\":\"it-IT\",\"potentialAction\":[{\"@type\":\"ReadAction\",\"target\":[\"https:\/\/www.medisocial.it\/francesco-melaragni\/2019\/10\/23\/le-patologie-del-gomito\/\"]}]},{\"@type\":\"BreadcrumbList\",\"@id\":\"https:\/\/www.medisocial.it\/francesco-melaragni\/2019\/10\/23\/le-patologie-del-gomito\/#breadcrumb\",\"itemListElement\":[{\"@type\":\"ListItem\",\"position\":1,\"name\":\"Home\",\"item\":\"https:\/\/www.medisocial.it\/francesco-melaragni\/\"},{\"@type\":\"ListItem\",\"position\":2,\"name\":\"Le patologie del Gomito\"}]},{\"@type\":\"WebSite\",\"@id\":\"https:\/\/www.medisocial.it\/francesco-melaragni\/#website\",\"url\":\"https:\/\/www.medisocial.it\/francesco-melaragni\/\",\"name\":\"Dott. Francesco Melaragni\",\"description\":\"Specialista in Ortopedia e Traumatologia\",\"publisher\":{\"@id\":\"https:\/\/www.medisocial.it\/francesco-melaragni\/#organization\"},\"potentialAction\":[{\"@type\":\"SearchAction\",\"target\":{\"@type\":\"EntryPoint\",\"urlTemplate\":\"https:\/\/www.medisocial.it\/francesco-melaragni\/?s={search_term_string}\"},\"query-input\":\"required name=search_term_string\"}],\"inLanguage\":\"it-IT\"},{\"@type\":\"Organization\",\"@id\":\"https:\/\/www.medisocial.it\/francesco-melaragni\/#organization\",\"name\":\"Dott. Francesco Melaragni\",\"url\":\"https:\/\/www.medisocial.it\/francesco-melaragni\/\",\"logo\":{\"@type\":\"ImageObject\",\"inLanguage\":\"it-IT\",\"@id\":\"https:\/\/www.medisocial.it\/francesco-melaragni\/#\/schema\/logo\/image\/\",\"url\":\"https:\/\/www.medisocial.it\/francesco-melaragni\/wp-content\/uploads\/2019\/09\/logo-2.jpg\",\"contentUrl\":\"https:\/\/www.medisocial.it\/francesco-melaragni\/wp-content\/uploads\/2019\/09\/logo-2.jpg\",\"width\":242,\"height\":76,\"caption\":\"Dott. Francesco Melaragni\"},\"image\":{\"@id\":\"https:\/\/www.medisocial.it\/francesco-melaragni\/#\/schema\/logo\/image\/\"}},{\"@type\":\"Person\",\"@id\":\"https:\/\/www.medisocial.it\/francesco-melaragni\/#\/schema\/person\/142e46c115b01350929544c525191b4d\",\"name\":\"medisocial\",\"image\":{\"@type\":\"ImageObject\",\"inLanguage\":\"it-IT\",\"@id\":\"https:\/\/www.medisocial.it\/francesco-melaragni\/#\/schema\/person\/image\/\",\"url\":\"https:\/\/secure.gravatar.com\/avatar\/efa9393110d3610a15f45429c6613084?s=96&d=mm&r=g\",\"contentUrl\":\"https:\/\/secure.gravatar.com\/avatar\/efa9393110d3610a15f45429c6613084?s=96&d=mm&r=g\",\"caption\":\"medisocial\"}}]}<\/script>\n<!-- \/ Yoast SEO plugin. -->","yoast_head_json":{"title":"Le patologie del Gomito - Dott. Francesco Melaragni","description":"Patologie del Gomito. Il Gomito \u00e8 usato per tutte le attivit\u00e0 che coinvolgono le mani. E' la seconda articolazione pi\u00f9 frequentemente slogata nel corpo","robots":{"index":"index","follow":"follow","max-snippet":"max-snippet:-1","max-image-preview":"max-image-preview:large","max-video-preview":"max-video-preview:-1"},"canonical":"https:\/\/www.medisocial.it\/francesco-melaragni\/2019\/10\/23\/le-patologie-del-gomito\/","og_locale":"it_IT","og_type":"article","og_title":"Le patologie del Gomito - Dott. Francesco Melaragni","og_description":"Patologie del Gomito. Il Gomito \u00e8 usato per tutte le attivit\u00e0 che coinvolgono le mani. E' la seconda articolazione pi\u00f9 frequentemente slogata nel corpo","og_url":"https:\/\/www.medisocial.it\/francesco-melaragni\/2019\/10\/23\/le-patologie-del-gomito\/","og_site_name":"Dott. Francesco Melaragni","article_published_time":"2019-10-23T14:54:58+00:00","article_modified_time":"2019-11-12T10:33:07+00:00","og_image":[{"width":347,"height":233,"url":"https:\/\/www.medisocial.it\/francesco-melaragni\/wp-content\/uploads\/2019\/10\/gomito.jpg","type":"image\/jpeg"}],"author":"medisocial","twitter_card":"summary_large_image","twitter_misc":{"Scritto da":"medisocial","Tempo di lettura stimato":"1 minuto"},"schema":{"@context":"https:\/\/schema.org","@graph":[{"@type":"Article","@id":"https:\/\/www.medisocial.it\/francesco-melaragni\/2019\/10\/23\/le-patologie-del-gomito\/#article","isPartOf":{"@id":"https:\/\/www.medisocial.it\/francesco-melaragni\/2019\/10\/23\/le-patologie-del-gomito\/"},"author":{"name":"medisocial","@id":"https:\/\/www.medisocial.it\/francesco-melaragni\/#\/schema\/person\/142e46c115b01350929544c525191b4d"},"headline":"Le patologie del Gomito","datePublished":"2019-10-23T14:54:58+00:00","dateModified":"2019-11-12T10:33:07+00:00","mainEntityOfPage":{"@id":"https:\/\/www.medisocial.it\/francesco-melaragni\/2019\/10\/23\/le-patologie-del-gomito\/"},"wordCount":179,"commentCount":0,"publisher":{"@id":"https:\/\/www.medisocial.it\/francesco-melaragni\/#organization"},"keywords":["Epicondilite","Epitrocleite","Gomito del Golfista","Gomito del Tennista","Neuropatie periferiche","Traumatologia del Gomito"],"articleSection":["Patologie","Spalla e Gomito"],"inLanguage":"it-IT","potentialAction":[{"@type":"CommentAction","name":"Comment","target":["https:\/\/www.medisocial.it\/francesco-melaragni\/2019\/10\/23\/le-patologie-del-gomito\/#respond"]}]},{"@type":"WebPage","@id":"https:\/\/www.medisocial.it\/francesco-melaragni\/2019\/10\/23\/le-patologie-del-gomito\/","url":"https:\/\/www.medisocial.it\/francesco-melaragni\/2019\/10\/23\/le-patologie-del-gomito\/","name":"Le patologie del Gomito - Dott. Francesco Melaragni","isPartOf":{"@id":"https:\/\/www.medisocial.it\/francesco-melaragni\/#website"},"datePublished":"2019-10-23T14:54:58+00:00","dateModified":"2019-11-12T10:33:07+00:00","description":"Patologie del Gomito. Il Gomito \u00e8 usato per tutte le attivit\u00e0 che coinvolgono le mani. E' la seconda articolazione pi\u00f9 frequentemente slogata nel corpo","breadcrumb":{"@id":"https:\/\/www.medisocial.it\/francesco-melaragni\/2019\/10\/23\/le-patologie-del-gomito\/#breadcrumb"},"inLanguage":"it-IT","potentialAction":[{"@type":"ReadAction","target":["https:\/\/www.medisocial.it\/francesco-melaragni\/2019\/10\/23\/le-patologie-del-gomito\/"]}]},{"@type":"BreadcrumbList","@id":"https:\/\/www.medisocial.it\/francesco-melaragni\/2019\/10\/23\/le-patologie-del-gomito\/#breadcrumb","itemListElement":[{"@type":"ListItem","position":1,"name":"Home","item":"https:\/\/www.medisocial.it\/francesco-melaragni\/"},{"@type":"ListItem","position":2,"name":"Le patologie del Gomito"}]},{"@type":"WebSite","@id":"https:\/\/www.medisocial.it\/francesco-melaragni\/#website","url":"https:\/\/www.medisocial.it\/francesco-melaragni\/","name":"Dott. Francesco Melaragni","description":"Specialista in Ortopedia e Traumatologia","publisher":{"@id":"https:\/\/www.medisocial.it\/francesco-melaragni\/#organization"},"potentialAction":[{"@type":"SearchAction","target":{"@type":"EntryPoint","urlTemplate":"https:\/\/www.medisocial.it\/francesco-melaragni\/?s={search_term_string}"},"query-input":"required name=search_term_string"}],"inLanguage":"it-IT"},{"@type":"Organization","@id":"https:\/\/www.medisocial.it\/francesco-melaragni\/#organization","name":"Dott. Francesco Melaragni","url":"https:\/\/www.medisocial.it\/francesco-melaragni\/","logo":{"@type":"ImageObject","inLanguage":"it-IT","@id":"https:\/\/www.medisocial.it\/francesco-melaragni\/#\/schema\/logo\/image\/","url":"https:\/\/www.medisocial.it\/francesco-melaragni\/wp-content\/uploads\/2019\/09\/logo-2.jpg","contentUrl":"https:\/\/www.medisocial.it\/francesco-melaragni\/wp-content\/uploads\/2019\/09\/logo-2.jpg","width":242,"height":76,"caption":"Dott. Francesco Melaragni"},"image":{"@id":"https:\/\/www.medisocial.it\/francesco-melaragni\/#\/schema\/logo\/image\/"}},{"@type":"Person","@id":"https:\/\/www.medisocial.it\/francesco-melaragni\/#\/schema\/person\/142e46c115b01350929544c525191b4d","name":"medisocial","image":{"@type":"ImageObject","inLanguage":"it-IT","@id":"https:\/\/www.medisocial.it\/francesco-melaragni\/#\/schema\/person\/image\/","url":"https:\/\/secure.gravatar.com\/avatar\/efa9393110d3610a15f45429c6613084?s=96&d=mm&r=g","contentUrl":"https:\/\/secure.gravatar.com\/avatar\/efa9393110d3610a15f45429c6613084?s=96&d=mm&r=g","caption":"medisocial"}}]}},"_links":{"self":[{"href":"https:\/\/www.medisocial.it\/francesco-melaragni\/wp-json\/wp\/v2\/posts\/224"}],"collection":[{"href":"https:\/\/www.medisocial.it\/francesco-melaragni\/wp-json\/wp\/v2\/posts"}],"about":[{"href":"https:\/\/www.medisocial.it\/francesco-melaragni\/wp-json\/wp\/v2\/types\/post"}],"author":[{"embeddable":true,"href":"https:\/\/www.medisocial.it\/francesco-melaragni\/wp-json\/wp\/v2\/users\/1"}],"replies":[{"embeddable":true,"href":"https:\/\/www.medisocial.it\/francesco-melaragni\/wp-json\/wp\/v2\/comments?post=224"}],"version-history":[{"count":6,"href":"https:\/\/www.medisocial.it\/francesco-melaragni\/wp-json\/wp\/v2\/posts\/224\/revisions"}],"predecessor-version":[{"id":384,"href":"https:\/\/www.medisocial.it\/francesco-melaragni\/wp-json\/wp\/v2\/posts\/224\/revisions\/384"}],"wp:featuredmedia":[{"embeddable":true,"href":"https:\/\/www.medisocial.it\/francesco-melaragni\/wp-json\/wp\/v2\/media\/229"}],"wp:attachment":[{"href":"https:\/\/www.medisocial.it\/francesco-melaragni\/wp-json\/wp\/v2\/media?parent=224"}],"wp:term":[{"taxonomy":"category","embeddable":true,"href":"https:\/\/www.medisocial.it\/francesco-melaragni\/wp-json\/wp\/v2\/categories?post=224"},{"taxonomy":"post_tag","embeddable":true,"href":"https:\/\/www.medisocial.it\/francesco-melaragni\/wp-json\/wp\/v2\/tags?post=224"}],"curies":[{"name":"wp","href":"https:\/\/api.w.org\/{rel}","templated":true}]}}