{"id":217,"date":"2019-10-23T16:20:21","date_gmt":"2019-10-23T14:20:21","guid":{"rendered":"https:\/\/www.medisocial.it\/francesco-melaragni\/?p=217"},"modified":"2019-11-04T09:27:51","modified_gmt":"2019-11-04T08:27:51","slug":"le-patologie-dellanca","status":"publish","type":"post","link":"https:\/\/www.medisocial.it\/francesco-melaragni\/2019\/10\/23\/le-patologie-dellanca\/","title":{"rendered":"Le patologie dell&#8217;Anca"},"content":{"rendered":"<p><strong>Le patologie dell&#8217;Anca<\/strong>. L\u2019articolazione dell\u2019anca \u00e8 la seconda articolazione del corpo umano per dimensioni, dopo l\u2019articolazione del ginocchio. Essa \u00e8 per\u00f2 abbastanza sconosciuta poich\u00e8 la sua posizione nella profondit\u00e0 della regione inguinale non ci permette di toccarla.<\/p>\n<p>L&#8217;<strong>anca<\/strong> si fa carico del <strong>peso<\/strong> del <strong>corpo<\/strong> e allo stesso tempo contribuisce alla sua <strong>agilit\u00e0<\/strong>.<\/p>\n<p>Grazie a questa articolazione \u00e8 possibile camminare, correre, saltare e compiere tutte le <strong>attivit\u00e0<\/strong> permesse dal <strong>movimento<\/strong> delle <strong>gambe<\/strong>.<\/p>\n<p>La testa del femore pu\u00f2 compiere un movimento di 360 gradi all&#8217;interno dell&#8217;acetabolo e ruotare di circa 90 gradi attorno al suo asse.<\/p>\n<p>Questa <strong>flessibilit\u00e0<\/strong> \u00e8 unita alla capacit\u00e0 di sopportare le forze che agiscono sul corpo.<\/p>\n<p>Il Dr. Melaragni tratta le seguenti patologie dell&#8217;anca:<\/p>\n<ul>\n<li>Coxartrosi o artrosi dell&#8217;anca (trattamento Protesi d&#8217;Anca)<\/li>\n<li>Frattura di Femore<\/li>\n<li>Traumatologia dell&#8217;Arto Inferiore<\/li>\n<\/ul>\n<h4><em>Coxartrosi<\/em><\/h4>\n<p><img decoding=\"async\" loading=\"lazy\" class=\"size-medium wp-image-321 alignleft\" src=\"https:\/\/www.medisocial.it\/francesco-melaragni\/wp-content\/uploads\/2019\/10\/Coxartrosi-300x142.jpeg\" alt=\"patologie dell'anca\" width=\"300\" height=\"142\" srcset=\"https:\/\/www.medisocial.it\/francesco-melaragni\/wp-content\/uploads\/2019\/10\/Coxartrosi-300x142.jpeg 300w, https:\/\/www.medisocial.it\/francesco-melaragni\/wp-content\/uploads\/2019\/10\/Coxartrosi-768x363.jpeg 768w, https:\/\/www.medisocial.it\/francesco-melaragni\/wp-content\/uploads\/2019\/10\/Coxartrosi-1024x484.jpeg 1024w, https:\/\/www.medisocial.it\/francesco-melaragni\/wp-content\/uploads\/2019\/10\/Coxartrosi.jpeg 1600w\" sizes=\"(max-width: 300px) 100vw, 300px\" \/> La <strong>coxartrosi<\/strong>, o <strong>artrosi dell&#8217;anca<\/strong>, \u00e8 un&#8217;infiammazione di tipo cronico, caratterizzata dalla degenerazione progressiva della cartilagine articolare che\u00a0 costituisce l&#8217;articolazione dell&#8217;anca.<br \/>\nLa sintomatologia connessa alla coxartrosi comprende tre stadi di gravit\u00e0: dal primo al terzo stadio, le manifestazioni cliniche si fanno mano a mano pi\u00f9 intense e debilitanti per il paziente.<br \/>\nIl trattamento dipende principalmente dalla gravit\u00e0 della sintomatologia: in presenza di sintomi lievi o moderati, \u00e8 indicata una terapia conservativa; viceversa, in presenza di sintomi molto gravi, \u00e8 necessaria una terapia chirurgica.<\/p>\n<h4><em>Trattamento con Protesi d&#8217;Anca<\/em><\/h4>\n<figure id=\"attachment_351\" aria-describedby=\"caption-attachment-351\" style=\"width: 300px\" class=\"wp-caption alignnone\"><img decoding=\"async\" loading=\"lazy\" class=\"wp-image-351 size-medium\" src=\"https:\/\/www.medisocial.it\/francesco-melaragni\/wp-content\/uploads\/2019\/10\/protesi-danca-nuova-300x142.jpeg\" alt=\"\" width=\"300\" height=\"142\" srcset=\"https:\/\/www.medisocial.it\/francesco-melaragni\/wp-content\/uploads\/2019\/10\/protesi-danca-nuova-300x142.jpeg 300w, https:\/\/www.medisocial.it\/francesco-melaragni\/wp-content\/uploads\/2019\/10\/protesi-danca-nuova-768x363.jpeg 768w, https:\/\/www.medisocial.it\/francesco-melaragni\/wp-content\/uploads\/2019\/10\/protesi-danca-nuova-1024x484.jpeg 1024w, https:\/\/www.medisocial.it\/francesco-melaragni\/wp-content\/uploads\/2019\/10\/protesi-danca-nuova.jpeg 1600w\" sizes=\"(max-width: 300px) 100vw, 300px\" \/><figcaption id=\"caption-attachment-351\" class=\"wp-caption-text\">Protesi dell&#8217;anca<\/figcaption><\/figure>\n<figure id=\"attachment_325\" aria-describedby=\"caption-attachment-325\" style=\"width: 184px\" class=\"wp-caption alignleft\"><img decoding=\"async\" loading=\"lazy\" class=\"wp-image-325 size-medium\" src=\"https:\/\/www.medisocial.it\/francesco-melaragni\/wp-content\/uploads\/2019\/10\/Endoprotesi-anca-184x300.png\" alt=\"patologie dell'anca\" width=\"184\" height=\"300\" srcset=\"https:\/\/www.medisocial.it\/francesco-melaragni\/wp-content\/uploads\/2019\/10\/Endoprotesi-anca-184x300.png 184w, https:\/\/www.medisocial.it\/francesco-melaragni\/wp-content\/uploads\/2019\/10\/Endoprotesi-anca-629x1024.png 629w, https:\/\/www.medisocial.it\/francesco-melaragni\/wp-content\/uploads\/2019\/10\/Endoprotesi-anca.png 705w\" sizes=\"(max-width: 184px) 100vw, 184px\" \/><figcaption id=\"caption-attachment-325\" class=\"wp-caption-text\">Endoprotesi dell&#8217;anca<\/figcaption><\/figure>\n<figure id=\"attachment_326\" aria-describedby=\"caption-attachment-326\" style=\"width: 239px\" class=\"wp-caption alignleft\"><img decoding=\"async\" loading=\"lazy\" class=\"wp-image-326\" src=\"https:\/\/www.medisocial.it\/francesco-melaragni\/wp-content\/uploads\/2019\/10\/chiodo-endomidollare-anca-239x300.png\" alt=\"patologie dell'anca\" width=\"239\" height=\"300\" srcset=\"https:\/\/www.medisocial.it\/francesco-melaragni\/wp-content\/uploads\/2019\/10\/chiodo-endomidollare-anca-239x300.png 239w, https:\/\/www.medisocial.it\/francesco-melaragni\/wp-content\/uploads\/2019\/10\/chiodo-endomidollare-anca.png 705w\" sizes=\"(max-width: 239px) 100vw, 239px\" \/><figcaption id=\"caption-attachment-326\" class=\"wp-caption-text\">Chiodo Endomidollare<\/figcaption><\/figure>\n<p>&nbsp;<\/p>\n<p>&nbsp;<\/p>\n<p>&nbsp;<\/p>\n<p>&nbsp;<\/p>\n<p>&nbsp;<\/p>\n<p>&nbsp;<\/p>\n<p>&nbsp;<\/p>\n<p>&nbsp;<\/p>\n<h4><em><br \/>\nFrattura del Femore<\/em><\/h4>\n<figure id=\"attachment_327\" aria-describedby=\"caption-attachment-327\" style=\"width: 300px\" class=\"wp-caption alignleft\"><img decoding=\"async\" loading=\"lazy\" class=\"wp-image-327 size-medium\" src=\"https:\/\/www.medisocial.it\/francesco-melaragni\/wp-content\/uploads\/2019\/10\/Frattura-femore-1-300x142.jpeg\" alt=\"Patologie dell'anca\" width=\"300\" height=\"142\" srcset=\"https:\/\/www.medisocial.it\/francesco-melaragni\/wp-content\/uploads\/2019\/10\/Frattura-femore-1-300x142.jpeg 300w, https:\/\/www.medisocial.it\/francesco-melaragni\/wp-content\/uploads\/2019\/10\/Frattura-femore-1-768x363.jpeg 768w, https:\/\/www.medisocial.it\/francesco-melaragni\/wp-content\/uploads\/2019\/10\/Frattura-femore-1-1024x484.jpeg 1024w, https:\/\/www.medisocial.it\/francesco-melaragni\/wp-content\/uploads\/2019\/10\/Frattura-femore-1.jpeg 1600w\" sizes=\"(max-width: 300px) 100vw, 300px\" \/><figcaption id=\"caption-attachment-327\" class=\"wp-caption-text\">Frattura pertrocanterica del femore<\/figcaption><\/figure>\n<figure id=\"attachment_328\" aria-describedby=\"caption-attachment-328\" style=\"width: 300px\" class=\"wp-caption alignleft\"><img decoding=\"async\" loading=\"lazy\" class=\"wp-image-328 size-medium\" src=\"https:\/\/www.medisocial.it\/francesco-melaragni\/wp-content\/uploads\/2019\/10\/Frattura-femore-2-300x142.jpeg\" alt=\"Patologie dell'Anca\" width=\"300\" height=\"142\" srcset=\"https:\/\/www.medisocial.it\/francesco-melaragni\/wp-content\/uploads\/2019\/10\/Frattura-femore-2-300x142.jpeg 300w, https:\/\/www.medisocial.it\/francesco-melaragni\/wp-content\/uploads\/2019\/10\/Frattura-femore-2-768x363.jpeg 768w, https:\/\/www.medisocial.it\/francesco-melaragni\/wp-content\/uploads\/2019\/10\/Frattura-femore-2-1024x484.jpeg 1024w, https:\/\/www.medisocial.it\/francesco-melaragni\/wp-content\/uploads\/2019\/10\/Frattura-femore-2.jpeg 1600w\" sizes=\"(max-width: 300px) 100vw, 300px\" \/><figcaption id=\"caption-attachment-328\" class=\"wp-caption-text\">Esempio frattura del femore<\/figcaption><\/figure>\n<p>&nbsp;<\/p>\n<p>&nbsp;<\/p>\n<p>&nbsp;<\/p>\n<p>&nbsp;<\/p>\n<p>&nbsp;<\/p>\n<p>Chiama subito per un consulto ed una visita. Contatta il Dr. Melaragni attraverso il modulo <a href=\"https:\/\/www.medisocial.it\/francesco-melaragni\/contatti\/\">Contatti<\/a><\/p>\n","protected":false},"excerpt":{"rendered":"<p>Le patologie dell&#8217;Anca. L\u2019articolazione dell\u2019anca \u00e8 la seconda articolazione del corpo umano per dimensioni, dopo l\u2019articolazione del ginocchio. Essa \u00e8 per\u00f2 abbastanza sconosciuta poich\u00e8 la sua posizione nella profondit\u00e0 della regione inguinale non ci permette di toccarla. L&#8217;anca si fa carico del peso del corpo e allo stesso tempo contribuisce alla sua agilit\u00e0. Grazie a [&hellip;]<\/p>\n","protected":false},"author":1,"featured_media":321,"comment_status":"open","ping_status":"open","sticky":false,"template":"","format":"standard","meta":{"_monsterinsights_skip_tracking":false,"_monsterinsights_sitenote_active":false,"_monsterinsights_sitenote_note":"","_monsterinsights_sitenote_category":0,"footnotes":""},"categories":[8,6],"tags":[22,23,21],"yoast_head":"<!-- This site is optimized with the Yoast SEO plugin v22.1 - https:\/\/yoast.com\/wordpress\/plugins\/seo\/ -->\n<title>Le patologie dell&#039;Anca - Dott. Francesco Melaragni<\/title>\n<meta name=\"description\" content=\"Le patologie dell&#039;Anca. L\u2019articolazione dell\u2019anca \u00e8 la seconda articolazione del corpo umano per dimensioni, dopo l\u2019articolazione del ginocchio\" \/>\n<meta name=\"robots\" content=\"index, follow, max-snippet:-1, max-image-preview:large, max-video-preview:-1\" \/>\n<link rel=\"canonical\" href=\"https:\/\/www.medisocial.it\/francesco-melaragni\/2019\/10\/23\/le-patologie-dellanca\/\" \/>\n<meta property=\"og:locale\" content=\"it_IT\" \/>\n<meta property=\"og:type\" content=\"article\" \/>\n<meta property=\"og:title\" content=\"Le patologie dell&#039;Anca - Dott. Francesco Melaragni\" \/>\n<meta property=\"og:description\" content=\"Le patologie dell&#039;Anca. L\u2019articolazione dell\u2019anca \u00e8 la seconda articolazione del corpo umano per dimensioni, dopo l\u2019articolazione del ginocchio\" \/>\n<meta property=\"og:url\" content=\"https:\/\/www.medisocial.it\/francesco-melaragni\/2019\/10\/23\/le-patologie-dellanca\/\" \/>\n<meta property=\"og:site_name\" content=\"Dott. Francesco Melaragni\" \/>\n<meta property=\"article:published_time\" content=\"2019-10-23T14:20:21+00:00\" \/>\n<meta property=\"article:modified_time\" content=\"2019-11-04T08:27:51+00:00\" \/>\n<meta property=\"og:image\" content=\"https:\/\/www.medisocial.it\/francesco-melaragni\/wp-content\/uploads\/2019\/10\/Coxartrosi.jpeg\" \/>\n\t<meta property=\"og:image:width\" content=\"1600\" \/>\n\t<meta property=\"og:image:height\" content=\"757\" \/>\n\t<meta property=\"og:image:type\" content=\"image\/jpeg\" \/>\n<meta name=\"author\" content=\"medisocial\" \/>\n<meta name=\"twitter:card\" content=\"summary_large_image\" \/>\n<meta name=\"twitter:label1\" content=\"Scritto da\" \/>\n\t<meta name=\"twitter:data1\" content=\"medisocial\" \/>\n\t<meta name=\"twitter:label2\" content=\"Tempo di lettura stimato\" \/>\n\t<meta name=\"twitter:data2\" content=\"1 minuto\" \/>\n<script type=\"application\/ld+json\" class=\"yoast-schema-graph\">{\"@context\":\"https:\/\/schema.org\",\"@graph\":[{\"@type\":\"Article\",\"@id\":\"https:\/\/www.medisocial.it\/francesco-melaragni\/2019\/10\/23\/le-patologie-dellanca\/#article\",\"isPartOf\":{\"@id\":\"https:\/\/www.medisocial.it\/francesco-melaragni\/2019\/10\/23\/le-patologie-dellanca\/\"},\"author\":{\"name\":\"medisocial\",\"@id\":\"https:\/\/www.medisocial.it\/francesco-melaragni\/#\/schema\/person\/142e46c115b01350929544c525191b4d\"},\"headline\":\"Le patologie dell&#8217;Anca\",\"datePublished\":\"2019-10-23T14:20:21+00:00\",\"dateModified\":\"2019-11-04T08:27:51+00:00\",\"mainEntityOfPage\":{\"@id\":\"https:\/\/www.medisocial.it\/francesco-melaragni\/2019\/10\/23\/le-patologie-dellanca\/\"},\"wordCount\":312,\"commentCount\":0,\"publisher\":{\"@id\":\"https:\/\/www.medisocial.it\/francesco-melaragni\/#organization\"},\"keywords\":[\"Coxartrosi o artrosi dell'anca (trattamento Protesi d'Anca)\",\"Frattura di Femore\",\"Traumatologia dell'Arto Inferiore\"],\"articleSection\":[\"Anca\",\"Patologie\"],\"inLanguage\":\"it-IT\",\"potentialAction\":[{\"@type\":\"CommentAction\",\"name\":\"Comment\",\"target\":[\"https:\/\/www.medisocial.it\/francesco-melaragni\/2019\/10\/23\/le-patologie-dellanca\/#respond\"]}]},{\"@type\":\"WebPage\",\"@id\":\"https:\/\/www.medisocial.it\/francesco-melaragni\/2019\/10\/23\/le-patologie-dellanca\/\",\"url\":\"https:\/\/www.medisocial.it\/francesco-melaragni\/2019\/10\/23\/le-patologie-dellanca\/\",\"name\":\"Le patologie dell'Anca - Dott. Francesco Melaragni\",\"isPartOf\":{\"@id\":\"https:\/\/www.medisocial.it\/francesco-melaragni\/#website\"},\"datePublished\":\"2019-10-23T14:20:21+00:00\",\"dateModified\":\"2019-11-04T08:27:51+00:00\",\"description\":\"Le patologie dell'Anca. L\u2019articolazione dell\u2019anca \u00e8 la seconda articolazione del corpo umano per dimensioni, dopo l\u2019articolazione del ginocchio\",\"breadcrumb\":{\"@id\":\"https:\/\/www.medisocial.it\/francesco-melaragni\/2019\/10\/23\/le-patologie-dellanca\/#breadcrumb\"},\"inLanguage\":\"it-IT\",\"potentialAction\":[{\"@type\":\"ReadAction\",\"target\":[\"https:\/\/www.medisocial.it\/francesco-melaragni\/2019\/10\/23\/le-patologie-dellanca\/\"]}]},{\"@type\":\"BreadcrumbList\",\"@id\":\"https:\/\/www.medisocial.it\/francesco-melaragni\/2019\/10\/23\/le-patologie-dellanca\/#breadcrumb\",\"itemListElement\":[{\"@type\":\"ListItem\",\"position\":1,\"name\":\"Home\",\"item\":\"https:\/\/www.medisocial.it\/francesco-melaragni\/\"},{\"@type\":\"ListItem\",\"position\":2,\"name\":\"Le patologie dell&#8217;Anca\"}]},{\"@type\":\"WebSite\",\"@id\":\"https:\/\/www.medisocial.it\/francesco-melaragni\/#website\",\"url\":\"https:\/\/www.medisocial.it\/francesco-melaragni\/\",\"name\":\"Dott. Francesco Melaragni\",\"description\":\"Specialista in Ortopedia e Traumatologia\",\"publisher\":{\"@id\":\"https:\/\/www.medisocial.it\/francesco-melaragni\/#organization\"},\"potentialAction\":[{\"@type\":\"SearchAction\",\"target\":{\"@type\":\"EntryPoint\",\"urlTemplate\":\"https:\/\/www.medisocial.it\/francesco-melaragni\/?s={search_term_string}\"},\"query-input\":\"required name=search_term_string\"}],\"inLanguage\":\"it-IT\"},{\"@type\":\"Organization\",\"@id\":\"https:\/\/www.medisocial.it\/francesco-melaragni\/#organization\",\"name\":\"Dott. Francesco Melaragni\",\"url\":\"https:\/\/www.medisocial.it\/francesco-melaragni\/\",\"logo\":{\"@type\":\"ImageObject\",\"inLanguage\":\"it-IT\",\"@id\":\"https:\/\/www.medisocial.it\/francesco-melaragni\/#\/schema\/logo\/image\/\",\"url\":\"https:\/\/www.medisocial.it\/francesco-melaragni\/wp-content\/uploads\/2019\/09\/logo-2.jpg\",\"contentUrl\":\"https:\/\/www.medisocial.it\/francesco-melaragni\/wp-content\/uploads\/2019\/09\/logo-2.jpg\",\"width\":242,\"height\":76,\"caption\":\"Dott. Francesco Melaragni\"},\"image\":{\"@id\":\"https:\/\/www.medisocial.it\/francesco-melaragni\/#\/schema\/logo\/image\/\"}},{\"@type\":\"Person\",\"@id\":\"https:\/\/www.medisocial.it\/francesco-melaragni\/#\/schema\/person\/142e46c115b01350929544c525191b4d\",\"name\":\"medisocial\",\"image\":{\"@type\":\"ImageObject\",\"inLanguage\":\"it-IT\",\"@id\":\"https:\/\/www.medisocial.it\/francesco-melaragni\/#\/schema\/person\/image\/\",\"url\":\"https:\/\/secure.gravatar.com\/avatar\/efa9393110d3610a15f45429c6613084?s=96&d=mm&r=g\",\"contentUrl\":\"https:\/\/secure.gravatar.com\/avatar\/efa9393110d3610a15f45429c6613084?s=96&d=mm&r=g\",\"caption\":\"medisocial\"}}]}<\/script>\n<!-- \/ Yoast SEO plugin. -->","yoast_head_json":{"title":"Le patologie dell'Anca - Dott. Francesco Melaragni","description":"Le patologie dell'Anca. L\u2019articolazione dell\u2019anca \u00e8 la seconda articolazione del corpo umano per dimensioni, dopo l\u2019articolazione del ginocchio","robots":{"index":"index","follow":"follow","max-snippet":"max-snippet:-1","max-image-preview":"max-image-preview:large","max-video-preview":"max-video-preview:-1"},"canonical":"https:\/\/www.medisocial.it\/francesco-melaragni\/2019\/10\/23\/le-patologie-dellanca\/","og_locale":"it_IT","og_type":"article","og_title":"Le patologie dell'Anca - Dott. Francesco Melaragni","og_description":"Le patologie dell'Anca. L\u2019articolazione dell\u2019anca \u00e8 la seconda articolazione del corpo umano per dimensioni, dopo l\u2019articolazione del ginocchio","og_url":"https:\/\/www.medisocial.it\/francesco-melaragni\/2019\/10\/23\/le-patologie-dellanca\/","og_site_name":"Dott. Francesco Melaragni","article_published_time":"2019-10-23T14:20:21+00:00","article_modified_time":"2019-11-04T08:27:51+00:00","og_image":[{"width":1600,"height":757,"url":"https:\/\/www.medisocial.it\/francesco-melaragni\/wp-content\/uploads\/2019\/10\/Coxartrosi.jpeg","type":"image\/jpeg"}],"author":"medisocial","twitter_card":"summary_large_image","twitter_misc":{"Scritto da":"medisocial","Tempo di lettura stimato":"1 minuto"},"schema":{"@context":"https:\/\/schema.org","@graph":[{"@type":"Article","@id":"https:\/\/www.medisocial.it\/francesco-melaragni\/2019\/10\/23\/le-patologie-dellanca\/#article","isPartOf":{"@id":"https:\/\/www.medisocial.it\/francesco-melaragni\/2019\/10\/23\/le-patologie-dellanca\/"},"author":{"name":"medisocial","@id":"https:\/\/www.medisocial.it\/francesco-melaragni\/#\/schema\/person\/142e46c115b01350929544c525191b4d"},"headline":"Le patologie dell&#8217;Anca","datePublished":"2019-10-23T14:20:21+00:00","dateModified":"2019-11-04T08:27:51+00:00","mainEntityOfPage":{"@id":"https:\/\/www.medisocial.it\/francesco-melaragni\/2019\/10\/23\/le-patologie-dellanca\/"},"wordCount":312,"commentCount":0,"publisher":{"@id":"https:\/\/www.medisocial.it\/francesco-melaragni\/#organization"},"keywords":["Coxartrosi o artrosi dell'anca (trattamento Protesi d'Anca)","Frattura di Femore","Traumatologia dell'Arto Inferiore"],"articleSection":["Anca","Patologie"],"inLanguage":"it-IT","potentialAction":[{"@type":"CommentAction","name":"Comment","target":["https:\/\/www.medisocial.it\/francesco-melaragni\/2019\/10\/23\/le-patologie-dellanca\/#respond"]}]},{"@type":"WebPage","@id":"https:\/\/www.medisocial.it\/francesco-melaragni\/2019\/10\/23\/le-patologie-dellanca\/","url":"https:\/\/www.medisocial.it\/francesco-melaragni\/2019\/10\/23\/le-patologie-dellanca\/","name":"Le patologie dell'Anca - Dott. Francesco Melaragni","isPartOf":{"@id":"https:\/\/www.medisocial.it\/francesco-melaragni\/#website"},"datePublished":"2019-10-23T14:20:21+00:00","dateModified":"2019-11-04T08:27:51+00:00","description":"Le patologie dell'Anca. L\u2019articolazione dell\u2019anca \u00e8 la seconda articolazione del corpo umano per dimensioni, dopo l\u2019articolazione del ginocchio","breadcrumb":{"@id":"https:\/\/www.medisocial.it\/francesco-melaragni\/2019\/10\/23\/le-patologie-dellanca\/#breadcrumb"},"inLanguage":"it-IT","potentialAction":[{"@type":"ReadAction","target":["https:\/\/www.medisocial.it\/francesco-melaragni\/2019\/10\/23\/le-patologie-dellanca\/"]}]},{"@type":"BreadcrumbList","@id":"https:\/\/www.medisocial.it\/francesco-melaragni\/2019\/10\/23\/le-patologie-dellanca\/#breadcrumb","itemListElement":[{"@type":"ListItem","position":1,"name":"Home","item":"https:\/\/www.medisocial.it\/francesco-melaragni\/"},{"@type":"ListItem","position":2,"name":"Le patologie dell&#8217;Anca"}]},{"@type":"WebSite","@id":"https:\/\/www.medisocial.it\/francesco-melaragni\/#website","url":"https:\/\/www.medisocial.it\/francesco-melaragni\/","name":"Dott. Francesco Melaragni","description":"Specialista in Ortopedia e Traumatologia","publisher":{"@id":"https:\/\/www.medisocial.it\/francesco-melaragni\/#organization"},"potentialAction":[{"@type":"SearchAction","target":{"@type":"EntryPoint","urlTemplate":"https:\/\/www.medisocial.it\/francesco-melaragni\/?s={search_term_string}"},"query-input":"required name=search_term_string"}],"inLanguage":"it-IT"},{"@type":"Organization","@id":"https:\/\/www.medisocial.it\/francesco-melaragni\/#organization","name":"Dott. Francesco Melaragni","url":"https:\/\/www.medisocial.it\/francesco-melaragni\/","logo":{"@type":"ImageObject","inLanguage":"it-IT","@id":"https:\/\/www.medisocial.it\/francesco-melaragni\/#\/schema\/logo\/image\/","url":"https:\/\/www.medisocial.it\/francesco-melaragni\/wp-content\/uploads\/2019\/09\/logo-2.jpg","contentUrl":"https:\/\/www.medisocial.it\/francesco-melaragni\/wp-content\/uploads\/2019\/09\/logo-2.jpg","width":242,"height":76,"caption":"Dott. Francesco Melaragni"},"image":{"@id":"https:\/\/www.medisocial.it\/francesco-melaragni\/#\/schema\/logo\/image\/"}},{"@type":"Person","@id":"https:\/\/www.medisocial.it\/francesco-melaragni\/#\/schema\/person\/142e46c115b01350929544c525191b4d","name":"medisocial","image":{"@type":"ImageObject","inLanguage":"it-IT","@id":"https:\/\/www.medisocial.it\/francesco-melaragni\/#\/schema\/person\/image\/","url":"https:\/\/secure.gravatar.com\/avatar\/efa9393110d3610a15f45429c6613084?s=96&d=mm&r=g","contentUrl":"https:\/\/secure.gravatar.com\/avatar\/efa9393110d3610a15f45429c6613084?s=96&d=mm&r=g","caption":"medisocial"}}]}},"_links":{"self":[{"href":"https:\/\/www.medisocial.it\/francesco-melaragni\/wp-json\/wp\/v2\/posts\/217"}],"collection":[{"href":"https:\/\/www.medisocial.it\/francesco-melaragni\/wp-json\/wp\/v2\/posts"}],"about":[{"href":"https:\/\/www.medisocial.it\/francesco-melaragni\/wp-json\/wp\/v2\/types\/post"}],"author":[{"embeddable":true,"href":"https:\/\/www.medisocial.it\/francesco-melaragni\/wp-json\/wp\/v2\/users\/1"}],"replies":[{"embeddable":true,"href":"https:\/\/www.medisocial.it\/francesco-melaragni\/wp-json\/wp\/v2\/comments?post=217"}],"version-history":[{"count":7,"href":"https:\/\/www.medisocial.it\/francesco-melaragni\/wp-json\/wp\/v2\/posts\/217\/revisions"}],"predecessor-version":[{"id":352,"href":"https:\/\/www.medisocial.it\/francesco-melaragni\/wp-json\/wp\/v2\/posts\/217\/revisions\/352"}],"wp:featuredmedia":[{"embeddable":true,"href":"https:\/\/www.medisocial.it\/francesco-melaragni\/wp-json\/wp\/v2\/media\/321"}],"wp:attachment":[{"href":"https:\/\/www.medisocial.it\/francesco-melaragni\/wp-json\/wp\/v2\/media?parent=217"}],"wp:term":[{"taxonomy":"category","embeddable":true,"href":"https:\/\/www.medisocial.it\/francesco-melaragni\/wp-json\/wp\/v2\/categories?post=217"},{"taxonomy":"post_tag","embeddable":true,"href":"https:\/\/www.medisocial.it\/francesco-melaragni\/wp-json\/wp\/v2\/tags?post=217"}],"curies":[{"name":"wp","href":"https:\/\/api.w.org\/{rel}","templated":true}]}}