{"id":210,"date":"2019-10-23T15:45:14","date_gmt":"2019-10-23T13:45:14","guid":{"rendered":"https:\/\/www.medisocial.it\/francesco-melaragni\/?p=210"},"modified":"2019-10-30T18:04:54","modified_gmt":"2019-10-30T17:04:54","slug":"patologie-del-ginocchio-2","status":"publish","type":"post","link":"https:\/\/www.medisocial.it\/francesco-melaragni\/2019\/10\/23\/patologie-del-ginocchio-2\/","title":{"rendered":"Patologie del Ginocchio"},"content":{"rendered":"<p><strong>Patologie del Ginocchio<\/strong>. Il ginocchio \u00e8 un&#8217;articolazione che unisce la coscia e la gamba, le quali, insieme al piede, compongono l&#8217;arto inferiore. Il ginocchio \u00e8 composto in realt\u00e0 da due articolazioni: una tra femore e tibia, e l&#8217;altra tra femore e rotula. <sup id=\"cite_ref-1\" class=\"reference\"><\/sup>L&#8217;incavo posteriore \u00e8 chiamato cavit\u00e0 poplitea.<\/p>\n<p>Mentre le superfici articolari sembrano identificarla come un&#8217;articolazione estremamente mobile, l&#8217;apparato ligamentoso, ad essa connesso, ne riduce i movimenti alla sola flessione ed estensione.<\/p>\n<p>L&#8217;articolazione del ginocchio \u00e8 la pi\u00f9 complessa ed ampia dello scheletro umano.<\/p>\n<p>Il Dr. Melaragni tratta tutte le seguenti patologie ortopediche del Ginocchio:<\/p>\n<ul>\n<li>Gonartrosi e Trattamento con Protesi di Ginocchio<\/li>\n<li>Lesioni Meniscali e Capsulo Legamentosi<\/li>\n<li>Traumatologia dell&#8217;Arto Inferiore<\/li>\n<\/ul>\n<h4><em>Esempio di Gonartrosi<\/em><\/h4>\n<p><img decoding=\"async\" loading=\"lazy\" class=\"size-medium wp-image-302 alignleft\" src=\"https:\/\/www.medisocial.it\/francesco-melaragni\/wp-content\/uploads\/2019\/10\/Gonartrosi-142x300.jpeg\" alt=\"Patologie del ginocchio\" width=\"142\" height=\"300\" srcset=\"https:\/\/www.medisocial.it\/francesco-melaragni\/wp-content\/uploads\/2019\/10\/Gonartrosi-142x300.jpeg 142w, https:\/\/www.medisocial.it\/francesco-melaragni\/wp-content\/uploads\/2019\/10\/Gonartrosi-484x1024.jpeg 484w, https:\/\/www.medisocial.it\/francesco-melaragni\/wp-content\/uploads\/2019\/10\/Gonartrosi.jpeg 757w\" sizes=\"(max-width: 142px) 100vw, 142px\" \/><\/p>\n<p>&nbsp;<\/p>\n<p>L\u2019artrosi del ginocchio o gonartrosi \u00e8 un processo molto frequente, prevalentemente degenerativo, caratterizzato dall\u2019usura e dall\u2019invecchiamento, ma si pu\u00f2 manifestare anticipatamente se originata da lesioni traumatiche non trattate. Essa pu\u00f2 insorgere su articolazioni sane o essere conseguenza di alterazioni della meccanica articolare, esiti di malformazioni o traumi. \u00c8 pi\u00f9 frequente nelle donne, e nei pazienti in sovrappeso.<\/p>\n<p>I sintomi sono in genere chiari ed inequivocabili: dolore, gonfiore, deambulazione con zoppia, sensazione di impaccio dell\u2019articolazione e rumori articolari detti scrosci.<\/p>\n<p>La diagnosi \u00e8 clinica e radiografica.<\/p>\n<h4><\/h4>\n<h4><\/h4>\n<p>&nbsp;<\/p>\n<h4 style=\"text-align: left;\"><em>Esempio di Trattamento con Protesi di Ginocchio<\/em><\/h4>\n<figure id=\"attachment_303\" aria-describedby=\"caption-attachment-303\" style=\"width: 300px\" class=\"wp-caption alignleft\"><img decoding=\"async\" loading=\"lazy\" class=\"wp-image-303 size-medium\" src=\"https:\/\/www.medisocial.it\/francesco-melaragni\/wp-content\/uploads\/2019\/10\/protesi-monocompartimentale-300x142.jpeg\" alt=\"\" width=\"300\" height=\"142\" srcset=\"https:\/\/www.medisocial.it\/francesco-melaragni\/wp-content\/uploads\/2019\/10\/protesi-monocompartimentale-300x142.jpeg 300w, https:\/\/www.medisocial.it\/francesco-melaragni\/wp-content\/uploads\/2019\/10\/protesi-monocompartimentale-768x363.jpeg 768w, https:\/\/www.medisocial.it\/francesco-melaragni\/wp-content\/uploads\/2019\/10\/protesi-monocompartimentale-1024x484.jpeg 1024w, https:\/\/www.medisocial.it\/francesco-melaragni\/wp-content\/uploads\/2019\/10\/protesi-monocompartimentale.jpeg 1600w\" sizes=\"(max-width: 300px) 100vw, 300px\" \/><figcaption id=\"caption-attachment-303\" class=\"wp-caption-text\">Protesi Monocompartimentale<\/figcaption><\/figure>\n<p>Nel caso in cui la gonartrosi abbia colpito solo un comparto del ginocchio, si ricorre all&#8217;intervento per l&#8217;impianto della Protesi Monocompartimentale. Questo tipo di intervento si differenzia dalle operazioni tradizionali per la minore invasivit\u00e0 a carico dell\u2019articolazione e i tempi di recupero ridotti. Oggi, a differenza del passato, la protesi monocompartimentale del ginocchio \u00e8 vista come una procedura sicura, affidabile e in grado di garantire un successo a lungo termine.<\/p>\n<p>&nbsp;<\/p>\n<p>&nbsp;<\/p>\n<figure id=\"attachment_304\" aria-describedby=\"caption-attachment-304\" style=\"width: 300px\" class=\"wp-caption alignleft\"><img decoding=\"async\" loading=\"lazy\" class=\"wp-image-304 size-medium\" src=\"https:\/\/www.medisocial.it\/francesco-melaragni\/wp-content\/uploads\/2019\/10\/Protesi-totale-ginocchio-300x142.jpeg\" alt=\"Patologie del ginocchio\" width=\"300\" height=\"142\" srcset=\"https:\/\/www.medisocial.it\/francesco-melaragni\/wp-content\/uploads\/2019\/10\/Protesi-totale-ginocchio-300x142.jpeg 300w, https:\/\/www.medisocial.it\/francesco-melaragni\/wp-content\/uploads\/2019\/10\/Protesi-totale-ginocchio-768x363.jpeg 768w, https:\/\/www.medisocial.it\/francesco-melaragni\/wp-content\/uploads\/2019\/10\/Protesi-totale-ginocchio-1024x484.jpeg 1024w, https:\/\/www.medisocial.it\/francesco-melaragni\/wp-content\/uploads\/2019\/10\/Protesi-totale-ginocchio.jpeg 1600w\" sizes=\"(max-width: 300px) 100vw, 300px\" \/><figcaption id=\"caption-attachment-304\" class=\"wp-caption-text\">Protesi Totale del Ginocchio<\/figcaption><\/figure>\n<p>Se il ginocchio \u00e8 gravemente danneggiato dall\u2019artrosi in tutti i suoi comparti e i trattamenti non chirurgici per la gonartrosi non sono pi\u00f9 efficaci, bisogna prendere in considerazione la protesi totale del ginocchio. L\u2019intervento di protesi totale del ginocchio \u00e8 sicuro, elimina il dolore e corregge anche eventuali deformit\u00e0 della gamba.<\/p>\n<p><em>\u00a0<\/em><\/p>\n<h4><\/h4>\n<p>&nbsp;<\/p>\n<h4><em>Esempio di Trattamento della traumatologia dell&#8217;Arto Inferiore<\/em><\/h4>\n<p><img decoding=\"async\" loading=\"lazy\" class=\"alignnone size-medium wp-image-305\" src=\"https:\/\/www.medisocial.it\/francesco-melaragni\/wp-content\/uploads\/2019\/10\/trattamento-traumatologia-dellarto-inferiore_ginocchio-300x142.jpeg\" alt=\"\" width=\"300\" height=\"142\" srcset=\"https:\/\/www.medisocial.it\/francesco-melaragni\/wp-content\/uploads\/2019\/10\/trattamento-traumatologia-dellarto-inferiore_ginocchio-300x142.jpeg 300w, https:\/\/www.medisocial.it\/francesco-melaragni\/wp-content\/uploads\/2019\/10\/trattamento-traumatologia-dellarto-inferiore_ginocchio-768x363.jpeg 768w, https:\/\/www.medisocial.it\/francesco-melaragni\/wp-content\/uploads\/2019\/10\/trattamento-traumatologia-dellarto-inferiore_ginocchio-1024x484.jpeg 1024w, https:\/\/www.medisocial.it\/francesco-melaragni\/wp-content\/uploads\/2019\/10\/trattamento-traumatologia-dellarto-inferiore_ginocchio.jpeg 1600w\" sizes=\"(max-width: 300px) 100vw, 300px\" \/><\/p>\n<p>Chiama subito e prendi un appuntamento per una visita ortopedica tramite il nostro modulo <a href=\"https:\/\/www.medisocial.it\/francesco-melaragni\/contatti\/\">Contatti<\/a><\/p>\n","protected":false},"excerpt":{"rendered":"<p>Patologie del Ginocchio. Il ginocchio \u00e8 un&#8217;articolazione che unisce la coscia e la gamba, le quali, insieme al piede, compongono l&#8217;arto inferiore. Il ginocchio \u00e8 composto in realt\u00e0 da due articolazioni: una tra femore e tibia, e l&#8217;altra tra femore e rotula. L&#8217;incavo posteriore \u00e8 chiamato cavit\u00e0 poplitea. Mentre le superfici articolari sembrano identificarla come [&hellip;]<\/p>\n","protected":false},"author":1,"featured_media":211,"comment_status":"open","ping_status":"open","sticky":false,"template":"","format":"standard","meta":{"_monsterinsights_skip_tracking":false,"_monsterinsights_sitenote_active":false,"_monsterinsights_sitenote_note":"","_monsterinsights_sitenote_category":0,"footnotes":""},"categories":[7,6],"tags":[19,20,21],"yoast_head":"<!-- This site is optimized with the Yoast SEO plugin v22.1 - https:\/\/yoast.com\/wordpress\/plugins\/seo\/ -->\n<title>Patologie del Ginocchio - Dott. Francesco Melaragni<\/title>\n<meta name=\"description\" content=\"Patologie del ginocchio. L&#039;articolazione del ginocchio \u00e8 la pi\u00f9 complessa ed ampia dello scheletro umano e quindi soggetta a diverse patologie.\" \/>\n<meta name=\"robots\" content=\"index, follow, max-snippet:-1, max-image-preview:large, max-video-preview:-1\" \/>\n<link rel=\"canonical\" href=\"https:\/\/www.medisocial.it\/francesco-melaragni\/2019\/10\/23\/patologie-del-ginocchio-2\/\" \/>\n<meta property=\"og:locale\" content=\"it_IT\" \/>\n<meta property=\"og:type\" content=\"article\" \/>\n<meta property=\"og:title\" content=\"Patologie del Ginocchio - Dott. Francesco Melaragni\" \/>\n<meta property=\"og:description\" content=\"Patologie del ginocchio. L&#039;articolazione del ginocchio \u00e8 la pi\u00f9 complessa ed ampia dello scheletro umano e quindi soggetta a diverse patologie.\" \/>\n<meta property=\"og:url\" content=\"https:\/\/www.medisocial.it\/francesco-melaragni\/2019\/10\/23\/patologie-del-ginocchio-2\/\" \/>\n<meta property=\"og:site_name\" content=\"Dott. Francesco Melaragni\" \/>\n<meta property=\"article:published_time\" content=\"2019-10-23T13:45:14+00:00\" \/>\n<meta property=\"article:modified_time\" content=\"2019-10-30T17:04:54+00:00\" \/>\n<meta property=\"og:image\" content=\"https:\/\/www.medisocial.it\/francesco-melaragni\/wp-content\/uploads\/2019\/10\/Ginocchio-per-sito.jpg\" \/>\n\t<meta property=\"og:image:width\" content=\"1000\" \/>\n\t<meta property=\"og:image:height\" content=\"707\" \/>\n\t<meta property=\"og:image:type\" content=\"image\/jpeg\" \/>\n<meta name=\"author\" content=\"medisocial\" \/>\n<meta name=\"twitter:card\" content=\"summary_large_image\" \/>\n<meta name=\"twitter:label1\" content=\"Scritto da\" \/>\n\t<meta name=\"twitter:data1\" content=\"medisocial\" \/>\n\t<meta name=\"twitter:label2\" content=\"Tempo di lettura stimato\" \/>\n\t<meta name=\"twitter:data2\" content=\"2 minuti\" \/>\n<script type=\"application\/ld+json\" class=\"yoast-schema-graph\">{\"@context\":\"https:\/\/schema.org\",\"@graph\":[{\"@type\":\"Article\",\"@id\":\"https:\/\/www.medisocial.it\/francesco-melaragni\/2019\/10\/23\/patologie-del-ginocchio-2\/#article\",\"isPartOf\":{\"@id\":\"https:\/\/www.medisocial.it\/francesco-melaragni\/2019\/10\/23\/patologie-del-ginocchio-2\/\"},\"author\":{\"name\":\"medisocial\",\"@id\":\"https:\/\/www.medisocial.it\/francesco-melaragni\/#\/schema\/person\/142e46c115b01350929544c525191b4d\"},\"headline\":\"Patologie del Ginocchio\",\"datePublished\":\"2019-10-23T13:45:14+00:00\",\"dateModified\":\"2019-10-30T17:04:54+00:00\",\"mainEntityOfPage\":{\"@id\":\"https:\/\/www.medisocial.it\/francesco-melaragni\/2019\/10\/23\/patologie-del-ginocchio-2\/\"},\"wordCount\":384,\"commentCount\":0,\"publisher\":{\"@id\":\"https:\/\/www.medisocial.it\/francesco-melaragni\/#organization\"},\"keywords\":[\"Gonartrosi e Trattamento con Protesi di Ginocchio\",\"Lesioni Meniscali e Capsulo Legamentosi\",\"Traumatologia dell'Arto Inferiore\"],\"articleSection\":[\"Ginocchio\",\"Patologie\"],\"inLanguage\":\"it-IT\",\"potentialAction\":[{\"@type\":\"CommentAction\",\"name\":\"Comment\",\"target\":[\"https:\/\/www.medisocial.it\/francesco-melaragni\/2019\/10\/23\/patologie-del-ginocchio-2\/#respond\"]}]},{\"@type\":\"WebPage\",\"@id\":\"https:\/\/www.medisocial.it\/francesco-melaragni\/2019\/10\/23\/patologie-del-ginocchio-2\/\",\"url\":\"https:\/\/www.medisocial.it\/francesco-melaragni\/2019\/10\/23\/patologie-del-ginocchio-2\/\",\"name\":\"Patologie del Ginocchio - Dott. Francesco Melaragni\",\"isPartOf\":{\"@id\":\"https:\/\/www.medisocial.it\/francesco-melaragni\/#website\"},\"datePublished\":\"2019-10-23T13:45:14+00:00\",\"dateModified\":\"2019-10-30T17:04:54+00:00\",\"description\":\"Patologie del ginocchio. L'articolazione del ginocchio \u00e8 la pi\u00f9 complessa ed ampia dello scheletro umano e quindi soggetta a diverse patologie.\",\"breadcrumb\":{\"@id\":\"https:\/\/www.medisocial.it\/francesco-melaragni\/2019\/10\/23\/patologie-del-ginocchio-2\/#breadcrumb\"},\"inLanguage\":\"it-IT\",\"potentialAction\":[{\"@type\":\"ReadAction\",\"target\":[\"https:\/\/www.medisocial.it\/francesco-melaragni\/2019\/10\/23\/patologie-del-ginocchio-2\/\"]}]},{\"@type\":\"BreadcrumbList\",\"@id\":\"https:\/\/www.medisocial.it\/francesco-melaragni\/2019\/10\/23\/patologie-del-ginocchio-2\/#breadcrumb\",\"itemListElement\":[{\"@type\":\"ListItem\",\"position\":1,\"name\":\"Home\",\"item\":\"https:\/\/www.medisocial.it\/francesco-melaragni\/\"},{\"@type\":\"ListItem\",\"position\":2,\"name\":\"Patologie del Ginocchio\"}]},{\"@type\":\"WebSite\",\"@id\":\"https:\/\/www.medisocial.it\/francesco-melaragni\/#website\",\"url\":\"https:\/\/www.medisocial.it\/francesco-melaragni\/\",\"name\":\"Dott. Francesco Melaragni\",\"description\":\"Specialista in Ortopedia e Traumatologia\",\"publisher\":{\"@id\":\"https:\/\/www.medisocial.it\/francesco-melaragni\/#organization\"},\"potentialAction\":[{\"@type\":\"SearchAction\",\"target\":{\"@type\":\"EntryPoint\",\"urlTemplate\":\"https:\/\/www.medisocial.it\/francesco-melaragni\/?s={search_term_string}\"},\"query-input\":\"required name=search_term_string\"}],\"inLanguage\":\"it-IT\"},{\"@type\":\"Organization\",\"@id\":\"https:\/\/www.medisocial.it\/francesco-melaragni\/#organization\",\"name\":\"Dott. Francesco Melaragni\",\"url\":\"https:\/\/www.medisocial.it\/francesco-melaragni\/\",\"logo\":{\"@type\":\"ImageObject\",\"inLanguage\":\"it-IT\",\"@id\":\"https:\/\/www.medisocial.it\/francesco-melaragni\/#\/schema\/logo\/image\/\",\"url\":\"https:\/\/www.medisocial.it\/francesco-melaragni\/wp-content\/uploads\/2019\/09\/logo-2.jpg\",\"contentUrl\":\"https:\/\/www.medisocial.it\/francesco-melaragni\/wp-content\/uploads\/2019\/09\/logo-2.jpg\",\"width\":242,\"height\":76,\"caption\":\"Dott. Francesco Melaragni\"},\"image\":{\"@id\":\"https:\/\/www.medisocial.it\/francesco-melaragni\/#\/schema\/logo\/image\/\"}},{\"@type\":\"Person\",\"@id\":\"https:\/\/www.medisocial.it\/francesco-melaragni\/#\/schema\/person\/142e46c115b01350929544c525191b4d\",\"name\":\"medisocial\",\"image\":{\"@type\":\"ImageObject\",\"inLanguage\":\"it-IT\",\"@id\":\"https:\/\/www.medisocial.it\/francesco-melaragni\/#\/schema\/person\/image\/\",\"url\":\"https:\/\/secure.gravatar.com\/avatar\/efa9393110d3610a15f45429c6613084?s=96&d=mm&r=g\",\"contentUrl\":\"https:\/\/secure.gravatar.com\/avatar\/efa9393110d3610a15f45429c6613084?s=96&d=mm&r=g\",\"caption\":\"medisocial\"}}]}<\/script>\n<!-- \/ Yoast SEO plugin. -->","yoast_head_json":{"title":"Patologie del Ginocchio - Dott. Francesco Melaragni","description":"Patologie del ginocchio. L'articolazione del ginocchio \u00e8 la pi\u00f9 complessa ed ampia dello scheletro umano e quindi soggetta a diverse patologie.","robots":{"index":"index","follow":"follow","max-snippet":"max-snippet:-1","max-image-preview":"max-image-preview:large","max-video-preview":"max-video-preview:-1"},"canonical":"https:\/\/www.medisocial.it\/francesco-melaragni\/2019\/10\/23\/patologie-del-ginocchio-2\/","og_locale":"it_IT","og_type":"article","og_title":"Patologie del Ginocchio - Dott. Francesco Melaragni","og_description":"Patologie del ginocchio. L'articolazione del ginocchio \u00e8 la pi\u00f9 complessa ed ampia dello scheletro umano e quindi soggetta a diverse patologie.","og_url":"https:\/\/www.medisocial.it\/francesco-melaragni\/2019\/10\/23\/patologie-del-ginocchio-2\/","og_site_name":"Dott. Francesco Melaragni","article_published_time":"2019-10-23T13:45:14+00:00","article_modified_time":"2019-10-30T17:04:54+00:00","og_image":[{"width":1000,"height":707,"url":"https:\/\/www.medisocial.it\/francesco-melaragni\/wp-content\/uploads\/2019\/10\/Ginocchio-per-sito.jpg","type":"image\/jpeg"}],"author":"medisocial","twitter_card":"summary_large_image","twitter_misc":{"Scritto da":"medisocial","Tempo di lettura stimato":"2 minuti"},"schema":{"@context":"https:\/\/schema.org","@graph":[{"@type":"Article","@id":"https:\/\/www.medisocial.it\/francesco-melaragni\/2019\/10\/23\/patologie-del-ginocchio-2\/#article","isPartOf":{"@id":"https:\/\/www.medisocial.it\/francesco-melaragni\/2019\/10\/23\/patologie-del-ginocchio-2\/"},"author":{"name":"medisocial","@id":"https:\/\/www.medisocial.it\/francesco-melaragni\/#\/schema\/person\/142e46c115b01350929544c525191b4d"},"headline":"Patologie del Ginocchio","datePublished":"2019-10-23T13:45:14+00:00","dateModified":"2019-10-30T17:04:54+00:00","mainEntityOfPage":{"@id":"https:\/\/www.medisocial.it\/francesco-melaragni\/2019\/10\/23\/patologie-del-ginocchio-2\/"},"wordCount":384,"commentCount":0,"publisher":{"@id":"https:\/\/www.medisocial.it\/francesco-melaragni\/#organization"},"keywords":["Gonartrosi e Trattamento con Protesi di Ginocchio","Lesioni Meniscali e Capsulo Legamentosi","Traumatologia dell'Arto Inferiore"],"articleSection":["Ginocchio","Patologie"],"inLanguage":"it-IT","potentialAction":[{"@type":"CommentAction","name":"Comment","target":["https:\/\/www.medisocial.it\/francesco-melaragni\/2019\/10\/23\/patologie-del-ginocchio-2\/#respond"]}]},{"@type":"WebPage","@id":"https:\/\/www.medisocial.it\/francesco-melaragni\/2019\/10\/23\/patologie-del-ginocchio-2\/","url":"https:\/\/www.medisocial.it\/francesco-melaragni\/2019\/10\/23\/patologie-del-ginocchio-2\/","name":"Patologie del Ginocchio - Dott. Francesco Melaragni","isPartOf":{"@id":"https:\/\/www.medisocial.it\/francesco-melaragni\/#website"},"datePublished":"2019-10-23T13:45:14+00:00","dateModified":"2019-10-30T17:04:54+00:00","description":"Patologie del ginocchio. L'articolazione del ginocchio \u00e8 la pi\u00f9 complessa ed ampia dello scheletro umano e quindi soggetta a diverse patologie.","breadcrumb":{"@id":"https:\/\/www.medisocial.it\/francesco-melaragni\/2019\/10\/23\/patologie-del-ginocchio-2\/#breadcrumb"},"inLanguage":"it-IT","potentialAction":[{"@type":"ReadAction","target":["https:\/\/www.medisocial.it\/francesco-melaragni\/2019\/10\/23\/patologie-del-ginocchio-2\/"]}]},{"@type":"BreadcrumbList","@id":"https:\/\/www.medisocial.it\/francesco-melaragni\/2019\/10\/23\/patologie-del-ginocchio-2\/#breadcrumb","itemListElement":[{"@type":"ListItem","position":1,"name":"Home","item":"https:\/\/www.medisocial.it\/francesco-melaragni\/"},{"@type":"ListItem","position":2,"name":"Patologie del Ginocchio"}]},{"@type":"WebSite","@id":"https:\/\/www.medisocial.it\/francesco-melaragni\/#website","url":"https:\/\/www.medisocial.it\/francesco-melaragni\/","name":"Dott. Francesco Melaragni","description":"Specialista in Ortopedia e Traumatologia","publisher":{"@id":"https:\/\/www.medisocial.it\/francesco-melaragni\/#organization"},"potentialAction":[{"@type":"SearchAction","target":{"@type":"EntryPoint","urlTemplate":"https:\/\/www.medisocial.it\/francesco-melaragni\/?s={search_term_string}"},"query-input":"required name=search_term_string"}],"inLanguage":"it-IT"},{"@type":"Organization","@id":"https:\/\/www.medisocial.it\/francesco-melaragni\/#organization","name":"Dott. Francesco Melaragni","url":"https:\/\/www.medisocial.it\/francesco-melaragni\/","logo":{"@type":"ImageObject","inLanguage":"it-IT","@id":"https:\/\/www.medisocial.it\/francesco-melaragni\/#\/schema\/logo\/image\/","url":"https:\/\/www.medisocial.it\/francesco-melaragni\/wp-content\/uploads\/2019\/09\/logo-2.jpg","contentUrl":"https:\/\/www.medisocial.it\/francesco-melaragni\/wp-content\/uploads\/2019\/09\/logo-2.jpg","width":242,"height":76,"caption":"Dott. Francesco Melaragni"},"image":{"@id":"https:\/\/www.medisocial.it\/francesco-melaragni\/#\/schema\/logo\/image\/"}},{"@type":"Person","@id":"https:\/\/www.medisocial.it\/francesco-melaragni\/#\/schema\/person\/142e46c115b01350929544c525191b4d","name":"medisocial","image":{"@type":"ImageObject","inLanguage":"it-IT","@id":"https:\/\/www.medisocial.it\/francesco-melaragni\/#\/schema\/person\/image\/","url":"https:\/\/secure.gravatar.com\/avatar\/efa9393110d3610a15f45429c6613084?s=96&d=mm&r=g","contentUrl":"https:\/\/secure.gravatar.com\/avatar\/efa9393110d3610a15f45429c6613084?s=96&d=mm&r=g","caption":"medisocial"}}]}},"_links":{"self":[{"href":"https:\/\/www.medisocial.it\/francesco-melaragni\/wp-json\/wp\/v2\/posts\/210"}],"collection":[{"href":"https:\/\/www.medisocial.it\/francesco-melaragni\/wp-json\/wp\/v2\/posts"}],"about":[{"href":"https:\/\/www.medisocial.it\/francesco-melaragni\/wp-json\/wp\/v2\/types\/post"}],"author":[{"embeddable":true,"href":"https:\/\/www.medisocial.it\/francesco-melaragni\/wp-json\/wp\/v2\/users\/1"}],"replies":[{"embeddable":true,"href":"https:\/\/www.medisocial.it\/francesco-melaragni\/wp-json\/wp\/v2\/comments?post=210"}],"version-history":[{"count":16,"href":"https:\/\/www.medisocial.it\/francesco-melaragni\/wp-json\/wp\/v2\/posts\/210\/revisions"}],"predecessor-version":[{"id":319,"href":"https:\/\/www.medisocial.it\/francesco-melaragni\/wp-json\/wp\/v2\/posts\/210\/revisions\/319"}],"wp:featuredmedia":[{"embeddable":true,"href":"https:\/\/www.medisocial.it\/francesco-melaragni\/wp-json\/wp\/v2\/media\/211"}],"wp:attachment":[{"href":"https:\/\/www.medisocial.it\/francesco-melaragni\/wp-json\/wp\/v2\/media?parent=210"}],"wp:term":[{"taxonomy":"category","embeddable":true,"href":"https:\/\/www.medisocial.it\/francesco-melaragni\/wp-json\/wp\/v2\/categories?post=210"},{"taxonomy":"post_tag","embeddable":true,"href":"https:\/\/www.medisocial.it\/francesco-melaragni\/wp-json\/wp\/v2\/tags?post=210"}],"curies":[{"name":"wp","href":"https:\/\/api.w.org\/{rel}","templated":true}]}}