{"id":139,"date":"2019-09-25T11:49:43","date_gmt":"2019-09-25T09:49:43","guid":{"rendered":"https:\/\/www.medisocial.it\/francesco-melaragni\/?p=139"},"modified":"2019-09-25T12:28:28","modified_gmt":"2019-09-25T10:28:28","slug":"il-dr-francesco-melaragni-ci-parla-di-artrosi","status":"publish","type":"post","link":"https:\/\/www.medisocial.it\/francesco-melaragni\/2019\/09\/25\/il-dr-francesco-melaragni-ci-parla-di-artrosi\/","title":{"rendered":"Il Dr. Francesco Melaragni ci parla di Artrosi"},"content":{"rendered":"<p>Il Dr. Francesco Melaragni ci parla di Artrosi proponendoci un articolo interessante tratto da http:\/\/www.meteoweb.eu\/2016\/09\/artrosi-sintomi-cause-fattori-di-rischio-diagnosi-cura-e-prevenzione\/755266\/<\/p>\n<div class=\"pw-hidden-cp\">\n<p class=\"post-title single-post-title entry-title\">Dr. Francesco Melaragni &#8211; L<strong>\u2019artrosi<\/strong> \u00e8 una malattia articolare degenerativa, cronica e progressiva. Si tratta della malattia reumatica pi\u00f9 diffusa e colpisce entrambi i sessi. Anche in Italia ne soffrono oltre 4 milioni di persone.<\/p>\n<\/div>\n<div><\/div>\n<div>\n<h4 class=\"pw-hidden-cp\"><strong>SINTOMI<\/strong><\/h4>\n<div class=\"pw-hidden-cp\">\n<p>Essa si manifesta con <strong>dolore, rigidit\u00e0 e progressiva limitazione funzionale.<\/strong> Il dolore artrosico, intimamente legato al movimento, \u00e8 pi\u00f9 vivo al mattino, in concomitanza coi primi movimenti e alla sera, dopo una giornata di lavoro, ripresentandosi anche in occasione di ogni ripresa dell\u2019attivit\u00e0 articolare dopo un breve periodo di riposo.<\/p>\n<\/div>\n<div>\n<h4 class=\"pw-hidden-cp\"><strong>CAUSE E FATTORI DI RISCHIO<\/strong><\/h4>\n<div class=\"pw-hidden-cp\">Tra le cause principali troviamo traumi, infiammazione, artrite, perdita dell\u2019elasticit\u00e0 e anche osteoporosi. Fra i fattori che incidono nella comparsa dell\u2019artrosi troviamo: obesit\u00e0, tipologia di lavoro svolto, diabete, gotta, umidit\u00e0, stress prolungato, lussazioni, fratture, contusioni, ereditariet\u00e0 e sedentariet\u00e0. La malattia colpisce prevalentemente le persone anziane e ad esser pi\u00f9 colpito \u00e8 il genere femminile.<\/div>\n<\/div>\n<\/div>\n<div><\/div>\n<div>\n<h4 class=\"pw-hidden-cp\"><strong>DIAGNOSI<\/strong><\/h4>\n<div class=\"pw-hidden-cp\">\n<p>La diagnosi di artrosi si basa <strong>sui sintomi e sull\u2019esame radiologico (raggi X)<\/strong> che pu\u00f2 mettere in evidenza le deformazioni dell\u2019articolazione, gli osteofiti ed eventuali cisti ossee (geodi).<\/p>\n<\/div>\n<div>\n<h4 class=\"pw-hidden-cp\"><strong>CURA<\/strong><\/h4>\n<div class=\"pw-hidden-cp\">\n<p>L\u2019obiettivo principale della terapia \u00e8 contrastare il dolore. Oltre a <strong>misure non farmacologiche<\/strong> (riduzione del peso, esercizio fisico, uso di supporti meccanici), si pu\u00f2 ricorrere a<strong> paracetamolo, FANS e, se necessario, analgesici maggiori.<\/strong> Possono essere utilizzate anche le i<strong>nfiltrazioni locali \u00a0di corticosteroidi\u00a0\u00a0o di acido ialuronico o anche i cosiddetti farmaci condroprotettori.<\/strong> Nei casi in cui gli altri trattamenti non siano in grado di controllare il dolore, si ricorre anche all<strong>\u2018intervento chirurgico (artroprotesi)<\/strong>.<\/p>\n<\/div>\n<div>\n<h4 class=\"pw-hidden-cp\"><strong>PREVENZIONE<\/strong><\/h4>\n<div class=\"pw-hidden-cp\">Il movimento \u00e8 fondamentale a qualsiasi et\u00e0 per mantenere le articolazioni stabili ed elastiche, rafforzare la muscolatura ed inoltre proteggere la cartilagine articolare.<\/div>\n<div class=\"pw-hidden-cp\">\n<p>Occorre svolgere un\u2019adeguata attivit\u00e0 fisica (es. nuoto, ginnastica a corpo libero, bici), evitare gli sbalzi di temperatura, i traumi, evitando, in caso di dolore articolare acuto, di utilizzare farmaci di automedicazione.<\/p>\n<p><em><strong>Io personalmente ritengo che in questi casi sia necessario soprattutto rivolgersi ad uno specialista che, dopo una visita accurata, indicher\u00e0 il rimedio migliore.<\/strong> <\/em><\/p>\n<\/div>\n<\/div>\n<\/div>\n<\/div>\n<div>\n<div>\n<div><\/div>\n<\/div>\n<\/div>\n<div class=\"pw-hidden-cp\">Per approfondire <a href=\"http:\/\/www.meteoweb.eu\/2016\/09\/artrosi-sintomi-cause-fattori-di-rischio-diagnosi-cura-e-prevenzione\/755266\/#VUW8eF41uJkRLuJV.99\">http:\/\/www.meteoweb.eu\/2016\/09\/artrosi-sintomi-cause-fattori-di-rischio-diagnosi-cura-e-prevenzione\/755266\/#VUW8eF41uJkRLuJV.99<\/a><\/div>\n","protected":false},"excerpt":{"rendered":"<p>Il Dr. Francesco Melaragni ci parla di Artrosi proponendoci un articolo interessante tratto da http:\/\/www.meteoweb.eu\/2016\/09\/artrosi-sintomi-cause-fattori-di-rischio-diagnosi-cura-e-prevenzione\/755266\/ Dr. Francesco Melaragni &#8211; L\u2019artrosi \u00e8 una malattia articolare degenerativa, cronica e progressiva. Si tratta della malattia reumatica pi\u00f9 diffusa e colpisce entrambi i sessi. Anche in Italia ne soffrono oltre 4 milioni di persone. SINTOMI Essa si manifesta con [&hellip;]<\/p>\n","protected":false},"author":1,"featured_media":146,"comment_status":"open","ping_status":"open","sticky":false,"template":"","format":"standard","meta":{"_monsterinsights_skip_tracking":false,"_monsterinsights_sitenote_active":false,"_monsterinsights_sitenote_note":"","_monsterinsights_sitenote_category":0,"footnotes":""},"categories":[6],"tags":[],"yoast_head":"<!-- This site is optimized with the Yoast SEO plugin v22.1 - https:\/\/yoast.com\/wordpress\/plugins\/seo\/ -->\n<title>Il Dr. Francesco Melaragni ci parla di Artrosi - Dott. Francesco Melaragni<\/title>\n<meta name=\"description\" content=\"Il Dr. Francesco Melaragni ci parla dell&#039;Artrosi proponendoci un interessante articolo tratto dal web che tratta sintomi, cause, rimedi e prevenzione\" \/>\n<meta name=\"robots\" content=\"index, follow, max-snippet:-1, max-image-preview:large, max-video-preview:-1\" \/>\n<link rel=\"canonical\" href=\"https:\/\/www.medisocial.it\/francesco-melaragni\/2019\/09\/25\/il-dr-francesco-melaragni-ci-parla-di-artrosi\/\" \/>\n<meta property=\"og:locale\" content=\"it_IT\" \/>\n<meta property=\"og:type\" content=\"article\" \/>\n<meta property=\"og:title\" content=\"Il Dr. Francesco Melaragni ci parla di Artrosi - Dott. Francesco Melaragni\" \/>\n<meta property=\"og:description\" content=\"Il Dr. Francesco Melaragni ci parla dell&#039;Artrosi proponendoci un interessante articolo tratto dal web che tratta sintomi, cause, rimedi e prevenzione\" \/>\n<meta property=\"og:url\" content=\"https:\/\/www.medisocial.it\/francesco-melaragni\/2019\/09\/25\/il-dr-francesco-melaragni-ci-parla-di-artrosi\/\" \/>\n<meta property=\"og:site_name\" content=\"Dott. Francesco Melaragni\" \/>\n<meta property=\"article:published_time\" content=\"2019-09-25T09:49:43+00:00\" \/>\n<meta property=\"article:modified_time\" content=\"2019-09-25T10:28:28+00:00\" \/>\n<meta property=\"og:image\" content=\"https:\/\/www.medisocial.it\/francesco-melaragni\/wp-content\/uploads\/2019\/09\/ginocchio-per-radiografia-del-ginocchio-di-artrosi-e-articolazione-artificiale_18981-282.jpg\" \/>\n\t<meta property=\"og:image:width\" content=\"626\" \/>\n\t<meta property=\"og:image:height\" content=\"469\" \/>\n\t<meta property=\"og:image:type\" content=\"image\/jpeg\" \/>\n<meta name=\"author\" content=\"medisocial\" \/>\n<meta name=\"twitter:card\" content=\"summary_large_image\" \/>\n<meta name=\"twitter:label1\" content=\"Scritto da\" \/>\n\t<meta name=\"twitter:data1\" content=\"medisocial\" \/>\n\t<meta name=\"twitter:label2\" content=\"Tempo di lettura stimato\" \/>\n\t<meta name=\"twitter:data2\" content=\"2 minuti\" \/>\n<script type=\"application\/ld+json\" class=\"yoast-schema-graph\">{\"@context\":\"https:\/\/schema.org\",\"@graph\":[{\"@type\":\"Article\",\"@id\":\"https:\/\/www.medisocial.it\/francesco-melaragni\/2019\/09\/25\/il-dr-francesco-melaragni-ci-parla-di-artrosi\/#article\",\"isPartOf\":{\"@id\":\"https:\/\/www.medisocial.it\/francesco-melaragni\/2019\/09\/25\/il-dr-francesco-melaragni-ci-parla-di-artrosi\/\"},\"author\":{\"name\":\"medisocial\",\"@id\":\"https:\/\/www.medisocial.it\/francesco-melaragni\/#\/schema\/person\/142e46c115b01350929544c525191b4d\"},\"headline\":\"Il Dr. Francesco Melaragni ci parla di Artrosi\",\"datePublished\":\"2019-09-25T09:49:43+00:00\",\"dateModified\":\"2019-09-25T10:28:28+00:00\",\"mainEntityOfPage\":{\"@id\":\"https:\/\/www.medisocial.it\/francesco-melaragni\/2019\/09\/25\/il-dr-francesco-melaragni-ci-parla-di-artrosi\/\"},\"wordCount\":366,\"commentCount\":0,\"publisher\":{\"@id\":\"https:\/\/www.medisocial.it\/francesco-melaragni\/#organization\"},\"articleSection\":[\"Patologie\"],\"inLanguage\":\"it-IT\",\"potentialAction\":[{\"@type\":\"CommentAction\",\"name\":\"Comment\",\"target\":[\"https:\/\/www.medisocial.it\/francesco-melaragni\/2019\/09\/25\/il-dr-francesco-melaragni-ci-parla-di-artrosi\/#respond\"]}]},{\"@type\":\"WebPage\",\"@id\":\"https:\/\/www.medisocial.it\/francesco-melaragni\/2019\/09\/25\/il-dr-francesco-melaragni-ci-parla-di-artrosi\/\",\"url\":\"https:\/\/www.medisocial.it\/francesco-melaragni\/2019\/09\/25\/il-dr-francesco-melaragni-ci-parla-di-artrosi\/\",\"name\":\"Il Dr. Francesco Melaragni ci parla di Artrosi - Dott. Francesco Melaragni\",\"isPartOf\":{\"@id\":\"https:\/\/www.medisocial.it\/francesco-melaragni\/#website\"},\"datePublished\":\"2019-09-25T09:49:43+00:00\",\"dateModified\":\"2019-09-25T10:28:28+00:00\",\"description\":\"Il Dr. Francesco Melaragni ci parla dell'Artrosi proponendoci un interessante articolo tratto dal web che tratta sintomi, cause, rimedi e prevenzione\",\"breadcrumb\":{\"@id\":\"https:\/\/www.medisocial.it\/francesco-melaragni\/2019\/09\/25\/il-dr-francesco-melaragni-ci-parla-di-artrosi\/#breadcrumb\"},\"inLanguage\":\"it-IT\",\"potentialAction\":[{\"@type\":\"ReadAction\",\"target\":[\"https:\/\/www.medisocial.it\/francesco-melaragni\/2019\/09\/25\/il-dr-francesco-melaragni-ci-parla-di-artrosi\/\"]}]},{\"@type\":\"BreadcrumbList\",\"@id\":\"https:\/\/www.medisocial.it\/francesco-melaragni\/2019\/09\/25\/il-dr-francesco-melaragni-ci-parla-di-artrosi\/#breadcrumb\",\"itemListElement\":[{\"@type\":\"ListItem\",\"position\":1,\"name\":\"Home\",\"item\":\"https:\/\/www.medisocial.it\/francesco-melaragni\/\"},{\"@type\":\"ListItem\",\"position\":2,\"name\":\"Il Dr. Francesco Melaragni ci parla di Artrosi\"}]},{\"@type\":\"WebSite\",\"@id\":\"https:\/\/www.medisocial.it\/francesco-melaragni\/#website\",\"url\":\"https:\/\/www.medisocial.it\/francesco-melaragni\/\",\"name\":\"Dott. Francesco Melaragni\",\"description\":\"Specialista in Ortopedia e Traumatologia\",\"publisher\":{\"@id\":\"https:\/\/www.medisocial.it\/francesco-melaragni\/#organization\"},\"potentialAction\":[{\"@type\":\"SearchAction\",\"target\":{\"@type\":\"EntryPoint\",\"urlTemplate\":\"https:\/\/www.medisocial.it\/francesco-melaragni\/?s={search_term_string}\"},\"query-input\":\"required name=search_term_string\"}],\"inLanguage\":\"it-IT\"},{\"@type\":\"Organization\",\"@id\":\"https:\/\/www.medisocial.it\/francesco-melaragni\/#organization\",\"name\":\"Dott. Francesco Melaragni\",\"url\":\"https:\/\/www.medisocial.it\/francesco-melaragni\/\",\"logo\":{\"@type\":\"ImageObject\",\"inLanguage\":\"it-IT\",\"@id\":\"https:\/\/www.medisocial.it\/francesco-melaragni\/#\/schema\/logo\/image\/\",\"url\":\"https:\/\/www.medisocial.it\/francesco-melaragni\/wp-content\/uploads\/2019\/09\/logo-2.jpg\",\"contentUrl\":\"https:\/\/www.medisocial.it\/francesco-melaragni\/wp-content\/uploads\/2019\/09\/logo-2.jpg\",\"width\":242,\"height\":76,\"caption\":\"Dott. Francesco Melaragni\"},\"image\":{\"@id\":\"https:\/\/www.medisocial.it\/francesco-melaragni\/#\/schema\/logo\/image\/\"}},{\"@type\":\"Person\",\"@id\":\"https:\/\/www.medisocial.it\/francesco-melaragni\/#\/schema\/person\/142e46c115b01350929544c525191b4d\",\"name\":\"medisocial\",\"image\":{\"@type\":\"ImageObject\",\"inLanguage\":\"it-IT\",\"@id\":\"https:\/\/www.medisocial.it\/francesco-melaragni\/#\/schema\/person\/image\/\",\"url\":\"https:\/\/secure.gravatar.com\/avatar\/efa9393110d3610a15f45429c6613084?s=96&d=mm&r=g\",\"contentUrl\":\"https:\/\/secure.gravatar.com\/avatar\/efa9393110d3610a15f45429c6613084?s=96&d=mm&r=g\",\"caption\":\"medisocial\"}}]}<\/script>\n<!-- \/ Yoast SEO plugin. -->","yoast_head_json":{"title":"Il Dr. Francesco Melaragni ci parla di Artrosi - Dott. Francesco Melaragni","description":"Il Dr. Francesco Melaragni ci parla dell'Artrosi proponendoci un interessante articolo tratto dal web che tratta sintomi, cause, rimedi e prevenzione","robots":{"index":"index","follow":"follow","max-snippet":"max-snippet:-1","max-image-preview":"max-image-preview:large","max-video-preview":"max-video-preview:-1"},"canonical":"https:\/\/www.medisocial.it\/francesco-melaragni\/2019\/09\/25\/il-dr-francesco-melaragni-ci-parla-di-artrosi\/","og_locale":"it_IT","og_type":"article","og_title":"Il Dr. Francesco Melaragni ci parla di Artrosi - Dott. Francesco Melaragni","og_description":"Il Dr. Francesco Melaragni ci parla dell'Artrosi proponendoci un interessante articolo tratto dal web che tratta sintomi, cause, rimedi e prevenzione","og_url":"https:\/\/www.medisocial.it\/francesco-melaragni\/2019\/09\/25\/il-dr-francesco-melaragni-ci-parla-di-artrosi\/","og_site_name":"Dott. Francesco Melaragni","article_published_time":"2019-09-25T09:49:43+00:00","article_modified_time":"2019-09-25T10:28:28+00:00","og_image":[{"width":626,"height":469,"url":"https:\/\/www.medisocial.it\/francesco-melaragni\/wp-content\/uploads\/2019\/09\/ginocchio-per-radiografia-del-ginocchio-di-artrosi-e-articolazione-artificiale_18981-282.jpg","type":"image\/jpeg"}],"author":"medisocial","twitter_card":"summary_large_image","twitter_misc":{"Scritto da":"medisocial","Tempo di lettura stimato":"2 minuti"},"schema":{"@context":"https:\/\/schema.org","@graph":[{"@type":"Article","@id":"https:\/\/www.medisocial.it\/francesco-melaragni\/2019\/09\/25\/il-dr-francesco-melaragni-ci-parla-di-artrosi\/#article","isPartOf":{"@id":"https:\/\/www.medisocial.it\/francesco-melaragni\/2019\/09\/25\/il-dr-francesco-melaragni-ci-parla-di-artrosi\/"},"author":{"name":"medisocial","@id":"https:\/\/www.medisocial.it\/francesco-melaragni\/#\/schema\/person\/142e46c115b01350929544c525191b4d"},"headline":"Il Dr. Francesco Melaragni ci parla di Artrosi","datePublished":"2019-09-25T09:49:43+00:00","dateModified":"2019-09-25T10:28:28+00:00","mainEntityOfPage":{"@id":"https:\/\/www.medisocial.it\/francesco-melaragni\/2019\/09\/25\/il-dr-francesco-melaragni-ci-parla-di-artrosi\/"},"wordCount":366,"commentCount":0,"publisher":{"@id":"https:\/\/www.medisocial.it\/francesco-melaragni\/#organization"},"articleSection":["Patologie"],"inLanguage":"it-IT","potentialAction":[{"@type":"CommentAction","name":"Comment","target":["https:\/\/www.medisocial.it\/francesco-melaragni\/2019\/09\/25\/il-dr-francesco-melaragni-ci-parla-di-artrosi\/#respond"]}]},{"@type":"WebPage","@id":"https:\/\/www.medisocial.it\/francesco-melaragni\/2019\/09\/25\/il-dr-francesco-melaragni-ci-parla-di-artrosi\/","url":"https:\/\/www.medisocial.it\/francesco-melaragni\/2019\/09\/25\/il-dr-francesco-melaragni-ci-parla-di-artrosi\/","name":"Il Dr. Francesco Melaragni ci parla di Artrosi - Dott. Francesco Melaragni","isPartOf":{"@id":"https:\/\/www.medisocial.it\/francesco-melaragni\/#website"},"datePublished":"2019-09-25T09:49:43+00:00","dateModified":"2019-09-25T10:28:28+00:00","description":"Il Dr. Francesco Melaragni ci parla dell'Artrosi proponendoci un interessante articolo tratto dal web che tratta sintomi, cause, rimedi e prevenzione","breadcrumb":{"@id":"https:\/\/www.medisocial.it\/francesco-melaragni\/2019\/09\/25\/il-dr-francesco-melaragni-ci-parla-di-artrosi\/#breadcrumb"},"inLanguage":"it-IT","potentialAction":[{"@type":"ReadAction","target":["https:\/\/www.medisocial.it\/francesco-melaragni\/2019\/09\/25\/il-dr-francesco-melaragni-ci-parla-di-artrosi\/"]}]},{"@type":"BreadcrumbList","@id":"https:\/\/www.medisocial.it\/francesco-melaragni\/2019\/09\/25\/il-dr-francesco-melaragni-ci-parla-di-artrosi\/#breadcrumb","itemListElement":[{"@type":"ListItem","position":1,"name":"Home","item":"https:\/\/www.medisocial.it\/francesco-melaragni\/"},{"@type":"ListItem","position":2,"name":"Il Dr. Francesco Melaragni ci parla di Artrosi"}]},{"@type":"WebSite","@id":"https:\/\/www.medisocial.it\/francesco-melaragni\/#website","url":"https:\/\/www.medisocial.it\/francesco-melaragni\/","name":"Dott. Francesco Melaragni","description":"Specialista in Ortopedia e Traumatologia","publisher":{"@id":"https:\/\/www.medisocial.it\/francesco-melaragni\/#organization"},"potentialAction":[{"@type":"SearchAction","target":{"@type":"EntryPoint","urlTemplate":"https:\/\/www.medisocial.it\/francesco-melaragni\/?s={search_term_string}"},"query-input":"required name=search_term_string"}],"inLanguage":"it-IT"},{"@type":"Organization","@id":"https:\/\/www.medisocial.it\/francesco-melaragni\/#organization","name":"Dott. Francesco Melaragni","url":"https:\/\/www.medisocial.it\/francesco-melaragni\/","logo":{"@type":"ImageObject","inLanguage":"it-IT","@id":"https:\/\/www.medisocial.it\/francesco-melaragni\/#\/schema\/logo\/image\/","url":"https:\/\/www.medisocial.it\/francesco-melaragni\/wp-content\/uploads\/2019\/09\/logo-2.jpg","contentUrl":"https:\/\/www.medisocial.it\/francesco-melaragni\/wp-content\/uploads\/2019\/09\/logo-2.jpg","width":242,"height":76,"caption":"Dott. Francesco Melaragni"},"image":{"@id":"https:\/\/www.medisocial.it\/francesco-melaragni\/#\/schema\/logo\/image\/"}},{"@type":"Person","@id":"https:\/\/www.medisocial.it\/francesco-melaragni\/#\/schema\/person\/142e46c115b01350929544c525191b4d","name":"medisocial","image":{"@type":"ImageObject","inLanguage":"it-IT","@id":"https:\/\/www.medisocial.it\/francesco-melaragni\/#\/schema\/person\/image\/","url":"https:\/\/secure.gravatar.com\/avatar\/efa9393110d3610a15f45429c6613084?s=96&d=mm&r=g","contentUrl":"https:\/\/secure.gravatar.com\/avatar\/efa9393110d3610a15f45429c6613084?s=96&d=mm&r=g","caption":"medisocial"}}]}},"_links":{"self":[{"href":"https:\/\/www.medisocial.it\/francesco-melaragni\/wp-json\/wp\/v2\/posts\/139"}],"collection":[{"href":"https:\/\/www.medisocial.it\/francesco-melaragni\/wp-json\/wp\/v2\/posts"}],"about":[{"href":"https:\/\/www.medisocial.it\/francesco-melaragni\/wp-json\/wp\/v2\/types\/post"}],"author":[{"embeddable":true,"href":"https:\/\/www.medisocial.it\/francesco-melaragni\/wp-json\/wp\/v2\/users\/1"}],"replies":[{"embeddable":true,"href":"https:\/\/www.medisocial.it\/francesco-melaragni\/wp-json\/wp\/v2\/comments?post=139"}],"version-history":[{"count":6,"href":"https:\/\/www.medisocial.it\/francesco-melaragni\/wp-json\/wp\/v2\/posts\/139\/revisions"}],"predecessor-version":[{"id":145,"href":"https:\/\/www.medisocial.it\/francesco-melaragni\/wp-json\/wp\/v2\/posts\/139\/revisions\/145"}],"wp:featuredmedia":[{"embeddable":true,"href":"https:\/\/www.medisocial.it\/francesco-melaragni\/wp-json\/wp\/v2\/media\/146"}],"wp:attachment":[{"href":"https:\/\/www.medisocial.it\/francesco-melaragni\/wp-json\/wp\/v2\/media?parent=139"}],"wp:term":[{"taxonomy":"category","embeddable":true,"href":"https:\/\/www.medisocial.it\/francesco-melaragni\/wp-json\/wp\/v2\/categories?post=139"},{"taxonomy":"post_tag","embeddable":true,"href":"https:\/\/www.medisocial.it\/francesco-melaragni\/wp-json\/wp\/v2\/tags?post=139"}],"curies":[{"name":"wp","href":"https:\/\/api.w.org\/{rel}","templated":true}]}}