{"id":805,"date":"2020-12-18T16:34:08","date_gmt":"2020-12-18T15:34:08","guid":{"rendered":"https:\/\/www.medisocial.it\/endocrinologiaediabete\/?p=805"},"modified":"2020-12-18T16:40:43","modified_gmt":"2020-12-18T15:40:43","slug":"obesita-genetica-o-stile-di-vita","status":"publish","type":"post","link":"https:\/\/www.medisocial.it\/endocrinologiaediabete\/2020\/12\/18\/obesita-genetica-o-stile-di-vita\/","title":{"rendered":"Obesit\u00e0: genetica o stile di vita?"},"content":{"rendered":"\n<p><strong>Obesit\u00e0: genetica o stile di vita?<\/strong><br>Il senso di fame e di saziet\u00e0 viene regolato da una serie di ormoni e neuropeptidi codificati in circa 80 geni.<\/p>\n\n\n\n<h4 class=\"has-text-align-left wp-block-heading\"><strong>Il ruolo centrale lo svolgono due ormoni: la grelina e la leptina.<\/strong><\/h4>\n\n\n\n<p>La grelina, l\u2019ormone della fame, viene prodotta principalmente da cellule specializzate poste nel fondo dello stomaco nello stato di digiuno, quando lo stomaco \u00e8 vuoto.<\/p>\n\n\n\n<p>La leptina, l\u2019ormone della saziet\u00e0, viene liberata dagli adipociti, le cellule che immagazzinano i grassi.<\/p>\n\n\n\n<p>I due ormoni agiscono prevalentemente a livello dell\u2019ipotalamo, al centro del cervello, inducendo la sintesi di neuropeptidi e la successiva liberazione di neurotrasmettitori che provocano lo stato di fame o di saziet\u00e0.<\/p>\n\n\n\n<h4 class=\"wp-block-heading\"><strong>Una tappa importante, nel tentativo di capire il complesso rapporto fra fame e saziet\u00e0, \u00e8 stata la scoperta della leptina.<\/strong><\/h4>\n\n\n\n<p>A questo fine hanno contribuito in maniera determinante gli studi sugli indiani Pima, indiani americani che vivono nel Sud dell\u2019Arizona (fig.1). <\/p>\n\n\n\n<figure class=\"wp-block-image size-large\"><img loading=\"lazy\" decoding=\"async\" width=\"1024\" height=\"683\" src=\"https:\/\/www.medisocial.it\/endocrinologiaediabete\/wp-content\/uploads\/2020\/12\/obesita\u0300-1024x683.jpg\" alt=\"\" class=\"wp-image-809\" srcset=\"https:\/\/www.medisocial.it\/endocrinologiaediabete\/wp-content\/uploads\/2020\/12\/obesita\u0300-1024x683.jpg 1024w, https:\/\/www.medisocial.it\/endocrinologiaediabete\/wp-content\/uploads\/2020\/12\/obesita\u0300-300x200.jpg 300w, https:\/\/www.medisocial.it\/endocrinologiaediabete\/wp-content\/uploads\/2020\/12\/obesita\u0300-768x512.jpg 768w, https:\/\/www.medisocial.it\/endocrinologiaediabete\/wp-content\/uploads\/2020\/12\/obesita\u0300-1536x1024.jpg 1536w, https:\/\/www.medisocial.it\/endocrinologiaediabete\/wp-content\/uploads\/2020\/12\/obesita\u0300-2048x1365.jpg 2048w\" sizes=\"(max-width: 1024px) 100vw, 1024px\" \/><\/figure>\n\n\n\n<p>La maggior parte di loro \u00e8 obesa. E\u2019la popolazione con la pi\u00f9 alta prevalenza di diabete tipo 2 a livello mondiale.<\/p>\n\n\n\n<p>Una situazione simile si ritrova negli abitanti di alcune piccole isole del Pacifico (Pacific islanders) (fig.2). Sono gli individui con la pi\u00f9 alta prevalenza di obesit\u00e0 a livello mondiale.<\/p>\n\n\n\n<figure class=\"wp-block-image size-large\"><img loading=\"lazy\" decoding=\"async\" width=\"480\" height=\"360\" src=\"https:\/\/www.medisocial.it\/endocrinologiaediabete\/wp-content\/uploads\/2020\/12\/obesita\u03002.jpg\" alt=\"\" class=\"wp-image-810\" srcset=\"https:\/\/www.medisocial.it\/endocrinologiaediabete\/wp-content\/uploads\/2020\/12\/obesita\u03002.jpg 480w, https:\/\/www.medisocial.it\/endocrinologiaediabete\/wp-content\/uploads\/2020\/12\/obesita\u03002-300x225.jpg 300w\" sizes=\"(max-width: 480px) 100vw, 480px\" \/><\/figure>\n\n\n\n<p>Queste popolazioni in passato hanno attraversato ricorrenti carestie alimentari. Tali eventi hanno fatto s\u00ec che sopravvivessero e quindi venissero geneticamente selezionati quegli individui capaci di assimilare maggiori quantit\u00e0 di cibo nei periodi di abbondanza, perch\u00e9 \u201cinsaziabili\u201d. Attualmente, in una condizione di eccesso di cibo, questi individui \u201cinsaziabili\u201d (un tempo in grado di sopravvivere alle carestie), diventano obesi e diabetici.<\/p>\n\n\n\n<p>Gli indiani Pima hanno dei difetti genetici nella cascata di reazioni che la leptina, l\u2019ormone della saziet\u00e0, attiva. C\u2019\u00e8 una resistenza all\u2019azione della leptina. Il meccanismo della saziet\u00e0 negli indiani Pima \u00e8 deficitario, carente.<\/p>\n\n\n\n<h4 class=\"wp-block-heading\"><strong>Altri difetti genetici che portano all\u2019obesit\u00e0 sono stati individuati.<\/strong><\/h4>\n\n\n\n<p>Il recettore della grelina, l\u2019ormone della fame, pu\u00f2 avere una attivit\u00e0 basale alta e quindi essere attivo anche in assenza di grelina. Individui con questa caratteristica genetica hanno fame indipendentemente dalla situazione del loro stomaco.<\/p>\n\n\n\n<p>L\u2019obesit\u00e0 si sviluppa quando l\u2019apporto energetico alimentare supera il consumo energetico per un lungo periodo di tempo.<\/p>\n\n\n\n<p>L\u2019ampia disponibilit\u00e0 di cibo ad alto contenuto energetico e a costi bassi (junk food), ha favorito un aumento dei consumi alimentari.<\/p>\n\n\n\n<p>Tutto ci\u00f2 \u00e8 spesso accompagnato a una riduzione dell\u2019attivit\u00e0 fisica, dovuta alla disponibilit\u00e0 di passatempi sedentari (cellulari, televisione, computers, tablets, giochi elettronici), attivit\u00e0 lavorative sedentarie, uso smodato dei mezzi di trasporto.<\/p>\n\n\n\n<p>Il futuro probabilmente ci riserver\u00e0 la possibilit\u00e0 di individuare nei singoli soggetti obesi quelle varianti genetiche che portano a una iperattivit\u00e0 del centro della fame e\/o una ipoattivit\u00e0 del centro della saziet\u00e0 (meccanismi che hanno consentito la sopravvivenza in tempi di carestia) e di agire farmacologicamente in maniera personalizzata su questi meccanismi.<\/p>\n\n\n\n<p><strong><em>Al momento per prevenire o ridurre l\u2019obesit\u00e0 gli strumenti di prima linea che abbiamo a disposizione sono la diminuzione dell\u2019apporto calorico, attraverso una modifica della dieta, l\u2019aumento del consumo energetico attraverso l\u2019attivit\u00e0 fisica.<\/em><\/strong><\/p>\n\n\n\n<p>Una dieta ricca in fibre, polifenoli, acidi grassi mono e polinsaturi, povera in grassi animali e carboidrati ad alto indice glicemico \u00e8 il primo strumento a nostra disposizione, riservando step successivi quali diete ipocaloriche chetogene, farmaci, chirurgia bariatrica in caso di fallimento delle modificazioni dello stile di vita.<\/p>\n\n\n\n<p>Per ulteriori approfondimenti, potete consultare tutti gli altri articoli contenuti nella sezione &#8220;Obesit\u00e0&#8221; di questo sito.<\/p>\n\n\n\n<h4 class=\"wp-block-heading\"><strong>Se avete problemi di obesit\u00e0 e desiderate prenotare una visita di consulto, andate subito nella sezione <a href=\"https:\/\/www.medisocial.it\/endocrinologiaediabete\/contatti\/\">Contatti<\/a> di questo sito.<\/strong><\/h4>\n\n\n\n<p><\/p>\n","protected":false},"excerpt":{"rendered":"<p>Obesit\u00e0: genetica o stile di vita?Il senso di fame e di saziet\u00e0 viene regolato da una serie di ormoni e neuropeptidi codificati in circa 80 geni. Il ruolo centrale lo svolgono due ormoni: la grelina e la leptina. La grelina, l\u2019ormone della fame, viene prodotta principalmente da cellule specializzate poste nel fondo dello stomaco nello [&hellip;]<\/p>\n","protected":false},"author":1,"featured_media":811,"comment_status":"open","ping_status":"open","sticky":false,"template":"","format":"standard","meta":{"_citadela_custom_class":"","footnotes":""},"categories":[20,7],"tags":[47,229,222,226,228,225,227,34,224,230,223],"citadela-post-location":[],"yoast_head":"<!-- This site is optimized with the Yoast SEO plugin v22.8 - https:\/\/yoast.com\/wordpress\/plugins\/seo\/ -->\n<title>Obesit\u00e0: genetica o stile di vita? - Dott.ssa Claudia Brufani<\/title>\n<meta name=\"description\" content=\"Obesit\u00e0: genetica o stile di vita Il senso di fame e di saziet\u00e0 viene regolato da una serie di ormoni e neuropeptidi codificati in 80 geni\" \/>\n<meta name=\"robots\" content=\"index, follow, max-snippet:-1, max-image-preview:large, max-video-preview:-1\" \/>\n<link rel=\"canonical\" href=\"https:\/\/www.medisocial.it\/endocrinologiaediabete\/2020\/12\/18\/obesita-genetica-o-stile-di-vita\/\" \/>\n<meta property=\"og:locale\" content=\"it_IT\" \/>\n<meta property=\"og:type\" content=\"article\" \/>\n<meta property=\"og:title\" content=\"Obesit\u00e0: genetica o stile di vita? - Dott.ssa Claudia Brufani\" \/>\n<meta property=\"og:description\" content=\"Obesit\u00e0: genetica o stile di vita Il senso di fame e di saziet\u00e0 viene regolato da una serie di ormoni e neuropeptidi codificati in 80 geni\" \/>\n<meta property=\"og:url\" content=\"https:\/\/www.medisocial.it\/endocrinologiaediabete\/2020\/12\/18\/obesita-genetica-o-stile-di-vita\/\" \/>\n<meta property=\"og:site_name\" content=\"Dott.ssa Claudia Brufani\" \/>\n<meta property=\"article:published_time\" content=\"2020-12-18T15:34:08+00:00\" \/>\n<meta property=\"article:modified_time\" content=\"2020-12-18T15:40:43+00:00\" \/>\n<meta property=\"og:image\" content=\"https:\/\/www.medisocial.it\/endocrinologiaediabete\/wp-content\/uploads\/2020\/12\/obesita\u0300-3.jpg\" \/>\n\t<meta property=\"og:image:width\" content=\"600\" \/>\n\t<meta property=\"og:image:height\" content=\"165\" \/>\n\t<meta property=\"og:image:type\" content=\"image\/jpeg\" \/>\n<meta name=\"author\" content=\"Claudia Brufani\" \/>\n<meta name=\"twitter:card\" content=\"summary_large_image\" \/>\n<meta name=\"twitter:label1\" content=\"Scritto da\" \/>\n\t<meta name=\"twitter:data1\" content=\"Claudia Brufani\" \/>\n\t<meta name=\"twitter:label2\" content=\"Tempo di lettura stimato\" \/>\n\t<meta name=\"twitter:data2\" content=\"3 minuti\" \/>\n<script type=\"application\/ld+json\" class=\"yoast-schema-graph\">{\"@context\":\"https:\/\/schema.org\",\"@graph\":[{\"@type\":\"Article\",\"@id\":\"https:\/\/www.medisocial.it\/endocrinologiaediabete\/2020\/12\/18\/obesita-genetica-o-stile-di-vita\/#article\",\"isPartOf\":{\"@id\":\"https:\/\/www.medisocial.it\/endocrinologiaediabete\/2020\/12\/18\/obesita-genetica-o-stile-di-vita\/\"},\"author\":{\"name\":\"Claudia Brufani\",\"@id\":\"https:\/\/www.medisocial.it\/endocrinologiaediabete\/#\/schema\/person\/4e70e0b15617eebf2b5240c1f84e1138\"},\"headline\":\"Obesit\u00e0: genetica o stile di vita?\",\"datePublished\":\"2020-12-18T15:34:08+00:00\",\"dateModified\":\"2020-12-18T15:40:43+00:00\",\"mainEntityOfPage\":{\"@id\":\"https:\/\/www.medisocial.it\/endocrinologiaediabete\/2020\/12\/18\/obesita-genetica-o-stile-di-vita\/\"},\"wordCount\":593,\"commentCount\":0,\"publisher\":{\"@id\":\"https:\/\/www.medisocial.it\/endocrinologiaediabete\/#\/schema\/person\/4e70e0b15617eebf2b5240c1f84e1138\"},\"image\":{\"@id\":\"https:\/\/www.medisocial.it\/endocrinologiaediabete\/2020\/12\/18\/obesita-genetica-o-stile-di-vita\/#primaryimage\"},\"thumbnailUrl\":\"https:\/\/www.medisocial.it\/endocrinologiaediabete\/wp-content\/uploads\/2020\/12\/obesita\u0300-3.jpg\",\"keywords\":[\"diabete tipo 2\",\"fame\",\"genetica\",\"grelina\",\"indiani Pima\",\"ipotalamo\",\"leptina\",\"obesit\u00e0\",\"Pacific islanders\",\"saziet\u00e0\",\"senso di fame\"],\"articleSection\":[\"Obesit\u00e0\",\"Patologie e trattamenti\"],\"inLanguage\":\"it-IT\",\"potentialAction\":[{\"@type\":\"CommentAction\",\"name\":\"Comment\",\"target\":[\"https:\/\/www.medisocial.it\/endocrinologiaediabete\/2020\/12\/18\/obesita-genetica-o-stile-di-vita\/#respond\"]}]},{\"@type\":\"WebPage\",\"@id\":\"https:\/\/www.medisocial.it\/endocrinologiaediabete\/2020\/12\/18\/obesita-genetica-o-stile-di-vita\/\",\"url\":\"https:\/\/www.medisocial.it\/endocrinologiaediabete\/2020\/12\/18\/obesita-genetica-o-stile-di-vita\/\",\"name\":\"Obesit\u00e0: genetica o stile di vita? - Dott.ssa Claudia Brufani\",\"isPartOf\":{\"@id\":\"https:\/\/www.medisocial.it\/endocrinologiaediabete\/#website\"},\"primaryImageOfPage\":{\"@id\":\"https:\/\/www.medisocial.it\/endocrinologiaediabete\/2020\/12\/18\/obesita-genetica-o-stile-di-vita\/#primaryimage\"},\"image\":{\"@id\":\"https:\/\/www.medisocial.it\/endocrinologiaediabete\/2020\/12\/18\/obesita-genetica-o-stile-di-vita\/#primaryimage\"},\"thumbnailUrl\":\"https:\/\/www.medisocial.it\/endocrinologiaediabete\/wp-content\/uploads\/2020\/12\/obesita\u0300-3.jpg\",\"datePublished\":\"2020-12-18T15:34:08+00:00\",\"dateModified\":\"2020-12-18T15:40:43+00:00\",\"description\":\"Obesit\u00e0: genetica o stile di vita Il senso di fame e di saziet\u00e0 viene regolato da una serie di ormoni e neuropeptidi codificati in 80 geni\",\"breadcrumb\":{\"@id\":\"https:\/\/www.medisocial.it\/endocrinologiaediabete\/2020\/12\/18\/obesita-genetica-o-stile-di-vita\/#breadcrumb\"},\"inLanguage\":\"it-IT\",\"potentialAction\":[{\"@type\":\"ReadAction\",\"target\":[\"https:\/\/www.medisocial.it\/endocrinologiaediabete\/2020\/12\/18\/obesita-genetica-o-stile-di-vita\/\"]}]},{\"@type\":\"ImageObject\",\"inLanguage\":\"it-IT\",\"@id\":\"https:\/\/www.medisocial.it\/endocrinologiaediabete\/2020\/12\/18\/obesita-genetica-o-stile-di-vita\/#primaryimage\",\"url\":\"https:\/\/www.medisocial.it\/endocrinologiaediabete\/wp-content\/uploads\/2020\/12\/obesita\u0300-3.jpg\",\"contentUrl\":\"https:\/\/www.medisocial.it\/endocrinologiaediabete\/wp-content\/uploads\/2020\/12\/obesita\u0300-3.jpg\",\"width\":600,\"height\":165,\"caption\":\"obesita\u0300\"},{\"@type\":\"BreadcrumbList\",\"@id\":\"https:\/\/www.medisocial.it\/endocrinologiaediabete\/2020\/12\/18\/obesita-genetica-o-stile-di-vita\/#breadcrumb\",\"itemListElement\":[{\"@type\":\"ListItem\",\"position\":1,\"name\":\"Home\",\"item\":\"https:\/\/www.medisocial.it\/endocrinologiaediabete\/\"},{\"@type\":\"ListItem\",\"position\":2,\"name\":\"Obesit\u00e0: genetica o stile di vita?\"}]},{\"@type\":\"WebSite\",\"@id\":\"https:\/\/www.medisocial.it\/endocrinologiaediabete\/#website\",\"url\":\"https:\/\/www.medisocial.it\/endocrinologiaediabete\/\",\"name\":\"Dott.ssa Claudia Brufani\",\"description\":\"Specialista in Endocrinologia e Diabetologia\",\"publisher\":{\"@id\":\"https:\/\/www.medisocial.it\/endocrinologiaediabete\/#\/schema\/person\/4e70e0b15617eebf2b5240c1f84e1138\"},\"potentialAction\":[{\"@type\":\"SearchAction\",\"target\":{\"@type\":\"EntryPoint\",\"urlTemplate\":\"https:\/\/www.medisocial.it\/endocrinologiaediabete\/?s={search_term_string}\"},\"query-input\":\"required name=search_term_string\"}],\"inLanguage\":\"it-IT\"},{\"@type\":[\"Person\",\"Organization\"],\"@id\":\"https:\/\/www.medisocial.it\/endocrinologiaediabete\/#\/schema\/person\/4e70e0b15617eebf2b5240c1f84e1138\",\"name\":\"Claudia Brufani\",\"image\":{\"@type\":\"ImageObject\",\"inLanguage\":\"it-IT\",\"@id\":\"https:\/\/www.medisocial.it\/endocrinologiaediabete\/#\/schema\/person\/image\/\",\"url\":\"https:\/\/secure.gravatar.com\/avatar\/efa9393110d3610a15f45429c6613084?s=96&d=mm&r=g\",\"contentUrl\":\"https:\/\/secure.gravatar.com\/avatar\/efa9393110d3610a15f45429c6613084?s=96&d=mm&r=g\",\"caption\":\"Claudia Brufani\"},\"logo\":{\"@id\":\"https:\/\/www.medisocial.it\/endocrinologiaediabete\/#\/schema\/person\/image\/\"}}]}<\/script>\n<!-- \/ Yoast SEO plugin. -->","yoast_head_json":{"title":"Obesit\u00e0: genetica o stile di vita? - Dott.ssa Claudia Brufani","description":"Obesit\u00e0: genetica o stile di vita Il senso di fame e di saziet\u00e0 viene regolato da una serie di ormoni e neuropeptidi codificati in 80 geni","robots":{"index":"index","follow":"follow","max-snippet":"max-snippet:-1","max-image-preview":"max-image-preview:large","max-video-preview":"max-video-preview:-1"},"canonical":"https:\/\/www.medisocial.it\/endocrinologiaediabete\/2020\/12\/18\/obesita-genetica-o-stile-di-vita\/","og_locale":"it_IT","og_type":"article","og_title":"Obesit\u00e0: genetica o stile di vita? - Dott.ssa Claudia Brufani","og_description":"Obesit\u00e0: genetica o stile di vita Il senso di fame e di saziet\u00e0 viene regolato da una serie di ormoni e neuropeptidi codificati in 80 geni","og_url":"https:\/\/www.medisocial.it\/endocrinologiaediabete\/2020\/12\/18\/obesita-genetica-o-stile-di-vita\/","og_site_name":"Dott.ssa Claudia Brufani","article_published_time":"2020-12-18T15:34:08+00:00","article_modified_time":"2020-12-18T15:40:43+00:00","og_image":[{"width":600,"height":165,"url":"https:\/\/www.medisocial.it\/endocrinologiaediabete\/wp-content\/uploads\/2020\/12\/obesita\u0300-3.jpg","type":"image\/jpeg"}],"author":"Claudia Brufani","twitter_card":"summary_large_image","twitter_misc":{"Scritto da":"Claudia Brufani","Tempo di lettura stimato":"3 minuti"},"schema":{"@context":"https:\/\/schema.org","@graph":[{"@type":"Article","@id":"https:\/\/www.medisocial.it\/endocrinologiaediabete\/2020\/12\/18\/obesita-genetica-o-stile-di-vita\/#article","isPartOf":{"@id":"https:\/\/www.medisocial.it\/endocrinologiaediabete\/2020\/12\/18\/obesita-genetica-o-stile-di-vita\/"},"author":{"name":"Claudia Brufani","@id":"https:\/\/www.medisocial.it\/endocrinologiaediabete\/#\/schema\/person\/4e70e0b15617eebf2b5240c1f84e1138"},"headline":"Obesit\u00e0: genetica o stile di vita?","datePublished":"2020-12-18T15:34:08+00:00","dateModified":"2020-12-18T15:40:43+00:00","mainEntityOfPage":{"@id":"https:\/\/www.medisocial.it\/endocrinologiaediabete\/2020\/12\/18\/obesita-genetica-o-stile-di-vita\/"},"wordCount":593,"commentCount":0,"publisher":{"@id":"https:\/\/www.medisocial.it\/endocrinologiaediabete\/#\/schema\/person\/4e70e0b15617eebf2b5240c1f84e1138"},"image":{"@id":"https:\/\/www.medisocial.it\/endocrinologiaediabete\/2020\/12\/18\/obesita-genetica-o-stile-di-vita\/#primaryimage"},"thumbnailUrl":"https:\/\/www.medisocial.it\/endocrinologiaediabete\/wp-content\/uploads\/2020\/12\/obesita\u0300-3.jpg","keywords":["diabete tipo 2","fame","genetica","grelina","indiani Pima","ipotalamo","leptina","obesit\u00e0","Pacific islanders","saziet\u00e0","senso di fame"],"articleSection":["Obesit\u00e0","Patologie e trattamenti"],"inLanguage":"it-IT","potentialAction":[{"@type":"CommentAction","name":"Comment","target":["https:\/\/www.medisocial.it\/endocrinologiaediabete\/2020\/12\/18\/obesita-genetica-o-stile-di-vita\/#respond"]}]},{"@type":"WebPage","@id":"https:\/\/www.medisocial.it\/endocrinologiaediabete\/2020\/12\/18\/obesita-genetica-o-stile-di-vita\/","url":"https:\/\/www.medisocial.it\/endocrinologiaediabete\/2020\/12\/18\/obesita-genetica-o-stile-di-vita\/","name":"Obesit\u00e0: genetica o stile di vita? - Dott.ssa Claudia Brufani","isPartOf":{"@id":"https:\/\/www.medisocial.it\/endocrinologiaediabete\/#website"},"primaryImageOfPage":{"@id":"https:\/\/www.medisocial.it\/endocrinologiaediabete\/2020\/12\/18\/obesita-genetica-o-stile-di-vita\/#primaryimage"},"image":{"@id":"https:\/\/www.medisocial.it\/endocrinologiaediabete\/2020\/12\/18\/obesita-genetica-o-stile-di-vita\/#primaryimage"},"thumbnailUrl":"https:\/\/www.medisocial.it\/endocrinologiaediabete\/wp-content\/uploads\/2020\/12\/obesita\u0300-3.jpg","datePublished":"2020-12-18T15:34:08+00:00","dateModified":"2020-12-18T15:40:43+00:00","description":"Obesit\u00e0: genetica o stile di vita Il senso di fame e di saziet\u00e0 viene regolato da una serie di ormoni e neuropeptidi codificati in 80 geni","breadcrumb":{"@id":"https:\/\/www.medisocial.it\/endocrinologiaediabete\/2020\/12\/18\/obesita-genetica-o-stile-di-vita\/#breadcrumb"},"inLanguage":"it-IT","potentialAction":[{"@type":"ReadAction","target":["https:\/\/www.medisocial.it\/endocrinologiaediabete\/2020\/12\/18\/obesita-genetica-o-stile-di-vita\/"]}]},{"@type":"ImageObject","inLanguage":"it-IT","@id":"https:\/\/www.medisocial.it\/endocrinologiaediabete\/2020\/12\/18\/obesita-genetica-o-stile-di-vita\/#primaryimage","url":"https:\/\/www.medisocial.it\/endocrinologiaediabete\/wp-content\/uploads\/2020\/12\/obesita\u0300-3.jpg","contentUrl":"https:\/\/www.medisocial.it\/endocrinologiaediabete\/wp-content\/uploads\/2020\/12\/obesita\u0300-3.jpg","width":600,"height":165,"caption":"obesita\u0300"},{"@type":"BreadcrumbList","@id":"https:\/\/www.medisocial.it\/endocrinologiaediabete\/2020\/12\/18\/obesita-genetica-o-stile-di-vita\/#breadcrumb","itemListElement":[{"@type":"ListItem","position":1,"name":"Home","item":"https:\/\/www.medisocial.it\/endocrinologiaediabete\/"},{"@type":"ListItem","position":2,"name":"Obesit\u00e0: genetica o stile di vita?"}]},{"@type":"WebSite","@id":"https:\/\/www.medisocial.it\/endocrinologiaediabete\/#website","url":"https:\/\/www.medisocial.it\/endocrinologiaediabete\/","name":"Dott.ssa Claudia Brufani","description":"Specialista in Endocrinologia e Diabetologia","publisher":{"@id":"https:\/\/www.medisocial.it\/endocrinologiaediabete\/#\/schema\/person\/4e70e0b15617eebf2b5240c1f84e1138"},"potentialAction":[{"@type":"SearchAction","target":{"@type":"EntryPoint","urlTemplate":"https:\/\/www.medisocial.it\/endocrinologiaediabete\/?s={search_term_string}"},"query-input":"required name=search_term_string"}],"inLanguage":"it-IT"},{"@type":["Person","Organization"],"@id":"https:\/\/www.medisocial.it\/endocrinologiaediabete\/#\/schema\/person\/4e70e0b15617eebf2b5240c1f84e1138","name":"Claudia Brufani","image":{"@type":"ImageObject","inLanguage":"it-IT","@id":"https:\/\/www.medisocial.it\/endocrinologiaediabete\/#\/schema\/person\/image\/","url":"https:\/\/secure.gravatar.com\/avatar\/efa9393110d3610a15f45429c6613084?s=96&d=mm&r=g","contentUrl":"https:\/\/secure.gravatar.com\/avatar\/efa9393110d3610a15f45429c6613084?s=96&d=mm&r=g","caption":"Claudia Brufani"},"logo":{"@id":"https:\/\/www.medisocial.it\/endocrinologiaediabete\/#\/schema\/person\/image\/"}}]}},"_links":{"self":[{"href":"https:\/\/www.medisocial.it\/endocrinologiaediabete\/wp-json\/wp\/v2\/posts\/805"}],"collection":[{"href":"https:\/\/www.medisocial.it\/endocrinologiaediabete\/wp-json\/wp\/v2\/posts"}],"about":[{"href":"https:\/\/www.medisocial.it\/endocrinologiaediabete\/wp-json\/wp\/v2\/types\/post"}],"author":[{"embeddable":true,"href":"https:\/\/www.medisocial.it\/endocrinologiaediabete\/wp-json\/wp\/v2\/users\/1"}],"replies":[{"embeddable":true,"href":"https:\/\/www.medisocial.it\/endocrinologiaediabete\/wp-json\/wp\/v2\/comments?post=805"}],"version-history":[{"count":0,"href":"https:\/\/www.medisocial.it\/endocrinologiaediabete\/wp-json\/wp\/v2\/posts\/805\/revisions"}],"wp:featuredmedia":[{"embeddable":true,"href":"https:\/\/www.medisocial.it\/endocrinologiaediabete\/wp-json\/wp\/v2\/media\/811"}],"wp:attachment":[{"href":"https:\/\/www.medisocial.it\/endocrinologiaediabete\/wp-json\/wp\/v2\/media?parent=805"}],"wp:term":[{"taxonomy":"category","embeddable":true,"href":"https:\/\/www.medisocial.it\/endocrinologiaediabete\/wp-json\/wp\/v2\/categories?post=805"},{"taxonomy":"post_tag","embeddable":true,"href":"https:\/\/www.medisocial.it\/endocrinologiaediabete\/wp-json\/wp\/v2\/tags?post=805"},{"taxonomy":"citadela-post-location","embeddable":true,"href":"https:\/\/www.medisocial.it\/endocrinologiaediabete\/wp-json\/wp\/v2\/citadela-post-location?post=805"}],"curies":[{"name":"wp","href":"https:\/\/api.w.org\/{rel}","templated":true}]}}