{"id":800,"date":"2020-12-17T17:48:18","date_gmt":"2020-12-17T16:48:18","guid":{"rendered":"https:\/\/www.medisocial.it\/endocrinologiaediabete\/?p=800"},"modified":"2020-12-17T17:49:19","modified_gmt":"2020-12-17T16:49:19","slug":"la-tiroide-post-partum","status":"publish","type":"post","link":"https:\/\/www.medisocial.it\/endocrinologiaediabete\/2020\/12\/17\/la-tiroide-post-partum\/","title":{"rendered":"La tiroide nel post partum"},"content":{"rendered":"\n<p>La tiroide nel post partum<br>Video e testi tratti, con autorizzazione, dal sito <a href=\"http:\/\/www.abcmamma.tv\">abcmamma.tv<\/a><\/p>\n\n\n\n<figure class=\"wp-block-embed-youtube wp-block-embed is-type-video is-provider-youtube wp-embed-aspect-16-9 wp-has-aspect-ratio\"><div class=\"wp-block-embed__wrapper\">\n<iframe loading=\"lazy\" title=\"Tiroidite post partum\" width=\"500\" height=\"281\" src=\"https:\/\/www.youtube.com\/embed\/TZezbqbx46Y?feature=oembed\" frameborder=\"0\" allow=\"accelerometer; autoplay; clipboard-write; encrypted-media; gyroscope; picture-in-picture; web-share\" referrerpolicy=\"strict-origin-when-cross-origin\" allowfullscreen><\/iframe>\n<\/div><\/figure>\n\n\n\n<p>La tiroide \u00e8 fondamentale in gravidanza, pu\u00f2 dar segno di s\u00e9 con le patologie, ma della tiroide non ci dobbiamo dimenticare neanche dopo la gravidanza, nel post partum. <\/p>\n\n\n\n<p>E\u2019 importante che la tiroide funzioni alla perfezione perch\u00e9 l\u2019allattamento venga portato avanti dalla donna. <\/p>\n\n\n\n<p>Dobbiamo ricordare che esistono delle patologie che hanno un picco di incidenza nella fase di post partum, sono appunto le tiroiditi post partum che si verificano a distanza di qualche mese. <\/p>\n\n\n\n<p>La gravidanza mette infatti a tacere tutti i fenomeni autoimmuni ma una volta avvenuto il parto, questi si possono ripresentare in una donna che ne sia predisposta; bisogna tenere a mente che una donna che abbia dei sintomi intorno al terzo, quarto o sesto mese post partum pu\u00f2 avere un problema a carico della tiroide.<\/p>\n\n\n\n<p>La tiroidite post partum si pu\u00f2 manifestare da un punto di vista ormonale in maniera differente. <\/p>\n\n\n\n<p>Pu\u00f2 esordire con un ipertiroidismo che pu\u00f2 causare insonnia, irritabilit\u00e0, dimagrimento, tutti sintomi che possono essere confusi con quelle che sono le caratteristiche di una donna in fase di allattamento che tender\u00e0 a dormire poco, ad essere magari pi\u00f9 irritabile o a dimagrire; \u00e8 importante, invece, individuare che si tratti di una patologia, di un problema di tipo endocrinologico per poterlo inquadrare e gestire.<\/p>\n\n\n\n<p>La tiroidite post partum con ipertiroidismo pu\u00f2 poi evolvere verso l\u2019ipotiroidismo permanente o transitorio; anche in questo caso spesso l\u2019ipotiroidismo che causa stanchezza, malumore, stato depressivo, viene scambiato con una depressione post partum; invece deve essere identificato il quadro di ipotiroidismo perch\u00e9 con un trattamento abbastanza semplice e gestibile si pu\u00f2 far tornare la donna a star bene e a farle riprendere una vita normale.<\/p>\n","protected":false},"excerpt":{"rendered":"<p>La tiroide nel post partumVideo e testi tratti, con autorizzazione, dal sito abcmamma.tv La tiroide \u00e8 fondamentale in gravidanza, pu\u00f2 dar segno di s\u00e9 con le patologie, ma della tiroide non ci dobbiamo dimenticare neanche dopo la gravidanza, nel post partum. E\u2019 importante che la tiroide funzioni alla perfezione perch\u00e9 l\u2019allattamento venga portato avanti dalla [&hellip;]<\/p>\n","protected":false},"author":1,"featured_media":801,"comment_status":"open","ping_status":"open","sticky":false,"template":"","format":"standard","meta":{"_citadela_custom_class":"","footnotes":""},"categories":[11,13],"tags":[218,216,21,52,40,215,213,152,217,219,221,214,118,220,153,128],"citadela-post-location":[],"yoast_head":"<!-- This site is optimized with the Yoast SEO plugin v22.8 - https:\/\/yoast.com\/wordpress\/plugins\/seo\/ -->\n<title>La tiroide nel post partum - Dott.ssa Claudia Brufani<\/title>\n<meta name=\"description\" content=\"La tiroide nel post partum La tiroide, fondamentale in gravidanza, pu\u00f2 dar segno di s\u00e9 con patologie ma dobbiamo ricordare anche nel post partum\" \/>\n<meta name=\"robots\" content=\"index, follow, max-snippet:-1, max-image-preview:large, max-video-preview:-1\" \/>\n<link rel=\"canonical\" href=\"https:\/\/www.medisocial.it\/endocrinologiaediabete\/2020\/12\/17\/la-tiroide-post-partum\/\" \/>\n<meta property=\"og:locale\" content=\"it_IT\" \/>\n<meta property=\"og:type\" content=\"article\" \/>\n<meta property=\"og:title\" content=\"La tiroide nel post partum - Dott.ssa Claudia Brufani\" \/>\n<meta property=\"og:description\" content=\"La tiroide nel post partum La tiroide, fondamentale in gravidanza, pu\u00f2 dar segno di s\u00e9 con patologie ma dobbiamo ricordare anche nel post partum\" \/>\n<meta property=\"og:url\" content=\"https:\/\/www.medisocial.it\/endocrinologiaediabete\/2020\/12\/17\/la-tiroide-post-partum\/\" \/>\n<meta property=\"og:site_name\" content=\"Dott.ssa Claudia Brufani\" \/>\n<meta property=\"article:published_time\" content=\"2020-12-17T16:48:18+00:00\" \/>\n<meta property=\"article:modified_time\" content=\"2020-12-17T16:49:19+00:00\" \/>\n<meta property=\"og:image\" content=\"https:\/\/www.medisocial.it\/endocrinologiaediabete\/wp-content\/uploads\/2020\/12\/la-tiroide-nel-post-partum.png\" \/>\n\t<meta property=\"og:image:width\" content=\"669\" \/>\n\t<meta property=\"og:image:height\" content=\"388\" \/>\n\t<meta property=\"og:image:type\" content=\"image\/png\" \/>\n<meta name=\"author\" content=\"Claudia Brufani\" \/>\n<meta name=\"twitter:card\" content=\"summary_large_image\" \/>\n<meta name=\"twitter:label1\" content=\"Scritto da\" \/>\n\t<meta name=\"twitter:data1\" content=\"Claudia Brufani\" \/>\n\t<meta name=\"twitter:label2\" content=\"Tempo di lettura stimato\" \/>\n\t<meta name=\"twitter:data2\" content=\"2 minuti\" \/>\n<script type=\"application\/ld+json\" class=\"yoast-schema-graph\">{\"@context\":\"https:\/\/schema.org\",\"@graph\":[{\"@type\":\"Article\",\"@id\":\"https:\/\/www.medisocial.it\/endocrinologiaediabete\/2020\/12\/17\/la-tiroide-post-partum\/#article\",\"isPartOf\":{\"@id\":\"https:\/\/www.medisocial.it\/endocrinologiaediabete\/2020\/12\/17\/la-tiroide-post-partum\/\"},\"author\":{\"name\":\"Claudia Brufani\",\"@id\":\"https:\/\/www.medisocial.it\/endocrinologiaediabete\/#\/schema\/person\/4e70e0b15617eebf2b5240c1f84e1138\"},\"headline\":\"La tiroide nel post partum\",\"datePublished\":\"2020-12-17T16:48:18+00:00\",\"dateModified\":\"2020-12-17T16:49:19+00:00\",\"mainEntityOfPage\":{\"@id\":\"https:\/\/www.medisocial.it\/endocrinologiaediabete\/2020\/12\/17\/la-tiroide-post-partum\/\"},\"wordCount\":306,\"commentCount\":0,\"publisher\":{\"@id\":\"https:\/\/www.medisocial.it\/endocrinologiaediabete\/#\/schema\/person\/4e70e0b15617eebf2b5240c1f84e1138\"},\"image\":{\"@id\":\"https:\/\/www.medisocial.it\/endocrinologiaediabete\/2020\/12\/17\/la-tiroide-post-partum\/#primaryimage\"},\"thumbnailUrl\":\"https:\/\/www.medisocial.it\/endocrinologiaediabete\/wp-content\/uploads\/2020\/12\/la-tiroide-nel-post-partum.png\",\"keywords\":[\"allattamento\",\"dimagrimento\",\"dott.ssa Claudia Brufani\",\"dott.ssa Claudia Brufani specialista endocrinologia\",\"Dotto.ssa Claudia Brufani endocrinologa Roma\",\"insonnia\",\"ipertiroidismo\",\"ipotiroidismo\",\"irritabilit\u00e0\",\"malumore\",\"ormoni\",\"post partum\",\"stanchezza\",\"stato depressivo\",\"tiroide\",\"tiroidite\"],\"articleSection\":[\"Multimedia\",\"Video\"],\"inLanguage\":\"it-IT\",\"potentialAction\":[{\"@type\":\"CommentAction\",\"name\":\"Comment\",\"target\":[\"https:\/\/www.medisocial.it\/endocrinologiaediabete\/2020\/12\/17\/la-tiroide-post-partum\/#respond\"]}]},{\"@type\":\"WebPage\",\"@id\":\"https:\/\/www.medisocial.it\/endocrinologiaediabete\/2020\/12\/17\/la-tiroide-post-partum\/\",\"url\":\"https:\/\/www.medisocial.it\/endocrinologiaediabete\/2020\/12\/17\/la-tiroide-post-partum\/\",\"name\":\"La tiroide nel post partum - Dott.ssa Claudia Brufani\",\"isPartOf\":{\"@id\":\"https:\/\/www.medisocial.it\/endocrinologiaediabete\/#website\"},\"primaryImageOfPage\":{\"@id\":\"https:\/\/www.medisocial.it\/endocrinologiaediabete\/2020\/12\/17\/la-tiroide-post-partum\/#primaryimage\"},\"image\":{\"@id\":\"https:\/\/www.medisocial.it\/endocrinologiaediabete\/2020\/12\/17\/la-tiroide-post-partum\/#primaryimage\"},\"thumbnailUrl\":\"https:\/\/www.medisocial.it\/endocrinologiaediabete\/wp-content\/uploads\/2020\/12\/la-tiroide-nel-post-partum.png\",\"datePublished\":\"2020-12-17T16:48:18+00:00\",\"dateModified\":\"2020-12-17T16:49:19+00:00\",\"description\":\"La tiroide nel post partum La tiroide, fondamentale in gravidanza, pu\u00f2 dar segno di s\u00e9 con patologie ma dobbiamo ricordare anche nel post partum\",\"breadcrumb\":{\"@id\":\"https:\/\/www.medisocial.it\/endocrinologiaediabete\/2020\/12\/17\/la-tiroide-post-partum\/#breadcrumb\"},\"inLanguage\":\"it-IT\",\"potentialAction\":[{\"@type\":\"ReadAction\",\"target\":[\"https:\/\/www.medisocial.it\/endocrinologiaediabete\/2020\/12\/17\/la-tiroide-post-partum\/\"]}]},{\"@type\":\"ImageObject\",\"inLanguage\":\"it-IT\",\"@id\":\"https:\/\/www.medisocial.it\/endocrinologiaediabete\/2020\/12\/17\/la-tiroide-post-partum\/#primaryimage\",\"url\":\"https:\/\/www.medisocial.it\/endocrinologiaediabete\/wp-content\/uploads\/2020\/12\/la-tiroide-nel-post-partum.png\",\"contentUrl\":\"https:\/\/www.medisocial.it\/endocrinologiaediabete\/wp-content\/uploads\/2020\/12\/la-tiroide-nel-post-partum.png\",\"width\":669,\"height\":388,\"caption\":\"la tiroide nel post partum\"},{\"@type\":\"BreadcrumbList\",\"@id\":\"https:\/\/www.medisocial.it\/endocrinologiaediabete\/2020\/12\/17\/la-tiroide-post-partum\/#breadcrumb\",\"itemListElement\":[{\"@type\":\"ListItem\",\"position\":1,\"name\":\"Home\",\"item\":\"https:\/\/www.medisocial.it\/endocrinologiaediabete\/\"},{\"@type\":\"ListItem\",\"position\":2,\"name\":\"La tiroide nel post partum\"}]},{\"@type\":\"WebSite\",\"@id\":\"https:\/\/www.medisocial.it\/endocrinologiaediabete\/#website\",\"url\":\"https:\/\/www.medisocial.it\/endocrinologiaediabete\/\",\"name\":\"Dott.ssa Claudia Brufani\",\"description\":\"Specialista in Endocrinologia e Diabetologia\",\"publisher\":{\"@id\":\"https:\/\/www.medisocial.it\/endocrinologiaediabete\/#\/schema\/person\/4e70e0b15617eebf2b5240c1f84e1138\"},\"potentialAction\":[{\"@type\":\"SearchAction\",\"target\":{\"@type\":\"EntryPoint\",\"urlTemplate\":\"https:\/\/www.medisocial.it\/endocrinologiaediabete\/?s={search_term_string}\"},\"query-input\":\"required name=search_term_string\"}],\"inLanguage\":\"it-IT\"},{\"@type\":[\"Person\",\"Organization\"],\"@id\":\"https:\/\/www.medisocial.it\/endocrinologiaediabete\/#\/schema\/person\/4e70e0b15617eebf2b5240c1f84e1138\",\"name\":\"Claudia Brufani\",\"image\":{\"@type\":\"ImageObject\",\"inLanguage\":\"it-IT\",\"@id\":\"https:\/\/www.medisocial.it\/endocrinologiaediabete\/#\/schema\/person\/image\/\",\"url\":\"https:\/\/secure.gravatar.com\/avatar\/efa9393110d3610a15f45429c6613084?s=96&d=mm&r=g\",\"contentUrl\":\"https:\/\/secure.gravatar.com\/avatar\/efa9393110d3610a15f45429c6613084?s=96&d=mm&r=g\",\"caption\":\"Claudia Brufani\"},\"logo\":{\"@id\":\"https:\/\/www.medisocial.it\/endocrinologiaediabete\/#\/schema\/person\/image\/\"}}]}<\/script>\n<!-- \/ Yoast SEO plugin. -->","yoast_head_json":{"title":"La tiroide nel post partum - Dott.ssa Claudia Brufani","description":"La tiroide nel post partum La tiroide, fondamentale in gravidanza, pu\u00f2 dar segno di s\u00e9 con patologie ma dobbiamo ricordare anche nel post partum","robots":{"index":"index","follow":"follow","max-snippet":"max-snippet:-1","max-image-preview":"max-image-preview:large","max-video-preview":"max-video-preview:-1"},"canonical":"https:\/\/www.medisocial.it\/endocrinologiaediabete\/2020\/12\/17\/la-tiroide-post-partum\/","og_locale":"it_IT","og_type":"article","og_title":"La tiroide nel post partum - Dott.ssa Claudia Brufani","og_description":"La tiroide nel post partum La tiroide, fondamentale in gravidanza, pu\u00f2 dar segno di s\u00e9 con patologie ma dobbiamo ricordare anche nel post partum","og_url":"https:\/\/www.medisocial.it\/endocrinologiaediabete\/2020\/12\/17\/la-tiroide-post-partum\/","og_site_name":"Dott.ssa Claudia Brufani","article_published_time":"2020-12-17T16:48:18+00:00","article_modified_time":"2020-12-17T16:49:19+00:00","og_image":[{"width":669,"height":388,"url":"https:\/\/www.medisocial.it\/endocrinologiaediabete\/wp-content\/uploads\/2020\/12\/la-tiroide-nel-post-partum.png","type":"image\/png"}],"author":"Claudia Brufani","twitter_card":"summary_large_image","twitter_misc":{"Scritto da":"Claudia Brufani","Tempo di lettura stimato":"2 minuti"},"schema":{"@context":"https:\/\/schema.org","@graph":[{"@type":"Article","@id":"https:\/\/www.medisocial.it\/endocrinologiaediabete\/2020\/12\/17\/la-tiroide-post-partum\/#article","isPartOf":{"@id":"https:\/\/www.medisocial.it\/endocrinologiaediabete\/2020\/12\/17\/la-tiroide-post-partum\/"},"author":{"name":"Claudia Brufani","@id":"https:\/\/www.medisocial.it\/endocrinologiaediabete\/#\/schema\/person\/4e70e0b15617eebf2b5240c1f84e1138"},"headline":"La tiroide nel post partum","datePublished":"2020-12-17T16:48:18+00:00","dateModified":"2020-12-17T16:49:19+00:00","mainEntityOfPage":{"@id":"https:\/\/www.medisocial.it\/endocrinologiaediabete\/2020\/12\/17\/la-tiroide-post-partum\/"},"wordCount":306,"commentCount":0,"publisher":{"@id":"https:\/\/www.medisocial.it\/endocrinologiaediabete\/#\/schema\/person\/4e70e0b15617eebf2b5240c1f84e1138"},"image":{"@id":"https:\/\/www.medisocial.it\/endocrinologiaediabete\/2020\/12\/17\/la-tiroide-post-partum\/#primaryimage"},"thumbnailUrl":"https:\/\/www.medisocial.it\/endocrinologiaediabete\/wp-content\/uploads\/2020\/12\/la-tiroide-nel-post-partum.png","keywords":["allattamento","dimagrimento","dott.ssa Claudia Brufani","dott.ssa Claudia Brufani specialista endocrinologia","Dotto.ssa Claudia Brufani endocrinologa Roma","insonnia","ipertiroidismo","ipotiroidismo","irritabilit\u00e0","malumore","ormoni","post partum","stanchezza","stato depressivo","tiroide","tiroidite"],"articleSection":["Multimedia","Video"],"inLanguage":"it-IT","potentialAction":[{"@type":"CommentAction","name":"Comment","target":["https:\/\/www.medisocial.it\/endocrinologiaediabete\/2020\/12\/17\/la-tiroide-post-partum\/#respond"]}]},{"@type":"WebPage","@id":"https:\/\/www.medisocial.it\/endocrinologiaediabete\/2020\/12\/17\/la-tiroide-post-partum\/","url":"https:\/\/www.medisocial.it\/endocrinologiaediabete\/2020\/12\/17\/la-tiroide-post-partum\/","name":"La tiroide nel post partum - Dott.ssa Claudia Brufani","isPartOf":{"@id":"https:\/\/www.medisocial.it\/endocrinologiaediabete\/#website"},"primaryImageOfPage":{"@id":"https:\/\/www.medisocial.it\/endocrinologiaediabete\/2020\/12\/17\/la-tiroide-post-partum\/#primaryimage"},"image":{"@id":"https:\/\/www.medisocial.it\/endocrinologiaediabete\/2020\/12\/17\/la-tiroide-post-partum\/#primaryimage"},"thumbnailUrl":"https:\/\/www.medisocial.it\/endocrinologiaediabete\/wp-content\/uploads\/2020\/12\/la-tiroide-nel-post-partum.png","datePublished":"2020-12-17T16:48:18+00:00","dateModified":"2020-12-17T16:49:19+00:00","description":"La tiroide nel post partum La tiroide, fondamentale in gravidanza, pu\u00f2 dar segno di s\u00e9 con patologie ma dobbiamo ricordare anche nel post partum","breadcrumb":{"@id":"https:\/\/www.medisocial.it\/endocrinologiaediabete\/2020\/12\/17\/la-tiroide-post-partum\/#breadcrumb"},"inLanguage":"it-IT","potentialAction":[{"@type":"ReadAction","target":["https:\/\/www.medisocial.it\/endocrinologiaediabete\/2020\/12\/17\/la-tiroide-post-partum\/"]}]},{"@type":"ImageObject","inLanguage":"it-IT","@id":"https:\/\/www.medisocial.it\/endocrinologiaediabete\/2020\/12\/17\/la-tiroide-post-partum\/#primaryimage","url":"https:\/\/www.medisocial.it\/endocrinologiaediabete\/wp-content\/uploads\/2020\/12\/la-tiroide-nel-post-partum.png","contentUrl":"https:\/\/www.medisocial.it\/endocrinologiaediabete\/wp-content\/uploads\/2020\/12\/la-tiroide-nel-post-partum.png","width":669,"height":388,"caption":"la tiroide nel post partum"},{"@type":"BreadcrumbList","@id":"https:\/\/www.medisocial.it\/endocrinologiaediabete\/2020\/12\/17\/la-tiroide-post-partum\/#breadcrumb","itemListElement":[{"@type":"ListItem","position":1,"name":"Home","item":"https:\/\/www.medisocial.it\/endocrinologiaediabete\/"},{"@type":"ListItem","position":2,"name":"La tiroide nel post partum"}]},{"@type":"WebSite","@id":"https:\/\/www.medisocial.it\/endocrinologiaediabete\/#website","url":"https:\/\/www.medisocial.it\/endocrinologiaediabete\/","name":"Dott.ssa Claudia Brufani","description":"Specialista in Endocrinologia e Diabetologia","publisher":{"@id":"https:\/\/www.medisocial.it\/endocrinologiaediabete\/#\/schema\/person\/4e70e0b15617eebf2b5240c1f84e1138"},"potentialAction":[{"@type":"SearchAction","target":{"@type":"EntryPoint","urlTemplate":"https:\/\/www.medisocial.it\/endocrinologiaediabete\/?s={search_term_string}"},"query-input":"required name=search_term_string"}],"inLanguage":"it-IT"},{"@type":["Person","Organization"],"@id":"https:\/\/www.medisocial.it\/endocrinologiaediabete\/#\/schema\/person\/4e70e0b15617eebf2b5240c1f84e1138","name":"Claudia Brufani","image":{"@type":"ImageObject","inLanguage":"it-IT","@id":"https:\/\/www.medisocial.it\/endocrinologiaediabete\/#\/schema\/person\/image\/","url":"https:\/\/secure.gravatar.com\/avatar\/efa9393110d3610a15f45429c6613084?s=96&d=mm&r=g","contentUrl":"https:\/\/secure.gravatar.com\/avatar\/efa9393110d3610a15f45429c6613084?s=96&d=mm&r=g","caption":"Claudia Brufani"},"logo":{"@id":"https:\/\/www.medisocial.it\/endocrinologiaediabete\/#\/schema\/person\/image\/"}}]}},"_links":{"self":[{"href":"https:\/\/www.medisocial.it\/endocrinologiaediabete\/wp-json\/wp\/v2\/posts\/800"}],"collection":[{"href":"https:\/\/www.medisocial.it\/endocrinologiaediabete\/wp-json\/wp\/v2\/posts"}],"about":[{"href":"https:\/\/www.medisocial.it\/endocrinologiaediabete\/wp-json\/wp\/v2\/types\/post"}],"author":[{"embeddable":true,"href":"https:\/\/www.medisocial.it\/endocrinologiaediabete\/wp-json\/wp\/v2\/users\/1"}],"replies":[{"embeddable":true,"href":"https:\/\/www.medisocial.it\/endocrinologiaediabete\/wp-json\/wp\/v2\/comments?post=800"}],"version-history":[{"count":0,"href":"https:\/\/www.medisocial.it\/endocrinologiaediabete\/wp-json\/wp\/v2\/posts\/800\/revisions"}],"wp:featuredmedia":[{"embeddable":true,"href":"https:\/\/www.medisocial.it\/endocrinologiaediabete\/wp-json\/wp\/v2\/media\/801"}],"wp:attachment":[{"href":"https:\/\/www.medisocial.it\/endocrinologiaediabete\/wp-json\/wp\/v2\/media?parent=800"}],"wp:term":[{"taxonomy":"category","embeddable":true,"href":"https:\/\/www.medisocial.it\/endocrinologiaediabete\/wp-json\/wp\/v2\/categories?post=800"},{"taxonomy":"post_tag","embeddable":true,"href":"https:\/\/www.medisocial.it\/endocrinologiaediabete\/wp-json\/wp\/v2\/tags?post=800"},{"taxonomy":"citadela-post-location","embeddable":true,"href":"https:\/\/www.medisocial.it\/endocrinologiaediabete\/wp-json\/wp\/v2\/citadela-post-location?post=800"}],"curies":[{"name":"wp","href":"https:\/\/api.w.org\/{rel}","templated":true}]}}