{"id":796,"date":"2020-12-17T13:01:08","date_gmt":"2020-12-17T12:01:08","guid":{"rendered":"https:\/\/www.medisocial.it\/endocrinologiaediabete\/?p=796"},"modified":"2020-12-17T13:01:10","modified_gmt":"2020-12-17T12:01:10","slug":"il-diabete-gestazionale","status":"publish","type":"post","link":"https:\/\/www.medisocial.it\/endocrinologiaediabete\/2020\/12\/17\/il-diabete-gestazionale\/","title":{"rendered":"Il diabete gestazionale"},"content":{"rendered":"\n<p><strong>Il diabete gestazionale<\/strong><br>Video e testi tratti, con autorizzazione, dal sito <a href=\"http:\/\/www.abcmamma.tv\">abcmamma.tv<\/a><\/p>\n\n\n\n<figure class=\"wp-block-embed-youtube wp-block-embed is-type-video is-provider-youtube wp-embed-aspect-16-9 wp-has-aspect-ratio\"><div class=\"wp-block-embed__wrapper\">\n<iframe loading=\"lazy\" title=\"il diabete gestazionale\" width=\"500\" height=\"281\" src=\"https:\/\/www.youtube.com\/embed\/y6RS4eybz2M?feature=oembed\" frameborder=\"0\" allow=\"accelerometer; autoplay; clipboard-write; encrypted-media; gyroscope; picture-in-picture; web-share\" referrerpolicy=\"strict-origin-when-cross-origin\" allowfullscreen><\/iframe>\n<\/div><\/figure>\n\n\n\n<p>La gravidanza \u00e8 caratterizzata da un completo riarrangiamento del metabolismo, in modo particolare del metabolismo glucidico. <\/p>\n\n\n\n<p>Il fine di tutti gli riarrangiamenti ormonali e metabolici della gravidanza \u00e8 quello di far formare e crescere il feto. I diabetologi amano dire che la gravidanza \u00e8 un evento diabetogeno che pu\u00f2 favorire l\u2019insorgenza del <strong>diabete<\/strong>. Cosa succede? <\/p>\n\n\n\n<p>Nello stato postprandiale, quindi dopo i pasti, la <strong>glicemia<\/strong> tende ad aumentare di pi\u00f9 rispetto a quello che succede al di fuori della gravidanza. Questo perch\u00e9? <\/p>\n\n\n\n<p>Il fine \u00e8 quello di far passare il glucosio al feto tramite la placenta, i tessuti della mamma diventano pi\u00f9 insulino- resistenti in modo che il glucosio possa essere shiftato verso il feto.<\/p>\n\n\n\n<p>Nello stato di digiuno invece, quello fra due pasti oppure quello della notte che \u00e8 il periodo pi\u00f9 lungo di digiuno, la <strong>glicemia<\/strong> tende a scendere di pi\u00f9 rispetto a quello che avviene al di fuori della gravidanza, perch\u00e9 il glucosio \u00e8 passato dalla madre al feto e la madre rimane in uno stato di digiuno; le escursioni della <strong>glicemia<\/strong> quindi sono pi\u00f9 alte, sono pi\u00f9 alti i picchi, sono pi\u00f9 basse le glicemie verso il basso. <\/p>\n\n\n\n<p>Se a questo meccanismo fisiologico che ha un fine, si aggiunge un fattore di rischio quale pu\u00f2 essere l\u2019obesit\u00e0, la familiarit\u00e0 per il diabete, l\u2019etnia o anche una dieta non corretta durante la gravidanza, queste oscillazioni glicemiche diventano troppo alte verso l\u2019alto e si ha il <strong>diabete gestazionale<\/strong> che diventa una condizione di rischio per la gravidanza sia per la mamma che per il bambino. <\/p>\n\n\n\n<p>Quindi \u00e8 importante identificare questa condizione per poi poterla trattare e forse \u00e8 ancora pi\u00f9 importante seguire un\u2019alimentazione adeguata e corretta durante la gravidanza.<\/p>\n\n\n\n<p>Il momento giusto per fare la curva da carico orale di glucosio per poter accertare o escludere una condizione di <strong>diabete gestazionale<\/strong> \u00e8 in genere fra la 24ma e la 28ma settimana. <\/p>\n\n\n\n<p>Ci sono dei casi in cui poi la curva deve essere fatta prima ma la maggior parte delle donne fa l\u2019esame in questa fase della gravidanza.<\/p>\n\n\n\n<p><br>Una donna con <strong>diabete gestazionale<\/strong> \u00e8 una donna che durante la gravidanza, che \u00e8 una fase di \u201cstress\u201d per il pancreas, ha avuto una d\u00e9faillance. <\/p>\n\n\n\n<p>Di qualunque tipo di <strong>diabete gestazionale<\/strong> si tratti, ci sono forme pi\u00f9 importanti, forme meno importanti, \u00e8 per\u00f2 un segnale che dobbiamo mettere in conto nella storia di quella donna; la donna con diabete gestazionale va seguita nel tempo, dovr\u00e0 ripetere la curva da carico orale di glucosio a sei settimane dal parto e quella donna dovr\u00e0 sapere che ha un maggior rischio rispetto alla popolazione generale di sviluppare il diabete tipo 2 che \u00e8 il diabete pi\u00f9 comune nell\u2019et\u00e0 adulta; che potr\u00e0 essere pi\u00f9 a rischio di sviluppare la sindrome metabolica o malattie cardiovascolari. <\/p>\n\n\n\n<p>Una volta che la donna \u00e8 informata di questo deve un po\u2019 adottare quello stile di vita sano che \u00e8 stato consigliato in gravidanza e quindi un\u2019alimentazione corretta, povera in carboidrati semplici a basso indice glicemico, ricca in fibre con tanti legumi, frutta, verdura, pochi dolci e attivit\u00e0 fisica costante e regolare.<\/p>\n","protected":false},"excerpt":{"rendered":"<p>Il diabete gestazionaleVideo e testi tratti, con autorizzazione, dal sito abcmamma.tv La gravidanza \u00e8 caratterizzata da un completo riarrangiamento del metabolismo, in modo particolare del metabolismo glucidico. Il fine di tutti gli riarrangiamenti ormonali e metabolici della gravidanza \u00e8 quello di far formare e crescere il feto. I diabetologi amano dire che la gravidanza \u00e8 [&hellip;]<\/p>\n","protected":false},"author":1,"featured_media":798,"comment_status":"open","ping_status":"open","sticky":false,"template":"","format":"standard","meta":{"_citadela_custom_class":"","footnotes":""},"categories":[11,13],"tags":[27,208,199,190,137,210,211,212,209,43],"citadela-post-location":[],"yoast_head":"<!-- This site is optimized with the Yoast SEO plugin v22.8 - https:\/\/yoast.com\/wordpress\/plugins\/seo\/ -->\n<title>Il diabete gestazionale - Dott.ssa Claudia Brufani<\/title>\n<meta name=\"description\" content=\"Il diabete gestazionale La gravidanza \u00e8 caratterizzata da un completo riarrangiamento del metabolismo in modo particolare di quello glucidico\" \/>\n<meta name=\"robots\" content=\"index, follow, max-snippet:-1, max-image-preview:large, max-video-preview:-1\" \/>\n<link rel=\"canonical\" href=\"https:\/\/www.medisocial.it\/endocrinologiaediabete\/2020\/12\/17\/il-diabete-gestazionale\/\" \/>\n<meta property=\"og:locale\" content=\"it_IT\" \/>\n<meta property=\"og:type\" content=\"article\" \/>\n<meta property=\"og:title\" content=\"Il diabete gestazionale - Dott.ssa Claudia Brufani\" \/>\n<meta property=\"og:description\" content=\"Il diabete gestazionale La gravidanza \u00e8 caratterizzata da un completo riarrangiamento del metabolismo in modo particolare di quello glucidico\" \/>\n<meta property=\"og:url\" content=\"https:\/\/www.medisocial.it\/endocrinologiaediabete\/2020\/12\/17\/il-diabete-gestazionale\/\" \/>\n<meta property=\"og:site_name\" content=\"Dott.ssa Claudia Brufani\" \/>\n<meta property=\"article:published_time\" content=\"2020-12-17T12:01:08+00:00\" \/>\n<meta property=\"article:modified_time\" content=\"2020-12-17T12:01:10+00:00\" \/>\n<meta property=\"og:image\" content=\"https:\/\/www.medisocial.it\/endocrinologiaediabete\/wp-content\/uploads\/2020\/12\/il-diabete-gestazionale.png\" \/>\n\t<meta property=\"og:image:width\" content=\"681\" \/>\n\t<meta property=\"og:image:height\" content=\"389\" \/>\n\t<meta property=\"og:image:type\" content=\"image\/png\" \/>\n<meta name=\"author\" content=\"Claudia Brufani\" \/>\n<meta name=\"twitter:card\" content=\"summary_large_image\" \/>\n<meta name=\"twitter:label1\" content=\"Scritto da\" \/>\n\t<meta name=\"twitter:data1\" content=\"Claudia Brufani\" \/>\n\t<meta name=\"twitter:label2\" content=\"Tempo di lettura stimato\" \/>\n\t<meta name=\"twitter:data2\" content=\"3 minuti\" \/>\n<script type=\"application\/ld+json\" class=\"yoast-schema-graph\">{\"@context\":\"https:\/\/schema.org\",\"@graph\":[{\"@type\":\"Article\",\"@id\":\"https:\/\/www.medisocial.it\/endocrinologiaediabete\/2020\/12\/17\/il-diabete-gestazionale\/#article\",\"isPartOf\":{\"@id\":\"https:\/\/www.medisocial.it\/endocrinologiaediabete\/2020\/12\/17\/il-diabete-gestazionale\/\"},\"author\":{\"name\":\"Claudia Brufani\",\"@id\":\"https:\/\/www.medisocial.it\/endocrinologiaediabete\/#\/schema\/person\/4e70e0b15617eebf2b5240c1f84e1138\"},\"headline\":\"Il diabete gestazionale\",\"datePublished\":\"2020-12-17T12:01:08+00:00\",\"dateModified\":\"2020-12-17T12:01:10+00:00\",\"mainEntityOfPage\":{\"@id\":\"https:\/\/www.medisocial.it\/endocrinologiaediabete\/2020\/12\/17\/il-diabete-gestazionale\/\"},\"wordCount\":533,\"commentCount\":0,\"publisher\":{\"@id\":\"https:\/\/www.medisocial.it\/endocrinologiaediabete\/#\/schema\/person\/4e70e0b15617eebf2b5240c1f84e1138\"},\"image\":{\"@id\":\"https:\/\/www.medisocial.it\/endocrinologiaediabete\/2020\/12\/17\/il-diabete-gestazionale\/#primaryimage\"},\"thumbnailUrl\":\"https:\/\/www.medisocial.it\/endocrinologiaediabete\/wp-content\/uploads\/2020\/12\/il-diabete-gestazionale.png\",\"keywords\":[\"diabete\",\"diabete gestazionale\",\"glicemia\",\"gravidanza\",\"malattie cardiovascolari\",\"metabolismo glucidico\",\"ormoni della gravidanza\",\"pancreas\",\"profilo glucidico\",\"sindrome metabolica\"],\"articleSection\":[\"Multimedia\",\"Video\"],\"inLanguage\":\"it-IT\",\"potentialAction\":[{\"@type\":\"CommentAction\",\"name\":\"Comment\",\"target\":[\"https:\/\/www.medisocial.it\/endocrinologiaediabete\/2020\/12\/17\/il-diabete-gestazionale\/#respond\"]}]},{\"@type\":\"WebPage\",\"@id\":\"https:\/\/www.medisocial.it\/endocrinologiaediabete\/2020\/12\/17\/il-diabete-gestazionale\/\",\"url\":\"https:\/\/www.medisocial.it\/endocrinologiaediabete\/2020\/12\/17\/il-diabete-gestazionale\/\",\"name\":\"Il diabete gestazionale - Dott.ssa Claudia Brufani\",\"isPartOf\":{\"@id\":\"https:\/\/www.medisocial.it\/endocrinologiaediabete\/#website\"},\"primaryImageOfPage\":{\"@id\":\"https:\/\/www.medisocial.it\/endocrinologiaediabete\/2020\/12\/17\/il-diabete-gestazionale\/#primaryimage\"},\"image\":{\"@id\":\"https:\/\/www.medisocial.it\/endocrinologiaediabete\/2020\/12\/17\/il-diabete-gestazionale\/#primaryimage\"},\"thumbnailUrl\":\"https:\/\/www.medisocial.it\/endocrinologiaediabete\/wp-content\/uploads\/2020\/12\/il-diabete-gestazionale.png\",\"datePublished\":\"2020-12-17T12:01:08+00:00\",\"dateModified\":\"2020-12-17T12:01:10+00:00\",\"description\":\"Il diabete gestazionale La gravidanza \u00e8 caratterizzata da un completo riarrangiamento del metabolismo in modo particolare di quello glucidico\",\"breadcrumb\":{\"@id\":\"https:\/\/www.medisocial.it\/endocrinologiaediabete\/2020\/12\/17\/il-diabete-gestazionale\/#breadcrumb\"},\"inLanguage\":\"it-IT\",\"potentialAction\":[{\"@type\":\"ReadAction\",\"target\":[\"https:\/\/www.medisocial.it\/endocrinologiaediabete\/2020\/12\/17\/il-diabete-gestazionale\/\"]}]},{\"@type\":\"ImageObject\",\"inLanguage\":\"it-IT\",\"@id\":\"https:\/\/www.medisocial.it\/endocrinologiaediabete\/2020\/12\/17\/il-diabete-gestazionale\/#primaryimage\",\"url\":\"https:\/\/www.medisocial.it\/endocrinologiaediabete\/wp-content\/uploads\/2020\/12\/il-diabete-gestazionale.png\",\"contentUrl\":\"https:\/\/www.medisocial.it\/endocrinologiaediabete\/wp-content\/uploads\/2020\/12\/il-diabete-gestazionale.png\",\"width\":681,\"height\":389,\"caption\":\"il diabete gestazionale\"},{\"@type\":\"BreadcrumbList\",\"@id\":\"https:\/\/www.medisocial.it\/endocrinologiaediabete\/2020\/12\/17\/il-diabete-gestazionale\/#breadcrumb\",\"itemListElement\":[{\"@type\":\"ListItem\",\"position\":1,\"name\":\"Home\",\"item\":\"https:\/\/www.medisocial.it\/endocrinologiaediabete\/\"},{\"@type\":\"ListItem\",\"position\":2,\"name\":\"Il diabete gestazionale\"}]},{\"@type\":\"WebSite\",\"@id\":\"https:\/\/www.medisocial.it\/endocrinologiaediabete\/#website\",\"url\":\"https:\/\/www.medisocial.it\/endocrinologiaediabete\/\",\"name\":\"Dott.ssa Claudia Brufani\",\"description\":\"Specialista in Endocrinologia e Diabetologia\",\"publisher\":{\"@id\":\"https:\/\/www.medisocial.it\/endocrinologiaediabete\/#\/schema\/person\/4e70e0b15617eebf2b5240c1f84e1138\"},\"potentialAction\":[{\"@type\":\"SearchAction\",\"target\":{\"@type\":\"EntryPoint\",\"urlTemplate\":\"https:\/\/www.medisocial.it\/endocrinologiaediabete\/?s={search_term_string}\"},\"query-input\":\"required name=search_term_string\"}],\"inLanguage\":\"it-IT\"},{\"@type\":[\"Person\",\"Organization\"],\"@id\":\"https:\/\/www.medisocial.it\/endocrinologiaediabete\/#\/schema\/person\/4e70e0b15617eebf2b5240c1f84e1138\",\"name\":\"Claudia Brufani\",\"image\":{\"@type\":\"ImageObject\",\"inLanguage\":\"it-IT\",\"@id\":\"https:\/\/www.medisocial.it\/endocrinologiaediabete\/#\/schema\/person\/image\/\",\"url\":\"https:\/\/secure.gravatar.com\/avatar\/efa9393110d3610a15f45429c6613084?s=96&d=mm&r=g\",\"contentUrl\":\"https:\/\/secure.gravatar.com\/avatar\/efa9393110d3610a15f45429c6613084?s=96&d=mm&r=g\",\"caption\":\"Claudia Brufani\"},\"logo\":{\"@id\":\"https:\/\/www.medisocial.it\/endocrinologiaediabete\/#\/schema\/person\/image\/\"}}]}<\/script>\n<!-- \/ Yoast SEO plugin. -->","yoast_head_json":{"title":"Il diabete gestazionale - Dott.ssa Claudia Brufani","description":"Il diabete gestazionale La gravidanza \u00e8 caratterizzata da un completo riarrangiamento del metabolismo in modo particolare di quello glucidico","robots":{"index":"index","follow":"follow","max-snippet":"max-snippet:-1","max-image-preview":"max-image-preview:large","max-video-preview":"max-video-preview:-1"},"canonical":"https:\/\/www.medisocial.it\/endocrinologiaediabete\/2020\/12\/17\/il-diabete-gestazionale\/","og_locale":"it_IT","og_type":"article","og_title":"Il diabete gestazionale - Dott.ssa Claudia Brufani","og_description":"Il diabete gestazionale La gravidanza \u00e8 caratterizzata da un completo riarrangiamento del metabolismo in modo particolare di quello glucidico","og_url":"https:\/\/www.medisocial.it\/endocrinologiaediabete\/2020\/12\/17\/il-diabete-gestazionale\/","og_site_name":"Dott.ssa Claudia Brufani","article_published_time":"2020-12-17T12:01:08+00:00","article_modified_time":"2020-12-17T12:01:10+00:00","og_image":[{"width":681,"height":389,"url":"https:\/\/www.medisocial.it\/endocrinologiaediabete\/wp-content\/uploads\/2020\/12\/il-diabete-gestazionale.png","type":"image\/png"}],"author":"Claudia Brufani","twitter_card":"summary_large_image","twitter_misc":{"Scritto da":"Claudia Brufani","Tempo di lettura stimato":"3 minuti"},"schema":{"@context":"https:\/\/schema.org","@graph":[{"@type":"Article","@id":"https:\/\/www.medisocial.it\/endocrinologiaediabete\/2020\/12\/17\/il-diabete-gestazionale\/#article","isPartOf":{"@id":"https:\/\/www.medisocial.it\/endocrinologiaediabete\/2020\/12\/17\/il-diabete-gestazionale\/"},"author":{"name":"Claudia Brufani","@id":"https:\/\/www.medisocial.it\/endocrinologiaediabete\/#\/schema\/person\/4e70e0b15617eebf2b5240c1f84e1138"},"headline":"Il diabete gestazionale","datePublished":"2020-12-17T12:01:08+00:00","dateModified":"2020-12-17T12:01:10+00:00","mainEntityOfPage":{"@id":"https:\/\/www.medisocial.it\/endocrinologiaediabete\/2020\/12\/17\/il-diabete-gestazionale\/"},"wordCount":533,"commentCount":0,"publisher":{"@id":"https:\/\/www.medisocial.it\/endocrinologiaediabete\/#\/schema\/person\/4e70e0b15617eebf2b5240c1f84e1138"},"image":{"@id":"https:\/\/www.medisocial.it\/endocrinologiaediabete\/2020\/12\/17\/il-diabete-gestazionale\/#primaryimage"},"thumbnailUrl":"https:\/\/www.medisocial.it\/endocrinologiaediabete\/wp-content\/uploads\/2020\/12\/il-diabete-gestazionale.png","keywords":["diabete","diabete gestazionale","glicemia","gravidanza","malattie cardiovascolari","metabolismo glucidico","ormoni della gravidanza","pancreas","profilo glucidico","sindrome metabolica"],"articleSection":["Multimedia","Video"],"inLanguage":"it-IT","potentialAction":[{"@type":"CommentAction","name":"Comment","target":["https:\/\/www.medisocial.it\/endocrinologiaediabete\/2020\/12\/17\/il-diabete-gestazionale\/#respond"]}]},{"@type":"WebPage","@id":"https:\/\/www.medisocial.it\/endocrinologiaediabete\/2020\/12\/17\/il-diabete-gestazionale\/","url":"https:\/\/www.medisocial.it\/endocrinologiaediabete\/2020\/12\/17\/il-diabete-gestazionale\/","name":"Il diabete gestazionale - Dott.ssa Claudia Brufani","isPartOf":{"@id":"https:\/\/www.medisocial.it\/endocrinologiaediabete\/#website"},"primaryImageOfPage":{"@id":"https:\/\/www.medisocial.it\/endocrinologiaediabete\/2020\/12\/17\/il-diabete-gestazionale\/#primaryimage"},"image":{"@id":"https:\/\/www.medisocial.it\/endocrinologiaediabete\/2020\/12\/17\/il-diabete-gestazionale\/#primaryimage"},"thumbnailUrl":"https:\/\/www.medisocial.it\/endocrinologiaediabete\/wp-content\/uploads\/2020\/12\/il-diabete-gestazionale.png","datePublished":"2020-12-17T12:01:08+00:00","dateModified":"2020-12-17T12:01:10+00:00","description":"Il diabete gestazionale La gravidanza \u00e8 caratterizzata da un completo riarrangiamento del metabolismo in modo particolare di quello glucidico","breadcrumb":{"@id":"https:\/\/www.medisocial.it\/endocrinologiaediabete\/2020\/12\/17\/il-diabete-gestazionale\/#breadcrumb"},"inLanguage":"it-IT","potentialAction":[{"@type":"ReadAction","target":["https:\/\/www.medisocial.it\/endocrinologiaediabete\/2020\/12\/17\/il-diabete-gestazionale\/"]}]},{"@type":"ImageObject","inLanguage":"it-IT","@id":"https:\/\/www.medisocial.it\/endocrinologiaediabete\/2020\/12\/17\/il-diabete-gestazionale\/#primaryimage","url":"https:\/\/www.medisocial.it\/endocrinologiaediabete\/wp-content\/uploads\/2020\/12\/il-diabete-gestazionale.png","contentUrl":"https:\/\/www.medisocial.it\/endocrinologiaediabete\/wp-content\/uploads\/2020\/12\/il-diabete-gestazionale.png","width":681,"height":389,"caption":"il diabete gestazionale"},{"@type":"BreadcrumbList","@id":"https:\/\/www.medisocial.it\/endocrinologiaediabete\/2020\/12\/17\/il-diabete-gestazionale\/#breadcrumb","itemListElement":[{"@type":"ListItem","position":1,"name":"Home","item":"https:\/\/www.medisocial.it\/endocrinologiaediabete\/"},{"@type":"ListItem","position":2,"name":"Il diabete gestazionale"}]},{"@type":"WebSite","@id":"https:\/\/www.medisocial.it\/endocrinologiaediabete\/#website","url":"https:\/\/www.medisocial.it\/endocrinologiaediabete\/","name":"Dott.ssa Claudia Brufani","description":"Specialista in Endocrinologia e Diabetologia","publisher":{"@id":"https:\/\/www.medisocial.it\/endocrinologiaediabete\/#\/schema\/person\/4e70e0b15617eebf2b5240c1f84e1138"},"potentialAction":[{"@type":"SearchAction","target":{"@type":"EntryPoint","urlTemplate":"https:\/\/www.medisocial.it\/endocrinologiaediabete\/?s={search_term_string}"},"query-input":"required name=search_term_string"}],"inLanguage":"it-IT"},{"@type":["Person","Organization"],"@id":"https:\/\/www.medisocial.it\/endocrinologiaediabete\/#\/schema\/person\/4e70e0b15617eebf2b5240c1f84e1138","name":"Claudia Brufani","image":{"@type":"ImageObject","inLanguage":"it-IT","@id":"https:\/\/www.medisocial.it\/endocrinologiaediabete\/#\/schema\/person\/image\/","url":"https:\/\/secure.gravatar.com\/avatar\/efa9393110d3610a15f45429c6613084?s=96&d=mm&r=g","contentUrl":"https:\/\/secure.gravatar.com\/avatar\/efa9393110d3610a15f45429c6613084?s=96&d=mm&r=g","caption":"Claudia Brufani"},"logo":{"@id":"https:\/\/www.medisocial.it\/endocrinologiaediabete\/#\/schema\/person\/image\/"}}]}},"_links":{"self":[{"href":"https:\/\/www.medisocial.it\/endocrinologiaediabete\/wp-json\/wp\/v2\/posts\/796"}],"collection":[{"href":"https:\/\/www.medisocial.it\/endocrinologiaediabete\/wp-json\/wp\/v2\/posts"}],"about":[{"href":"https:\/\/www.medisocial.it\/endocrinologiaediabete\/wp-json\/wp\/v2\/types\/post"}],"author":[{"embeddable":true,"href":"https:\/\/www.medisocial.it\/endocrinologiaediabete\/wp-json\/wp\/v2\/users\/1"}],"replies":[{"embeddable":true,"href":"https:\/\/www.medisocial.it\/endocrinologiaediabete\/wp-json\/wp\/v2\/comments?post=796"}],"version-history":[{"count":0,"href":"https:\/\/www.medisocial.it\/endocrinologiaediabete\/wp-json\/wp\/v2\/posts\/796\/revisions"}],"wp:featuredmedia":[{"embeddable":true,"href":"https:\/\/www.medisocial.it\/endocrinologiaediabete\/wp-json\/wp\/v2\/media\/798"}],"wp:attachment":[{"href":"https:\/\/www.medisocial.it\/endocrinologiaediabete\/wp-json\/wp\/v2\/media?parent=796"}],"wp:term":[{"taxonomy":"category","embeddable":true,"href":"https:\/\/www.medisocial.it\/endocrinologiaediabete\/wp-json\/wp\/v2\/categories?post=796"},{"taxonomy":"post_tag","embeddable":true,"href":"https:\/\/www.medisocial.it\/endocrinologiaediabete\/wp-json\/wp\/v2\/tags?post=796"},{"taxonomy":"citadela-post-location","embeddable":true,"href":"https:\/\/www.medisocial.it\/endocrinologiaediabete\/wp-json\/wp\/v2\/citadela-post-location?post=796"}],"curies":[{"name":"wp","href":"https:\/\/api.w.org\/{rel}","templated":true}]}}