{"id":700,"date":"2020-05-22T17:06:06","date_gmt":"2020-05-22T15:06:06","guid":{"rendered":"https:\/\/www.medisocial.it\/staging2\/?p=700"},"modified":"2020-12-11T12:24:22","modified_gmt":"2020-12-11T11:24:22","slug":"obesita-e-covid19-quando-le-due-pandemie-si-incontrano","status":"publish","type":"post","link":"https:\/\/www.medisocial.it\/endocrinologiaediabete\/2020\/05\/22\/obesita-e-covid19-quando-le-due-pandemie-si-incontrano\/","title":{"rendered":"Obesit\u00e0 e COVID19: quando le due pandemie si incontrano"},"content":{"rendered":"\n<p><strong>Obesit\u00e0 e COVID19: quando le due pandemie si incontrano<\/strong><br><em>a cura della <strong>Dott.ssa Claudia Brufani<\/strong> specialista in endocrinologia e diabetologia<\/em><\/p>\n\n\n\n<p>Secondo il rapporto della World Obesity&nbsp;nel 2016 nel mondo c\u2019erano&nbsp;671 milioni di persone obese di cui 64 milioni con obesit\u00e0 grave, una vera e propria pandemia.<\/p>\n\n\n\n<p>Ci\u00f2 ha come conseguenza un aumento di prevalenza di altre malattie croniche come <a href=\"https:\/\/www.auxologico.it\/malattia\/diabete\">diabete<\/a>, ipertensione arteriosa, malattie cardiovascolari e respiratorie.<\/p>\n\n\n\n<p>Queste patologie, strettamente legate all\u2019obesit\u00e0, sono proprio quelle frequentemente presenti nelle persone con le forme gravi dell\u2019altra pandemia in atto, quella da COVID-19.<\/p>\n\n\n\n<p>Da vari studi \u00e8 emersa un&#8217;alta frequenza di obesit\u00e0 tra i pazienti ricoverati nei reparti di terapia intensiva per COVID-19. La gravit\u00e0 della malattia aumenta con l\u2019aumentare del grado di obesit\u00e0.<\/p>\n\n\n\n<h4 class=\"wp-block-heading\"><strong>In che modo l\u2019obesit\u00e0 pu\u00f2 peggiorare il quadro clinico da COVID-19?<\/strong><\/h4>\n\n\n\n<p>I pazienti affetti da obesit\u00e0 hanno una serie di fattori predisponenti alle infezioni virali soprattutto respiratorie.<\/p>\n\n\n\n<p>Tali fattori di rischio includono la&nbsp;sindrome da ipoventilazione, lo&nbsp;scompenso cardiaco, il&nbsp;diabete tipo2.<\/p>\n\n\n\n<p>L\u2019aumento eccessivo della massa grassa toracica e addominale provoca cambiamenti sostanziali nella meccanica dei polmoni che&nbsp;rendono pi\u00f9 difficile la respirazione&nbsp;e quindi pi\u00f9 probabili le complicanze respiratorie.<\/p>\n\n\n\n<p>Sono frequenti nelle persone obese patologie respiratorie come la&nbsp;broncopatia cronica ostruttiva, l\u2019asma, la cattiva ossigenazione dovuta alla ridotta ventilazione e alle apnee ostruttive nel sonno.<\/p>\n\n\n\n<p><strong>Obesit\u00e0 e COVID19: quando le due pandemie si incontrano<\/strong><\/p>\n\n\n\n<p>L&#8217;obesit\u00e0 \u00e8 inoltre caratterizzata da uno&nbsp;stato di infiammazione cronica, in modo particolare nei soggetti con obesit\u00e0 viscerale (eccesso di adipe prevalentemente a livello addominale, fig.1).<\/p>\n\n\n\n<p>Vi \u00e8 una produzione abnorme di citochine proinfiammatorie fra cui IL-6 che gioca un ruolo fondamentale nella malattia da COVID-19.<\/p>\n\n\n\n<p>Ci\u00f2 da una parte determina l\u2019insorgenza di malattie metaboliche (dislipidemia, insulinoresistenza, iperglicemia) e dall\u2019altra&nbsp;altera le risposte immunitarie&nbsp;indebolendo le difese dell\u2019organismo dalle infezioni.<\/p>\n\n\n\n<p>Appare pertanto necessario pi\u00f9 che mai in questo momento fronteggiare l\u2019obesit\u00e0, ed evitare che il Coronavirus possa infettare il nostro stile di vita. L\u2019isolamento sociale ha comportato un aumento della sedentariet\u00e0, del consumo di cibi ipercalorici, trasformati, a emivita pi\u00f9 lunga anzich\u00e9 prodotti freschi, di alimenti in scatola ricchi di sale e conservanti.<\/p>\n\n\n\n<p>Ancora di pi\u00f9 \u00e8 fondamentale uno stile di vita sano volto a contrastare la cattiva nutrizione&nbsp; dell&#8217;obeso, spesso ipernutrito ma allo stesso tempo malnutrito, carente in vitamine e proteine; la sedentariet\u00e0 con la ripresa di una <a href=\"https:\/\/www.auxologico.it\/approfondimenti\/7-esercizi-fare-casa-restare-forma\">regolare attivit\u00e0 motoria<\/a>&nbsp;utile per la difesa immunitaria, in particolare negli anziani e nelle persone con malattie croniche.<\/p>\n\n\n\n<p>Parole chiave COVID-19, obesit\u00e0, diabete tipo 2, insulinoresistenza, obesit\u00e0 viscerale, iperglicemia, dislipidemia<\/p>\n\n\n\n<p>Fig.1<\/p>\n\n\n\n<figure class=\"wp-block-image size-medium\"><img loading=\"lazy\" decoding=\"async\" width=\"300\" height=\"225\" src=\"https:\/\/www.medisocial.it\/claudia-brufani\/wp-content\/uploads\/2020\/09\/big-man-in-the-green-1058755-640x480-1-300x225.jpg\" alt=\"obesit\u00e0 e covid19\" class=\"wp-image-701\" srcset=\"https:\/\/www.medisocial.it\/endocrinologiaediabete\/wp-content\/uploads\/2020\/09\/big-man-in-the-green-1058755-640x480-1-300x225.jpg 300w, https:\/\/www.medisocial.it\/endocrinologiaediabete\/wp-content\/uploads\/2020\/09\/big-man-in-the-green-1058755-640x480-1.jpg 640w, https:\/\/www.medisocial.it\/endocrinologiaediabete\/wp-content\/uploads\/2020\/09\/big-man-in-the-green-1058755-640x480-1-480x360.jpg 480w\" sizes=\"(max-width: 300px) 100vw, 300px\" \/><\/figure>\n\n\n\n<h3 class=\"wp-block-heading\"><strong>Soffri di obesit\u00e0 o di disturbi connessi all&#8217;obesit\u00e0? Per consulti, informazioni o prenotazione visite, potete contattare la Dott.ssa Claudia Brufani presso i seguenti studi:<\/strong><\/h3>\n\n\n\n<p><em><strong>Studio Privato<\/strong><\/em><br>Piazza Bologna, 22, Roma<br>0644244904<\/p>\n\n\n\n<p><em><strong>Endocrinologia, Diabetologia e Nutrizione Studi Medici Girolamo Fabrizi<\/strong><\/em><br>Via Cesare Battisti 72, Acquapendente<br>3396596386<\/p>\n\n\n\n<p><em><strong>Studio medico di Endocrinologia e Diabetologia<\/strong><\/em><br>Via del Mare 69, Pomezia<br>0691633501\/3396596386<\/p>\n\n\n\n<p><strong>Telefono: <\/strong>3396596386<\/p>\n\n\n\n<p><strong>Email: <\/strong>cbrufani@libero.it oppure info@medisocial.it<\/p>\n","protected":false},"excerpt":{"rendered":"<p>Obesit\u00e0 e COVID19: quando le due pandemie si incontranoa cura della Dott.ssa Claudia Brufani specialista in endocrinologia e diabetologia Secondo il rapporto della World Obesity&nbsp;nel 2016 nel mondo c\u2019erano&nbsp;671 milioni di persone obese di cui 64 milioni con obesit\u00e0 grave, una vera e propria pandemia. Ci\u00f2 ha come conseguenza un aumento di prevalenza di altre [&hellip;]<\/p>\n","protected":false},"author":1,"featured_media":701,"comment_status":"open","ping_status":"open","sticky":false,"template":"","format":"standard","meta":{"_citadela_custom_class":"","footnotes":""},"categories":[182,20,7],"tags":[24,25,22,23,27,28,26,29,21,33,30,31,32,34,35,36,37],"citadela-post-location":[],"yoast_head":"<!-- This site is optimized with the Yoast SEO plugin v22.8 - https:\/\/yoast.com\/wordpress\/plugins\/seo\/ -->\n<title>Obesit\u00e0 e COVID19: quando le due pandemie si incontrano - Dott.ssa Claudia Brufani<\/title>\n<meta name=\"description\" content=\"Obesit\u00e0 e COVID19 Secondo il rapporto della World Obesity\u00a0nel 2016 nel mondo c\u2019erano\u00a0671 milioni di persone obese di cui 64 milioni con obesit\u00e0 grave\" \/>\n<meta name=\"robots\" content=\"index, follow, max-snippet:-1, max-image-preview:large, max-video-preview:-1\" \/>\n<link rel=\"canonical\" href=\"https:\/\/www.medisocial.it\/endocrinologiaediabete\/2020\/05\/22\/obesita-e-covid19-quando-le-due-pandemie-si-incontrano\/\" \/>\n<meta property=\"og:locale\" content=\"it_IT\" \/>\n<meta property=\"og:type\" content=\"article\" \/>\n<meta property=\"og:title\" content=\"Obesit\u00e0 e COVID19: quando le due pandemie si incontrano - Dott.ssa Claudia Brufani\" \/>\n<meta property=\"og:description\" content=\"Obesit\u00e0 e COVID19 Secondo il rapporto della World Obesity\u00a0nel 2016 nel mondo c\u2019erano\u00a0671 milioni di persone obese di cui 64 milioni con obesit\u00e0 grave\" \/>\n<meta property=\"og:url\" content=\"https:\/\/www.medisocial.it\/endocrinologiaediabete\/2020\/05\/22\/obesita-e-covid19-quando-le-due-pandemie-si-incontrano\/\" \/>\n<meta property=\"og:site_name\" content=\"Dott.ssa Claudia Brufani\" \/>\n<meta property=\"article:published_time\" content=\"2020-05-22T15:06:06+00:00\" \/>\n<meta property=\"article:modified_time\" content=\"2020-12-11T11:24:22+00:00\" \/>\n<meta property=\"og:image\" content=\"https:\/\/www.medisocial.it\/endocrinologiaediabete\/wp-content\/uploads\/2020\/09\/big-man-in-the-green-1058755-640x480-1.jpg\" \/>\n\t<meta property=\"og:image:width\" content=\"640\" \/>\n\t<meta property=\"og:image:height\" content=\"480\" \/>\n\t<meta property=\"og:image:type\" content=\"image\/jpeg\" \/>\n<meta name=\"author\" content=\"Claudia Brufani\" \/>\n<meta name=\"twitter:card\" content=\"summary_large_image\" \/>\n<meta name=\"twitter:label1\" content=\"Scritto da\" \/>\n\t<meta name=\"twitter:data1\" content=\"Claudia Brufani\" \/>\n\t<meta name=\"twitter:label2\" content=\"Tempo di lettura stimato\" \/>\n\t<meta name=\"twitter:data2\" content=\"2 minuti\" \/>\n<script type=\"application\/ld+json\" class=\"yoast-schema-graph\">{\"@context\":\"https:\/\/schema.org\",\"@graph\":[{\"@type\":\"Article\",\"@id\":\"https:\/\/www.medisocial.it\/endocrinologiaediabete\/2020\/05\/22\/obesita-e-covid19-quando-le-due-pandemie-si-incontrano\/#article\",\"isPartOf\":{\"@id\":\"https:\/\/www.medisocial.it\/endocrinologiaediabete\/2020\/05\/22\/obesita-e-covid19-quando-le-due-pandemie-si-incontrano\/\"},\"author\":{\"name\":\"Claudia Brufani\",\"@id\":\"https:\/\/www.medisocial.it\/endocrinologiaediabete\/#\/schema\/person\/4e70e0b15617eebf2b5240c1f84e1138\"},\"headline\":\"Obesit\u00e0 e COVID19: quando le due pandemie si incontrano\",\"datePublished\":\"2020-05-22T15:06:06+00:00\",\"dateModified\":\"2020-12-11T11:24:22+00:00\",\"mainEntityOfPage\":{\"@id\":\"https:\/\/www.medisocial.it\/endocrinologiaediabete\/2020\/05\/22\/obesita-e-covid19-quando-le-due-pandemie-si-incontrano\/\"},\"wordCount\":509,\"commentCount\":0,\"publisher\":{\"@id\":\"https:\/\/www.medisocial.it\/endocrinologiaediabete\/#\/schema\/person\/4e70e0b15617eebf2b5240c1f84e1138\"},\"image\":{\"@id\":\"https:\/\/www.medisocial.it\/endocrinologiaediabete\/2020\/05\/22\/obesita-e-covid19-quando-le-due-pandemie-si-incontrano\/#primaryimage\"},\"thumbnailUrl\":\"https:\/\/www.medisocial.it\/endocrinologiaediabete\/wp-content\/uploads\/2020\/09\/big-man-in-the-green-1058755-640x480-1.jpg\",\"keywords\":[\"apnee ostruttive nel sonno\",\"attivit\u00e0 motoria\",\"broncopatia cronica ostruttiva\",\"Covid-19\",\"diabete\",\"diabete tipo2\",\"dislipidemia\",\"disturbi cardiovascolari\",\"dott.ssa Claudia Brufani\",\"Dott.ssa Claudia Brufani diabetologa Roma\",\"dott.ssa Claudia Brufani endocrinologa\",\"insulinoresistenza\",\"iperglicemia\",\"obesit\u00e0\",\"pandemia\",\"risposta immunitaria\",\"scompenso cardiaco\"],\"articleSection\":[\"Covid-19 Diabete ed Endocrinologia\",\"Obesit\u00e0\",\"Patologie e trattamenti\"],\"inLanguage\":\"it-IT\",\"potentialAction\":[{\"@type\":\"CommentAction\",\"name\":\"Comment\",\"target\":[\"https:\/\/www.medisocial.it\/endocrinologiaediabete\/2020\/05\/22\/obesita-e-covid19-quando-le-due-pandemie-si-incontrano\/#respond\"]}]},{\"@type\":\"WebPage\",\"@id\":\"https:\/\/www.medisocial.it\/endocrinologiaediabete\/2020\/05\/22\/obesita-e-covid19-quando-le-due-pandemie-si-incontrano\/\",\"url\":\"https:\/\/www.medisocial.it\/endocrinologiaediabete\/2020\/05\/22\/obesita-e-covid19-quando-le-due-pandemie-si-incontrano\/\",\"name\":\"Obesit\u00e0 e COVID19: quando le due pandemie si incontrano - Dott.ssa Claudia Brufani\",\"isPartOf\":{\"@id\":\"https:\/\/www.medisocial.it\/endocrinologiaediabete\/#website\"},\"primaryImageOfPage\":{\"@id\":\"https:\/\/www.medisocial.it\/endocrinologiaediabete\/2020\/05\/22\/obesita-e-covid19-quando-le-due-pandemie-si-incontrano\/#primaryimage\"},\"image\":{\"@id\":\"https:\/\/www.medisocial.it\/endocrinologiaediabete\/2020\/05\/22\/obesita-e-covid19-quando-le-due-pandemie-si-incontrano\/#primaryimage\"},\"thumbnailUrl\":\"https:\/\/www.medisocial.it\/endocrinologiaediabete\/wp-content\/uploads\/2020\/09\/big-man-in-the-green-1058755-640x480-1.jpg\",\"datePublished\":\"2020-05-22T15:06:06+00:00\",\"dateModified\":\"2020-12-11T11:24:22+00:00\",\"description\":\"Obesit\u00e0 e COVID19 Secondo il rapporto della World Obesity\u00a0nel 2016 nel mondo c\u2019erano\u00a0671 milioni di persone obese di cui 64 milioni con obesit\u00e0 grave\",\"breadcrumb\":{\"@id\":\"https:\/\/www.medisocial.it\/endocrinologiaediabete\/2020\/05\/22\/obesita-e-covid19-quando-le-due-pandemie-si-incontrano\/#breadcrumb\"},\"inLanguage\":\"it-IT\",\"potentialAction\":[{\"@type\":\"ReadAction\",\"target\":[\"https:\/\/www.medisocial.it\/endocrinologiaediabete\/2020\/05\/22\/obesita-e-covid19-quando-le-due-pandemie-si-incontrano\/\"]}]},{\"@type\":\"ImageObject\",\"inLanguage\":\"it-IT\",\"@id\":\"https:\/\/www.medisocial.it\/endocrinologiaediabete\/2020\/05\/22\/obesita-e-covid19-quando-le-due-pandemie-si-incontrano\/#primaryimage\",\"url\":\"https:\/\/www.medisocial.it\/endocrinologiaediabete\/wp-content\/uploads\/2020\/09\/big-man-in-the-green-1058755-640x480-1.jpg\",\"contentUrl\":\"https:\/\/www.medisocial.it\/endocrinologiaediabete\/wp-content\/uploads\/2020\/09\/big-man-in-the-green-1058755-640x480-1.jpg\",\"width\":640,\"height\":480,\"caption\":\"obesit\u00e0 e covid19\"},{\"@type\":\"BreadcrumbList\",\"@id\":\"https:\/\/www.medisocial.it\/endocrinologiaediabete\/2020\/05\/22\/obesita-e-covid19-quando-le-due-pandemie-si-incontrano\/#breadcrumb\",\"itemListElement\":[{\"@type\":\"ListItem\",\"position\":1,\"name\":\"Home\",\"item\":\"https:\/\/www.medisocial.it\/endocrinologiaediabete\/\"},{\"@type\":\"ListItem\",\"position\":2,\"name\":\"Obesit\u00e0 e COVID19: quando le due pandemie si incontrano\"}]},{\"@type\":\"WebSite\",\"@id\":\"https:\/\/www.medisocial.it\/endocrinologiaediabete\/#website\",\"url\":\"https:\/\/www.medisocial.it\/endocrinologiaediabete\/\",\"name\":\"Dott.ssa Claudia Brufani\",\"description\":\"Specialista in Endocrinologia e Diabetologia\",\"publisher\":{\"@id\":\"https:\/\/www.medisocial.it\/endocrinologiaediabete\/#\/schema\/person\/4e70e0b15617eebf2b5240c1f84e1138\"},\"potentialAction\":[{\"@type\":\"SearchAction\",\"target\":{\"@type\":\"EntryPoint\",\"urlTemplate\":\"https:\/\/www.medisocial.it\/endocrinologiaediabete\/?s={search_term_string}\"},\"query-input\":\"required name=search_term_string\"}],\"inLanguage\":\"it-IT\"},{\"@type\":[\"Person\",\"Organization\"],\"@id\":\"https:\/\/www.medisocial.it\/endocrinologiaediabete\/#\/schema\/person\/4e70e0b15617eebf2b5240c1f84e1138\",\"name\":\"Claudia Brufani\",\"image\":{\"@type\":\"ImageObject\",\"inLanguage\":\"it-IT\",\"@id\":\"https:\/\/www.medisocial.it\/endocrinologiaediabete\/#\/schema\/person\/image\/\",\"url\":\"https:\/\/secure.gravatar.com\/avatar\/efa9393110d3610a15f45429c6613084?s=96&d=mm&r=g\",\"contentUrl\":\"https:\/\/secure.gravatar.com\/avatar\/efa9393110d3610a15f45429c6613084?s=96&d=mm&r=g\",\"caption\":\"Claudia Brufani\"},\"logo\":{\"@id\":\"https:\/\/www.medisocial.it\/endocrinologiaediabete\/#\/schema\/person\/image\/\"}}]}<\/script>\n<!-- \/ Yoast SEO plugin. -->","yoast_head_json":{"title":"Obesit\u00e0 e COVID19: quando le due pandemie si incontrano - Dott.ssa Claudia Brufani","description":"Obesit\u00e0 e COVID19 Secondo il rapporto della World Obesity\u00a0nel 2016 nel mondo c\u2019erano\u00a0671 milioni di persone obese di cui 64 milioni con obesit\u00e0 grave","robots":{"index":"index","follow":"follow","max-snippet":"max-snippet:-1","max-image-preview":"max-image-preview:large","max-video-preview":"max-video-preview:-1"},"canonical":"https:\/\/www.medisocial.it\/endocrinologiaediabete\/2020\/05\/22\/obesita-e-covid19-quando-le-due-pandemie-si-incontrano\/","og_locale":"it_IT","og_type":"article","og_title":"Obesit\u00e0 e COVID19: quando le due pandemie si incontrano - Dott.ssa Claudia Brufani","og_description":"Obesit\u00e0 e COVID19 Secondo il rapporto della World Obesity\u00a0nel 2016 nel mondo c\u2019erano\u00a0671 milioni di persone obese di cui 64 milioni con obesit\u00e0 grave","og_url":"https:\/\/www.medisocial.it\/endocrinologiaediabete\/2020\/05\/22\/obesita-e-covid19-quando-le-due-pandemie-si-incontrano\/","og_site_name":"Dott.ssa Claudia Brufani","article_published_time":"2020-05-22T15:06:06+00:00","article_modified_time":"2020-12-11T11:24:22+00:00","og_image":[{"width":640,"height":480,"url":"https:\/\/www.medisocial.it\/endocrinologiaediabete\/wp-content\/uploads\/2020\/09\/big-man-in-the-green-1058755-640x480-1.jpg","type":"image\/jpeg"}],"author":"Claudia Brufani","twitter_card":"summary_large_image","twitter_misc":{"Scritto da":"Claudia Brufani","Tempo di lettura stimato":"2 minuti"},"schema":{"@context":"https:\/\/schema.org","@graph":[{"@type":"Article","@id":"https:\/\/www.medisocial.it\/endocrinologiaediabete\/2020\/05\/22\/obesita-e-covid19-quando-le-due-pandemie-si-incontrano\/#article","isPartOf":{"@id":"https:\/\/www.medisocial.it\/endocrinologiaediabete\/2020\/05\/22\/obesita-e-covid19-quando-le-due-pandemie-si-incontrano\/"},"author":{"name":"Claudia Brufani","@id":"https:\/\/www.medisocial.it\/endocrinologiaediabete\/#\/schema\/person\/4e70e0b15617eebf2b5240c1f84e1138"},"headline":"Obesit\u00e0 e COVID19: quando le due pandemie si incontrano","datePublished":"2020-05-22T15:06:06+00:00","dateModified":"2020-12-11T11:24:22+00:00","mainEntityOfPage":{"@id":"https:\/\/www.medisocial.it\/endocrinologiaediabete\/2020\/05\/22\/obesita-e-covid19-quando-le-due-pandemie-si-incontrano\/"},"wordCount":509,"commentCount":0,"publisher":{"@id":"https:\/\/www.medisocial.it\/endocrinologiaediabete\/#\/schema\/person\/4e70e0b15617eebf2b5240c1f84e1138"},"image":{"@id":"https:\/\/www.medisocial.it\/endocrinologiaediabete\/2020\/05\/22\/obesita-e-covid19-quando-le-due-pandemie-si-incontrano\/#primaryimage"},"thumbnailUrl":"https:\/\/www.medisocial.it\/endocrinologiaediabete\/wp-content\/uploads\/2020\/09\/big-man-in-the-green-1058755-640x480-1.jpg","keywords":["apnee ostruttive nel sonno","attivit\u00e0 motoria","broncopatia cronica ostruttiva","Covid-19","diabete","diabete tipo2","dislipidemia","disturbi cardiovascolari","dott.ssa Claudia Brufani","Dott.ssa Claudia Brufani diabetologa Roma","dott.ssa Claudia Brufani endocrinologa","insulinoresistenza","iperglicemia","obesit\u00e0","pandemia","risposta immunitaria","scompenso cardiaco"],"articleSection":["Covid-19 Diabete ed Endocrinologia","Obesit\u00e0","Patologie e trattamenti"],"inLanguage":"it-IT","potentialAction":[{"@type":"CommentAction","name":"Comment","target":["https:\/\/www.medisocial.it\/endocrinologiaediabete\/2020\/05\/22\/obesita-e-covid19-quando-le-due-pandemie-si-incontrano\/#respond"]}]},{"@type":"WebPage","@id":"https:\/\/www.medisocial.it\/endocrinologiaediabete\/2020\/05\/22\/obesita-e-covid19-quando-le-due-pandemie-si-incontrano\/","url":"https:\/\/www.medisocial.it\/endocrinologiaediabete\/2020\/05\/22\/obesita-e-covid19-quando-le-due-pandemie-si-incontrano\/","name":"Obesit\u00e0 e COVID19: quando le due pandemie si incontrano - Dott.ssa Claudia Brufani","isPartOf":{"@id":"https:\/\/www.medisocial.it\/endocrinologiaediabete\/#website"},"primaryImageOfPage":{"@id":"https:\/\/www.medisocial.it\/endocrinologiaediabete\/2020\/05\/22\/obesita-e-covid19-quando-le-due-pandemie-si-incontrano\/#primaryimage"},"image":{"@id":"https:\/\/www.medisocial.it\/endocrinologiaediabete\/2020\/05\/22\/obesita-e-covid19-quando-le-due-pandemie-si-incontrano\/#primaryimage"},"thumbnailUrl":"https:\/\/www.medisocial.it\/endocrinologiaediabete\/wp-content\/uploads\/2020\/09\/big-man-in-the-green-1058755-640x480-1.jpg","datePublished":"2020-05-22T15:06:06+00:00","dateModified":"2020-12-11T11:24:22+00:00","description":"Obesit\u00e0 e COVID19 Secondo il rapporto della World Obesity\u00a0nel 2016 nel mondo c\u2019erano\u00a0671 milioni di persone obese di cui 64 milioni con obesit\u00e0 grave","breadcrumb":{"@id":"https:\/\/www.medisocial.it\/endocrinologiaediabete\/2020\/05\/22\/obesita-e-covid19-quando-le-due-pandemie-si-incontrano\/#breadcrumb"},"inLanguage":"it-IT","potentialAction":[{"@type":"ReadAction","target":["https:\/\/www.medisocial.it\/endocrinologiaediabete\/2020\/05\/22\/obesita-e-covid19-quando-le-due-pandemie-si-incontrano\/"]}]},{"@type":"ImageObject","inLanguage":"it-IT","@id":"https:\/\/www.medisocial.it\/endocrinologiaediabete\/2020\/05\/22\/obesita-e-covid19-quando-le-due-pandemie-si-incontrano\/#primaryimage","url":"https:\/\/www.medisocial.it\/endocrinologiaediabete\/wp-content\/uploads\/2020\/09\/big-man-in-the-green-1058755-640x480-1.jpg","contentUrl":"https:\/\/www.medisocial.it\/endocrinologiaediabete\/wp-content\/uploads\/2020\/09\/big-man-in-the-green-1058755-640x480-1.jpg","width":640,"height":480,"caption":"obesit\u00e0 e covid19"},{"@type":"BreadcrumbList","@id":"https:\/\/www.medisocial.it\/endocrinologiaediabete\/2020\/05\/22\/obesita-e-covid19-quando-le-due-pandemie-si-incontrano\/#breadcrumb","itemListElement":[{"@type":"ListItem","position":1,"name":"Home","item":"https:\/\/www.medisocial.it\/endocrinologiaediabete\/"},{"@type":"ListItem","position":2,"name":"Obesit\u00e0 e COVID19: quando le due pandemie si incontrano"}]},{"@type":"WebSite","@id":"https:\/\/www.medisocial.it\/endocrinologiaediabete\/#website","url":"https:\/\/www.medisocial.it\/endocrinologiaediabete\/","name":"Dott.ssa Claudia Brufani","description":"Specialista in Endocrinologia e Diabetologia","publisher":{"@id":"https:\/\/www.medisocial.it\/endocrinologiaediabete\/#\/schema\/person\/4e70e0b15617eebf2b5240c1f84e1138"},"potentialAction":[{"@type":"SearchAction","target":{"@type":"EntryPoint","urlTemplate":"https:\/\/www.medisocial.it\/endocrinologiaediabete\/?s={search_term_string}"},"query-input":"required name=search_term_string"}],"inLanguage":"it-IT"},{"@type":["Person","Organization"],"@id":"https:\/\/www.medisocial.it\/endocrinologiaediabete\/#\/schema\/person\/4e70e0b15617eebf2b5240c1f84e1138","name":"Claudia Brufani","image":{"@type":"ImageObject","inLanguage":"it-IT","@id":"https:\/\/www.medisocial.it\/endocrinologiaediabete\/#\/schema\/person\/image\/","url":"https:\/\/secure.gravatar.com\/avatar\/efa9393110d3610a15f45429c6613084?s=96&d=mm&r=g","contentUrl":"https:\/\/secure.gravatar.com\/avatar\/efa9393110d3610a15f45429c6613084?s=96&d=mm&r=g","caption":"Claudia Brufani"},"logo":{"@id":"https:\/\/www.medisocial.it\/endocrinologiaediabete\/#\/schema\/person\/image\/"}}]}},"_links":{"self":[{"href":"https:\/\/www.medisocial.it\/endocrinologiaediabete\/wp-json\/wp\/v2\/posts\/700"}],"collection":[{"href":"https:\/\/www.medisocial.it\/endocrinologiaediabete\/wp-json\/wp\/v2\/posts"}],"about":[{"href":"https:\/\/www.medisocial.it\/endocrinologiaediabete\/wp-json\/wp\/v2\/types\/post"}],"author":[{"embeddable":true,"href":"https:\/\/www.medisocial.it\/endocrinologiaediabete\/wp-json\/wp\/v2\/users\/1"}],"replies":[{"embeddable":true,"href":"https:\/\/www.medisocial.it\/endocrinologiaediabete\/wp-json\/wp\/v2\/comments?post=700"}],"version-history":[{"count":0,"href":"https:\/\/www.medisocial.it\/endocrinologiaediabete\/wp-json\/wp\/v2\/posts\/700\/revisions"}],"wp:featuredmedia":[{"embeddable":true,"href":"https:\/\/www.medisocial.it\/endocrinologiaediabete\/wp-json\/wp\/v2\/media\/701"}],"wp:attachment":[{"href":"https:\/\/www.medisocial.it\/endocrinologiaediabete\/wp-json\/wp\/v2\/media?parent=700"}],"wp:term":[{"taxonomy":"category","embeddable":true,"href":"https:\/\/www.medisocial.it\/endocrinologiaediabete\/wp-json\/wp\/v2\/categories?post=700"},{"taxonomy":"post_tag","embeddable":true,"href":"https:\/\/www.medisocial.it\/endocrinologiaediabete\/wp-json\/wp\/v2\/tags?post=700"},{"taxonomy":"citadela-post-location","embeddable":true,"href":"https:\/\/www.medisocial.it\/endocrinologiaediabete\/wp-json\/wp\/v2\/citadela-post-location?post=700"}],"curies":[{"name":"wp","href":"https:\/\/api.w.org\/{rel}","templated":true}]}}