{"id":664,"date":"2020-07-15T17:22:32","date_gmt":"2020-07-15T15:22:32","guid":{"rendered":"https:\/\/www.medisocial.it\/staging2\/?p=664"},"modified":"2020-12-11T12:28:49","modified_gmt":"2020-12-11T11:28:49","slug":"acanthosis-nigricans-quella-striscia-nera-sul-collo","status":"publish","type":"post","link":"https:\/\/www.medisocial.it\/endocrinologiaediabete\/2020\/07\/15\/acanthosis-nigricans-quella-striscia-nera-sul-collo\/","title":{"rendered":"Acanthosis Nigricans: quella striscia nera sul collo"},"content":{"rendered":"\n<p><strong>Acanthosis Nigricans: quella striscia nera sul collo<\/strong><\/p>\n\n\n\n<p>L\u2019<strong>Acanthosis Nigricans<\/strong>&nbsp;\u00e8 una manifestazione della pelle caratterizzata da aree del corpo iperpigmentate e ruvide che compaiono tipicamente a livello delle pieghe cutanee (<a href=\"https:\/\/it.wikipedia.org\/wiki\/Collo\">collo<\/a>, ascelle,&nbsp;<a href=\"https:\/\/it.wikipedia.org\/wiki\/Inguine\">inguine<\/a>).<\/p>\n\n\n\n<h4 class=\"wp-block-heading\">La pelle si presenta ispessita e di colore pi\u00f9 scuro (dal brunastro al nero) rispetto alle zone circostanti.<\/h4>\n\n\n\n<p>L\u2019aspetto pi\u00f9 tipico \u00e8 una striscia nera alla base del collo in sede posteriore, nei casi pi\u00f9 conclamati con estensione anteriore.<\/p>\n\n\n\n<p>La pelle colpita ha un aspetto simil sporco, una consistenza ruvida con elevazione minima simile a una placca, pu\u00f2 mostrare accentuazione dei dermatoglifi (linee cutanee).<\/p>\n\n\n\n<p>Talvolta in maniera inopportuna la striscia nera sul collo viene interpretata come una zona del corpo sporca che necessita di un lavaggio pi\u00f9 frequente e aggressivo (comportamento che deve essere scoraggiato in quanto pu\u00f2 causare ispessimento della cute e peggioramento dell\u2019iperpigmentazione).<\/p>\n\n\n\n<p>Non si tratta di una malattia della pelle (non \u00e8&nbsp;<a href=\"https:\/\/www.my-personaltrainer.it\/salute\/contagio.html\">contagiosa<\/a>&nbsp;o dannosa), ma \u00e8 un\u2019importante spia di un\u2019ampia variet\u00e0 di disturbi metabolici ed endocrini (raramente genetici, familiari, maligni o legati a farmaci) caratterizzati quasi sempre da insulino-resistenza e iperinsulinemia (aumento di insulina nel sangue).<\/p>\n\n\n\n<h4 class=\"wp-block-heading\">Livelli elevati di insulina nel sangue sembrerebbero stimolare la proliferazione delle cellule della pelle.<\/h4>\n\n\n\n<p>La distribuzione predominante di&nbsp;<strong>Acanthosis Nigricans<\/strong>&nbsp;nelle pieghe della cute suggerisce poi un ruolo contributivo dell\u2019attrito e dell\u2019irritazione delle aree interessate.<\/p>\n\n\n\n<p>L\u2019obesit\u00e0, il diabete tipo 2, la sindrome dell\u2019ovaio policistico e la sindrome metabolica sono tra i disturbi pi\u00f9 frequentemente associati ad&nbsp;<strong>Acanthosis Nigricans<\/strong>&nbsp;.<\/p>\n\n\n\n<h4 class=\"wp-block-heading\">La manifestazione cutanea (la striscia nera sul collo) \u00e8 caratteristica dei giovani e comunque degli adulti con et\u00e0 inferiore ai 40 anni con problematiche metaboliche.<\/h4>\n\n\n\n<p>In modo particolare gli adolescenti con eccesso ponderale possono frequentemente presentare&nbsp;<strong>Acanthosis Nigricans<\/strong>: all\u2019iperinsulinismo caratteristico dello sviluppo puberale (quella tempesta ormonale che segna il passaggio dalla vita infantile a quella adulta), si somma l\u2019insulino-resistenza legata all\u2019eccesso ponderale.<\/p>\n\n\n\n<p><strong>Acanthosis Nigricans<\/strong>&nbsp;si riscontra quasi nel 90% di giovani puberi adolescenti con diabete tipo 2.<\/p>\n\n\n\n<p>Nella sindrome dell\u2019ovaio policistico<em>,&nbsp;<\/em>un comune disordine che colpisce le adolescenti e le donne adulte in et\u00e0 riproduttiva, pu\u00f2 essere un marker di aumento del rischio di anomalie endocrine e metaboliche.<\/p>\n\n\n\n<p>Studi scientifici hanno evidenziato che tra le donne con sindrome dell\u2019ovaio policistico, la presenza di&nbsp;<strong>Acanthosis Nigricans<\/strong>&nbsp;\u00e8 associata a tassi pi\u00f9 elevati di testosterone, resistenza all\u2019insulina, dislipidemia, aumento dell\u2019indice di massa corporea e del rischio di sviluppare intolleranza glicidica e diabete con\u00adclamato.<\/p>\n\n\n\n<p>Non \u00e8 in genere indicato un trattamento specifico, ma la gestione terapeutica della condizione medica di base, pu\u00f2 ripristinare la normale pigmentazione delle zone cutanee interessate.<\/p>\n\n\n\n<p>In particolare, se la comparsa delle manifestazioni della pelle \u00e8 connessa all\u2019obesit\u00e0, la gestione del&nbsp;<a href=\"https:\/\/www.my-personaltrainer.it\/peso-forma.html\">peso<\/a>&nbsp;rappresenta una componente fondamentale del trattamento:&nbsp;<a href=\"https:\/\/www.my-personaltrainer.it\/salute\/abbassare-la-glicemia.html\">dieta, stile di vita corretto e quando necessario farmaci insulino-sensibilizzanti che contribuiscano a ridurre l\u2019insulina<\/a>,&nbsp;possono anche aiutare a prevenire e migliorare l\u2019acanthosis nigricans.<\/p>\n\n\n\n<h5 class=\"wp-block-heading\"><strong>Keywords: #acanthosisnigricans, #obesit\u00e0, #insulino-resistenza, #diabetetipo2, #sindromedell\u2019ovaiopolicistico, #adolescenti, #pubert\u00e0, #sindromemetabolica<\/strong><\/h5>\n","protected":false},"excerpt":{"rendered":"<p>Acanthosis Nigricans: quella striscia nera sul collo L\u2019Acanthosis Nigricans&nbsp;\u00e8 una manifestazione della pelle caratterizzata da aree del corpo iperpigmentate e ruvide che compaiono tipicamente a livello delle pieghe cutanee (collo, ascelle,&nbsp;inguine). La pelle si presenta ispessita e di colore pi\u00f9 scuro (dal brunastro al nero) rispetto alle zone circostanti. L\u2019aspetto pi\u00f9 tipico \u00e8 una striscia [&hellip;]<\/p>\n","protected":false},"author":1,"featured_media":708,"comment_status":"open","ping_status":"open","sticky":false,"template":"","format":"standard","meta":{"_citadela_custom_class":"","footnotes":""},"categories":[9,20],"tags":[39,38,28,21,33,40,31,34,41,43,44,42,45],"citadela-post-location":[],"yoast_head":"<!-- This site is optimized with the Yoast SEO plugin v22.8 - https:\/\/yoast.com\/wordpress\/plugins\/seo\/ -->\n<title>Acanthosis Nigricans: quella striscia nera sul collo - Dott.ssa Claudia Brufani<\/title>\n<meta name=\"description\" content=\"L\u2019Acanthosis Nigricans \u00e8 una manifestazione della pelle caratterizzata da aree del corpo iperpigmentate e ruvide a livello di pieghe cutanee\" \/>\n<meta name=\"robots\" content=\"index, follow, max-snippet:-1, max-image-preview:large, max-video-preview:-1\" \/>\n<link rel=\"canonical\" href=\"https:\/\/www.medisocial.it\/endocrinologiaediabete\/2020\/07\/15\/acanthosis-nigricans-quella-striscia-nera-sul-collo\/\" \/>\n<meta property=\"og:locale\" content=\"it_IT\" \/>\n<meta property=\"og:type\" content=\"article\" \/>\n<meta property=\"og:title\" content=\"Acanthosis Nigricans: quella striscia nera sul collo - Dott.ssa Claudia Brufani\" \/>\n<meta property=\"og:description\" content=\"L\u2019Acanthosis Nigricans \u00e8 una manifestazione della pelle caratterizzata da aree del corpo iperpigmentate e ruvide a livello di pieghe cutanee\" \/>\n<meta property=\"og:url\" content=\"https:\/\/www.medisocial.it\/endocrinologiaediabete\/2020\/07\/15\/acanthosis-nigricans-quella-striscia-nera-sul-collo\/\" \/>\n<meta property=\"og:site_name\" content=\"Dott.ssa Claudia Brufani\" \/>\n<meta property=\"article:published_time\" content=\"2020-07-15T15:22:32+00:00\" \/>\n<meta property=\"article:modified_time\" content=\"2020-12-11T11:28:49+00:00\" \/>\n<meta property=\"og:image\" content=\"https:\/\/www.medisocial.it\/endocrinologiaediabete\/wp-content\/uploads\/2020\/08\/Acanthosis-Nigricans.jpg\" \/>\n\t<meta property=\"og:image:width\" content=\"571\" \/>\n\t<meta property=\"og:image:height\" content=\"293\" \/>\n\t<meta property=\"og:image:type\" content=\"image\/jpeg\" \/>\n<meta name=\"author\" content=\"Claudia Brufani\" \/>\n<meta name=\"twitter:card\" content=\"summary_large_image\" \/>\n<meta name=\"twitter:label1\" content=\"Scritto da\" \/>\n\t<meta name=\"twitter:data1\" content=\"Claudia Brufani\" \/>\n\t<meta name=\"twitter:label2\" content=\"Tempo di lettura stimato\" \/>\n\t<meta name=\"twitter:data2\" content=\"2 minuti\" \/>\n<script type=\"application\/ld+json\" class=\"yoast-schema-graph\">{\"@context\":\"https:\/\/schema.org\",\"@graph\":[{\"@type\":\"Article\",\"@id\":\"https:\/\/www.medisocial.it\/endocrinologiaediabete\/2020\/07\/15\/acanthosis-nigricans-quella-striscia-nera-sul-collo\/#article\",\"isPartOf\":{\"@id\":\"https:\/\/www.medisocial.it\/endocrinologiaediabete\/2020\/07\/15\/acanthosis-nigricans-quella-striscia-nera-sul-collo\/\"},\"author\":{\"name\":\"Claudia Brufani\",\"@id\":\"https:\/\/www.medisocial.it\/endocrinologiaediabete\/#\/schema\/person\/4e70e0b15617eebf2b5240c1f84e1138\"},\"headline\":\"Acanthosis Nigricans: quella striscia nera sul collo\",\"datePublished\":\"2020-07-15T15:22:32+00:00\",\"dateModified\":\"2020-12-11T11:28:49+00:00\",\"mainEntityOfPage\":{\"@id\":\"https:\/\/www.medisocial.it\/endocrinologiaediabete\/2020\/07\/15\/acanthosis-nigricans-quella-striscia-nera-sul-collo\/\"},\"wordCount\":506,\"commentCount\":0,\"publisher\":{\"@id\":\"https:\/\/www.medisocial.it\/endocrinologiaediabete\/#\/schema\/person\/4e70e0b15617eebf2b5240c1f84e1138\"},\"image\":{\"@id\":\"https:\/\/www.medisocial.it\/endocrinologiaediabete\/2020\/07\/15\/acanthosis-nigricans-quella-striscia-nera-sul-collo\/#primaryimage\"},\"thumbnailUrl\":\"https:\/\/www.medisocial.it\/endocrinologiaediabete\/wp-content\/uploads\/2020\/08\/Acanthosis-Nigricans.jpg\",\"keywords\":[\"acanthosis nigricans\",\"adolescenti\",\"diabete tipo2\",\"dott.ssa Claudia Brufani\",\"Dott.ssa Claudia Brufani diabetologa Roma\",\"Dotto.ssa Claudia Brufani endocrinologa Roma\",\"insulinoresistenza\",\"obesit\u00e0\",\"pubert\u00e0\",\"sindrome metabolica\",\"sindrome ovaio policistico\",\"specialistadiabetologiaroma\",\"specialistaendocrinologaroma\"],\"articleSection\":[\"Diabete\",\"Obesit\u00e0\"],\"inLanguage\":\"it-IT\",\"potentialAction\":[{\"@type\":\"CommentAction\",\"name\":\"Comment\",\"target\":[\"https:\/\/www.medisocial.it\/endocrinologiaediabete\/2020\/07\/15\/acanthosis-nigricans-quella-striscia-nera-sul-collo\/#respond\"]}]},{\"@type\":\"WebPage\",\"@id\":\"https:\/\/www.medisocial.it\/endocrinologiaediabete\/2020\/07\/15\/acanthosis-nigricans-quella-striscia-nera-sul-collo\/\",\"url\":\"https:\/\/www.medisocial.it\/endocrinologiaediabete\/2020\/07\/15\/acanthosis-nigricans-quella-striscia-nera-sul-collo\/\",\"name\":\"Acanthosis Nigricans: quella striscia nera sul collo - Dott.ssa Claudia Brufani\",\"isPartOf\":{\"@id\":\"https:\/\/www.medisocial.it\/endocrinologiaediabete\/#website\"},\"primaryImageOfPage\":{\"@id\":\"https:\/\/www.medisocial.it\/endocrinologiaediabete\/2020\/07\/15\/acanthosis-nigricans-quella-striscia-nera-sul-collo\/#primaryimage\"},\"image\":{\"@id\":\"https:\/\/www.medisocial.it\/endocrinologiaediabete\/2020\/07\/15\/acanthosis-nigricans-quella-striscia-nera-sul-collo\/#primaryimage\"},\"thumbnailUrl\":\"https:\/\/www.medisocial.it\/endocrinologiaediabete\/wp-content\/uploads\/2020\/08\/Acanthosis-Nigricans.jpg\",\"datePublished\":\"2020-07-15T15:22:32+00:00\",\"dateModified\":\"2020-12-11T11:28:49+00:00\",\"description\":\"L\u2019Acanthosis Nigricans \u00e8 una manifestazione della pelle caratterizzata da aree del corpo iperpigmentate e ruvide a livello di pieghe cutanee\",\"breadcrumb\":{\"@id\":\"https:\/\/www.medisocial.it\/endocrinologiaediabete\/2020\/07\/15\/acanthosis-nigricans-quella-striscia-nera-sul-collo\/#breadcrumb\"},\"inLanguage\":\"it-IT\",\"potentialAction\":[{\"@type\":\"ReadAction\",\"target\":[\"https:\/\/www.medisocial.it\/endocrinologiaediabete\/2020\/07\/15\/acanthosis-nigricans-quella-striscia-nera-sul-collo\/\"]}]},{\"@type\":\"ImageObject\",\"inLanguage\":\"it-IT\",\"@id\":\"https:\/\/www.medisocial.it\/endocrinologiaediabete\/2020\/07\/15\/acanthosis-nigricans-quella-striscia-nera-sul-collo\/#primaryimage\",\"url\":\"https:\/\/www.medisocial.it\/endocrinologiaediabete\/wp-content\/uploads\/2020\/08\/Acanthosis-Nigricans.jpg\",\"contentUrl\":\"https:\/\/www.medisocial.it\/endocrinologiaediabete\/wp-content\/uploads\/2020\/08\/Acanthosis-Nigricans.jpg\",\"width\":571,\"height\":293,\"caption\":\"Acanthosis-Nigricans\"},{\"@type\":\"BreadcrumbList\",\"@id\":\"https:\/\/www.medisocial.it\/endocrinologiaediabete\/2020\/07\/15\/acanthosis-nigricans-quella-striscia-nera-sul-collo\/#breadcrumb\",\"itemListElement\":[{\"@type\":\"ListItem\",\"position\":1,\"name\":\"Home\",\"item\":\"https:\/\/www.medisocial.it\/endocrinologiaediabete\/\"},{\"@type\":\"ListItem\",\"position\":2,\"name\":\"Acanthosis Nigricans: quella striscia nera sul collo\"}]},{\"@type\":\"WebSite\",\"@id\":\"https:\/\/www.medisocial.it\/endocrinologiaediabete\/#website\",\"url\":\"https:\/\/www.medisocial.it\/endocrinologiaediabete\/\",\"name\":\"Dott.ssa Claudia Brufani\",\"description\":\"Specialista in Endocrinologia e Diabetologia\",\"publisher\":{\"@id\":\"https:\/\/www.medisocial.it\/endocrinologiaediabete\/#\/schema\/person\/4e70e0b15617eebf2b5240c1f84e1138\"},\"potentialAction\":[{\"@type\":\"SearchAction\",\"target\":{\"@type\":\"EntryPoint\",\"urlTemplate\":\"https:\/\/www.medisocial.it\/endocrinologiaediabete\/?s={search_term_string}\"},\"query-input\":\"required name=search_term_string\"}],\"inLanguage\":\"it-IT\"},{\"@type\":[\"Person\",\"Organization\"],\"@id\":\"https:\/\/www.medisocial.it\/endocrinologiaediabete\/#\/schema\/person\/4e70e0b15617eebf2b5240c1f84e1138\",\"name\":\"Claudia Brufani\",\"image\":{\"@type\":\"ImageObject\",\"inLanguage\":\"it-IT\",\"@id\":\"https:\/\/www.medisocial.it\/endocrinologiaediabete\/#\/schema\/person\/image\/\",\"url\":\"https:\/\/secure.gravatar.com\/avatar\/efa9393110d3610a15f45429c6613084?s=96&d=mm&r=g\",\"contentUrl\":\"https:\/\/secure.gravatar.com\/avatar\/efa9393110d3610a15f45429c6613084?s=96&d=mm&r=g\",\"caption\":\"Claudia Brufani\"},\"logo\":{\"@id\":\"https:\/\/www.medisocial.it\/endocrinologiaediabete\/#\/schema\/person\/image\/\"}}]}<\/script>\n<!-- \/ Yoast SEO plugin. -->","yoast_head_json":{"title":"Acanthosis Nigricans: quella striscia nera sul collo - Dott.ssa Claudia Brufani","description":"L\u2019Acanthosis Nigricans \u00e8 una manifestazione della pelle caratterizzata da aree del corpo iperpigmentate e ruvide a livello di pieghe cutanee","robots":{"index":"index","follow":"follow","max-snippet":"max-snippet:-1","max-image-preview":"max-image-preview:large","max-video-preview":"max-video-preview:-1"},"canonical":"https:\/\/www.medisocial.it\/endocrinologiaediabete\/2020\/07\/15\/acanthosis-nigricans-quella-striscia-nera-sul-collo\/","og_locale":"it_IT","og_type":"article","og_title":"Acanthosis Nigricans: quella striscia nera sul collo - Dott.ssa Claudia Brufani","og_description":"L\u2019Acanthosis Nigricans \u00e8 una manifestazione della pelle caratterizzata da aree del corpo iperpigmentate e ruvide a livello di pieghe cutanee","og_url":"https:\/\/www.medisocial.it\/endocrinologiaediabete\/2020\/07\/15\/acanthosis-nigricans-quella-striscia-nera-sul-collo\/","og_site_name":"Dott.ssa Claudia Brufani","article_published_time":"2020-07-15T15:22:32+00:00","article_modified_time":"2020-12-11T11:28:49+00:00","og_image":[{"width":571,"height":293,"url":"https:\/\/www.medisocial.it\/endocrinologiaediabete\/wp-content\/uploads\/2020\/08\/Acanthosis-Nigricans.jpg","type":"image\/jpeg"}],"author":"Claudia Brufani","twitter_card":"summary_large_image","twitter_misc":{"Scritto da":"Claudia Brufani","Tempo di lettura stimato":"2 minuti"},"schema":{"@context":"https:\/\/schema.org","@graph":[{"@type":"Article","@id":"https:\/\/www.medisocial.it\/endocrinologiaediabete\/2020\/07\/15\/acanthosis-nigricans-quella-striscia-nera-sul-collo\/#article","isPartOf":{"@id":"https:\/\/www.medisocial.it\/endocrinologiaediabete\/2020\/07\/15\/acanthosis-nigricans-quella-striscia-nera-sul-collo\/"},"author":{"name":"Claudia Brufani","@id":"https:\/\/www.medisocial.it\/endocrinologiaediabete\/#\/schema\/person\/4e70e0b15617eebf2b5240c1f84e1138"},"headline":"Acanthosis Nigricans: quella striscia nera sul collo","datePublished":"2020-07-15T15:22:32+00:00","dateModified":"2020-12-11T11:28:49+00:00","mainEntityOfPage":{"@id":"https:\/\/www.medisocial.it\/endocrinologiaediabete\/2020\/07\/15\/acanthosis-nigricans-quella-striscia-nera-sul-collo\/"},"wordCount":506,"commentCount":0,"publisher":{"@id":"https:\/\/www.medisocial.it\/endocrinologiaediabete\/#\/schema\/person\/4e70e0b15617eebf2b5240c1f84e1138"},"image":{"@id":"https:\/\/www.medisocial.it\/endocrinologiaediabete\/2020\/07\/15\/acanthosis-nigricans-quella-striscia-nera-sul-collo\/#primaryimage"},"thumbnailUrl":"https:\/\/www.medisocial.it\/endocrinologiaediabete\/wp-content\/uploads\/2020\/08\/Acanthosis-Nigricans.jpg","keywords":["acanthosis nigricans","adolescenti","diabete tipo2","dott.ssa Claudia Brufani","Dott.ssa Claudia Brufani diabetologa Roma","Dotto.ssa Claudia Brufani endocrinologa Roma","insulinoresistenza","obesit\u00e0","pubert\u00e0","sindrome metabolica","sindrome ovaio policistico","specialistadiabetologiaroma","specialistaendocrinologaroma"],"articleSection":["Diabete","Obesit\u00e0"],"inLanguage":"it-IT","potentialAction":[{"@type":"CommentAction","name":"Comment","target":["https:\/\/www.medisocial.it\/endocrinologiaediabete\/2020\/07\/15\/acanthosis-nigricans-quella-striscia-nera-sul-collo\/#respond"]}]},{"@type":"WebPage","@id":"https:\/\/www.medisocial.it\/endocrinologiaediabete\/2020\/07\/15\/acanthosis-nigricans-quella-striscia-nera-sul-collo\/","url":"https:\/\/www.medisocial.it\/endocrinologiaediabete\/2020\/07\/15\/acanthosis-nigricans-quella-striscia-nera-sul-collo\/","name":"Acanthosis Nigricans: quella striscia nera sul collo - Dott.ssa Claudia Brufani","isPartOf":{"@id":"https:\/\/www.medisocial.it\/endocrinologiaediabete\/#website"},"primaryImageOfPage":{"@id":"https:\/\/www.medisocial.it\/endocrinologiaediabete\/2020\/07\/15\/acanthosis-nigricans-quella-striscia-nera-sul-collo\/#primaryimage"},"image":{"@id":"https:\/\/www.medisocial.it\/endocrinologiaediabete\/2020\/07\/15\/acanthosis-nigricans-quella-striscia-nera-sul-collo\/#primaryimage"},"thumbnailUrl":"https:\/\/www.medisocial.it\/endocrinologiaediabete\/wp-content\/uploads\/2020\/08\/Acanthosis-Nigricans.jpg","datePublished":"2020-07-15T15:22:32+00:00","dateModified":"2020-12-11T11:28:49+00:00","description":"L\u2019Acanthosis Nigricans \u00e8 una manifestazione della pelle caratterizzata da aree del corpo iperpigmentate e ruvide a livello di pieghe cutanee","breadcrumb":{"@id":"https:\/\/www.medisocial.it\/endocrinologiaediabete\/2020\/07\/15\/acanthosis-nigricans-quella-striscia-nera-sul-collo\/#breadcrumb"},"inLanguage":"it-IT","potentialAction":[{"@type":"ReadAction","target":["https:\/\/www.medisocial.it\/endocrinologiaediabete\/2020\/07\/15\/acanthosis-nigricans-quella-striscia-nera-sul-collo\/"]}]},{"@type":"ImageObject","inLanguage":"it-IT","@id":"https:\/\/www.medisocial.it\/endocrinologiaediabete\/2020\/07\/15\/acanthosis-nigricans-quella-striscia-nera-sul-collo\/#primaryimage","url":"https:\/\/www.medisocial.it\/endocrinologiaediabete\/wp-content\/uploads\/2020\/08\/Acanthosis-Nigricans.jpg","contentUrl":"https:\/\/www.medisocial.it\/endocrinologiaediabete\/wp-content\/uploads\/2020\/08\/Acanthosis-Nigricans.jpg","width":571,"height":293,"caption":"Acanthosis-Nigricans"},{"@type":"BreadcrumbList","@id":"https:\/\/www.medisocial.it\/endocrinologiaediabete\/2020\/07\/15\/acanthosis-nigricans-quella-striscia-nera-sul-collo\/#breadcrumb","itemListElement":[{"@type":"ListItem","position":1,"name":"Home","item":"https:\/\/www.medisocial.it\/endocrinologiaediabete\/"},{"@type":"ListItem","position":2,"name":"Acanthosis Nigricans: quella striscia nera sul collo"}]},{"@type":"WebSite","@id":"https:\/\/www.medisocial.it\/endocrinologiaediabete\/#website","url":"https:\/\/www.medisocial.it\/endocrinologiaediabete\/","name":"Dott.ssa Claudia Brufani","description":"Specialista in Endocrinologia e Diabetologia","publisher":{"@id":"https:\/\/www.medisocial.it\/endocrinologiaediabete\/#\/schema\/person\/4e70e0b15617eebf2b5240c1f84e1138"},"potentialAction":[{"@type":"SearchAction","target":{"@type":"EntryPoint","urlTemplate":"https:\/\/www.medisocial.it\/endocrinologiaediabete\/?s={search_term_string}"},"query-input":"required name=search_term_string"}],"inLanguage":"it-IT"},{"@type":["Person","Organization"],"@id":"https:\/\/www.medisocial.it\/endocrinologiaediabete\/#\/schema\/person\/4e70e0b15617eebf2b5240c1f84e1138","name":"Claudia Brufani","image":{"@type":"ImageObject","inLanguage":"it-IT","@id":"https:\/\/www.medisocial.it\/endocrinologiaediabete\/#\/schema\/person\/image\/","url":"https:\/\/secure.gravatar.com\/avatar\/efa9393110d3610a15f45429c6613084?s=96&d=mm&r=g","contentUrl":"https:\/\/secure.gravatar.com\/avatar\/efa9393110d3610a15f45429c6613084?s=96&d=mm&r=g","caption":"Claudia Brufani"},"logo":{"@id":"https:\/\/www.medisocial.it\/endocrinologiaediabete\/#\/schema\/person\/image\/"}}]}},"_links":{"self":[{"href":"https:\/\/www.medisocial.it\/endocrinologiaediabete\/wp-json\/wp\/v2\/posts\/664"}],"collection":[{"href":"https:\/\/www.medisocial.it\/endocrinologiaediabete\/wp-json\/wp\/v2\/posts"}],"about":[{"href":"https:\/\/www.medisocial.it\/endocrinologiaediabete\/wp-json\/wp\/v2\/types\/post"}],"author":[{"embeddable":true,"href":"https:\/\/www.medisocial.it\/endocrinologiaediabete\/wp-json\/wp\/v2\/users\/1"}],"replies":[{"embeddable":true,"href":"https:\/\/www.medisocial.it\/endocrinologiaediabete\/wp-json\/wp\/v2\/comments?post=664"}],"version-history":[{"count":0,"href":"https:\/\/www.medisocial.it\/endocrinologiaediabete\/wp-json\/wp\/v2\/posts\/664\/revisions"}],"wp:featuredmedia":[{"embeddable":true,"href":"https:\/\/www.medisocial.it\/endocrinologiaediabete\/wp-json\/wp\/v2\/media\/708"}],"wp:attachment":[{"href":"https:\/\/www.medisocial.it\/endocrinologiaediabete\/wp-json\/wp\/v2\/media?parent=664"}],"wp:term":[{"taxonomy":"category","embeddable":true,"href":"https:\/\/www.medisocial.it\/endocrinologiaediabete\/wp-json\/wp\/v2\/categories?post=664"},{"taxonomy":"post_tag","embeddable":true,"href":"https:\/\/www.medisocial.it\/endocrinologiaediabete\/wp-json\/wp\/v2\/tags?post=664"},{"taxonomy":"citadela-post-location","embeddable":true,"href":"https:\/\/www.medisocial.it\/endocrinologiaediabete\/wp-json\/wp\/v2\/citadela-post-location?post=664"}],"curies":[{"name":"wp","href":"https:\/\/api.w.org\/{rel}","templated":true}]}}