{"id":1228,"date":"2026-02-18T12:15:01","date_gmt":"2026-02-18T11:15:01","guid":{"rendered":"https:\/\/www.medisocial.it\/endocrinologiaediabete\/?p=1228"},"modified":"2026-03-02T10:12:37","modified_gmt":"2026-03-02T09:12:37","slug":"obesita-e-cambiamento-climatico","status":"publish","type":"post","link":"https:\/\/www.medisocial.it\/endocrinologiaediabete\/2026\/02\/18\/obesita-e-cambiamento-climatico\/","title":{"rendered":"Obesit\u00e0 e cambiamento climatico: due crisi globali con radici comuni"},"content":{"rendered":"\n<p><strong>Obesit\u00e0 e cambiamento climatico: due crisi globali con radici comuni<\/strong>. Negli ultimi decenni l\u2019obesit\u00e0 \u00e8 diventata una delle principali sfide per la salute pubblica mondiale. Oggi oltre un terzo della popolazione vive con eccesso di peso, e le proiezioni indicano che entro il 2035 questa condizione potrebbe riguardare circa la met\u00e0 degli abitanti del pianeta. Allo stesso tempo, il cambiamento climatico rappresenta una minaccia crescente per l\u2019ambiente e per la salute umana. Queste due crisi, apparentemente distanti, condividono in realt\u00e0 cause profonde e possibili soluzioni comuni.<\/p>\n\n\n\n<h4 class=\"wp-block-heading\"><strong>Un ambiente che favorisce l\u2019obesit\u00e0<\/strong><\/h4>\n\n\n\n<p>L\u2019obesit\u00e0 non dipende solo dalle scelte individuali, ma soprattutto dal contesto in cui viviamo. Negli ultimi 50 anni il sistema alimentare \u00e8 cambiato radicalmente: i cibi ultraprocessati, ricchi di zuccheri, grassi e sale, sono diventati pi\u00f9 accessibili, economici e diffusi. In alcuni Paesi arrivano a rappresentare la maggior parte dell\u2019apporto calorico quotidiano. Questo tipo di alimentazione \u00e8 associato a un aumento del rischio di obesit\u00e0, diabete, malattie cardiovascolari e altre patologie croniche.<\/p>\n\n\n\n<p>Questi prodotti sono progettati per essere molto appetibili e facili da consumare rapidamente, favorendo un\u2019assunzione calorica superiore al necessario. Inoltre, tendono a sostituire alimenti freschi e ricchi di fibre, con effetti negativi sul metabolismo, sul microbiota intestinale e sui meccanismi di fame e saziet\u00e0.<\/p>\n\n\n\n<h4 class=\"wp-block-heading\"><strong>Il legame con il clima<\/strong><\/h4>\n\n\n\n<p>Lo stesso sistema alimentare che favorisce l\u2019obesit\u00e0 contribuisce anche al cambiamento climatico. La produzione industriale di cibo, in particolare quella legata agli allevamenti intensivi e alla carne rossa, \u00e8 responsabile di una quota significativa delle emissioni di gas serra e del consumo di risorse naturali. In altre parole, un modello di consumo eccessivo e poco sostenibile danneggia contemporaneamente la salute umana e quella del pianeta.<\/p>\n\n\n\n<p>Entrambe le crisi sono alimentate da un modello economico che privilegia prodotti a basso costo e alta redditivit\u00e0, spesso a scapito della qualit\u00e0 nutrizionale e della sostenibilit\u00e0 ambientale.<\/p>\n\n\n\n<h4 class=\"wp-block-heading\"><strong>Perch\u00e9 le cure non bastano<\/strong><\/h4>\n\n\n\n<p>Negli ultimi anni sono arrivati trattamenti efficaci per l\u2019obesit\u00e0, come la chirurgia bariatrica e i nuovi farmaci. Tuttavia, affidarsi esclusivamente alla terapia non \u00e8 sostenibile su larga scala, sia per i costi sia per la necessit\u00e0 di trattamenti a lungo termine. La prevenzione, attraverso la trasformazione dell\u2019ambiente alimentare, rimane la strategia pi\u00f9 efficace.<\/p>\n\n\n\n<h4 class=\"wp-block-heading\"><strong>Soluzioni condivise<\/strong><\/h4>\n\n\n\n<p>Affrontare obesit\u00e0 e cambiamento climatico insieme significa ripensare il sistema alimentare. Le azioni possibili includono:<\/p>\n\n\n\n<ul>\n<li>promuovere il consumo di alimenti freschi e poco processati;<\/li>\n\n\n\n<li>ridurre il consumo di prodotti ad alta densit\u00e0 energetica e di origine animale;<\/li>\n\n\n\n<li>migliorare l\u2019etichettatura nutrizionale;<\/li>\n\n\n\n<li>limitare il marketing dei cibi meno salutari;<\/li>\n\n\n\n<li>favorire ambienti che rendano pi\u00f9 facile scegliere opzioni sane.<\/li>\n<\/ul>\n\n\n\n<p>Queste strategie non solo ridurrebbero il rischio di malattie croniche, ma contribuirebbero anche a diminuire l\u2019impatto ambientale della produzione alimentare.<\/p>\n\n\n\n<h4 class=\"wp-block-heading\"><strong>Una sfida culturale e sociale<\/strong><\/h4>\n\n\n\n<p>L\u2019obesit\u00e0 non \u00e8 semplicemente una questione individuale, ma il risultato di un sistema complesso che coinvolge economia, cultura, politiche pubbliche e stili di vita. Analogamente, il cambiamento climatico richiede risposte collettive e coordinate.<\/p>\n\n\n\n<p>Ripensare il modo in cui produciamo, vendiamo e consumiamo il cibo potrebbe rappresentare una delle azioni pi\u00f9 efficaci per migliorare simultaneamente la salute delle persone e quella del pianeta. In questa prospettiva, prevenire diventa una scelta non solo sanitaria, ma anche sociale ed ecologica.<\/p>\n\n\n\n<p><em>Testo divulgativo liberamente ispirato ai contenuti dell\u2019articolo scientifico: Behrens P. e coll., \u201cObesity and climate change: co-crises with common solutions\u201d, Frontiers in Science, 2025.<\/em><\/p>\n","protected":false},"excerpt":{"rendered":"<p>Obesit\u00e0 e cambiamento climatico: due crisi globali con radici comuni. Negli ultimi decenni l\u2019obesit\u00e0 \u00e8 diventata una delle principali sfide per la salute pubblica mondiale. Oggi oltre un terzo della popolazione vive con eccesso di peso, e le proiezioni indicano che entro il 2035 questa condizione potrebbe riguardare circa la met\u00e0 degli abitanti del pianeta. [&hellip;]<\/p>\n","protected":false},"author":1,"featured_media":1229,"comment_status":"open","ping_status":"open","sticky":false,"template":"","format":"standard","meta":{"_citadela_custom_class":"","footnotes":""},"categories":[15,151,458,20],"tags":[755,745,748,750,743,497,747,752,27,744,751,754,311,137,756,34,749,445,753,519,746,449,738],"citadela-post-location":[],"yoast_head":"<!-- This site is optimized with the Yoast SEO plugin v22.8 - https:\/\/yoast.com\/wordpress\/plugins\/seo\/ -->\n<title>Obesit\u00e0 e cambiamento climatico: due crisi globali con radici comuni - Dott.ssa Claudia Brufani<\/title>\n<meta name=\"description\" content=\"Obesit\u00e0 e cambiamento climatico: due crisi globali con radici comuni. Negli ultimi decenni l\u2019obesit\u00e0 \u00e8 diventata una delle principali sfide\" \/>\n<meta name=\"robots\" content=\"index, follow, max-snippet:-1, max-image-preview:large, max-video-preview:-1\" \/>\n<link rel=\"canonical\" href=\"https:\/\/www.medisocial.it\/endocrinologiaediabete\/2026\/02\/18\/obesita-e-cambiamento-climatico\/\" \/>\n<meta property=\"og:locale\" content=\"it_IT\" \/>\n<meta property=\"og:type\" content=\"article\" \/>\n<meta property=\"og:title\" content=\"Obesit\u00e0 e cambiamento climatico: due crisi globali con radici comuni - Dott.ssa Claudia Brufani\" \/>\n<meta property=\"og:description\" content=\"Obesit\u00e0 e cambiamento climatico: due crisi globali con radici comuni. Negli ultimi decenni l\u2019obesit\u00e0 \u00e8 diventata una delle principali sfide\" \/>\n<meta property=\"og:url\" content=\"https:\/\/www.medisocial.it\/endocrinologiaediabete\/2026\/02\/18\/obesita-e-cambiamento-climatico\/\" \/>\n<meta property=\"og:site_name\" content=\"Dott.ssa Claudia Brufani\" \/>\n<meta property=\"article:published_time\" content=\"2026-02-18T11:15:01+00:00\" \/>\n<meta property=\"article:modified_time\" content=\"2026-03-02T09:12:37+00:00\" \/>\n<meta property=\"og:image\" content=\"https:\/\/www.medisocial.it\/endocrinologiaediabete\/wp-content\/uploads\/2026\/02\/Obesita-e-cambiamento-climatico_2-Dott.ssa-Claudia-Brufani-endocrinologa-e-diabetologa-a-Roma.jpg\" \/>\n\t<meta property=\"og:image:width\" content=\"800\" \/>\n\t<meta property=\"og:image:height\" content=\"1200\" \/>\n\t<meta property=\"og:image:type\" content=\"image\/jpeg\" \/>\n<meta name=\"author\" content=\"Claudia Brufani\" \/>\n<meta name=\"twitter:card\" content=\"summary_large_image\" \/>\n<meta name=\"twitter:label1\" content=\"Scritto da\" \/>\n\t<meta name=\"twitter:data1\" content=\"Claudia Brufani\" \/>\n\t<meta name=\"twitter:label2\" content=\"Tempo di lettura stimato\" \/>\n\t<meta name=\"twitter:data2\" content=\"4 minuti\" \/>\n<script type=\"application\/ld+json\" class=\"yoast-schema-graph\">{\"@context\":\"https:\/\/schema.org\",\"@graph\":[{\"@type\":\"Article\",\"@id\":\"https:\/\/www.medisocial.it\/endocrinologiaediabete\/2026\/02\/18\/obesita-e-cambiamento-climatico\/#article\",\"isPartOf\":{\"@id\":\"https:\/\/www.medisocial.it\/endocrinologiaediabete\/2026\/02\/18\/obesita-e-cambiamento-climatico\/\"},\"author\":{\"name\":\"Claudia Brufani\",\"@id\":\"https:\/\/www.medisocial.it\/endocrinologiaediabete\/#\/schema\/person\/4e70e0b15617eebf2b5240c1f84e1138\"},\"headline\":\"Obesit\u00e0 e cambiamento climatico: due crisi globali con radici comuni\",\"datePublished\":\"2026-02-18T11:15:01+00:00\",\"dateModified\":\"2026-03-02T09:12:37+00:00\",\"mainEntityOfPage\":{\"@id\":\"https:\/\/www.medisocial.it\/endocrinologiaediabete\/2026\/02\/18\/obesita-e-cambiamento-climatico\/\"},\"wordCount\":561,\"commentCount\":0,\"publisher\":{\"@id\":\"https:\/\/www.medisocial.it\/endocrinologiaediabete\/#\/schema\/person\/4e70e0b15617eebf2b5240c1f84e1138\"},\"image\":{\"@id\":\"https:\/\/www.medisocial.it\/endocrinologiaediabete\/2026\/02\/18\/obesita-e-cambiamento-climatico\/#primaryimage\"},\"thumbnailUrl\":\"https:\/\/www.medisocial.it\/endocrinologiaediabete\/wp-content\/uploads\/2026\/02\/Obesita-e-cambiamento-climatico_2-Dott.ssa-Claudia-Brufani-endocrinologa-e-diabetologa-a-Roma.jpg\",\"keywords\":[\"alimenti freschi\",\"ambiente\",\"apporto calorico quotidiano\",\"assunzione calorica\",\"cambiamento climatico\",\"chirurgia bariatrica\",\"cibi ultraprocessati\",\"cibo industriale\",\"diabete\",\"eccesso di peso\",\"emissioni di gas serra\",\"farmaci per l'obesit\u00e0\",\"grassi\",\"malattie cardiovascolari\",\"malattie croniche\",\"obesit\u00e0\",\"patologie croniche\",\"prevenzione\",\"prodotti a basso costo\",\"sale\",\"salute umana\",\"stile di vita\",\"zuccheri\"],\"articleSection\":[\"Alimentazione\",\"Blog\",\"Cibo e patologie\",\"Obesit\u00e0\"],\"inLanguage\":\"it-IT\",\"potentialAction\":[{\"@type\":\"CommentAction\",\"name\":\"Comment\",\"target\":[\"https:\/\/www.medisocial.it\/endocrinologiaediabete\/2026\/02\/18\/obesita-e-cambiamento-climatico\/#respond\"]}]},{\"@type\":\"WebPage\",\"@id\":\"https:\/\/www.medisocial.it\/endocrinologiaediabete\/2026\/02\/18\/obesita-e-cambiamento-climatico\/\",\"url\":\"https:\/\/www.medisocial.it\/endocrinologiaediabete\/2026\/02\/18\/obesita-e-cambiamento-climatico\/\",\"name\":\"Obesit\u00e0 e cambiamento climatico: due crisi globali con radici comuni - Dott.ssa Claudia Brufani\",\"isPartOf\":{\"@id\":\"https:\/\/www.medisocial.it\/endocrinologiaediabete\/#website\"},\"primaryImageOfPage\":{\"@id\":\"https:\/\/www.medisocial.it\/endocrinologiaediabete\/2026\/02\/18\/obesita-e-cambiamento-climatico\/#primaryimage\"},\"image\":{\"@id\":\"https:\/\/www.medisocial.it\/endocrinologiaediabete\/2026\/02\/18\/obesita-e-cambiamento-climatico\/#primaryimage\"},\"thumbnailUrl\":\"https:\/\/www.medisocial.it\/endocrinologiaediabete\/wp-content\/uploads\/2026\/02\/Obesita-e-cambiamento-climatico_2-Dott.ssa-Claudia-Brufani-endocrinologa-e-diabetologa-a-Roma.jpg\",\"datePublished\":\"2026-02-18T11:15:01+00:00\",\"dateModified\":\"2026-03-02T09:12:37+00:00\",\"description\":\"Obesit\u00e0 e cambiamento climatico: due crisi globali con radici comuni. Negli ultimi decenni l\u2019obesit\u00e0 \u00e8 diventata una delle principali sfide\",\"breadcrumb\":{\"@id\":\"https:\/\/www.medisocial.it\/endocrinologiaediabete\/2026\/02\/18\/obesita-e-cambiamento-climatico\/#breadcrumb\"},\"inLanguage\":\"it-IT\",\"potentialAction\":[{\"@type\":\"ReadAction\",\"target\":[\"https:\/\/www.medisocial.it\/endocrinologiaediabete\/2026\/02\/18\/obesita-e-cambiamento-climatico\/\"]}]},{\"@type\":\"ImageObject\",\"inLanguage\":\"it-IT\",\"@id\":\"https:\/\/www.medisocial.it\/endocrinologiaediabete\/2026\/02\/18\/obesita-e-cambiamento-climatico\/#primaryimage\",\"url\":\"https:\/\/www.medisocial.it\/endocrinologiaediabete\/wp-content\/uploads\/2026\/02\/Obesita-e-cambiamento-climatico_2-Dott.ssa-Claudia-Brufani-endocrinologa-e-diabetologa-a-Roma.jpg\",\"contentUrl\":\"https:\/\/www.medisocial.it\/endocrinologiaediabete\/wp-content\/uploads\/2026\/02\/Obesita-e-cambiamento-climatico_2-Dott.ssa-Claudia-Brufani-endocrinologa-e-diabetologa-a-Roma.jpg\",\"width\":800,\"height\":1200,\"caption\":\"Obesita\u0300-e-cambiamento-climatico_2-Dott.ssa-Claudia-Brufani-endocrinologa-e-diabetologa-a-Roma\"},{\"@type\":\"BreadcrumbList\",\"@id\":\"https:\/\/www.medisocial.it\/endocrinologiaediabete\/2026\/02\/18\/obesita-e-cambiamento-climatico\/#breadcrumb\",\"itemListElement\":[{\"@type\":\"ListItem\",\"position\":1,\"name\":\"Home\",\"item\":\"https:\/\/www.medisocial.it\/endocrinologiaediabete\/\"},{\"@type\":\"ListItem\",\"position\":2,\"name\":\"Obesit\u00e0 e cambiamento climatico: due crisi globali con radici comuni\"}]},{\"@type\":\"WebSite\",\"@id\":\"https:\/\/www.medisocial.it\/endocrinologiaediabete\/#website\",\"url\":\"https:\/\/www.medisocial.it\/endocrinologiaediabete\/\",\"name\":\"Dott.ssa Claudia Brufani\",\"description\":\"Specialista in Endocrinologia e Diabetologia\",\"publisher\":{\"@id\":\"https:\/\/www.medisocial.it\/endocrinologiaediabete\/#\/schema\/person\/4e70e0b15617eebf2b5240c1f84e1138\"},\"potentialAction\":[{\"@type\":\"SearchAction\",\"target\":{\"@type\":\"EntryPoint\",\"urlTemplate\":\"https:\/\/www.medisocial.it\/endocrinologiaediabete\/?s={search_term_string}\"},\"query-input\":\"required name=search_term_string\"}],\"inLanguage\":\"it-IT\"},{\"@type\":[\"Person\",\"Organization\"],\"@id\":\"https:\/\/www.medisocial.it\/endocrinologiaediabete\/#\/schema\/person\/4e70e0b15617eebf2b5240c1f84e1138\",\"name\":\"Claudia Brufani\",\"image\":{\"@type\":\"ImageObject\",\"inLanguage\":\"it-IT\",\"@id\":\"https:\/\/www.medisocial.it\/endocrinologiaediabete\/#\/schema\/person\/image\/\",\"url\":\"https:\/\/secure.gravatar.com\/avatar\/efa9393110d3610a15f45429c6613084?s=96&d=mm&r=g\",\"contentUrl\":\"https:\/\/secure.gravatar.com\/avatar\/efa9393110d3610a15f45429c6613084?s=96&d=mm&r=g\",\"caption\":\"Claudia Brufani\"},\"logo\":{\"@id\":\"https:\/\/www.medisocial.it\/endocrinologiaediabete\/#\/schema\/person\/image\/\"}}]}<\/script>\n<!-- \/ Yoast SEO plugin. -->","yoast_head_json":{"title":"Obesit\u00e0 e cambiamento climatico: due crisi globali con radici comuni - Dott.ssa Claudia Brufani","description":"Obesit\u00e0 e cambiamento climatico: due crisi globali con radici comuni. Negli ultimi decenni l\u2019obesit\u00e0 \u00e8 diventata una delle principali sfide","robots":{"index":"index","follow":"follow","max-snippet":"max-snippet:-1","max-image-preview":"max-image-preview:large","max-video-preview":"max-video-preview:-1"},"canonical":"https:\/\/www.medisocial.it\/endocrinologiaediabete\/2026\/02\/18\/obesita-e-cambiamento-climatico\/","og_locale":"it_IT","og_type":"article","og_title":"Obesit\u00e0 e cambiamento climatico: due crisi globali con radici comuni - Dott.ssa Claudia Brufani","og_description":"Obesit\u00e0 e cambiamento climatico: due crisi globali con radici comuni. Negli ultimi decenni l\u2019obesit\u00e0 \u00e8 diventata una delle principali sfide","og_url":"https:\/\/www.medisocial.it\/endocrinologiaediabete\/2026\/02\/18\/obesita-e-cambiamento-climatico\/","og_site_name":"Dott.ssa Claudia Brufani","article_published_time":"2026-02-18T11:15:01+00:00","article_modified_time":"2026-03-02T09:12:37+00:00","og_image":[{"width":800,"height":1200,"url":"https:\/\/www.medisocial.it\/endocrinologiaediabete\/wp-content\/uploads\/2026\/02\/Obesita-e-cambiamento-climatico_2-Dott.ssa-Claudia-Brufani-endocrinologa-e-diabetologa-a-Roma.jpg","type":"image\/jpeg"}],"author":"Claudia Brufani","twitter_card":"summary_large_image","twitter_misc":{"Scritto da":"Claudia Brufani","Tempo di lettura stimato":"4 minuti"},"schema":{"@context":"https:\/\/schema.org","@graph":[{"@type":"Article","@id":"https:\/\/www.medisocial.it\/endocrinologiaediabete\/2026\/02\/18\/obesita-e-cambiamento-climatico\/#article","isPartOf":{"@id":"https:\/\/www.medisocial.it\/endocrinologiaediabete\/2026\/02\/18\/obesita-e-cambiamento-climatico\/"},"author":{"name":"Claudia Brufani","@id":"https:\/\/www.medisocial.it\/endocrinologiaediabete\/#\/schema\/person\/4e70e0b15617eebf2b5240c1f84e1138"},"headline":"Obesit\u00e0 e cambiamento climatico: due crisi globali con radici comuni","datePublished":"2026-02-18T11:15:01+00:00","dateModified":"2026-03-02T09:12:37+00:00","mainEntityOfPage":{"@id":"https:\/\/www.medisocial.it\/endocrinologiaediabete\/2026\/02\/18\/obesita-e-cambiamento-climatico\/"},"wordCount":561,"commentCount":0,"publisher":{"@id":"https:\/\/www.medisocial.it\/endocrinologiaediabete\/#\/schema\/person\/4e70e0b15617eebf2b5240c1f84e1138"},"image":{"@id":"https:\/\/www.medisocial.it\/endocrinologiaediabete\/2026\/02\/18\/obesita-e-cambiamento-climatico\/#primaryimage"},"thumbnailUrl":"https:\/\/www.medisocial.it\/endocrinologiaediabete\/wp-content\/uploads\/2026\/02\/Obesita-e-cambiamento-climatico_2-Dott.ssa-Claudia-Brufani-endocrinologa-e-diabetologa-a-Roma.jpg","keywords":["alimenti freschi","ambiente","apporto calorico quotidiano","assunzione calorica","cambiamento climatico","chirurgia bariatrica","cibi ultraprocessati","cibo industriale","diabete","eccesso di peso","emissioni di gas serra","farmaci per l'obesit\u00e0","grassi","malattie cardiovascolari","malattie croniche","obesit\u00e0","patologie croniche","prevenzione","prodotti a basso costo","sale","salute umana","stile di vita","zuccheri"],"articleSection":["Alimentazione","Blog","Cibo e patologie","Obesit\u00e0"],"inLanguage":"it-IT","potentialAction":[{"@type":"CommentAction","name":"Comment","target":["https:\/\/www.medisocial.it\/endocrinologiaediabete\/2026\/02\/18\/obesita-e-cambiamento-climatico\/#respond"]}]},{"@type":"WebPage","@id":"https:\/\/www.medisocial.it\/endocrinologiaediabete\/2026\/02\/18\/obesita-e-cambiamento-climatico\/","url":"https:\/\/www.medisocial.it\/endocrinologiaediabete\/2026\/02\/18\/obesita-e-cambiamento-climatico\/","name":"Obesit\u00e0 e cambiamento climatico: due crisi globali con radici comuni - Dott.ssa Claudia Brufani","isPartOf":{"@id":"https:\/\/www.medisocial.it\/endocrinologiaediabete\/#website"},"primaryImageOfPage":{"@id":"https:\/\/www.medisocial.it\/endocrinologiaediabete\/2026\/02\/18\/obesita-e-cambiamento-climatico\/#primaryimage"},"image":{"@id":"https:\/\/www.medisocial.it\/endocrinologiaediabete\/2026\/02\/18\/obesita-e-cambiamento-climatico\/#primaryimage"},"thumbnailUrl":"https:\/\/www.medisocial.it\/endocrinologiaediabete\/wp-content\/uploads\/2026\/02\/Obesita-e-cambiamento-climatico_2-Dott.ssa-Claudia-Brufani-endocrinologa-e-diabetologa-a-Roma.jpg","datePublished":"2026-02-18T11:15:01+00:00","dateModified":"2026-03-02T09:12:37+00:00","description":"Obesit\u00e0 e cambiamento climatico: due crisi globali con radici comuni. Negli ultimi decenni l\u2019obesit\u00e0 \u00e8 diventata una delle principali sfide","breadcrumb":{"@id":"https:\/\/www.medisocial.it\/endocrinologiaediabete\/2026\/02\/18\/obesita-e-cambiamento-climatico\/#breadcrumb"},"inLanguage":"it-IT","potentialAction":[{"@type":"ReadAction","target":["https:\/\/www.medisocial.it\/endocrinologiaediabete\/2026\/02\/18\/obesita-e-cambiamento-climatico\/"]}]},{"@type":"ImageObject","inLanguage":"it-IT","@id":"https:\/\/www.medisocial.it\/endocrinologiaediabete\/2026\/02\/18\/obesita-e-cambiamento-climatico\/#primaryimage","url":"https:\/\/www.medisocial.it\/endocrinologiaediabete\/wp-content\/uploads\/2026\/02\/Obesita-e-cambiamento-climatico_2-Dott.ssa-Claudia-Brufani-endocrinologa-e-diabetologa-a-Roma.jpg","contentUrl":"https:\/\/www.medisocial.it\/endocrinologiaediabete\/wp-content\/uploads\/2026\/02\/Obesita-e-cambiamento-climatico_2-Dott.ssa-Claudia-Brufani-endocrinologa-e-diabetologa-a-Roma.jpg","width":800,"height":1200,"caption":"Obesita\u0300-e-cambiamento-climatico_2-Dott.ssa-Claudia-Brufani-endocrinologa-e-diabetologa-a-Roma"},{"@type":"BreadcrumbList","@id":"https:\/\/www.medisocial.it\/endocrinologiaediabete\/2026\/02\/18\/obesita-e-cambiamento-climatico\/#breadcrumb","itemListElement":[{"@type":"ListItem","position":1,"name":"Home","item":"https:\/\/www.medisocial.it\/endocrinologiaediabete\/"},{"@type":"ListItem","position":2,"name":"Obesit\u00e0 e cambiamento climatico: due crisi globali con radici comuni"}]},{"@type":"WebSite","@id":"https:\/\/www.medisocial.it\/endocrinologiaediabete\/#website","url":"https:\/\/www.medisocial.it\/endocrinologiaediabete\/","name":"Dott.ssa Claudia Brufani","description":"Specialista in Endocrinologia e Diabetologia","publisher":{"@id":"https:\/\/www.medisocial.it\/endocrinologiaediabete\/#\/schema\/person\/4e70e0b15617eebf2b5240c1f84e1138"},"potentialAction":[{"@type":"SearchAction","target":{"@type":"EntryPoint","urlTemplate":"https:\/\/www.medisocial.it\/endocrinologiaediabete\/?s={search_term_string}"},"query-input":"required name=search_term_string"}],"inLanguage":"it-IT"},{"@type":["Person","Organization"],"@id":"https:\/\/www.medisocial.it\/endocrinologiaediabete\/#\/schema\/person\/4e70e0b15617eebf2b5240c1f84e1138","name":"Claudia Brufani","image":{"@type":"ImageObject","inLanguage":"it-IT","@id":"https:\/\/www.medisocial.it\/endocrinologiaediabete\/#\/schema\/person\/image\/","url":"https:\/\/secure.gravatar.com\/avatar\/efa9393110d3610a15f45429c6613084?s=96&d=mm&r=g","contentUrl":"https:\/\/secure.gravatar.com\/avatar\/efa9393110d3610a15f45429c6613084?s=96&d=mm&r=g","caption":"Claudia Brufani"},"logo":{"@id":"https:\/\/www.medisocial.it\/endocrinologiaediabete\/#\/schema\/person\/image\/"}}]}},"_links":{"self":[{"href":"https:\/\/www.medisocial.it\/endocrinologiaediabete\/wp-json\/wp\/v2\/posts\/1228"}],"collection":[{"href":"https:\/\/www.medisocial.it\/endocrinologiaediabete\/wp-json\/wp\/v2\/posts"}],"about":[{"href":"https:\/\/www.medisocial.it\/endocrinologiaediabete\/wp-json\/wp\/v2\/types\/post"}],"author":[{"embeddable":true,"href":"https:\/\/www.medisocial.it\/endocrinologiaediabete\/wp-json\/wp\/v2\/users\/1"}],"replies":[{"embeddable":true,"href":"https:\/\/www.medisocial.it\/endocrinologiaediabete\/wp-json\/wp\/v2\/comments?post=1228"}],"version-history":[{"count":1,"href":"https:\/\/www.medisocial.it\/endocrinologiaediabete\/wp-json\/wp\/v2\/posts\/1228\/revisions"}],"predecessor-version":[{"id":1230,"href":"https:\/\/www.medisocial.it\/endocrinologiaediabete\/wp-json\/wp\/v2\/posts\/1228\/revisions\/1230"}],"wp:featuredmedia":[{"embeddable":true,"href":"https:\/\/www.medisocial.it\/endocrinologiaediabete\/wp-json\/wp\/v2\/media\/1229"}],"wp:attachment":[{"href":"https:\/\/www.medisocial.it\/endocrinologiaediabete\/wp-json\/wp\/v2\/media?parent=1228"}],"wp:term":[{"taxonomy":"category","embeddable":true,"href":"https:\/\/www.medisocial.it\/endocrinologiaediabete\/wp-json\/wp\/v2\/categories?post=1228"},{"taxonomy":"post_tag","embeddable":true,"href":"https:\/\/www.medisocial.it\/endocrinologiaediabete\/wp-json\/wp\/v2\/tags?post=1228"},{"taxonomy":"citadela-post-location","embeddable":true,"href":"https:\/\/www.medisocial.it\/endocrinologiaediabete\/wp-json\/wp\/v2\/citadela-post-location?post=1228"}],"curies":[{"name":"wp","href":"https:\/\/api.w.org\/{rel}","templated":true}]}}