{"id":1178,"date":"2025-11-26T16:05:40","date_gmt":"2025-11-26T15:05:40","guid":{"rendered":"https:\/\/www.medisocial.it\/endocrinologiaediabete\/?p=1178"},"modified":"2025-11-26T16:10:41","modified_gmt":"2025-11-26T15:10:41","slug":"farmaci-per-diabete-e-obesita-e-rischio-visivo","status":"publish","type":"post","link":"https:\/\/www.medisocial.it\/endocrinologiaediabete\/2025\/11\/26\/farmaci-per-diabete-e-obesita-e-rischio-visivo\/","title":{"rendered":"Farmaci per diabete e obesit\u00e0 e rischio visivo: cosa sappiamo davvero"},"content":{"rendered":"\n<p><strong>Farmaci per diabete e obesit\u00e0 e rischio visivo: cosa sappiamo davvero<\/strong>. Negli ultimi giorni il cosiddetto <em>caso Roby Williams<\/em> \u2014 rilanciato da diverse testate internazionali \u2014 ha riportato l\u2019attenzione su presunti rischi oculari legati all\u2019uso dei farmaci per il trattamento dell\u2019obesit\u00e0, in particolare quelli a base di semaglutide e tirzepatide. <\/p>\n\n\n\n<p>Le notizie circolate parlano di \u201cimprovvise perdite della vista\u201d, generando allarme tra molte persone con diabete o in terapia per la gestione del peso.<\/p>\n\n\n\n<p>Tuttavia, come chiarito in una nota congiunta dalle societ\u00e0 scientifiche <strong>AMD (Associazione Medici Diabetologi)<\/strong> e <strong>SID (Societ\u00e0 Italiana di Diabetologia) <\/strong>uscito in questi giorni, <strong>le informazioni diffuse dalla stampa non trovano riscontro nelle evidenze scientifiche attualmente disponibili<\/strong>.<\/p>\n\n\n\n<h3 class=\"wp-block-heading\"><strong>Che cos\u2019\u00e8 la NAION e perch\u00e9 se ne parla?<\/strong><\/h3>\n\n\n\n<p>Il disturbo citato nelle cronache \u00e8 la <strong>Neuropatia Ottica Ischemica Anteriore Non Arteritica (NAION)<\/strong>, una condizione rara che provoca una riduzione improvvisa della vista.<br>\u00c8 noto da tempo che <strong>il rischio di NAION \u00e8 pi\u00f9 alto nelle persone con diabete, ipertensione, dislipidemia e altre malattie metaboliche<\/strong>, indipendentemente da qualunque terapia farmacologica.<\/p>\n\n\n\n<p>Alcune segnalazioni hanno suggerito un possibile collegamento tra NAION e uso di <strong>Semaglutide<\/strong>, ma:<\/p>\n\n\n\n<ul>\n<li>i casi riportati sono <strong>rarissimi<\/strong><\/li>\n\n\n\n<li>non \u00e8 stato dimostrato <strong>alcun nesso causale<\/strong><\/li>\n\n\n\n<li>le autorit\u00e0 regolatorie hanno inserito la NAION solo come <strong>evento avverso potenziale<\/strong>, da monitorare con attenzione<\/li>\n<\/ul>\n\n\n\n<p>Per quanto riguarda <strong>Tirzepatide<\/strong>, i dati sono ancora pi\u00f9 limitati e <strong>non esiste alcun segnale di rischio definito<\/strong>.<\/p>\n\n\n\n<h3 class=\"wp-block-heading\"><strong>Perch\u00e9 le societ\u00e0 scientifiche invitano alla calma?<\/strong><\/h3>\n\n\n\n<p>Perch\u00e9, sottolineano AMD e SID, <strong>i benefici clinici degli agonisti del recettore GLP-1 e dei nuovi doppi agonisti GLP-1\/GIP sono ampiamente consolidati<\/strong>:<\/p>\n\n\n\n<ul>\n<li>migliorano il compenso glicemico<\/li>\n\n\n\n<li>riducono il rischio cardiovascolare<\/li>\n\n\n\n<li>favoriscono perdita di peso significativa<\/li>\n\n\n\n<li>hanno un profilo di sicurezza validato da milioni di utilizzatori nel mondo<\/li>\n<\/ul>\n\n\n\n<p>Di fronte a benefici cos\u00ec rilevanti, eventuali eventi avversi rari devono essere valutati con rigore, evitando di attribuire responsabilit\u00e0 causali a singoli casi riportati senza conferme.<\/p>\n\n\n\n<h3 class=\"wp-block-heading\"><strong>Il vero rischio: la cattiva informazione<\/strong><\/h3>\n\n\n\n<p>AMD e SID esprimono <strong>forte preoccupazione<\/strong> per la diffusione di notizie non verificate che possono:<\/p>\n\n\n\n<ul>\n<li>generare paure infondate<\/li>\n\n\n\n<li>indurre i pazienti a sospendere terapie efficaci<\/li>\n\n\n\n<li>mettere a rischio la loro salute metabolica e cardiovascolare<\/li>\n<\/ul>\n\n\n\n<p>La valutazione dei rischi e dei benefici dei farmaci \u00e8 competenza della comunit\u00e0 medica e deve basarsi <strong>solo<\/strong> su evidenze scientifiche e pronunciamenti degli enti regolatori.<\/p>\n\n\n\n<h3 class=\"wp-block-heading\"><strong>Cosa devono fare i pazienti?<\/strong><\/h3>\n\n\n\n<ul>\n<li><strong>Non sospendere la terapia<\/strong> senza aver consultato il medico curante.<\/li>\n\n\n\n<li>Affidarsi a <strong>professionisti qualificati<\/strong>, che monitorano gli eventuali effetti collaterali come per qualunque trattamento farmacologico.<\/li>\n\n\n\n<li>Non farsi guidare da allarmismi mediatici o testimonianze isolate.<\/li>\n<\/ul>\n\n\n\n<h2 class=\"wp-block-heading\"><strong>In sintesi<\/strong><\/h2>\n\n\n\n<p>Il caso Roby Williams ha acceso i riflettori su un tema sensibile, ma <strong>le evidenze non supportano un rischio dimostrato di deficit visivo legato ai farmaci moderni per diabete e obesit\u00e0<\/strong>.<\/p>\n\n\n\n<p>Le societ\u00e0 scientifiche invitano alla prudenza, alla corretta informazione e alla continuit\u00e0 terapeutica sotto supervisione medica<\/p>\n","protected":false},"excerpt":{"rendered":"<p>Farmaci per diabete e obesit\u00e0 e rischio visivo: cosa sappiamo davvero. Negli ultimi giorni il cosiddetto caso Roby Williams \u2014 rilanciato da diverse testate internazionali \u2014 ha riportato l\u2019attenzione su presunti rischi oculari legati all\u2019uso dei farmaci per il trattamento dell\u2019obesit\u00e0, in particolare quelli a base di semaglutide e tirzepatide. Le notizie circolate parlano di [&hellip;]<\/p>\n","protected":false},"author":1,"featured_media":1179,"comment_status":"open","ping_status":"open","sticky":false,"template":"","format":"standard","meta":{"_citadela_custom_class":"","footnotes":""},"categories":[619,151,9,20],"tags":[696,720,721,27,26,715,589,718,716,717,34,719,314,50,404,494],"citadela-post-location":[],"yoast_head":"<!-- This site is optimized with the Yoast SEO plugin v22.8 - https:\/\/yoast.com\/wordpress\/plugins\/seo\/ -->\n<title>Farmaci per diabete e obesit\u00e0 e rischio visivo: cosa sappiamo davvero - Dott.ssa Claudia Brufani<\/title>\n<meta name=\"description\" content=\"Farmaci per diabete e obesit\u00e0 e rischio visivo: cosa sappiamo davvero. Negli ultimi giorni il cosiddetto caso Roby Williams ...\" \/>\n<meta name=\"robots\" content=\"index, follow, max-snippet:-1, max-image-preview:large, max-video-preview:-1\" \/>\n<link rel=\"canonical\" href=\"https:\/\/www.medisocial.it\/endocrinologiaediabete\/2025\/11\/26\/farmaci-per-diabete-e-obesita-e-rischio-visivo\/\" \/>\n<meta property=\"og:locale\" content=\"it_IT\" \/>\n<meta property=\"og:type\" content=\"article\" \/>\n<meta property=\"og:title\" content=\"Farmaci per diabete e obesit\u00e0 e rischio visivo: cosa sappiamo davvero - Dott.ssa Claudia Brufani\" \/>\n<meta property=\"og:description\" content=\"Farmaci per diabete e obesit\u00e0 e rischio visivo: cosa sappiamo davvero. Negli ultimi giorni il cosiddetto caso Roby Williams ...\" \/>\n<meta property=\"og:url\" content=\"https:\/\/www.medisocial.it\/endocrinologiaediabete\/2025\/11\/26\/farmaci-per-diabete-e-obesita-e-rischio-visivo\/\" \/>\n<meta property=\"og:site_name\" content=\"Dott.ssa Claudia Brufani\" \/>\n<meta property=\"article:published_time\" content=\"2025-11-26T15:05:40+00:00\" \/>\n<meta property=\"article:modified_time\" content=\"2025-11-26T15:10:41+00:00\" \/>\n<meta property=\"og:image\" content=\"https:\/\/www.medisocial.it\/endocrinologiaediabete\/wp-content\/uploads\/2025\/11\/Farmaci-per-diabete-e-obesita.jpg\" \/>\n\t<meta property=\"og:image:width\" content=\"1024\" \/>\n\t<meta property=\"og:image:height\" content=\"1024\" \/>\n\t<meta property=\"og:image:type\" content=\"image\/jpeg\" \/>\n<meta name=\"author\" content=\"Claudia Brufani\" \/>\n<meta name=\"twitter:card\" content=\"summary_large_image\" \/>\n<meta name=\"twitter:label1\" content=\"Scritto da\" \/>\n\t<meta name=\"twitter:data1\" content=\"Claudia Brufani\" \/>\n\t<meta name=\"twitter:label2\" content=\"Tempo di lettura stimato\" \/>\n\t<meta name=\"twitter:data2\" content=\"3 minuti\" \/>\n<script type=\"application\/ld+json\" class=\"yoast-schema-graph\">{\"@context\":\"https:\/\/schema.org\",\"@graph\":[{\"@type\":\"Article\",\"@id\":\"https:\/\/www.medisocial.it\/endocrinologiaediabete\/2025\/11\/26\/farmaci-per-diabete-e-obesita-e-rischio-visivo\/#article\",\"isPartOf\":{\"@id\":\"https:\/\/www.medisocial.it\/endocrinologiaediabete\/2025\/11\/26\/farmaci-per-diabete-e-obesita-e-rischio-visivo\/\"},\"author\":{\"name\":\"Claudia Brufani\",\"@id\":\"https:\/\/www.medisocial.it\/endocrinologiaediabete\/#\/schema\/person\/4e70e0b15617eebf2b5240c1f84e1138\"},\"headline\":\"Farmaci per diabete e obesit\u00e0 e rischio visivo: cosa sappiamo davvero\",\"datePublished\":\"2025-11-26T15:05:40+00:00\",\"dateModified\":\"2025-11-26T15:10:41+00:00\",\"mainEntityOfPage\":{\"@id\":\"https:\/\/www.medisocial.it\/endocrinologiaediabete\/2025\/11\/26\/farmaci-per-diabete-e-obesita-e-rischio-visivo\/\"},\"wordCount\":473,\"commentCount\":0,\"publisher\":{\"@id\":\"https:\/\/www.medisocial.it\/endocrinologiaediabete\/#\/schema\/person\/4e70e0b15617eebf2b5240c1f84e1138\"},\"image\":{\"@id\":\"https:\/\/www.medisocial.it\/endocrinologiaediabete\/2025\/11\/26\/farmaci-per-diabete-e-obesita-e-rischio-visivo\/#primaryimage\"},\"thumbnailUrl\":\"https:\/\/www.medisocial.it\/endocrinologiaediabete\/wp-content\/uploads\/2025\/11\/Farmaci-per-diabete-e-obesita.jpg\",\"keywords\":[\"agonisti del GLP-1\",\"compenso glicemico\",\"deficit visivo\",\"diabete\",\"dislipidemia\",\"gestione del peso\",\"ipertensione\",\"malattie metaboliche\",\"NAION\",\"neuropatia ottica ischemica anteriore non arteritica\",\"obesit\u00e0\",\"occhi\",\"perdita di peso\",\"rischio cardiovascolare\",\"Semaglutide\",\"tirzepatide\"],\"articleSection\":[\"Analoghi del GLP-1\",\"Blog\",\"Diabete\",\"Obesit\u00e0\"],\"inLanguage\":\"it-IT\",\"potentialAction\":[{\"@type\":\"CommentAction\",\"name\":\"Comment\",\"target\":[\"https:\/\/www.medisocial.it\/endocrinologiaediabete\/2025\/11\/26\/farmaci-per-diabete-e-obesita-e-rischio-visivo\/#respond\"]}]},{\"@type\":\"WebPage\",\"@id\":\"https:\/\/www.medisocial.it\/endocrinologiaediabete\/2025\/11\/26\/farmaci-per-diabete-e-obesita-e-rischio-visivo\/\",\"url\":\"https:\/\/www.medisocial.it\/endocrinologiaediabete\/2025\/11\/26\/farmaci-per-diabete-e-obesita-e-rischio-visivo\/\",\"name\":\"Farmaci per diabete e obesit\u00e0 e rischio visivo: cosa sappiamo davvero - Dott.ssa Claudia Brufani\",\"isPartOf\":{\"@id\":\"https:\/\/www.medisocial.it\/endocrinologiaediabete\/#website\"},\"primaryImageOfPage\":{\"@id\":\"https:\/\/www.medisocial.it\/endocrinologiaediabete\/2025\/11\/26\/farmaci-per-diabete-e-obesita-e-rischio-visivo\/#primaryimage\"},\"image\":{\"@id\":\"https:\/\/www.medisocial.it\/endocrinologiaediabete\/2025\/11\/26\/farmaci-per-diabete-e-obesita-e-rischio-visivo\/#primaryimage\"},\"thumbnailUrl\":\"https:\/\/www.medisocial.it\/endocrinologiaediabete\/wp-content\/uploads\/2025\/11\/Farmaci-per-diabete-e-obesita.jpg\",\"datePublished\":\"2025-11-26T15:05:40+00:00\",\"dateModified\":\"2025-11-26T15:10:41+00:00\",\"description\":\"Farmaci per diabete e obesit\u00e0 e rischio visivo: cosa sappiamo davvero. Negli ultimi giorni il cosiddetto caso Roby Williams ...\",\"breadcrumb\":{\"@id\":\"https:\/\/www.medisocial.it\/endocrinologiaediabete\/2025\/11\/26\/farmaci-per-diabete-e-obesita-e-rischio-visivo\/#breadcrumb\"},\"inLanguage\":\"it-IT\",\"potentialAction\":[{\"@type\":\"ReadAction\",\"target\":[\"https:\/\/www.medisocial.it\/endocrinologiaediabete\/2025\/11\/26\/farmaci-per-diabete-e-obesita-e-rischio-visivo\/\"]}]},{\"@type\":\"ImageObject\",\"inLanguage\":\"it-IT\",\"@id\":\"https:\/\/www.medisocial.it\/endocrinologiaediabete\/2025\/11\/26\/farmaci-per-diabete-e-obesita-e-rischio-visivo\/#primaryimage\",\"url\":\"https:\/\/www.medisocial.it\/endocrinologiaediabete\/wp-content\/uploads\/2025\/11\/Farmaci-per-diabete-e-obesita.jpg\",\"contentUrl\":\"https:\/\/www.medisocial.it\/endocrinologiaediabete\/wp-content\/uploads\/2025\/11\/Farmaci-per-diabete-e-obesita.jpg\",\"width\":1024,\"height\":1024,\"caption\":\"Farmaci-per-diabete-e-obesita\u0300\"},{\"@type\":\"BreadcrumbList\",\"@id\":\"https:\/\/www.medisocial.it\/endocrinologiaediabete\/2025\/11\/26\/farmaci-per-diabete-e-obesita-e-rischio-visivo\/#breadcrumb\",\"itemListElement\":[{\"@type\":\"ListItem\",\"position\":1,\"name\":\"Home\",\"item\":\"https:\/\/www.medisocial.it\/endocrinologiaediabete\/\"},{\"@type\":\"ListItem\",\"position\":2,\"name\":\"Farmaci per diabete e obesit\u00e0 e rischio visivo: cosa sappiamo davvero\"}]},{\"@type\":\"WebSite\",\"@id\":\"https:\/\/www.medisocial.it\/endocrinologiaediabete\/#website\",\"url\":\"https:\/\/www.medisocial.it\/endocrinologiaediabete\/\",\"name\":\"Dott.ssa Claudia Brufani\",\"description\":\"Specialista in Endocrinologia e Diabetologia\",\"publisher\":{\"@id\":\"https:\/\/www.medisocial.it\/endocrinologiaediabete\/#\/schema\/person\/4e70e0b15617eebf2b5240c1f84e1138\"},\"potentialAction\":[{\"@type\":\"SearchAction\",\"target\":{\"@type\":\"EntryPoint\",\"urlTemplate\":\"https:\/\/www.medisocial.it\/endocrinologiaediabete\/?s={search_term_string}\"},\"query-input\":\"required name=search_term_string\"}],\"inLanguage\":\"it-IT\"},{\"@type\":[\"Person\",\"Organization\"],\"@id\":\"https:\/\/www.medisocial.it\/endocrinologiaediabete\/#\/schema\/person\/4e70e0b15617eebf2b5240c1f84e1138\",\"name\":\"Claudia Brufani\",\"image\":{\"@type\":\"ImageObject\",\"inLanguage\":\"it-IT\",\"@id\":\"https:\/\/www.medisocial.it\/endocrinologiaediabete\/#\/schema\/person\/image\/\",\"url\":\"https:\/\/secure.gravatar.com\/avatar\/efa9393110d3610a15f45429c6613084?s=96&d=mm&r=g\",\"contentUrl\":\"https:\/\/secure.gravatar.com\/avatar\/efa9393110d3610a15f45429c6613084?s=96&d=mm&r=g\",\"caption\":\"Claudia Brufani\"},\"logo\":{\"@id\":\"https:\/\/www.medisocial.it\/endocrinologiaediabete\/#\/schema\/person\/image\/\"}}]}<\/script>\n<!-- \/ Yoast SEO plugin. -->","yoast_head_json":{"title":"Farmaci per diabete e obesit\u00e0 e rischio visivo: cosa sappiamo davvero - Dott.ssa Claudia Brufani","description":"Farmaci per diabete e obesit\u00e0 e rischio visivo: cosa sappiamo davvero. Negli ultimi giorni il cosiddetto caso Roby Williams ...","robots":{"index":"index","follow":"follow","max-snippet":"max-snippet:-1","max-image-preview":"max-image-preview:large","max-video-preview":"max-video-preview:-1"},"canonical":"https:\/\/www.medisocial.it\/endocrinologiaediabete\/2025\/11\/26\/farmaci-per-diabete-e-obesita-e-rischio-visivo\/","og_locale":"it_IT","og_type":"article","og_title":"Farmaci per diabete e obesit\u00e0 e rischio visivo: cosa sappiamo davvero - Dott.ssa Claudia Brufani","og_description":"Farmaci per diabete e obesit\u00e0 e rischio visivo: cosa sappiamo davvero. Negli ultimi giorni il cosiddetto caso Roby Williams ...","og_url":"https:\/\/www.medisocial.it\/endocrinologiaediabete\/2025\/11\/26\/farmaci-per-diabete-e-obesita-e-rischio-visivo\/","og_site_name":"Dott.ssa Claudia Brufani","article_published_time":"2025-11-26T15:05:40+00:00","article_modified_time":"2025-11-26T15:10:41+00:00","og_image":[{"width":1024,"height":1024,"url":"https:\/\/www.medisocial.it\/endocrinologiaediabete\/wp-content\/uploads\/2025\/11\/Farmaci-per-diabete-e-obesita.jpg","type":"image\/jpeg"}],"author":"Claudia Brufani","twitter_card":"summary_large_image","twitter_misc":{"Scritto da":"Claudia Brufani","Tempo di lettura stimato":"3 minuti"},"schema":{"@context":"https:\/\/schema.org","@graph":[{"@type":"Article","@id":"https:\/\/www.medisocial.it\/endocrinologiaediabete\/2025\/11\/26\/farmaci-per-diabete-e-obesita-e-rischio-visivo\/#article","isPartOf":{"@id":"https:\/\/www.medisocial.it\/endocrinologiaediabete\/2025\/11\/26\/farmaci-per-diabete-e-obesita-e-rischio-visivo\/"},"author":{"name":"Claudia Brufani","@id":"https:\/\/www.medisocial.it\/endocrinologiaediabete\/#\/schema\/person\/4e70e0b15617eebf2b5240c1f84e1138"},"headline":"Farmaci per diabete e obesit\u00e0 e rischio visivo: cosa sappiamo davvero","datePublished":"2025-11-26T15:05:40+00:00","dateModified":"2025-11-26T15:10:41+00:00","mainEntityOfPage":{"@id":"https:\/\/www.medisocial.it\/endocrinologiaediabete\/2025\/11\/26\/farmaci-per-diabete-e-obesita-e-rischio-visivo\/"},"wordCount":473,"commentCount":0,"publisher":{"@id":"https:\/\/www.medisocial.it\/endocrinologiaediabete\/#\/schema\/person\/4e70e0b15617eebf2b5240c1f84e1138"},"image":{"@id":"https:\/\/www.medisocial.it\/endocrinologiaediabete\/2025\/11\/26\/farmaci-per-diabete-e-obesita-e-rischio-visivo\/#primaryimage"},"thumbnailUrl":"https:\/\/www.medisocial.it\/endocrinologiaediabete\/wp-content\/uploads\/2025\/11\/Farmaci-per-diabete-e-obesita.jpg","keywords":["agonisti del GLP-1","compenso glicemico","deficit visivo","diabete","dislipidemia","gestione del peso","ipertensione","malattie metaboliche","NAION","neuropatia ottica ischemica anteriore non arteritica","obesit\u00e0","occhi","perdita di peso","rischio cardiovascolare","Semaglutide","tirzepatide"],"articleSection":["Analoghi del GLP-1","Blog","Diabete","Obesit\u00e0"],"inLanguage":"it-IT","potentialAction":[{"@type":"CommentAction","name":"Comment","target":["https:\/\/www.medisocial.it\/endocrinologiaediabete\/2025\/11\/26\/farmaci-per-diabete-e-obesita-e-rischio-visivo\/#respond"]}]},{"@type":"WebPage","@id":"https:\/\/www.medisocial.it\/endocrinologiaediabete\/2025\/11\/26\/farmaci-per-diabete-e-obesita-e-rischio-visivo\/","url":"https:\/\/www.medisocial.it\/endocrinologiaediabete\/2025\/11\/26\/farmaci-per-diabete-e-obesita-e-rischio-visivo\/","name":"Farmaci per diabete e obesit\u00e0 e rischio visivo: cosa sappiamo davvero - Dott.ssa Claudia Brufani","isPartOf":{"@id":"https:\/\/www.medisocial.it\/endocrinologiaediabete\/#website"},"primaryImageOfPage":{"@id":"https:\/\/www.medisocial.it\/endocrinologiaediabete\/2025\/11\/26\/farmaci-per-diabete-e-obesita-e-rischio-visivo\/#primaryimage"},"image":{"@id":"https:\/\/www.medisocial.it\/endocrinologiaediabete\/2025\/11\/26\/farmaci-per-diabete-e-obesita-e-rischio-visivo\/#primaryimage"},"thumbnailUrl":"https:\/\/www.medisocial.it\/endocrinologiaediabete\/wp-content\/uploads\/2025\/11\/Farmaci-per-diabete-e-obesita.jpg","datePublished":"2025-11-26T15:05:40+00:00","dateModified":"2025-11-26T15:10:41+00:00","description":"Farmaci per diabete e obesit\u00e0 e rischio visivo: cosa sappiamo davvero. Negli ultimi giorni il cosiddetto caso Roby Williams ...","breadcrumb":{"@id":"https:\/\/www.medisocial.it\/endocrinologiaediabete\/2025\/11\/26\/farmaci-per-diabete-e-obesita-e-rischio-visivo\/#breadcrumb"},"inLanguage":"it-IT","potentialAction":[{"@type":"ReadAction","target":["https:\/\/www.medisocial.it\/endocrinologiaediabete\/2025\/11\/26\/farmaci-per-diabete-e-obesita-e-rischio-visivo\/"]}]},{"@type":"ImageObject","inLanguage":"it-IT","@id":"https:\/\/www.medisocial.it\/endocrinologiaediabete\/2025\/11\/26\/farmaci-per-diabete-e-obesita-e-rischio-visivo\/#primaryimage","url":"https:\/\/www.medisocial.it\/endocrinologiaediabete\/wp-content\/uploads\/2025\/11\/Farmaci-per-diabete-e-obesita.jpg","contentUrl":"https:\/\/www.medisocial.it\/endocrinologiaediabete\/wp-content\/uploads\/2025\/11\/Farmaci-per-diabete-e-obesita.jpg","width":1024,"height":1024,"caption":"Farmaci-per-diabete-e-obesita\u0300"},{"@type":"BreadcrumbList","@id":"https:\/\/www.medisocial.it\/endocrinologiaediabete\/2025\/11\/26\/farmaci-per-diabete-e-obesita-e-rischio-visivo\/#breadcrumb","itemListElement":[{"@type":"ListItem","position":1,"name":"Home","item":"https:\/\/www.medisocial.it\/endocrinologiaediabete\/"},{"@type":"ListItem","position":2,"name":"Farmaci per diabete e obesit\u00e0 e rischio visivo: cosa sappiamo davvero"}]},{"@type":"WebSite","@id":"https:\/\/www.medisocial.it\/endocrinologiaediabete\/#website","url":"https:\/\/www.medisocial.it\/endocrinologiaediabete\/","name":"Dott.ssa Claudia Brufani","description":"Specialista in Endocrinologia e Diabetologia","publisher":{"@id":"https:\/\/www.medisocial.it\/endocrinologiaediabete\/#\/schema\/person\/4e70e0b15617eebf2b5240c1f84e1138"},"potentialAction":[{"@type":"SearchAction","target":{"@type":"EntryPoint","urlTemplate":"https:\/\/www.medisocial.it\/endocrinologiaediabete\/?s={search_term_string}"},"query-input":"required name=search_term_string"}],"inLanguage":"it-IT"},{"@type":["Person","Organization"],"@id":"https:\/\/www.medisocial.it\/endocrinologiaediabete\/#\/schema\/person\/4e70e0b15617eebf2b5240c1f84e1138","name":"Claudia Brufani","image":{"@type":"ImageObject","inLanguage":"it-IT","@id":"https:\/\/www.medisocial.it\/endocrinologiaediabete\/#\/schema\/person\/image\/","url":"https:\/\/secure.gravatar.com\/avatar\/efa9393110d3610a15f45429c6613084?s=96&d=mm&r=g","contentUrl":"https:\/\/secure.gravatar.com\/avatar\/efa9393110d3610a15f45429c6613084?s=96&d=mm&r=g","caption":"Claudia Brufani"},"logo":{"@id":"https:\/\/www.medisocial.it\/endocrinologiaediabete\/#\/schema\/person\/image\/"}}]}},"_links":{"self":[{"href":"https:\/\/www.medisocial.it\/endocrinologiaediabete\/wp-json\/wp\/v2\/posts\/1178"}],"collection":[{"href":"https:\/\/www.medisocial.it\/endocrinologiaediabete\/wp-json\/wp\/v2\/posts"}],"about":[{"href":"https:\/\/www.medisocial.it\/endocrinologiaediabete\/wp-json\/wp\/v2\/types\/post"}],"author":[{"embeddable":true,"href":"https:\/\/www.medisocial.it\/endocrinologiaediabete\/wp-json\/wp\/v2\/users\/1"}],"replies":[{"embeddable":true,"href":"https:\/\/www.medisocial.it\/endocrinologiaediabete\/wp-json\/wp\/v2\/comments?post=1178"}],"version-history":[{"count":1,"href":"https:\/\/www.medisocial.it\/endocrinologiaediabete\/wp-json\/wp\/v2\/posts\/1178\/revisions"}],"predecessor-version":[{"id":1180,"href":"https:\/\/www.medisocial.it\/endocrinologiaediabete\/wp-json\/wp\/v2\/posts\/1178\/revisions\/1180"}],"wp:featuredmedia":[{"embeddable":true,"href":"https:\/\/www.medisocial.it\/endocrinologiaediabete\/wp-json\/wp\/v2\/media\/1179"}],"wp:attachment":[{"href":"https:\/\/www.medisocial.it\/endocrinologiaediabete\/wp-json\/wp\/v2\/media?parent=1178"}],"wp:term":[{"taxonomy":"category","embeddable":true,"href":"https:\/\/www.medisocial.it\/endocrinologiaediabete\/wp-json\/wp\/v2\/categories?post=1178"},{"taxonomy":"post_tag","embeddable":true,"href":"https:\/\/www.medisocial.it\/endocrinologiaediabete\/wp-json\/wp\/v2\/tags?post=1178"},{"taxonomy":"citadela-post-location","embeddable":true,"href":"https:\/\/www.medisocial.it\/endocrinologiaediabete\/wp-json\/wp\/v2\/citadela-post-location?post=1178"}],"curies":[{"name":"wp","href":"https:\/\/api.w.org\/{rel}","templated":true}]}}