{"id":1001,"date":"2022-11-29T16:53:57","date_gmt":"2022-11-29T15:53:57","guid":{"rendered":"https:\/\/www.medisocial.it\/endocrinologiaediabete\/?p=1001"},"modified":"2023-01-05T15:47:00","modified_gmt":"2023-01-05T14:47:00","slug":"noi-le-nostre-citta-i-virus-e-le-variazioni-climatiche","status":"publish","type":"post","link":"https:\/\/www.medisocial.it\/endocrinologiaediabete\/2022\/11\/29\/noi-le-nostre-citta-i-virus-e-le-variazioni-climatiche\/","title":{"rendered":"Noi, le nostre citt\u00e0, i virus e le variazioni climatiche"},"content":{"rendered":"\n<p><strong>Noi, le nostre citt\u00e0, i virus e le variazioni climatiche<\/strong> Dott.ssa Claudia Brufani Specialista in Endocrinologia e Diabetologia a Roma<\/p>\n\n\n\n<p>Esiste qualche correlazione tra le attuali alterazioni climatiche e la diffusione dell\u2019infezione da Covid-19 ?<\/p>\n\n\n\n<p>Negli anni \u201850-\u201860 del secolo scorso la popolazione mondiale era di poco superiore ai 3 miliardi e l\u2019aspettativa di vita era di circa 50 anni.<\/p>\n\n\n\n<p>Negli anni successivi l\u2019aspettativa di vita \u00e8 rapidamente aumentata, soprattutto nei paesi sviluppati, in molti dei quali supera gli 80 anni. Si \u00e8 accresciuta, anche in conseguenza di ci\u00f2, la popolazione mondiale. Al momento si avvicina agli 8 miliardi. <\/p>\n\n\n\n<h3 class=\"wp-block-heading\">Il tasso di crescita annuale \u00e8 ormai intorno agli 80 milioni.<\/h3>\n\n\n\n<p>Le cause dell\u2019aumento dell\u2019aspettativa di vita sono varie: l\u2019organizzazione ospedaliera, l\u2019igiene, l\u2019alimentazione, il riscaldamento invernale, la riduzione delle ore lavorative, i farmaci. <\/p>\n\n\n\n<p>Gli antibiotici hanno dato un contributo fondamentale. In passato la causa principale di mortalit\u00e0 erano le infezioni batteriche, oggi spesso debellate dagli antibiotici. <\/p>\n\n\n\n<p>I farmaci cardiovascolari, in tempi successivi,\u00a0 hanno dato il loro importante contributo nell\u2019aumentare l\u2019aspettativa di vita.<\/p>\n\n\n\n<p><strong>Noi, le nostre citt\u00e0, i virus e le variazioni climatiche<\/strong><\/p>\n\n\n\n<p>L\u2019aumento\u00a0 della popolazione umana e degli animali degli allevamenti, i cambiamenti degli stili di vita hanno portato a una alterazione del rapporto tra anidride carbonica e ossigeno, a favore della prima. <\/p>\n\n\n\n<p>L\u2019anidride carbonica, attraverso il cosiddetto effetto serra, diminuisce la diffusione del calore terrestre pi\u00f9 dell\u2019ossigeno, con conseguente riscaldamento del clima terrestre.<\/p>\n\n\n\n<p>Le modifiche dello stile di vita, l\u2019aumento della popolazione mondiale, la nascita di grandi agglomerati urbani hanno favorito la diffusione delle infezioni virali.<\/p>\n\n\n\n<p>I virus in genere iniziano il loro percorso partendo dai pipistrelli, soprattutto dalla volpe volante (un pipistrello di grandi dimensioni), per poi&nbsp; passare a un animale intermedio o direttamente all\u2019uomo. L\u2019invasione umana di territori, che una volta erano il regno di animali selvaggi, facilita il passaggio dei virus da animali a uomo.<\/p>\n\n\n\n<p><strong>Noi, le nostre citt\u00e0, i virus e le variazioni climatiche<\/strong><\/p>\n\n\n\n<p>Oggi i virus non viaggiano pi\u00f9 solo sulle ali degli animali, ma volano pi\u00f9 velocemente su quelle di un aereo, avendo infettato individui che, spesso senza saperlo, li portano a spasso da un continente all\u2019altro.<\/p>\n\n\n\n<p>I grandi centri urbani rendono poi, con il loro sovra affollamento e la loro attivit\u00e0 lavorativa frenetica, pi\u00f9 frequente il passaggio del virus da uomo a uomo, passaggio che \u00e8 molto meno probabile nei piccoli centri.<\/p>\n\n\n\n<p>A partire dal 2010 si \u00e8 assistito a un\u2019inversione della distribuzione della popolazione mondiale. Prima di tale anno la maggior parte della popolazione mondiale viveva in un ambiente rurale e un numero minore di individui viveva nelle citt\u00e0. <\/p>\n\n\n\n<p>Il 2010 ha segnato l\u2019anno dell\u2019inversione, con un progressivo crescente numero di individui che vive nelle citt\u00e0, superiore a quello degli abitanti delle aree rurali. La metropoli di&nbsp;<strong>Chongqing in Cina<\/strong>&nbsp;oggi conta fino a 32 milioni di abitanti.<\/p>\n\n\n\n<p><strong>Noi, le nostre citt\u00e0, i virus e le variazioni climatiche<\/strong><\/p>\n\n\n\n<p>Appare facilmente ipotizzabile pertanto che i due grandi problemi che stiamo affrontando, la pandemia e le alterazione climatiche, abbiano come concausa l\u2019aumento incontrollato della popolazione, prevalentemente nei centri urbani. <\/p>\n\n\n\n<p>Oggi si parla di Urban Health: la salute del cittadino come obiettivo congiunto dell\u2019attivit\u00e0 di sindaco, architetto e medico.<\/p>\n\n\n\n<p>Per prenotare una visita, consultate la sezione <a href=\"https:\/\/www.medisocial.it\/endocrinologiaediabete\/contatti\/\"><strong>Contatti<\/strong><\/a><\/p>\n","protected":false},"excerpt":{"rendered":"<p>Noi, le nostre citt\u00e0, i virus e le variazioni climatiche Dott.ssa Claudia Brufani Specialista in Endocrinologia e Diabetologia a Roma Esiste qualche correlazione tra le attuali alterazioni climatiche e la diffusione dell\u2019infezione da Covid-19 ? Negli anni \u201850-\u201860 del secolo scorso la popolazione mondiale era di poco superiore ai 3 miliardi e l\u2019aspettativa di vita [&hellip;]<\/p>\n","protected":false},"author":1,"featured_media":1002,"comment_status":"open","ping_status":"open","sticky":false,"template":"","format":"standard","meta":{"_citadela_custom_class":"","footnotes":""},"categories":[151,459,7],"tags":[],"citadela-post-location":[],"yoast_head":"<!-- This site is optimized with the Yoast SEO plugin v22.8 - https:\/\/yoast.com\/wordpress\/plugins\/seo\/ -->\n<title>Noi, le nostre citt\u00e0, i virus e le variazioni climatiche - Dott.ssa Claudia Brufani<\/title>\n<meta name=\"description\" content=\"Noi, le nostre citt\u00e0, i virus e le variazioni climatiche Dott.ssa Claudia Brufani Specialista in Endocrinologia e Diabetologia a Roma\" \/>\n<meta name=\"robots\" content=\"index, follow, max-snippet:-1, max-image-preview:large, max-video-preview:-1\" \/>\n<link rel=\"canonical\" href=\"https:\/\/www.medisocial.it\/endocrinologiaediabete\/2022\/11\/29\/noi-le-nostre-citta-i-virus-e-le-variazioni-climatiche\/\" \/>\n<meta property=\"og:locale\" content=\"it_IT\" \/>\n<meta property=\"og:type\" content=\"article\" \/>\n<meta property=\"og:title\" content=\"Noi, le nostre citt\u00e0, i virus e le variazioni climatiche - Dott.ssa Claudia Brufani\" \/>\n<meta property=\"og:description\" content=\"Noi, le nostre citt\u00e0, i virus e le variazioni climatiche Dott.ssa Claudia Brufani Specialista in Endocrinologia e Diabetologia a Roma\" \/>\n<meta property=\"og:url\" content=\"https:\/\/www.medisocial.it\/endocrinologiaediabete\/2022\/11\/29\/noi-le-nostre-citta-i-virus-e-le-variazioni-climatiche\/\" \/>\n<meta property=\"og:site_name\" content=\"Dott.ssa Claudia Brufani\" \/>\n<meta property=\"article:published_time\" content=\"2022-11-29T15:53:57+00:00\" \/>\n<meta property=\"article:modified_time\" content=\"2023-01-05T14:47:00+00:00\" \/>\n<meta property=\"og:image\" content=\"https:\/\/www.medisocial.it\/endocrinologiaediabete\/wp-content\/uploads\/2022\/11\/noi-le-nostre-citta\u0300-i-virus-e-le-variazioni-climatiche.jpg\" \/>\n\t<meta property=\"og:image:width\" content=\"1024\" \/>\n\t<meta property=\"og:image:height\" content=\"576\" \/>\n\t<meta property=\"og:image:type\" content=\"image\/jpeg\" \/>\n<meta name=\"author\" content=\"Claudia Brufani\" \/>\n<meta name=\"twitter:card\" content=\"summary_large_image\" \/>\n<meta name=\"twitter:label1\" content=\"Scritto da\" \/>\n\t<meta name=\"twitter:data1\" content=\"Claudia Brufani\" \/>\n\t<meta name=\"twitter:label2\" content=\"Tempo di lettura stimato\" \/>\n\t<meta name=\"twitter:data2\" content=\"3 minuti\" \/>\n<script type=\"application\/ld+json\" class=\"yoast-schema-graph\">{\"@context\":\"https:\/\/schema.org\",\"@graph\":[{\"@type\":\"Article\",\"@id\":\"https:\/\/www.medisocial.it\/endocrinologiaediabete\/2022\/11\/29\/noi-le-nostre-citta-i-virus-e-le-variazioni-climatiche\/#article\",\"isPartOf\":{\"@id\":\"https:\/\/www.medisocial.it\/endocrinologiaediabete\/2022\/11\/29\/noi-le-nostre-citta-i-virus-e-le-variazioni-climatiche\/\"},\"author\":{\"name\":\"Claudia Brufani\",\"@id\":\"https:\/\/www.medisocial.it\/endocrinologiaediabete\/#\/schema\/person\/4e70e0b15617eebf2b5240c1f84e1138\"},\"headline\":\"Noi, le nostre citt\u00e0, i virus e le variazioni climatiche\",\"datePublished\":\"2022-11-29T15:53:57+00:00\",\"dateModified\":\"2023-01-05T14:47:00+00:00\",\"mainEntityOfPage\":{\"@id\":\"https:\/\/www.medisocial.it\/endocrinologiaediabete\/2022\/11\/29\/noi-le-nostre-citta-i-virus-e-le-variazioni-climatiche\/\"},\"wordCount\":554,\"commentCount\":0,\"publisher\":{\"@id\":\"https:\/\/www.medisocial.it\/endocrinologiaediabete\/#\/schema\/person\/4e70e0b15617eebf2b5240c1f84e1138\"},\"image\":{\"@id\":\"https:\/\/www.medisocial.it\/endocrinologiaediabete\/2022\/11\/29\/noi-le-nostre-citta-i-virus-e-le-variazioni-climatiche\/#primaryimage\"},\"thumbnailUrl\":\"https:\/\/www.medisocial.it\/endocrinologiaediabete\/wp-content\/uploads\/2022\/11\/noi-le-nostre-citta\u0300-i-virus-e-le-variazioni-climatiche.jpg\",\"articleSection\":[\"Blog\",\"Consigli stile di vita sano\",\"Patologie e trattamenti\"],\"inLanguage\":\"it-IT\",\"potentialAction\":[{\"@type\":\"CommentAction\",\"name\":\"Comment\",\"target\":[\"https:\/\/www.medisocial.it\/endocrinologiaediabete\/2022\/11\/29\/noi-le-nostre-citta-i-virus-e-le-variazioni-climatiche\/#respond\"]}]},{\"@type\":\"WebPage\",\"@id\":\"https:\/\/www.medisocial.it\/endocrinologiaediabete\/2022\/11\/29\/noi-le-nostre-citta-i-virus-e-le-variazioni-climatiche\/\",\"url\":\"https:\/\/www.medisocial.it\/endocrinologiaediabete\/2022\/11\/29\/noi-le-nostre-citta-i-virus-e-le-variazioni-climatiche\/\",\"name\":\"Noi, le nostre citt\u00e0, i virus e le variazioni climatiche - Dott.ssa Claudia Brufani\",\"isPartOf\":{\"@id\":\"https:\/\/www.medisocial.it\/endocrinologiaediabete\/#website\"},\"primaryImageOfPage\":{\"@id\":\"https:\/\/www.medisocial.it\/endocrinologiaediabete\/2022\/11\/29\/noi-le-nostre-citta-i-virus-e-le-variazioni-climatiche\/#primaryimage\"},\"image\":{\"@id\":\"https:\/\/www.medisocial.it\/endocrinologiaediabete\/2022\/11\/29\/noi-le-nostre-citta-i-virus-e-le-variazioni-climatiche\/#primaryimage\"},\"thumbnailUrl\":\"https:\/\/www.medisocial.it\/endocrinologiaediabete\/wp-content\/uploads\/2022\/11\/noi-le-nostre-citta\u0300-i-virus-e-le-variazioni-climatiche.jpg\",\"datePublished\":\"2022-11-29T15:53:57+00:00\",\"dateModified\":\"2023-01-05T14:47:00+00:00\",\"description\":\"Noi, le nostre citt\u00e0, i virus e le variazioni climatiche Dott.ssa Claudia Brufani Specialista in Endocrinologia e Diabetologia a Roma\",\"breadcrumb\":{\"@id\":\"https:\/\/www.medisocial.it\/endocrinologiaediabete\/2022\/11\/29\/noi-le-nostre-citta-i-virus-e-le-variazioni-climatiche\/#breadcrumb\"},\"inLanguage\":\"it-IT\",\"potentialAction\":[{\"@type\":\"ReadAction\",\"target\":[\"https:\/\/www.medisocial.it\/endocrinologiaediabete\/2022\/11\/29\/noi-le-nostre-citta-i-virus-e-le-variazioni-climatiche\/\"]}]},{\"@type\":\"ImageObject\",\"inLanguage\":\"it-IT\",\"@id\":\"https:\/\/www.medisocial.it\/endocrinologiaediabete\/2022\/11\/29\/noi-le-nostre-citta-i-virus-e-le-variazioni-climatiche\/#primaryimage\",\"url\":\"https:\/\/www.medisocial.it\/endocrinologiaediabete\/wp-content\/uploads\/2022\/11\/noi-le-nostre-citta\u0300-i-virus-e-le-variazioni-climatiche.jpg\",\"contentUrl\":\"https:\/\/www.medisocial.it\/endocrinologiaediabete\/wp-content\/uploads\/2022\/11\/noi-le-nostre-citta\u0300-i-virus-e-le-variazioni-climatiche.jpg\",\"width\":1024,\"height\":576,\"caption\":\"noi-le-nostre-citta\u0300-i-virus-e-le-variazioni-climatiche\"},{\"@type\":\"BreadcrumbList\",\"@id\":\"https:\/\/www.medisocial.it\/endocrinologiaediabete\/2022\/11\/29\/noi-le-nostre-citta-i-virus-e-le-variazioni-climatiche\/#breadcrumb\",\"itemListElement\":[{\"@type\":\"ListItem\",\"position\":1,\"name\":\"Home\",\"item\":\"https:\/\/www.medisocial.it\/endocrinologiaediabete\/\"},{\"@type\":\"ListItem\",\"position\":2,\"name\":\"Noi, le nostre citt\u00e0, i virus e le variazioni climatiche\"}]},{\"@type\":\"WebSite\",\"@id\":\"https:\/\/www.medisocial.it\/endocrinologiaediabete\/#website\",\"url\":\"https:\/\/www.medisocial.it\/endocrinologiaediabete\/\",\"name\":\"Dott.ssa Claudia Brufani\",\"description\":\"Specialista in Endocrinologia e Diabetologia\",\"publisher\":{\"@id\":\"https:\/\/www.medisocial.it\/endocrinologiaediabete\/#\/schema\/person\/4e70e0b15617eebf2b5240c1f84e1138\"},\"potentialAction\":[{\"@type\":\"SearchAction\",\"target\":{\"@type\":\"EntryPoint\",\"urlTemplate\":\"https:\/\/www.medisocial.it\/endocrinologiaediabete\/?s={search_term_string}\"},\"query-input\":\"required name=search_term_string\"}],\"inLanguage\":\"it-IT\"},{\"@type\":[\"Person\",\"Organization\"],\"@id\":\"https:\/\/www.medisocial.it\/endocrinologiaediabete\/#\/schema\/person\/4e70e0b15617eebf2b5240c1f84e1138\",\"name\":\"Claudia Brufani\",\"image\":{\"@type\":\"ImageObject\",\"inLanguage\":\"it-IT\",\"@id\":\"https:\/\/www.medisocial.it\/endocrinologiaediabete\/#\/schema\/person\/image\/\",\"url\":\"https:\/\/secure.gravatar.com\/avatar\/efa9393110d3610a15f45429c6613084?s=96&d=mm&r=g\",\"contentUrl\":\"https:\/\/secure.gravatar.com\/avatar\/efa9393110d3610a15f45429c6613084?s=96&d=mm&r=g\",\"caption\":\"Claudia Brufani\"},\"logo\":{\"@id\":\"https:\/\/www.medisocial.it\/endocrinologiaediabete\/#\/schema\/person\/image\/\"}}]}<\/script>\n<!-- \/ Yoast SEO plugin. -->","yoast_head_json":{"title":"Noi, le nostre citt\u00e0, i virus e le variazioni climatiche - Dott.ssa Claudia Brufani","description":"Noi, le nostre citt\u00e0, i virus e le variazioni climatiche Dott.ssa Claudia Brufani Specialista in Endocrinologia e Diabetologia a Roma","robots":{"index":"index","follow":"follow","max-snippet":"max-snippet:-1","max-image-preview":"max-image-preview:large","max-video-preview":"max-video-preview:-1"},"canonical":"https:\/\/www.medisocial.it\/endocrinologiaediabete\/2022\/11\/29\/noi-le-nostre-citta-i-virus-e-le-variazioni-climatiche\/","og_locale":"it_IT","og_type":"article","og_title":"Noi, le nostre citt\u00e0, i virus e le variazioni climatiche - Dott.ssa Claudia Brufani","og_description":"Noi, le nostre citt\u00e0, i virus e le variazioni climatiche Dott.ssa Claudia Brufani Specialista in Endocrinologia e Diabetologia a Roma","og_url":"https:\/\/www.medisocial.it\/endocrinologiaediabete\/2022\/11\/29\/noi-le-nostre-citta-i-virus-e-le-variazioni-climatiche\/","og_site_name":"Dott.ssa Claudia Brufani","article_published_time":"2022-11-29T15:53:57+00:00","article_modified_time":"2023-01-05T14:47:00+00:00","og_image":[{"width":1024,"height":576,"url":"https:\/\/www.medisocial.it\/endocrinologiaediabete\/wp-content\/uploads\/2022\/11\/noi-le-nostre-citta\u0300-i-virus-e-le-variazioni-climatiche.jpg","type":"image\/jpeg"}],"author":"Claudia Brufani","twitter_card":"summary_large_image","twitter_misc":{"Scritto da":"Claudia Brufani","Tempo di lettura stimato":"3 minuti"},"schema":{"@context":"https:\/\/schema.org","@graph":[{"@type":"Article","@id":"https:\/\/www.medisocial.it\/endocrinologiaediabete\/2022\/11\/29\/noi-le-nostre-citta-i-virus-e-le-variazioni-climatiche\/#article","isPartOf":{"@id":"https:\/\/www.medisocial.it\/endocrinologiaediabete\/2022\/11\/29\/noi-le-nostre-citta-i-virus-e-le-variazioni-climatiche\/"},"author":{"name":"Claudia Brufani","@id":"https:\/\/www.medisocial.it\/endocrinologiaediabete\/#\/schema\/person\/4e70e0b15617eebf2b5240c1f84e1138"},"headline":"Noi, le nostre citt\u00e0, i virus e le variazioni climatiche","datePublished":"2022-11-29T15:53:57+00:00","dateModified":"2023-01-05T14:47:00+00:00","mainEntityOfPage":{"@id":"https:\/\/www.medisocial.it\/endocrinologiaediabete\/2022\/11\/29\/noi-le-nostre-citta-i-virus-e-le-variazioni-climatiche\/"},"wordCount":554,"commentCount":0,"publisher":{"@id":"https:\/\/www.medisocial.it\/endocrinologiaediabete\/#\/schema\/person\/4e70e0b15617eebf2b5240c1f84e1138"},"image":{"@id":"https:\/\/www.medisocial.it\/endocrinologiaediabete\/2022\/11\/29\/noi-le-nostre-citta-i-virus-e-le-variazioni-climatiche\/#primaryimage"},"thumbnailUrl":"https:\/\/www.medisocial.it\/endocrinologiaediabete\/wp-content\/uploads\/2022\/11\/noi-le-nostre-citta\u0300-i-virus-e-le-variazioni-climatiche.jpg","articleSection":["Blog","Consigli stile di vita sano","Patologie e trattamenti"],"inLanguage":"it-IT","potentialAction":[{"@type":"CommentAction","name":"Comment","target":["https:\/\/www.medisocial.it\/endocrinologiaediabete\/2022\/11\/29\/noi-le-nostre-citta-i-virus-e-le-variazioni-climatiche\/#respond"]}]},{"@type":"WebPage","@id":"https:\/\/www.medisocial.it\/endocrinologiaediabete\/2022\/11\/29\/noi-le-nostre-citta-i-virus-e-le-variazioni-climatiche\/","url":"https:\/\/www.medisocial.it\/endocrinologiaediabete\/2022\/11\/29\/noi-le-nostre-citta-i-virus-e-le-variazioni-climatiche\/","name":"Noi, le nostre citt\u00e0, i virus e le variazioni climatiche - Dott.ssa Claudia Brufani","isPartOf":{"@id":"https:\/\/www.medisocial.it\/endocrinologiaediabete\/#website"},"primaryImageOfPage":{"@id":"https:\/\/www.medisocial.it\/endocrinologiaediabete\/2022\/11\/29\/noi-le-nostre-citta-i-virus-e-le-variazioni-climatiche\/#primaryimage"},"image":{"@id":"https:\/\/www.medisocial.it\/endocrinologiaediabete\/2022\/11\/29\/noi-le-nostre-citta-i-virus-e-le-variazioni-climatiche\/#primaryimage"},"thumbnailUrl":"https:\/\/www.medisocial.it\/endocrinologiaediabete\/wp-content\/uploads\/2022\/11\/noi-le-nostre-citta\u0300-i-virus-e-le-variazioni-climatiche.jpg","datePublished":"2022-11-29T15:53:57+00:00","dateModified":"2023-01-05T14:47:00+00:00","description":"Noi, le nostre citt\u00e0, i virus e le variazioni climatiche Dott.ssa Claudia Brufani Specialista in Endocrinologia e Diabetologia a Roma","breadcrumb":{"@id":"https:\/\/www.medisocial.it\/endocrinologiaediabete\/2022\/11\/29\/noi-le-nostre-citta-i-virus-e-le-variazioni-climatiche\/#breadcrumb"},"inLanguage":"it-IT","potentialAction":[{"@type":"ReadAction","target":["https:\/\/www.medisocial.it\/endocrinologiaediabete\/2022\/11\/29\/noi-le-nostre-citta-i-virus-e-le-variazioni-climatiche\/"]}]},{"@type":"ImageObject","inLanguage":"it-IT","@id":"https:\/\/www.medisocial.it\/endocrinologiaediabete\/2022\/11\/29\/noi-le-nostre-citta-i-virus-e-le-variazioni-climatiche\/#primaryimage","url":"https:\/\/www.medisocial.it\/endocrinologiaediabete\/wp-content\/uploads\/2022\/11\/noi-le-nostre-citta\u0300-i-virus-e-le-variazioni-climatiche.jpg","contentUrl":"https:\/\/www.medisocial.it\/endocrinologiaediabete\/wp-content\/uploads\/2022\/11\/noi-le-nostre-citta\u0300-i-virus-e-le-variazioni-climatiche.jpg","width":1024,"height":576,"caption":"noi-le-nostre-citta\u0300-i-virus-e-le-variazioni-climatiche"},{"@type":"BreadcrumbList","@id":"https:\/\/www.medisocial.it\/endocrinologiaediabete\/2022\/11\/29\/noi-le-nostre-citta-i-virus-e-le-variazioni-climatiche\/#breadcrumb","itemListElement":[{"@type":"ListItem","position":1,"name":"Home","item":"https:\/\/www.medisocial.it\/endocrinologiaediabete\/"},{"@type":"ListItem","position":2,"name":"Noi, le nostre citt\u00e0, i virus e le variazioni climatiche"}]},{"@type":"WebSite","@id":"https:\/\/www.medisocial.it\/endocrinologiaediabete\/#website","url":"https:\/\/www.medisocial.it\/endocrinologiaediabete\/","name":"Dott.ssa Claudia Brufani","description":"Specialista in Endocrinologia e Diabetologia","publisher":{"@id":"https:\/\/www.medisocial.it\/endocrinologiaediabete\/#\/schema\/person\/4e70e0b15617eebf2b5240c1f84e1138"},"potentialAction":[{"@type":"SearchAction","target":{"@type":"EntryPoint","urlTemplate":"https:\/\/www.medisocial.it\/endocrinologiaediabete\/?s={search_term_string}"},"query-input":"required name=search_term_string"}],"inLanguage":"it-IT"},{"@type":["Person","Organization"],"@id":"https:\/\/www.medisocial.it\/endocrinologiaediabete\/#\/schema\/person\/4e70e0b15617eebf2b5240c1f84e1138","name":"Claudia Brufani","image":{"@type":"ImageObject","inLanguage":"it-IT","@id":"https:\/\/www.medisocial.it\/endocrinologiaediabete\/#\/schema\/person\/image\/","url":"https:\/\/secure.gravatar.com\/avatar\/efa9393110d3610a15f45429c6613084?s=96&d=mm&r=g","contentUrl":"https:\/\/secure.gravatar.com\/avatar\/efa9393110d3610a15f45429c6613084?s=96&d=mm&r=g","caption":"Claudia Brufani"},"logo":{"@id":"https:\/\/www.medisocial.it\/endocrinologiaediabete\/#\/schema\/person\/image\/"}}]}},"_links":{"self":[{"href":"https:\/\/www.medisocial.it\/endocrinologiaediabete\/wp-json\/wp\/v2\/posts\/1001"}],"collection":[{"href":"https:\/\/www.medisocial.it\/endocrinologiaediabete\/wp-json\/wp\/v2\/posts"}],"about":[{"href":"https:\/\/www.medisocial.it\/endocrinologiaediabete\/wp-json\/wp\/v2\/types\/post"}],"author":[{"embeddable":true,"href":"https:\/\/www.medisocial.it\/endocrinologiaediabete\/wp-json\/wp\/v2\/users\/1"}],"replies":[{"embeddable":true,"href":"https:\/\/www.medisocial.it\/endocrinologiaediabete\/wp-json\/wp\/v2\/comments?post=1001"}],"version-history":[{"count":2,"href":"https:\/\/www.medisocial.it\/endocrinologiaediabete\/wp-json\/wp\/v2\/posts\/1001\/revisions"}],"predecessor-version":[{"id":1004,"href":"https:\/\/www.medisocial.it\/endocrinologiaediabete\/wp-json\/wp\/v2\/posts\/1001\/revisions\/1004"}],"wp:featuredmedia":[{"embeddable":true,"href":"https:\/\/www.medisocial.it\/endocrinologiaediabete\/wp-json\/wp\/v2\/media\/1002"}],"wp:attachment":[{"href":"https:\/\/www.medisocial.it\/endocrinologiaediabete\/wp-json\/wp\/v2\/media?parent=1001"}],"wp:term":[{"taxonomy":"category","embeddable":true,"href":"https:\/\/www.medisocial.it\/endocrinologiaediabete\/wp-json\/wp\/v2\/categories?post=1001"},{"taxonomy":"post_tag","embeddable":true,"href":"https:\/\/www.medisocial.it\/endocrinologiaediabete\/wp-json\/wp\/v2\/tags?post=1001"},{"taxonomy":"citadela-post-location","embeddable":true,"href":"https:\/\/www.medisocial.it\/endocrinologiaediabete\/wp-json\/wp\/v2\/citadela-post-location?post=1001"}],"curies":[{"name":"wp","href":"https:\/\/api.w.org\/{rel}","templated":true}]}}