{"id":89,"date":"2019-07-09T19:45:09","date_gmt":"2019-07-09T17:45:09","guid":{"rendered":"http:\/\/www.medisocial.it\/annapaolacavalieri\/?p=89"},"modified":"2020-06-04T19:41:53","modified_gmt":"2020-06-04T17:41:53","slug":"menopausa-non-sempre-la-libido-e-in-calo","status":"publish","type":"post","link":"https:\/\/www.medisocial.it\/annapaolacavalieri\/2019\/07\/09\/menopausa-non-sempre-la-libido-e-in-calo\/","title":{"rendered":"Menopausa: non sempre la libido \u00e8 in calo"},"content":{"rendered":"<p><img loading=\"lazy\" decoding=\"async\" class=\"size-medium wp-image-112 alignright\" src=\"https:\/\/www.medisocial.it\/annapaolacavalieri\/wp-content\/uploads\/2019\/07\/Vero-9-lug-2019-215x300.jpg\" alt=\"Copertina Vero 26 Giugno 2019\" width=\"215\" height=\"300\" srcset=\"https:\/\/www.medisocial.it\/annapaolacavalieri\/wp-content\/uploads\/2019\/07\/Vero-9-lug-2019-215x300.jpg 215w, https:\/\/www.medisocial.it\/annapaolacavalieri\/wp-content\/uploads\/2019\/07\/Vero-9-lug-2019.jpg 594w\" sizes=\"(max-width: 215px) 100vw, 215px\" \/><\/p>\n<h4>Menopausa: non sempre la libido \u00e8 in calo<\/h4>\n<h4>Pur avendo molti tratti comuni, questo passaggio dell&#8217;et\u00e0 fertile a quella in cui non si pu\u00f2 pi\u00f9 concepire viene vissuto e percepito da ogni singola donna in modo diverso e personale. A cominciare dalla sessualit\u00e0.<\/h4>\n<p>Pur con notevoli tratti comuni, la menopausa \u00e8 un\u00b7 esperienza diversa per ogni donna, e non solo sul fronte del peso forma. Infatti. come ci spiega la dottoressa Anna Paola Cava\u00ccieri, specialista in Ostetricia e Ginecologia, alcune donne, per via dei cambiamenti tipici del termine dell&#8217;et\u00e0 fertile. possono vedere amplificati alcuni lati del carattere che magari in precedenza erano sempre stati tenuti a freno. Anche dal punto di vista del-la sessualit\u00e0, un altro degli aspetti maggiormente coinvolti dai cambiamenti della menopausa, ogni donna \u00e8 un mondo a s\u00e9: \u00abNon \u00e8 vero che tutte accusano un calo della libido. Alcune, al contrario, divengono disinibite dalla fine delle mestruazioni, soprattutto se queste sono sempre state molto dolorose e invalidanti.<\/p>\n<blockquote>\n<h4>Si pu\u00f2 andare incontro a problemi uro-genitali?<br \/>\nVERO<\/h4>\n<\/blockquote>\n<p>\u00ab Il calo degli estrogeni e degli androgeni portano a una progressiva atrofia uro-genitale, cio\u00e8 a una secchezza e a un assottigliamento delle mucose dell&#8217;apparato uro-genitale ( utero, vagina, vescica, uretra), che sono tessuti bersaglio degli ormoni sessuali. La progressiva riduzione di ormoni sessuali potr\u00e0 causare sintomi quali vaginiti. dolore nei rapporti, cistiti, incontinenza urinaria. ma anche visivamente a un&#8217;involuzione dei genitali esterni\u00bb.<\/p>\n<blockquote>\n<h4>L&#8217;inizio della menopausa arriva intorno ai 45 anni<br \/>\nFALSO<\/h4>\n<\/blockquote>\n<p>\u00abL&#8217;et\u00e0 media nei Paesi occidentali \u00e8 51 anni. Si parla di menopausa dopo 12 mesi di assenza di mestruazioni, ma i primi cambiamenti ormonali iniziano 5-6 anni prima (pre-menopausa). Esiste poi una menopausa indotta. che si verifica quando le ovaie vengono danneggiate in maniera permanente da trattamenti medici o quando sono asportate chirurgicamente. L&#8217;et\u00e0 della menopausa naturale \u00e8 soggettiva ed esistono diversi fattori che possono influenzarla. ovvero: la familiarit\u00e0 o la genetica. il fumo (anticipa di circa 2 anni l&#8217;et\u00e0 menopausale).\u00a0 Le gravidanze (la posticipano), l&#8217;uso prolungato di alcuni farmaci quali antiepilettici. antidepressivi e alcuni chemioterapici (la anticipano). Invece l&#8217;uso della pillola e l&#8217;et\u00e0 della prima mestruazione non sono correlati all&#8217;et\u00e0 menopausale\u00bb<\/p>\n<blockquote>\n<h4>Alcune vivono I sesso pi\u00f9 liberamente perch\u00e9 non rischiano pi\u00f9 una gravidanza<br \/>\nVERO<\/h4>\n<\/blockquote>\n<p>\u00abOgni donna vive questo momento in modo persona-le. Per quel che riguarda l&#8217;esclusione di una gravidanza. \u00e8 vera in menopausa conclamata. quando le ovaie hanno cessato la loro attivit\u00e0. Nella fase di premenopausa invece la gravidanza. seppur poco comune. \u00e8 possibile\u00bb.<\/p>\n<blockquote>\n<h4>Per evitare dolori durante i rapporti bisogna sottoporsi a interventi invasivi<br \/>\nFALSO<\/h4>\n<\/blockquote>\n<p>\u00abLa sindrome uro-genitale \u00e8 risolvibile con prodotti ad azione locale quali ovuli. creme o gel. I pi\u00f9 efficaci sono i prodotti a base di estrogeni. ma esistono anche prodotti lubrificanti e idratanti non ormonali. Altra terapia efficace \u00e8 l&#8217;utilizzo di specifici trattamenti laser\u00bb.<\/p>\n<blockquote>\n<h4>Vampate, depressione, ansia, aumento ponderale possono interferire con il rapporto di coppia<br \/>\nVERO<\/h4>\n<\/blockquote>\n<p>\u00abLa sindrome menopausale comprende sintomi vaso-motori (vampate e sudorazioni) e sintomi psicologici (ansia, irritabilit\u00e0, difficolt\u00e0 di concentrazione, calo della libido) che di per s\u00e9 possono interferire con le normali attivit\u00e0 quotidiane. ma anche con il rapporto di coppia. A ci\u00f2 possono aggiungersi cambiamenti fisici, quali aumento ponderale. diradamento dei capelli e dei peli pubici. Modificazioni che contribuiscono a un&#8217;ulteriore problematica nell&#8217;accettazione di s\u00e9. &#8216;Per questo in menopausa \u00e8 raccomandata una moderata attivit\u00e0 fisica aerobica per almeno 150 minuti a settimana oppure un&#8217;attivit\u00e0 aerobica intensa (come jogging) per almeno 75 minuti a settimana. in modo da restare in forma e sentirsi ancora a proprio agio con il proprio corpo, oltre a tutti gli altri benefici che lo sport comporta\u00bb.<\/p>\n<p>&#8220;Vero&#8221; Giugno 2019 di Simona Cortopassi<\/p>\n","protected":false},"excerpt":{"rendered":"<p>Menopausa: non sempre la libido \u00e8 in calo Pur avendo molti tratti comuni, questo passaggio dell&#8217;et\u00e0 fertile a quella in cui non si pu\u00f2 pi\u00f9 concepire viene vissuto e percepito da ogni singola donna in modo diverso e personale. A cominciare dalla sessualit\u00e0. Pur con notevoli tratti comuni, la menopausa \u00e8 un\u00b7 esperienza diversa per [&hellip;]<\/p>\n","protected":false},"author":1,"featured_media":109,"comment_status":"open","ping_status":"open","sticky":false,"template":"","format":"standard","meta":{"_monsterinsights_skip_tracking":false,"_monsterinsights_sitenote_active":false,"_monsterinsights_sitenote_note":"","_monsterinsights_sitenote_category":0,"footnotes":""},"categories":[7,156],"tags":[43,52,44,42,53,41,39,49,50,40,48,45,46,51,47],"yoast_head":"<!-- This site is optimized with the Yoast SEO plugin v23.5 - https:\/\/yoast.com\/wordpress\/plugins\/seo\/ -->\n<title>Menopausa: non sempre la libido \u00e8 in calo - Dott.ssa Anna Paola Cavalieri<\/title>\n<meta name=\"description\" content=\"Menopausa: non sempre la libido \u00e8 in calo. Ogni donna vive questo particolare momento della propria vita in modo diverso e personale.\" \/>\n<meta name=\"robots\" content=\"index, follow, max-snippet:-1, max-image-preview:large, max-video-preview:-1\" \/>\n<link rel=\"canonical\" href=\"https:\/\/www.medisocial.it\/annapaolacavalieri\/2019\/07\/09\/menopausa-non-sempre-la-libido-e-in-calo\/\" \/>\n<meta property=\"og:locale\" content=\"it_IT\" \/>\n<meta property=\"og:type\" content=\"article\" \/>\n<meta property=\"og:title\" content=\"Menopausa: non sempre la libido \u00e8 in calo - Dott.ssa Anna Paola Cavalieri\" \/>\n<meta property=\"og:description\" content=\"Menopausa: non sempre la libido \u00e8 in calo. Ogni donna vive questo particolare momento della propria vita in modo diverso e personale.\" \/>\n<meta property=\"og:url\" content=\"https:\/\/www.medisocial.it\/annapaolacavalieri\/2019\/07\/09\/menopausa-non-sempre-la-libido-e-in-calo\/\" \/>\n<meta property=\"og:site_name\" content=\"Dott.ssa Anna Paola Cavalieri\" \/>\n<meta property=\"article:published_time\" content=\"2019-07-09T17:45:09+00:00\" \/>\n<meta property=\"article:modified_time\" content=\"2020-06-04T17:41:53+00:00\" \/>\n<meta property=\"og:image\" content=\"https:\/\/www.medisocial.it\/annapaolacavalieri\/wp-content\/uploads\/2019\/07\/vero-articolo-menopausa-dott-annapaola-cavalieri-06-2019-e1563786962940.jpg\" \/>\n\t<meta property=\"og:image:width\" content=\"800\" \/>\n\t<meta property=\"og:image:height\" content=\"370\" \/>\n\t<meta property=\"og:image:type\" content=\"image\/jpeg\" \/>\n<meta name=\"author\" content=\"medisocial\" \/>\n<meta name=\"twitter:card\" content=\"summary_large_image\" \/>\n<meta name=\"twitter:label1\" content=\"Scritto da\" \/>\n\t<meta name=\"twitter:data1\" content=\"medisocial\" \/>\n\t<meta name=\"twitter:label2\" content=\"Tempo di lettura stimato\" \/>\n\t<meta name=\"twitter:data2\" content=\"3 minuti\" \/>\n<script type=\"application\/ld+json\" class=\"yoast-schema-graph\">{\"@context\":\"https:\/\/schema.org\",\"@graph\":[{\"@type\":\"Article\",\"@id\":\"https:\/\/www.medisocial.it\/annapaolacavalieri\/2019\/07\/09\/menopausa-non-sempre-la-libido-e-in-calo\/#article\",\"isPartOf\":{\"@id\":\"https:\/\/www.medisocial.it\/annapaolacavalieri\/2019\/07\/09\/menopausa-non-sempre-la-libido-e-in-calo\/\"},\"author\":{\"name\":\"medisocial\",\"@id\":\"https:\/\/www.medisocial.it\/annapaolacavalieri\/#\/schema\/person\/1cd0bfb9ce49bd43804584df39ef2c91\"},\"headline\":\"Menopausa: non sempre la libido \u00e8 in calo\",\"datePublished\":\"2019-07-09T17:45:09+00:00\",\"dateModified\":\"2020-06-04T17:41:53+00:00\",\"mainEntityOfPage\":{\"@id\":\"https:\/\/www.medisocial.it\/annapaolacavalieri\/2019\/07\/09\/menopausa-non-sempre-la-libido-e-in-calo\/\"},\"wordCount\":603,\"commentCount\":0,\"publisher\":{\"@id\":\"https:\/\/www.medisocial.it\/annapaolacavalieri\/#organization\"},\"image\":{\"@id\":\"https:\/\/www.medisocial.it\/annapaolacavalieri\/2019\/07\/09\/menopausa-non-sempre-la-libido-e-in-calo\/#primaryimage\"},\"thumbnailUrl\":\"https:\/\/www.medisocial.it\/annapaolacavalieri\/wp-content\/uploads\/2019\/07\/vero-articolo-menopausa-dott-annapaola-cavalieri-06-2019-e1563786962940.jpg\",\"keywords\":[\"androgeni\",\"ansia\",\"atrofia uro-genitale\",\"estrogeni\",\"irritabilit\u00e0\",\"libido\",\"menopausa\",\"ormoni\",\"pre-menopausa\",\"sessualit\u00e0\",\"uretra\",\"utero\",\"vagina\",\"vampate\",\"vesica\"],\"articleSection\":[\"Articoli\",\"Focus Menopausa\"],\"inLanguage\":\"it-IT\",\"potentialAction\":[{\"@type\":\"CommentAction\",\"name\":\"Comment\",\"target\":[\"https:\/\/www.medisocial.it\/annapaolacavalieri\/2019\/07\/09\/menopausa-non-sempre-la-libido-e-in-calo\/#respond\"]}]},{\"@type\":\"WebPage\",\"@id\":\"https:\/\/www.medisocial.it\/annapaolacavalieri\/2019\/07\/09\/menopausa-non-sempre-la-libido-e-in-calo\/\",\"url\":\"https:\/\/www.medisocial.it\/annapaolacavalieri\/2019\/07\/09\/menopausa-non-sempre-la-libido-e-in-calo\/\",\"name\":\"Menopausa: non sempre la libido \u00e8 in calo - Dott.ssa Anna Paola Cavalieri\",\"isPartOf\":{\"@id\":\"https:\/\/www.medisocial.it\/annapaolacavalieri\/#website\"},\"primaryImageOfPage\":{\"@id\":\"https:\/\/www.medisocial.it\/annapaolacavalieri\/2019\/07\/09\/menopausa-non-sempre-la-libido-e-in-calo\/#primaryimage\"},\"image\":{\"@id\":\"https:\/\/www.medisocial.it\/annapaolacavalieri\/2019\/07\/09\/menopausa-non-sempre-la-libido-e-in-calo\/#primaryimage\"},\"thumbnailUrl\":\"https:\/\/www.medisocial.it\/annapaolacavalieri\/wp-content\/uploads\/2019\/07\/vero-articolo-menopausa-dott-annapaola-cavalieri-06-2019-e1563786962940.jpg\",\"datePublished\":\"2019-07-09T17:45:09+00:00\",\"dateModified\":\"2020-06-04T17:41:53+00:00\",\"description\":\"Menopausa: non sempre la libido \u00e8 in calo. Ogni donna vive questo particolare momento della propria vita in modo diverso e personale.\",\"breadcrumb\":{\"@id\":\"https:\/\/www.medisocial.it\/annapaolacavalieri\/2019\/07\/09\/menopausa-non-sempre-la-libido-e-in-calo\/#breadcrumb\"},\"inLanguage\":\"it-IT\",\"potentialAction\":[{\"@type\":\"ReadAction\",\"target\":[\"https:\/\/www.medisocial.it\/annapaolacavalieri\/2019\/07\/09\/menopausa-non-sempre-la-libido-e-in-calo\/\"]}]},{\"@type\":\"ImageObject\",\"inLanguage\":\"it-IT\",\"@id\":\"https:\/\/www.medisocial.it\/annapaolacavalieri\/2019\/07\/09\/menopausa-non-sempre-la-libido-e-in-calo\/#primaryimage\",\"url\":\"https:\/\/www.medisocial.it\/annapaolacavalieri\/wp-content\/uploads\/2019\/07\/vero-articolo-menopausa-dott-annapaola-cavalieri-06-2019-e1563786962940.jpg\",\"contentUrl\":\"https:\/\/www.medisocial.it\/annapaolacavalieri\/wp-content\/uploads\/2019\/07\/vero-articolo-menopausa-dott-annapaola-cavalieri-06-2019-e1563786962940.jpg\",\"width\":800,\"height\":370,\"caption\":\"vero-articolo-menopausa-dott-annapaola-cavalieri-06-2019\"},{\"@type\":\"BreadcrumbList\",\"@id\":\"https:\/\/www.medisocial.it\/annapaolacavalieri\/2019\/07\/09\/menopausa-non-sempre-la-libido-e-in-calo\/#breadcrumb\",\"itemListElement\":[{\"@type\":\"ListItem\",\"position\":1,\"name\":\"Home\",\"item\":\"https:\/\/www.medisocial.it\/annapaolacavalieri\/\"},{\"@type\":\"ListItem\",\"position\":2,\"name\":\"Menopausa: non sempre la libido \u00e8 in calo\"}]},{\"@type\":\"WebSite\",\"@id\":\"https:\/\/www.medisocial.it\/annapaolacavalieri\/#website\",\"url\":\"https:\/\/www.medisocial.it\/annapaolacavalieri\/\",\"name\":\"Dott.ssa Anna Paola Cavalieri\",\"description\":\"Specialista in Ostetricia e Ginecologia - Roma\",\"publisher\":{\"@id\":\"https:\/\/www.medisocial.it\/annapaolacavalieri\/#organization\"},\"potentialAction\":[{\"@type\":\"SearchAction\",\"target\":{\"@type\":\"EntryPoint\",\"urlTemplate\":\"https:\/\/www.medisocial.it\/annapaolacavalieri\/?s={search_term_string}\"},\"query-input\":{\"@type\":\"PropertyValueSpecification\",\"valueRequired\":true,\"valueName\":\"search_term_string\"}}],\"inLanguage\":\"it-IT\"},{\"@type\":\"Organization\",\"@id\":\"https:\/\/www.medisocial.it\/annapaolacavalieri\/#organization\",\"name\":\"Dott.ssa Anna Paola Cavalieri\",\"url\":\"https:\/\/www.medisocial.it\/annapaolacavalieri\/\",\"logo\":{\"@type\":\"ImageObject\",\"inLanguage\":\"it-IT\",\"@id\":\"https:\/\/www.medisocial.it\/annapaolacavalieri\/#\/schema\/logo\/image\/\",\"url\":\"https:\/\/www.medisocial.it\/annapaolacavalieri\/wp-content\/uploads\/2019\/06\/logo7.jpg\",\"contentUrl\":\"https:\/\/www.medisocial.it\/annapaolacavalieri\/wp-content\/uploads\/2019\/06\/logo7.jpg\",\"width\":242,\"height\":99,\"caption\":\"Dott.ssa Anna Paola Cavalieri\"},\"image\":{\"@id\":\"https:\/\/www.medisocial.it\/annapaolacavalieri\/#\/schema\/logo\/image\/\"}},{\"@type\":\"Person\",\"@id\":\"https:\/\/www.medisocial.it\/annapaolacavalieri\/#\/schema\/person\/1cd0bfb9ce49bd43804584df39ef2c91\",\"name\":\"medisocial\",\"image\":{\"@type\":\"ImageObject\",\"inLanguage\":\"it-IT\",\"@id\":\"https:\/\/www.medisocial.it\/annapaolacavalieri\/#\/schema\/person\/image\/\",\"url\":\"https:\/\/secure.gravatar.com\/avatar\/efa9393110d3610a15f45429c6613084?s=96&d=mm&r=g\",\"contentUrl\":\"https:\/\/secure.gravatar.com\/avatar\/efa9393110d3610a15f45429c6613084?s=96&d=mm&r=g\",\"caption\":\"medisocial\"}}]}<\/script>\n<!-- \/ Yoast SEO plugin. -->","yoast_head_json":{"title":"Menopausa: non sempre la libido \u00e8 in calo - Dott.ssa Anna Paola Cavalieri","description":"Menopausa: non sempre la libido \u00e8 in calo. Ogni donna vive questo particolare momento della propria vita in modo diverso e personale.","robots":{"index":"index","follow":"follow","max-snippet":"max-snippet:-1","max-image-preview":"max-image-preview:large","max-video-preview":"max-video-preview:-1"},"canonical":"https:\/\/www.medisocial.it\/annapaolacavalieri\/2019\/07\/09\/menopausa-non-sempre-la-libido-e-in-calo\/","og_locale":"it_IT","og_type":"article","og_title":"Menopausa: non sempre la libido \u00e8 in calo - Dott.ssa Anna Paola Cavalieri","og_description":"Menopausa: non sempre la libido \u00e8 in calo. Ogni donna vive questo particolare momento della propria vita in modo diverso e personale.","og_url":"https:\/\/www.medisocial.it\/annapaolacavalieri\/2019\/07\/09\/menopausa-non-sempre-la-libido-e-in-calo\/","og_site_name":"Dott.ssa Anna Paola Cavalieri","article_published_time":"2019-07-09T17:45:09+00:00","article_modified_time":"2020-06-04T17:41:53+00:00","og_image":[{"width":800,"height":370,"url":"https:\/\/www.medisocial.it\/annapaolacavalieri\/wp-content\/uploads\/2019\/07\/vero-articolo-menopausa-dott-annapaola-cavalieri-06-2019-e1563786962940.jpg","type":"image\/jpeg"}],"author":"medisocial","twitter_card":"summary_large_image","twitter_misc":{"Scritto da":"medisocial","Tempo di lettura stimato":"3 minuti"},"schema":{"@context":"https:\/\/schema.org","@graph":[{"@type":"Article","@id":"https:\/\/www.medisocial.it\/annapaolacavalieri\/2019\/07\/09\/menopausa-non-sempre-la-libido-e-in-calo\/#article","isPartOf":{"@id":"https:\/\/www.medisocial.it\/annapaolacavalieri\/2019\/07\/09\/menopausa-non-sempre-la-libido-e-in-calo\/"},"author":{"name":"medisocial","@id":"https:\/\/www.medisocial.it\/annapaolacavalieri\/#\/schema\/person\/1cd0bfb9ce49bd43804584df39ef2c91"},"headline":"Menopausa: non sempre la libido \u00e8 in calo","datePublished":"2019-07-09T17:45:09+00:00","dateModified":"2020-06-04T17:41:53+00:00","mainEntityOfPage":{"@id":"https:\/\/www.medisocial.it\/annapaolacavalieri\/2019\/07\/09\/menopausa-non-sempre-la-libido-e-in-calo\/"},"wordCount":603,"commentCount":0,"publisher":{"@id":"https:\/\/www.medisocial.it\/annapaolacavalieri\/#organization"},"image":{"@id":"https:\/\/www.medisocial.it\/annapaolacavalieri\/2019\/07\/09\/menopausa-non-sempre-la-libido-e-in-calo\/#primaryimage"},"thumbnailUrl":"https:\/\/www.medisocial.it\/annapaolacavalieri\/wp-content\/uploads\/2019\/07\/vero-articolo-menopausa-dott-annapaola-cavalieri-06-2019-e1563786962940.jpg","keywords":["androgeni","ansia","atrofia uro-genitale","estrogeni","irritabilit\u00e0","libido","menopausa","ormoni","pre-menopausa","sessualit\u00e0","uretra","utero","vagina","vampate","vesica"],"articleSection":["Articoli","Focus Menopausa"],"inLanguage":"it-IT","potentialAction":[{"@type":"CommentAction","name":"Comment","target":["https:\/\/www.medisocial.it\/annapaolacavalieri\/2019\/07\/09\/menopausa-non-sempre-la-libido-e-in-calo\/#respond"]}]},{"@type":"WebPage","@id":"https:\/\/www.medisocial.it\/annapaolacavalieri\/2019\/07\/09\/menopausa-non-sempre-la-libido-e-in-calo\/","url":"https:\/\/www.medisocial.it\/annapaolacavalieri\/2019\/07\/09\/menopausa-non-sempre-la-libido-e-in-calo\/","name":"Menopausa: non sempre la libido \u00e8 in calo - Dott.ssa Anna Paola Cavalieri","isPartOf":{"@id":"https:\/\/www.medisocial.it\/annapaolacavalieri\/#website"},"primaryImageOfPage":{"@id":"https:\/\/www.medisocial.it\/annapaolacavalieri\/2019\/07\/09\/menopausa-non-sempre-la-libido-e-in-calo\/#primaryimage"},"image":{"@id":"https:\/\/www.medisocial.it\/annapaolacavalieri\/2019\/07\/09\/menopausa-non-sempre-la-libido-e-in-calo\/#primaryimage"},"thumbnailUrl":"https:\/\/www.medisocial.it\/annapaolacavalieri\/wp-content\/uploads\/2019\/07\/vero-articolo-menopausa-dott-annapaola-cavalieri-06-2019-e1563786962940.jpg","datePublished":"2019-07-09T17:45:09+00:00","dateModified":"2020-06-04T17:41:53+00:00","description":"Menopausa: non sempre la libido \u00e8 in calo. Ogni donna vive questo particolare momento della propria vita in modo diverso e personale.","breadcrumb":{"@id":"https:\/\/www.medisocial.it\/annapaolacavalieri\/2019\/07\/09\/menopausa-non-sempre-la-libido-e-in-calo\/#breadcrumb"},"inLanguage":"it-IT","potentialAction":[{"@type":"ReadAction","target":["https:\/\/www.medisocial.it\/annapaolacavalieri\/2019\/07\/09\/menopausa-non-sempre-la-libido-e-in-calo\/"]}]},{"@type":"ImageObject","inLanguage":"it-IT","@id":"https:\/\/www.medisocial.it\/annapaolacavalieri\/2019\/07\/09\/menopausa-non-sempre-la-libido-e-in-calo\/#primaryimage","url":"https:\/\/www.medisocial.it\/annapaolacavalieri\/wp-content\/uploads\/2019\/07\/vero-articolo-menopausa-dott-annapaola-cavalieri-06-2019-e1563786962940.jpg","contentUrl":"https:\/\/www.medisocial.it\/annapaolacavalieri\/wp-content\/uploads\/2019\/07\/vero-articolo-menopausa-dott-annapaola-cavalieri-06-2019-e1563786962940.jpg","width":800,"height":370,"caption":"vero-articolo-menopausa-dott-annapaola-cavalieri-06-2019"},{"@type":"BreadcrumbList","@id":"https:\/\/www.medisocial.it\/annapaolacavalieri\/2019\/07\/09\/menopausa-non-sempre-la-libido-e-in-calo\/#breadcrumb","itemListElement":[{"@type":"ListItem","position":1,"name":"Home","item":"https:\/\/www.medisocial.it\/annapaolacavalieri\/"},{"@type":"ListItem","position":2,"name":"Menopausa: non sempre la libido \u00e8 in calo"}]},{"@type":"WebSite","@id":"https:\/\/www.medisocial.it\/annapaolacavalieri\/#website","url":"https:\/\/www.medisocial.it\/annapaolacavalieri\/","name":"Dott.ssa Anna Paola Cavalieri","description":"Specialista in Ostetricia e Ginecologia - Roma","publisher":{"@id":"https:\/\/www.medisocial.it\/annapaolacavalieri\/#organization"},"potentialAction":[{"@type":"SearchAction","target":{"@type":"EntryPoint","urlTemplate":"https:\/\/www.medisocial.it\/annapaolacavalieri\/?s={search_term_string}"},"query-input":{"@type":"PropertyValueSpecification","valueRequired":true,"valueName":"search_term_string"}}],"inLanguage":"it-IT"},{"@type":"Organization","@id":"https:\/\/www.medisocial.it\/annapaolacavalieri\/#organization","name":"Dott.ssa Anna Paola Cavalieri","url":"https:\/\/www.medisocial.it\/annapaolacavalieri\/","logo":{"@type":"ImageObject","inLanguage":"it-IT","@id":"https:\/\/www.medisocial.it\/annapaolacavalieri\/#\/schema\/logo\/image\/","url":"https:\/\/www.medisocial.it\/annapaolacavalieri\/wp-content\/uploads\/2019\/06\/logo7.jpg","contentUrl":"https:\/\/www.medisocial.it\/annapaolacavalieri\/wp-content\/uploads\/2019\/06\/logo7.jpg","width":242,"height":99,"caption":"Dott.ssa Anna Paola Cavalieri"},"image":{"@id":"https:\/\/www.medisocial.it\/annapaolacavalieri\/#\/schema\/logo\/image\/"}},{"@type":"Person","@id":"https:\/\/www.medisocial.it\/annapaolacavalieri\/#\/schema\/person\/1cd0bfb9ce49bd43804584df39ef2c91","name":"medisocial","image":{"@type":"ImageObject","inLanguage":"it-IT","@id":"https:\/\/www.medisocial.it\/annapaolacavalieri\/#\/schema\/person\/image\/","url":"https:\/\/secure.gravatar.com\/avatar\/efa9393110d3610a15f45429c6613084?s=96&d=mm&r=g","contentUrl":"https:\/\/secure.gravatar.com\/avatar\/efa9393110d3610a15f45429c6613084?s=96&d=mm&r=g","caption":"medisocial"}}]}},"_links":{"self":[{"href":"https:\/\/www.medisocial.it\/annapaolacavalieri\/wp-json\/wp\/v2\/posts\/89"}],"collection":[{"href":"https:\/\/www.medisocial.it\/annapaolacavalieri\/wp-json\/wp\/v2\/posts"}],"about":[{"href":"https:\/\/www.medisocial.it\/annapaolacavalieri\/wp-json\/wp\/v2\/types\/post"}],"author":[{"embeddable":true,"href":"https:\/\/www.medisocial.it\/annapaolacavalieri\/wp-json\/wp\/v2\/users\/1"}],"replies":[{"embeddable":true,"href":"https:\/\/www.medisocial.it\/annapaolacavalieri\/wp-json\/wp\/v2\/comments?post=89"}],"version-history":[{"count":7,"href":"https:\/\/www.medisocial.it\/annapaolacavalieri\/wp-json\/wp\/v2\/posts\/89\/revisions"}],"predecessor-version":[{"id":310,"href":"https:\/\/www.medisocial.it\/annapaolacavalieri\/wp-json\/wp\/v2\/posts\/89\/revisions\/310"}],"wp:featuredmedia":[{"embeddable":true,"href":"https:\/\/www.medisocial.it\/annapaolacavalieri\/wp-json\/wp\/v2\/media\/109"}],"wp:attachment":[{"href":"https:\/\/www.medisocial.it\/annapaolacavalieri\/wp-json\/wp\/v2\/media?parent=89"}],"wp:term":[{"taxonomy":"category","embeddable":true,"href":"https:\/\/www.medisocial.it\/annapaolacavalieri\/wp-json\/wp\/v2\/categories?post=89"},{"taxonomy":"post_tag","embeddable":true,"href":"https:\/\/www.medisocial.it\/annapaolacavalieri\/wp-json\/wp\/v2\/tags?post=89"}],"curies":[{"name":"wp","href":"https:\/\/api.w.org\/{rel}","templated":true}]}}