{"id":710,"date":"2022-12-06T11:48:53","date_gmt":"2022-12-06T10:48:53","guid":{"rendered":"https:\/\/www.medisocial.it\/annapaolacavalieri\/?p=710"},"modified":"2022-12-06T11:48:53","modified_gmt":"2022-12-06T10:48:53","slug":"sintomi-menopausali-e-premenopausali-effetti-negativi-sulla-capacita-lavorativa","status":"publish","type":"post","link":"https:\/\/www.medisocial.it\/annapaolacavalieri\/2022\/12\/06\/sintomi-menopausali-e-premenopausali-effetti-negativi-sulla-capacita-lavorativa\/","title":{"rendered":"Sintomi menopausali e premenopausali: effetti negativi sulla capacit\u00e0 lavorativa"},"content":{"rendered":"<p><strong>Sintomi menopausali e premenopausali: effetti negativi sulla capacit\u00e0 lavorativa.<\/strong> Secondo un recente studio<br \/>\namericano,\u00a0 i sintomi della menopausa possono incidere in modo significativo sulla capacit\u00e0 di una donna di lavorare.<\/p>\n<p>Lo studio, condotto nel 2021 dai ricercatori della Mayo Clinic, ha rilevato che circa una donna su otto ha affermato che i problemi derivanti dalla menopausa le hanno fatto perdere pi\u00f9 giorni di lavoro, ridurre le ore di lavoro, persino licenziarsi, andare in pensione prima o essere licenziati.<\/p>\n<p>Il potenziale impatto economico dei sintomi della menopausa non trattati sul posto di lavoro \u00e8 sbalorditivo.<br \/>\nI risultati concordano con i risultati di studi precedenti eseguiti in altre nazioni.<\/p>\n<p>Sono stati analizzati i dati di 4.440 donne lavoratrici, di et\u00e0 compresa tra 45 e 60 anni, con una et\u00e0 media di 54 anni , che sono state iscritte al Mayo Clinic Registry of Midlife Women e hanno completato un questionario online tra marzo e giugno 2021 sui sintomi della menopausa e sugli effetti dei sintomi sul lavoro .<\/p>\n<p>La maggior parte delle intervistate era bianca (95%), sposata (77%) e aveva almeno un diploma universitario (59%).<\/p>\n<p>Pi\u00f9 di una donna su otto (13%) ha riferito di avere almeno un esito negativo a causa dei sintomi della menopausa. Pi\u00f9 gravi sono i sintomi (vampate, stanchezza, insonnia, calo del tono dell\u2019umore , difficolt\u00e0 di concentrazione, perdita della memoria ) e maggiori si sono dimostrate le problematiche insorte a livello lavorativo.<\/p>\n<p>I sintomi psicologici hanno avuto il maggiore impatto sul lavoro.<\/p>\n<p><strong>Sintomi menopausali e premenopausali: effetti negativi sulla capacit\u00e0 lavorativa.<\/strong><\/p>\n<p>Secondo i ricercatori, le donne i cui sintomi psicologici erano percepiti come gravi avevano 21 volte pi\u00f9 probabilit\u00e0 di avere un effetto negativo sul lavoro, rispetto a quelle con il livello di gravit\u00e0 pi\u00f9 basso.<\/p>\n<p>I risultati fanno eco ai risultati di un recente sondaggio condotto da Carrot Fertility su 1.000 donne, di et\u00e0 compresa tra 40 e 55 anni, sugli effetti della menopausa sulla loro carriera. In quel sondaggio, il 79% degli intervistati ha descritto il lavoro durante la menopausa come pi\u00f9 impegnativo rispetto ad altre fasi della vita ed esperienze di vita comuni, incluso l&#8217;inizio di un nuovo lavoro, l&#8217;avvio di una famiglia o l&#8217;ottenimento di una promozione.<\/p>\n<p>Eppure il 77% delle donne si sentiva a disagio nel parlare del problema con i dirigenti e il 63% non si sentiva a proprio agio nel parlare del problema con le risorse umane. Solo l&#8217;8% ha affermato che il proprio datore di lavoro ha offerto un supporto significativo per la menopausa.<\/p>\n<p><strong>Sintomi menopausali e premenopausali: effetti negativi sulla capacit\u00e0 lavorativa.<\/strong><\/p>\n<p>Le donne che stanno attraversando la transizione alla menopausa e quelle che sono in postmenopausa si trovano in fasi importanti della loro carriera. Spesso puntano o ricoprono gi\u00e0 posizioni di leadership. Qualsiasi impedimento in questa importante fase della loro vita professionale pu\u00f2 rivelarsi molto costoso, con conseguente perdita di opportunit\u00e0 di promozione e ruoli di leadership.<\/p>\n<p>I sintomi della menopausa continuano a essere sottotrattati per una serie di motivi seppure influiscano su molteplici aspetti della vita di una donna, comprese le sue prestazioni sul posto di lavoro.<\/p>\n<p>Oltre a concentrare la nostra attenzione sul trattamento adeguato dei sintomi della menopausa, abbiamo bisogno di sostegno per la creazione di politiche sul posto di lavoro che possano aiutare le donne a superare questa fase ormonale.<\/p>\n<p>Tali politiche potrebbero includere l&#8217;educazione sulla menopausa per aumentare la consapevolezza e l&#8217;istruzione di datori di lavoro, dirigenti e supervisori al fine di sostenere le lavoratrici di mezza et\u00e0 e dall\u2019altra parte stimolare le donne a comunicare e parlare del loro disagio con i propri capi, oltre ad una maggiore divulgazione ed utilizzo delle terapie mediche e non, previste per queste donne.<\/p>\n<p>C\u2019\u00e8 da considerare tra l\u2019altro che i dati pubblicati potrebbero aver sottostimato il problema in quanto la popolazione dello studio americano potrebbe non essere rappresentativa poich\u00e9 tutte le donne hanno ricevuto cure in un centro sanitario ed erano quasi tutte donne bianche ed inoltre in quanto le interviste sono state raccolte durante la pandemia, periodo durante il quale molte donne, lavorando da casa, potrebbero aver percepito meno l\u2019impatto di alcuni sintomi sulla capacit\u00e0 lavorativa .<br \/>\nMolto probabilmente l\u2019impatto dei sintomi menopausali sulla capacit\u00e0 e produttivit\u00e0 lavorativa in altre realt\u00e0 sociali \u00e8 ancora pi\u00f9 grande.<\/p>\n<p>Fonte : <a href=\"https:\/\/www.mdedge.com\/obgyn\/article\/258725\/menopause\/menopause-symptoms-negatively-affect-womens-work\" target=\"_blank\" rel=\"noopener noreferrer\" data-saferedirecturl=\"https:\/\/www.google.com\/url?q=https:\/\/www.mdedge.com\/obgyn\/article\/258725\/menopause\/menopause-symptoms-negatively-affect-womens-work&amp;source=gmail&amp;ust=1670407755005000&amp;usg=AOvVaw3r4Bq-xv54joH2IVxUb-b5\">https:\/\/www.mdedge.com\/obgyn\/a<wbr \/>rticle\/258725\/menopause\/menopa<wbr \/>use-symptoms-negatively-affect<wbr \/>-womens-work<\/a><\/p>\n","protected":false},"excerpt":{"rendered":"<p>Sintomi menopausali e premenopausali: effetti negativi sulla capacit\u00e0 lavorativa. Secondo un recente studio americano,\u00a0 i sintomi della menopausa possono incidere in modo significativo sulla capacit\u00e0 di una donna di lavorare. Lo studio, condotto nel 2021 dai ricercatori della Mayo Clinic, ha rilevato che circa una donna su otto ha affermato che i problemi derivanti dalla [&hellip;]<\/p>\n","protected":false},"author":1,"featured_media":711,"comment_status":"open","ping_status":"open","sticky":false,"template":"","format":"standard","meta":{"_monsterinsights_skip_tracking":false,"_monsterinsights_sitenote_active":false,"_monsterinsights_sitenote_note":"","_monsterinsights_sitenote_category":0,"footnotes":""},"categories":[7,156],"tags":[383,380,384,148,381,39,385,387,386,378,379,382,51],"yoast_head":"<!-- This site is optimized with the Yoast SEO plugin v23.5 - https:\/\/yoast.com\/wordpress\/plugins\/seo\/ -->\n<title>Sintomi menopausali e premenopausali: effetti negativi sulla capacit\u00e0 lavorativa - Dott.ssa Anna Paola Cavalieri<\/title>\n<meta name=\"description\" content=\"Sintomi menopausali e premenopausali: effetti negativi sulla capacit\u00e0 lavorativa. Secondo un recente studioamericano,\u00a0 i sintomi della menopausa possono incidere in modo significativo sulla capacit\u00e0 di una donna di lavorare.\" \/>\n<meta name=\"robots\" content=\"index, follow, max-snippet:-1, max-image-preview:large, max-video-preview:-1\" \/>\n<link rel=\"canonical\" href=\"https:\/\/www.medisocial.it\/annapaolacavalieri\/2022\/12\/06\/sintomi-menopausali-e-premenopausali-effetti-negativi-sulla-capacita-lavorativa\/\" \/>\n<meta property=\"og:locale\" content=\"it_IT\" \/>\n<meta property=\"og:type\" content=\"article\" \/>\n<meta property=\"og:title\" content=\"Sintomi menopausali e premenopausali: effetti negativi sulla capacit\u00e0 lavorativa - Dott.ssa Anna Paola Cavalieri\" \/>\n<meta property=\"og:description\" content=\"Sintomi menopausali e premenopausali: effetti negativi sulla capacit\u00e0 lavorativa. Secondo un recente studioamericano,\u00a0 i sintomi della menopausa possono incidere in modo significativo sulla capacit\u00e0 di una donna di lavorare.\" \/>\n<meta property=\"og:url\" content=\"https:\/\/www.medisocial.it\/annapaolacavalieri\/2022\/12\/06\/sintomi-menopausali-e-premenopausali-effetti-negativi-sulla-capacita-lavorativa\/\" \/>\n<meta property=\"og:site_name\" content=\"Dott.ssa Anna Paola Cavalieri\" \/>\n<meta property=\"article:published_time\" content=\"2022-12-06T10:48:53+00:00\" \/>\n<meta property=\"og:image\" content=\"https:\/\/www.medisocial.it\/annapaolacavalieri\/wp-content\/uploads\/2022\/12\/sintomi-menopausali.jpg\" \/>\n\t<meta property=\"og:image:width\" content=\"600\" \/>\n\t<meta property=\"og:image:height\" content=\"400\" \/>\n\t<meta property=\"og:image:type\" content=\"image\/jpeg\" \/>\n<meta name=\"author\" content=\"medisocial\" \/>\n<meta name=\"twitter:card\" content=\"summary_large_image\" \/>\n<meta name=\"twitter:label1\" content=\"Scritto da\" \/>\n\t<meta name=\"twitter:data1\" content=\"medisocial\" \/>\n\t<meta name=\"twitter:label2\" content=\"Tempo di lettura stimato\" \/>\n\t<meta name=\"twitter:data2\" content=\"4 minuti\" \/>\n<script type=\"application\/ld+json\" class=\"yoast-schema-graph\">{\"@context\":\"https:\/\/schema.org\",\"@graph\":[{\"@type\":\"Article\",\"@id\":\"https:\/\/www.medisocial.it\/annapaolacavalieri\/2022\/12\/06\/sintomi-menopausali-e-premenopausali-effetti-negativi-sulla-capacita-lavorativa\/#article\",\"isPartOf\":{\"@id\":\"https:\/\/www.medisocial.it\/annapaolacavalieri\/2022\/12\/06\/sintomi-menopausali-e-premenopausali-effetti-negativi-sulla-capacita-lavorativa\/\"},\"author\":{\"name\":\"medisocial\",\"@id\":\"https:\/\/www.medisocial.it\/annapaolacavalieri\/#\/schema\/person\/1cd0bfb9ce49bd43804584df39ef2c91\"},\"headline\":\"Sintomi menopausali e premenopausali: effetti negativi sulla capacit\u00e0 lavorativa\",\"datePublished\":\"2022-12-06T10:48:53+00:00\",\"dateModified\":\"2022-12-06T10:48:53+00:00\",\"mainEntityOfPage\":{\"@id\":\"https:\/\/www.medisocial.it\/annapaolacavalieri\/2022\/12\/06\/sintomi-menopausali-e-premenopausali-effetti-negativi-sulla-capacita-lavorativa\/\"},\"wordCount\":707,\"commentCount\":0,\"publisher\":{\"@id\":\"https:\/\/www.medisocial.it\/annapaolacavalieri\/#organization\"},\"image\":{\"@id\":\"https:\/\/www.medisocial.it\/annapaolacavalieri\/2022\/12\/06\/sintomi-menopausali-e-premenopausali-effetti-negativi-sulla-capacita-lavorativa\/#primaryimage\"},\"thumbnailUrl\":\"https:\/\/www.medisocial.it\/annapaolacavalieri\/wp-content\/uploads\/2022\/12\/sintomi-menopausali.jpg\",\"keywords\":[\"calo del tono dell\u2019umore\",\"capacit\u00e0 lavorativa\",\"difficolt\u00e0 di concentrazione\",\"insonnia\",\"lavoratrici di mezza et\u00e0\",\"menopausa\",\"perdita della memoria\",\"postmenopausa\",\"premenopausa\",\"sintomi menopausali\",\"sintomi premenopausali\",\"stanchezza\",\"vampate\"],\"articleSection\":[\"Articoli\",\"Focus Menopausa\"],\"inLanguage\":\"it-IT\",\"potentialAction\":[{\"@type\":\"CommentAction\",\"name\":\"Comment\",\"target\":[\"https:\/\/www.medisocial.it\/annapaolacavalieri\/2022\/12\/06\/sintomi-menopausali-e-premenopausali-effetti-negativi-sulla-capacita-lavorativa\/#respond\"]}]},{\"@type\":\"WebPage\",\"@id\":\"https:\/\/www.medisocial.it\/annapaolacavalieri\/2022\/12\/06\/sintomi-menopausali-e-premenopausali-effetti-negativi-sulla-capacita-lavorativa\/\",\"url\":\"https:\/\/www.medisocial.it\/annapaolacavalieri\/2022\/12\/06\/sintomi-menopausali-e-premenopausali-effetti-negativi-sulla-capacita-lavorativa\/\",\"name\":\"Sintomi menopausali e premenopausali: effetti negativi sulla capacit\u00e0 lavorativa - Dott.ssa Anna Paola Cavalieri\",\"isPartOf\":{\"@id\":\"https:\/\/www.medisocial.it\/annapaolacavalieri\/#website\"},\"primaryImageOfPage\":{\"@id\":\"https:\/\/www.medisocial.it\/annapaolacavalieri\/2022\/12\/06\/sintomi-menopausali-e-premenopausali-effetti-negativi-sulla-capacita-lavorativa\/#primaryimage\"},\"image\":{\"@id\":\"https:\/\/www.medisocial.it\/annapaolacavalieri\/2022\/12\/06\/sintomi-menopausali-e-premenopausali-effetti-negativi-sulla-capacita-lavorativa\/#primaryimage\"},\"thumbnailUrl\":\"https:\/\/www.medisocial.it\/annapaolacavalieri\/wp-content\/uploads\/2022\/12\/sintomi-menopausali.jpg\",\"datePublished\":\"2022-12-06T10:48:53+00:00\",\"dateModified\":\"2022-12-06T10:48:53+00:00\",\"description\":\"Sintomi menopausali e premenopausali: effetti negativi sulla capacit\u00e0 lavorativa. Secondo un recente studioamericano,\u00a0 i sintomi della menopausa possono incidere in modo significativo sulla capacit\u00e0 di una donna di lavorare.\",\"breadcrumb\":{\"@id\":\"https:\/\/www.medisocial.it\/annapaolacavalieri\/2022\/12\/06\/sintomi-menopausali-e-premenopausali-effetti-negativi-sulla-capacita-lavorativa\/#breadcrumb\"},\"inLanguage\":\"it-IT\",\"potentialAction\":[{\"@type\":\"ReadAction\",\"target\":[\"https:\/\/www.medisocial.it\/annapaolacavalieri\/2022\/12\/06\/sintomi-menopausali-e-premenopausali-effetti-negativi-sulla-capacita-lavorativa\/\"]}]},{\"@type\":\"ImageObject\",\"inLanguage\":\"it-IT\",\"@id\":\"https:\/\/www.medisocial.it\/annapaolacavalieri\/2022\/12\/06\/sintomi-menopausali-e-premenopausali-effetti-negativi-sulla-capacita-lavorativa\/#primaryimage\",\"url\":\"https:\/\/www.medisocial.it\/annapaolacavalieri\/wp-content\/uploads\/2022\/12\/sintomi-menopausali.jpg\",\"contentUrl\":\"https:\/\/www.medisocial.it\/annapaolacavalieri\/wp-content\/uploads\/2022\/12\/sintomi-menopausali.jpg\",\"width\":600,\"height\":400,\"caption\":\"sintomi-menopausali\"},{\"@type\":\"BreadcrumbList\",\"@id\":\"https:\/\/www.medisocial.it\/annapaolacavalieri\/2022\/12\/06\/sintomi-menopausali-e-premenopausali-effetti-negativi-sulla-capacita-lavorativa\/#breadcrumb\",\"itemListElement\":[{\"@type\":\"ListItem\",\"position\":1,\"name\":\"Home\",\"item\":\"https:\/\/www.medisocial.it\/annapaolacavalieri\/\"},{\"@type\":\"ListItem\",\"position\":2,\"name\":\"Sintomi menopausali e premenopausali: effetti negativi sulla capacit\u00e0 lavorativa\"}]},{\"@type\":\"WebSite\",\"@id\":\"https:\/\/www.medisocial.it\/annapaolacavalieri\/#website\",\"url\":\"https:\/\/www.medisocial.it\/annapaolacavalieri\/\",\"name\":\"Dott.ssa Anna Paola Cavalieri\",\"description\":\"Specialista in Ostetricia e Ginecologia - Roma\",\"publisher\":{\"@id\":\"https:\/\/www.medisocial.it\/annapaolacavalieri\/#organization\"},\"potentialAction\":[{\"@type\":\"SearchAction\",\"target\":{\"@type\":\"EntryPoint\",\"urlTemplate\":\"https:\/\/www.medisocial.it\/annapaolacavalieri\/?s={search_term_string}\"},\"query-input\":{\"@type\":\"PropertyValueSpecification\",\"valueRequired\":true,\"valueName\":\"search_term_string\"}}],\"inLanguage\":\"it-IT\"},{\"@type\":\"Organization\",\"@id\":\"https:\/\/www.medisocial.it\/annapaolacavalieri\/#organization\",\"name\":\"Dott.ssa Anna Paola Cavalieri\",\"url\":\"https:\/\/www.medisocial.it\/annapaolacavalieri\/\",\"logo\":{\"@type\":\"ImageObject\",\"inLanguage\":\"it-IT\",\"@id\":\"https:\/\/www.medisocial.it\/annapaolacavalieri\/#\/schema\/logo\/image\/\",\"url\":\"https:\/\/www.medisocial.it\/annapaolacavalieri\/wp-content\/uploads\/2019\/06\/logo7.jpg\",\"contentUrl\":\"https:\/\/www.medisocial.it\/annapaolacavalieri\/wp-content\/uploads\/2019\/06\/logo7.jpg\",\"width\":242,\"height\":99,\"caption\":\"Dott.ssa Anna Paola Cavalieri\"},\"image\":{\"@id\":\"https:\/\/www.medisocial.it\/annapaolacavalieri\/#\/schema\/logo\/image\/\"}},{\"@type\":\"Person\",\"@id\":\"https:\/\/www.medisocial.it\/annapaolacavalieri\/#\/schema\/person\/1cd0bfb9ce49bd43804584df39ef2c91\",\"name\":\"medisocial\",\"image\":{\"@type\":\"ImageObject\",\"inLanguage\":\"it-IT\",\"@id\":\"https:\/\/www.medisocial.it\/annapaolacavalieri\/#\/schema\/person\/image\/\",\"url\":\"https:\/\/secure.gravatar.com\/avatar\/efa9393110d3610a15f45429c6613084?s=96&d=mm&r=g\",\"contentUrl\":\"https:\/\/secure.gravatar.com\/avatar\/efa9393110d3610a15f45429c6613084?s=96&d=mm&r=g\",\"caption\":\"medisocial\"}}]}<\/script>\n<!-- \/ Yoast SEO plugin. -->","yoast_head_json":{"title":"Sintomi menopausali e premenopausali: effetti negativi sulla capacit\u00e0 lavorativa - Dott.ssa Anna Paola Cavalieri","description":"Sintomi menopausali e premenopausali: effetti negativi sulla capacit\u00e0 lavorativa. Secondo un recente studioamericano,\u00a0 i sintomi della menopausa possono incidere in modo significativo sulla capacit\u00e0 di una donna di lavorare.","robots":{"index":"index","follow":"follow","max-snippet":"max-snippet:-1","max-image-preview":"max-image-preview:large","max-video-preview":"max-video-preview:-1"},"canonical":"https:\/\/www.medisocial.it\/annapaolacavalieri\/2022\/12\/06\/sintomi-menopausali-e-premenopausali-effetti-negativi-sulla-capacita-lavorativa\/","og_locale":"it_IT","og_type":"article","og_title":"Sintomi menopausali e premenopausali: effetti negativi sulla capacit\u00e0 lavorativa - Dott.ssa Anna Paola Cavalieri","og_description":"Sintomi menopausali e premenopausali: effetti negativi sulla capacit\u00e0 lavorativa. Secondo un recente studioamericano,\u00a0 i sintomi della menopausa possono incidere in modo significativo sulla capacit\u00e0 di una donna di lavorare.","og_url":"https:\/\/www.medisocial.it\/annapaolacavalieri\/2022\/12\/06\/sintomi-menopausali-e-premenopausali-effetti-negativi-sulla-capacita-lavorativa\/","og_site_name":"Dott.ssa Anna Paola Cavalieri","article_published_time":"2022-12-06T10:48:53+00:00","og_image":[{"width":600,"height":400,"url":"https:\/\/www.medisocial.it\/annapaolacavalieri\/wp-content\/uploads\/2022\/12\/sintomi-menopausali.jpg","type":"image\/jpeg"}],"author":"medisocial","twitter_card":"summary_large_image","twitter_misc":{"Scritto da":"medisocial","Tempo di lettura stimato":"4 minuti"},"schema":{"@context":"https:\/\/schema.org","@graph":[{"@type":"Article","@id":"https:\/\/www.medisocial.it\/annapaolacavalieri\/2022\/12\/06\/sintomi-menopausali-e-premenopausali-effetti-negativi-sulla-capacita-lavorativa\/#article","isPartOf":{"@id":"https:\/\/www.medisocial.it\/annapaolacavalieri\/2022\/12\/06\/sintomi-menopausali-e-premenopausali-effetti-negativi-sulla-capacita-lavorativa\/"},"author":{"name":"medisocial","@id":"https:\/\/www.medisocial.it\/annapaolacavalieri\/#\/schema\/person\/1cd0bfb9ce49bd43804584df39ef2c91"},"headline":"Sintomi menopausali e premenopausali: effetti negativi sulla capacit\u00e0 lavorativa","datePublished":"2022-12-06T10:48:53+00:00","dateModified":"2022-12-06T10:48:53+00:00","mainEntityOfPage":{"@id":"https:\/\/www.medisocial.it\/annapaolacavalieri\/2022\/12\/06\/sintomi-menopausali-e-premenopausali-effetti-negativi-sulla-capacita-lavorativa\/"},"wordCount":707,"commentCount":0,"publisher":{"@id":"https:\/\/www.medisocial.it\/annapaolacavalieri\/#organization"},"image":{"@id":"https:\/\/www.medisocial.it\/annapaolacavalieri\/2022\/12\/06\/sintomi-menopausali-e-premenopausali-effetti-negativi-sulla-capacita-lavorativa\/#primaryimage"},"thumbnailUrl":"https:\/\/www.medisocial.it\/annapaolacavalieri\/wp-content\/uploads\/2022\/12\/sintomi-menopausali.jpg","keywords":["calo del tono dell\u2019umore","capacit\u00e0 lavorativa","difficolt\u00e0 di concentrazione","insonnia","lavoratrici di mezza et\u00e0","menopausa","perdita della memoria","postmenopausa","premenopausa","sintomi menopausali","sintomi premenopausali","stanchezza","vampate"],"articleSection":["Articoli","Focus Menopausa"],"inLanguage":"it-IT","potentialAction":[{"@type":"CommentAction","name":"Comment","target":["https:\/\/www.medisocial.it\/annapaolacavalieri\/2022\/12\/06\/sintomi-menopausali-e-premenopausali-effetti-negativi-sulla-capacita-lavorativa\/#respond"]}]},{"@type":"WebPage","@id":"https:\/\/www.medisocial.it\/annapaolacavalieri\/2022\/12\/06\/sintomi-menopausali-e-premenopausali-effetti-negativi-sulla-capacita-lavorativa\/","url":"https:\/\/www.medisocial.it\/annapaolacavalieri\/2022\/12\/06\/sintomi-menopausali-e-premenopausali-effetti-negativi-sulla-capacita-lavorativa\/","name":"Sintomi menopausali e premenopausali: effetti negativi sulla capacit\u00e0 lavorativa - Dott.ssa Anna Paola Cavalieri","isPartOf":{"@id":"https:\/\/www.medisocial.it\/annapaolacavalieri\/#website"},"primaryImageOfPage":{"@id":"https:\/\/www.medisocial.it\/annapaolacavalieri\/2022\/12\/06\/sintomi-menopausali-e-premenopausali-effetti-negativi-sulla-capacita-lavorativa\/#primaryimage"},"image":{"@id":"https:\/\/www.medisocial.it\/annapaolacavalieri\/2022\/12\/06\/sintomi-menopausali-e-premenopausali-effetti-negativi-sulla-capacita-lavorativa\/#primaryimage"},"thumbnailUrl":"https:\/\/www.medisocial.it\/annapaolacavalieri\/wp-content\/uploads\/2022\/12\/sintomi-menopausali.jpg","datePublished":"2022-12-06T10:48:53+00:00","dateModified":"2022-12-06T10:48:53+00:00","description":"Sintomi menopausali e premenopausali: effetti negativi sulla capacit\u00e0 lavorativa. Secondo un recente studioamericano,\u00a0 i sintomi della menopausa possono incidere in modo significativo sulla capacit\u00e0 di una donna di lavorare.","breadcrumb":{"@id":"https:\/\/www.medisocial.it\/annapaolacavalieri\/2022\/12\/06\/sintomi-menopausali-e-premenopausali-effetti-negativi-sulla-capacita-lavorativa\/#breadcrumb"},"inLanguage":"it-IT","potentialAction":[{"@type":"ReadAction","target":["https:\/\/www.medisocial.it\/annapaolacavalieri\/2022\/12\/06\/sintomi-menopausali-e-premenopausali-effetti-negativi-sulla-capacita-lavorativa\/"]}]},{"@type":"ImageObject","inLanguage":"it-IT","@id":"https:\/\/www.medisocial.it\/annapaolacavalieri\/2022\/12\/06\/sintomi-menopausali-e-premenopausali-effetti-negativi-sulla-capacita-lavorativa\/#primaryimage","url":"https:\/\/www.medisocial.it\/annapaolacavalieri\/wp-content\/uploads\/2022\/12\/sintomi-menopausali.jpg","contentUrl":"https:\/\/www.medisocial.it\/annapaolacavalieri\/wp-content\/uploads\/2022\/12\/sintomi-menopausali.jpg","width":600,"height":400,"caption":"sintomi-menopausali"},{"@type":"BreadcrumbList","@id":"https:\/\/www.medisocial.it\/annapaolacavalieri\/2022\/12\/06\/sintomi-menopausali-e-premenopausali-effetti-negativi-sulla-capacita-lavorativa\/#breadcrumb","itemListElement":[{"@type":"ListItem","position":1,"name":"Home","item":"https:\/\/www.medisocial.it\/annapaolacavalieri\/"},{"@type":"ListItem","position":2,"name":"Sintomi menopausali e premenopausali: effetti negativi sulla capacit\u00e0 lavorativa"}]},{"@type":"WebSite","@id":"https:\/\/www.medisocial.it\/annapaolacavalieri\/#website","url":"https:\/\/www.medisocial.it\/annapaolacavalieri\/","name":"Dott.ssa Anna Paola Cavalieri","description":"Specialista in Ostetricia e Ginecologia - Roma","publisher":{"@id":"https:\/\/www.medisocial.it\/annapaolacavalieri\/#organization"},"potentialAction":[{"@type":"SearchAction","target":{"@type":"EntryPoint","urlTemplate":"https:\/\/www.medisocial.it\/annapaolacavalieri\/?s={search_term_string}"},"query-input":{"@type":"PropertyValueSpecification","valueRequired":true,"valueName":"search_term_string"}}],"inLanguage":"it-IT"},{"@type":"Organization","@id":"https:\/\/www.medisocial.it\/annapaolacavalieri\/#organization","name":"Dott.ssa Anna Paola Cavalieri","url":"https:\/\/www.medisocial.it\/annapaolacavalieri\/","logo":{"@type":"ImageObject","inLanguage":"it-IT","@id":"https:\/\/www.medisocial.it\/annapaolacavalieri\/#\/schema\/logo\/image\/","url":"https:\/\/www.medisocial.it\/annapaolacavalieri\/wp-content\/uploads\/2019\/06\/logo7.jpg","contentUrl":"https:\/\/www.medisocial.it\/annapaolacavalieri\/wp-content\/uploads\/2019\/06\/logo7.jpg","width":242,"height":99,"caption":"Dott.ssa Anna Paola Cavalieri"},"image":{"@id":"https:\/\/www.medisocial.it\/annapaolacavalieri\/#\/schema\/logo\/image\/"}},{"@type":"Person","@id":"https:\/\/www.medisocial.it\/annapaolacavalieri\/#\/schema\/person\/1cd0bfb9ce49bd43804584df39ef2c91","name":"medisocial","image":{"@type":"ImageObject","inLanguage":"it-IT","@id":"https:\/\/www.medisocial.it\/annapaolacavalieri\/#\/schema\/person\/image\/","url":"https:\/\/secure.gravatar.com\/avatar\/efa9393110d3610a15f45429c6613084?s=96&d=mm&r=g","contentUrl":"https:\/\/secure.gravatar.com\/avatar\/efa9393110d3610a15f45429c6613084?s=96&d=mm&r=g","caption":"medisocial"}}]}},"_links":{"self":[{"href":"https:\/\/www.medisocial.it\/annapaolacavalieri\/wp-json\/wp\/v2\/posts\/710"}],"collection":[{"href":"https:\/\/www.medisocial.it\/annapaolacavalieri\/wp-json\/wp\/v2\/posts"}],"about":[{"href":"https:\/\/www.medisocial.it\/annapaolacavalieri\/wp-json\/wp\/v2\/types\/post"}],"author":[{"embeddable":true,"href":"https:\/\/www.medisocial.it\/annapaolacavalieri\/wp-json\/wp\/v2\/users\/1"}],"replies":[{"embeddable":true,"href":"https:\/\/www.medisocial.it\/annapaolacavalieri\/wp-json\/wp\/v2\/comments?post=710"}],"version-history":[{"count":1,"href":"https:\/\/www.medisocial.it\/annapaolacavalieri\/wp-json\/wp\/v2\/posts\/710\/revisions"}],"predecessor-version":[{"id":712,"href":"https:\/\/www.medisocial.it\/annapaolacavalieri\/wp-json\/wp\/v2\/posts\/710\/revisions\/712"}],"wp:featuredmedia":[{"embeddable":true,"href":"https:\/\/www.medisocial.it\/annapaolacavalieri\/wp-json\/wp\/v2\/media\/711"}],"wp:attachment":[{"href":"https:\/\/www.medisocial.it\/annapaolacavalieri\/wp-json\/wp\/v2\/media?parent=710"}],"wp:term":[{"taxonomy":"category","embeddable":true,"href":"https:\/\/www.medisocial.it\/annapaolacavalieri\/wp-json\/wp\/v2\/categories?post=710"},{"taxonomy":"post_tag","embeddable":true,"href":"https:\/\/www.medisocial.it\/annapaolacavalieri\/wp-json\/wp\/v2\/tags?post=710"}],"curies":[{"name":"wp","href":"https:\/\/api.w.org\/{rel}","templated":true}]}}