{"id":695,"date":"2022-06-24T10:29:22","date_gmt":"2022-06-24T08:29:22","guid":{"rendered":"https:\/\/www.medisocial.it\/annapaolacavalieri\/?p=695"},"modified":"2022-06-24T10:30:11","modified_gmt":"2022-06-24T08:30:11","slug":"prima-visita-in-gravidanza","status":"publish","type":"post","link":"https:\/\/www.medisocial.it\/annapaolacavalieri\/2022\/06\/24\/prima-visita-in-gravidanza\/","title":{"rendered":"Prima visita in gravidanza"},"content":{"rendered":"<p>Prima visita in gravidanza.<strong> Quale \u00e8 la domanda pi\u00f9 frequente alla prima visita in gravidanza ?<\/strong><\/p>\n<h3><strong>Sicuramente \u201cDottoressa quali alimenti devo evitare in questi mesi ?\u201d<\/strong><\/h3>\n<p>Ci\u00f2 che vale per tutte le gestanti \u00e8 il concetto che <em><strong>\u00e8 bene evitare i cibi che potrebbero essere contaminati da batteri<\/strong> <\/em>e che potrebbero fare ammalare la donna.<\/p>\n<p>Le donne incinte hanno maggiore suscettibilit\u00e0 alle infezioni e alcune possono essere pericolose per la gestante e\/o per il feto.<\/p>\n<p>Gli alimenti rischiosi includono: carne, pesce e uova crudi o poco cotti.<\/p>\n<p>Per evitare problemi, cuocere il cibo accuratamente e lavarsi le mani dopo aver maneggiato carne o pesce crudi.<\/p>\n<p>Evitare la maionese fatta in casa e i condimenti che utilizzano uova crude.<\/p>\n<p>Non mangiare latte e formaggi (crudi) non pastorizzati, come feta, queso fresco e formaggi erborinati.<\/p>\n<p>I frutti di mare cucinati sono una buona fonte di acidi grassi omega-3, un nutriente importante per la gravidanza.<\/p>\n<p>I pesci di grossa taglia dovrebbero essere evitati o comunque se ne raccomanda un consumo limitato perch\u00e9 contengono alti livelli di mercurio (ad esempio tonno, sgombro reale, squalo, pesce spada).<\/p>\n<p>Sicuramente consigliato il pesce azzurro di piccola taglia .<\/p>\n<p>Infine per evitare il rischio di toxoplasmosi (nelle donne non immuni) , si raccomanda di lavare accuratamente e sciacquare ripetutamente la frutta e la verdura cruda.<\/p>\n<p>Da evitare tutti i tipi di alcolici .<\/p>\n<p>Consumo limitato di dolci.<\/p>\n<p>Ovviamente ci saranno poi dei casi particolari (diabete , obesit\u00e0 , epatosi gravidica etc ) che richiederanno una alimentazione pi\u00f9 controllata.<\/p>\n<p>Se sei in gravidanza e vuoi fissare un appuntamento con la Dott.ssa Anna Paola Cavalieri, nella sezione <strong><a href=\"https:\/\/www.medisocial.it\/annapaolacavalieri\/contatti\/\">Contatti <\/a><\/strong>troverai indirizzi e numero di telefono per la prenotazione.<\/p>\n","protected":false},"excerpt":{"rendered":"<p>Prima visita in gravidanza. Quale \u00e8 la domanda pi\u00f9 frequente alla prima visita in gravidanza ? Sicuramente \u201cDottoressa quali alimenti devo evitare in questi mesi ?\u201d Ci\u00f2 che vale per tutte le gestanti \u00e8 il concetto che \u00e8 bene evitare i cibi che potrebbero essere contaminati da batteri e che potrebbero fare ammalare la donna. [&hellip;]<\/p>\n","protected":false},"author":1,"featured_media":696,"comment_status":"open","ping_status":"open","sticky":false,"template":"","format":"standard","meta":{"_monsterinsights_skip_tracking":false,"_monsterinsights_sitenote_active":false,"_monsterinsights_sitenote_note":"","_monsterinsights_sitenote_category":0,"footnotes":""},"categories":[7],"tags":[12,360,358,173,14,359,130,10,356,131,357],"yoast_head":"<!-- This site is optimized with the Yoast SEO plugin v23.5 - https:\/\/yoast.com\/wordpress\/plugins\/seo\/ -->\n<title>Prima visita in gravidanza - Dott.ssa Anna Paola Cavalieri<\/title>\n<meta name=\"description\" content=\"Prima visita in gravidanza. Quale \u00e8 la domanda pi\u00f9 frequente alla prima visita in gravidanza? Dott.ssa Anna Paola Cavalieri ginecologa a Roma\" \/>\n<meta name=\"robots\" content=\"index, follow, max-snippet:-1, max-image-preview:large, max-video-preview:-1\" \/>\n<link rel=\"canonical\" href=\"https:\/\/www.medisocial.it\/annapaolacavalieri\/2022\/06\/24\/prima-visita-in-gravidanza\/\" \/>\n<meta property=\"og:locale\" content=\"it_IT\" \/>\n<meta property=\"og:type\" content=\"article\" \/>\n<meta property=\"og:title\" content=\"Prima visita in gravidanza - Dott.ssa Anna Paola Cavalieri\" \/>\n<meta property=\"og:description\" content=\"Prima visita in gravidanza. Quale \u00e8 la domanda pi\u00f9 frequente alla prima visita in gravidanza? Dott.ssa Anna Paola Cavalieri ginecologa a Roma\" \/>\n<meta property=\"og:url\" content=\"https:\/\/www.medisocial.it\/annapaolacavalieri\/2022\/06\/24\/prima-visita-in-gravidanza\/\" \/>\n<meta property=\"og:site_name\" content=\"Dott.ssa Anna Paola Cavalieri\" \/>\n<meta property=\"article:published_time\" content=\"2022-06-24T08:29:22+00:00\" \/>\n<meta property=\"article:modified_time\" content=\"2022-06-24T08:30:11+00:00\" \/>\n<meta property=\"og:image\" content=\"https:\/\/www.medisocial.it\/annapaolacavalieri\/wp-content\/uploads\/2022\/06\/Prima-visita-in-gravidanza-scaled.jpg\" \/>\n\t<meta property=\"og:image:width\" content=\"2560\" \/>\n\t<meta property=\"og:image:height\" content=\"1709\" \/>\n\t<meta property=\"og:image:type\" content=\"image\/jpeg\" \/>\n<meta name=\"author\" content=\"medisocial\" \/>\n<meta name=\"twitter:card\" content=\"summary_large_image\" \/>\n<meta name=\"twitter:label1\" content=\"Scritto da\" \/>\n\t<meta name=\"twitter:data1\" content=\"medisocial\" \/>\n\t<meta name=\"twitter:label2\" content=\"Tempo di lettura stimato\" \/>\n\t<meta name=\"twitter:data2\" content=\"2 minuti\" \/>\n<script type=\"application\/ld+json\" class=\"yoast-schema-graph\">{\"@context\":\"https:\/\/schema.org\",\"@graph\":[{\"@type\":\"Article\",\"@id\":\"https:\/\/www.medisocial.it\/annapaolacavalieri\/2022\/06\/24\/prima-visita-in-gravidanza\/#article\",\"isPartOf\":{\"@id\":\"https:\/\/www.medisocial.it\/annapaolacavalieri\/2022\/06\/24\/prima-visita-in-gravidanza\/\"},\"author\":{\"name\":\"medisocial\",\"@id\":\"https:\/\/www.medisocial.it\/annapaolacavalieri\/#\/schema\/person\/1cd0bfb9ce49bd43804584df39ef2c91\"},\"headline\":\"Prima visita in gravidanza\",\"datePublished\":\"2022-06-24T08:29:22+00:00\",\"dateModified\":\"2022-06-24T08:30:11+00:00\",\"mainEntityOfPage\":{\"@id\":\"https:\/\/www.medisocial.it\/annapaolacavalieri\/2022\/06\/24\/prima-visita-in-gravidanza\/\"},\"wordCount\":272,\"commentCount\":0,\"publisher\":{\"@id\":\"https:\/\/www.medisocial.it\/annapaolacavalieri\/#organization\"},\"image\":{\"@id\":\"https:\/\/www.medisocial.it\/annapaolacavalieri\/2022\/06\/24\/prima-visita-in-gravidanza\/#primaryimage\"},\"thumbnailUrl\":\"https:\/\/www.medisocial.it\/annapaolacavalieri\/wp-content\/uploads\/2022\/06\/Prima-visita-in-gravidanza-scaled.jpg\",\"keywords\":[\"alimentazione\",\"alimentazione in gravidanza\",\"batteri\",\"Dott.ssa Anna Paola Cavalieri\",\"feto\",\"gestante\",\"ginecologaroma\",\"gravidanza\",\"prima visita\",\"specialistaginecologiaroma\",\"toxoplasmosi\"],\"articleSection\":[\"Articoli\"],\"inLanguage\":\"it-IT\",\"potentialAction\":[{\"@type\":\"CommentAction\",\"name\":\"Comment\",\"target\":[\"https:\/\/www.medisocial.it\/annapaolacavalieri\/2022\/06\/24\/prima-visita-in-gravidanza\/#respond\"]}]},{\"@type\":\"WebPage\",\"@id\":\"https:\/\/www.medisocial.it\/annapaolacavalieri\/2022\/06\/24\/prima-visita-in-gravidanza\/\",\"url\":\"https:\/\/www.medisocial.it\/annapaolacavalieri\/2022\/06\/24\/prima-visita-in-gravidanza\/\",\"name\":\"Prima visita in gravidanza - Dott.ssa Anna Paola Cavalieri\",\"isPartOf\":{\"@id\":\"https:\/\/www.medisocial.it\/annapaolacavalieri\/#website\"},\"primaryImageOfPage\":{\"@id\":\"https:\/\/www.medisocial.it\/annapaolacavalieri\/2022\/06\/24\/prima-visita-in-gravidanza\/#primaryimage\"},\"image\":{\"@id\":\"https:\/\/www.medisocial.it\/annapaolacavalieri\/2022\/06\/24\/prima-visita-in-gravidanza\/#primaryimage\"},\"thumbnailUrl\":\"https:\/\/www.medisocial.it\/annapaolacavalieri\/wp-content\/uploads\/2022\/06\/Prima-visita-in-gravidanza-scaled.jpg\",\"datePublished\":\"2022-06-24T08:29:22+00:00\",\"dateModified\":\"2022-06-24T08:30:11+00:00\",\"description\":\"Prima visita in gravidanza. Quale \u00e8 la domanda pi\u00f9 frequente alla prima visita in gravidanza? Dott.ssa Anna Paola Cavalieri ginecologa a Roma\",\"breadcrumb\":{\"@id\":\"https:\/\/www.medisocial.it\/annapaolacavalieri\/2022\/06\/24\/prima-visita-in-gravidanza\/#breadcrumb\"},\"inLanguage\":\"it-IT\",\"potentialAction\":[{\"@type\":\"ReadAction\",\"target\":[\"https:\/\/www.medisocial.it\/annapaolacavalieri\/2022\/06\/24\/prima-visita-in-gravidanza\/\"]}]},{\"@type\":\"ImageObject\",\"inLanguage\":\"it-IT\",\"@id\":\"https:\/\/www.medisocial.it\/annapaolacavalieri\/2022\/06\/24\/prima-visita-in-gravidanza\/#primaryimage\",\"url\":\"https:\/\/www.medisocial.it\/annapaolacavalieri\/wp-content\/uploads\/2022\/06\/Prima-visita-in-gravidanza-scaled.jpg\",\"contentUrl\":\"https:\/\/www.medisocial.it\/annapaolacavalieri\/wp-content\/uploads\/2022\/06\/Prima-visita-in-gravidanza-scaled.jpg\",\"width\":2560,\"height\":1709,\"caption\":\"Prima visita in gravidanza\"},{\"@type\":\"BreadcrumbList\",\"@id\":\"https:\/\/www.medisocial.it\/annapaolacavalieri\/2022\/06\/24\/prima-visita-in-gravidanza\/#breadcrumb\",\"itemListElement\":[{\"@type\":\"ListItem\",\"position\":1,\"name\":\"Home\",\"item\":\"https:\/\/www.medisocial.it\/annapaolacavalieri\/\"},{\"@type\":\"ListItem\",\"position\":2,\"name\":\"Prima visita in gravidanza\"}]},{\"@type\":\"WebSite\",\"@id\":\"https:\/\/www.medisocial.it\/annapaolacavalieri\/#website\",\"url\":\"https:\/\/www.medisocial.it\/annapaolacavalieri\/\",\"name\":\"Dott.ssa Anna Paola Cavalieri\",\"description\":\"Specialista in Ostetricia e Ginecologia - Roma\",\"publisher\":{\"@id\":\"https:\/\/www.medisocial.it\/annapaolacavalieri\/#organization\"},\"potentialAction\":[{\"@type\":\"SearchAction\",\"target\":{\"@type\":\"EntryPoint\",\"urlTemplate\":\"https:\/\/www.medisocial.it\/annapaolacavalieri\/?s={search_term_string}\"},\"query-input\":{\"@type\":\"PropertyValueSpecification\",\"valueRequired\":true,\"valueName\":\"search_term_string\"}}],\"inLanguage\":\"it-IT\"},{\"@type\":\"Organization\",\"@id\":\"https:\/\/www.medisocial.it\/annapaolacavalieri\/#organization\",\"name\":\"Dott.ssa Anna Paola Cavalieri\",\"url\":\"https:\/\/www.medisocial.it\/annapaolacavalieri\/\",\"logo\":{\"@type\":\"ImageObject\",\"inLanguage\":\"it-IT\",\"@id\":\"https:\/\/www.medisocial.it\/annapaolacavalieri\/#\/schema\/logo\/image\/\",\"url\":\"https:\/\/www.medisocial.it\/annapaolacavalieri\/wp-content\/uploads\/2019\/06\/logo7.jpg\",\"contentUrl\":\"https:\/\/www.medisocial.it\/annapaolacavalieri\/wp-content\/uploads\/2019\/06\/logo7.jpg\",\"width\":242,\"height\":99,\"caption\":\"Dott.ssa Anna Paola Cavalieri\"},\"image\":{\"@id\":\"https:\/\/www.medisocial.it\/annapaolacavalieri\/#\/schema\/logo\/image\/\"}},{\"@type\":\"Person\",\"@id\":\"https:\/\/www.medisocial.it\/annapaolacavalieri\/#\/schema\/person\/1cd0bfb9ce49bd43804584df39ef2c91\",\"name\":\"medisocial\",\"image\":{\"@type\":\"ImageObject\",\"inLanguage\":\"it-IT\",\"@id\":\"https:\/\/www.medisocial.it\/annapaolacavalieri\/#\/schema\/person\/image\/\",\"url\":\"https:\/\/secure.gravatar.com\/avatar\/efa9393110d3610a15f45429c6613084?s=96&d=mm&r=g\",\"contentUrl\":\"https:\/\/secure.gravatar.com\/avatar\/efa9393110d3610a15f45429c6613084?s=96&d=mm&r=g\",\"caption\":\"medisocial\"}}]}<\/script>\n<!-- \/ Yoast SEO plugin. -->","yoast_head_json":{"title":"Prima visita in gravidanza - Dott.ssa Anna Paola Cavalieri","description":"Prima visita in gravidanza. Quale \u00e8 la domanda pi\u00f9 frequente alla prima visita in gravidanza? Dott.ssa Anna Paola Cavalieri ginecologa a Roma","robots":{"index":"index","follow":"follow","max-snippet":"max-snippet:-1","max-image-preview":"max-image-preview:large","max-video-preview":"max-video-preview:-1"},"canonical":"https:\/\/www.medisocial.it\/annapaolacavalieri\/2022\/06\/24\/prima-visita-in-gravidanza\/","og_locale":"it_IT","og_type":"article","og_title":"Prima visita in gravidanza - Dott.ssa Anna Paola Cavalieri","og_description":"Prima visita in gravidanza. Quale \u00e8 la domanda pi\u00f9 frequente alla prima visita in gravidanza? Dott.ssa Anna Paola Cavalieri ginecologa a Roma","og_url":"https:\/\/www.medisocial.it\/annapaolacavalieri\/2022\/06\/24\/prima-visita-in-gravidanza\/","og_site_name":"Dott.ssa Anna Paola Cavalieri","article_published_time":"2022-06-24T08:29:22+00:00","article_modified_time":"2022-06-24T08:30:11+00:00","og_image":[{"width":2560,"height":1709,"url":"https:\/\/www.medisocial.it\/annapaolacavalieri\/wp-content\/uploads\/2022\/06\/Prima-visita-in-gravidanza-scaled.jpg","type":"image\/jpeg"}],"author":"medisocial","twitter_card":"summary_large_image","twitter_misc":{"Scritto da":"medisocial","Tempo di lettura stimato":"2 minuti"},"schema":{"@context":"https:\/\/schema.org","@graph":[{"@type":"Article","@id":"https:\/\/www.medisocial.it\/annapaolacavalieri\/2022\/06\/24\/prima-visita-in-gravidanza\/#article","isPartOf":{"@id":"https:\/\/www.medisocial.it\/annapaolacavalieri\/2022\/06\/24\/prima-visita-in-gravidanza\/"},"author":{"name":"medisocial","@id":"https:\/\/www.medisocial.it\/annapaolacavalieri\/#\/schema\/person\/1cd0bfb9ce49bd43804584df39ef2c91"},"headline":"Prima visita in gravidanza","datePublished":"2022-06-24T08:29:22+00:00","dateModified":"2022-06-24T08:30:11+00:00","mainEntityOfPage":{"@id":"https:\/\/www.medisocial.it\/annapaolacavalieri\/2022\/06\/24\/prima-visita-in-gravidanza\/"},"wordCount":272,"commentCount":0,"publisher":{"@id":"https:\/\/www.medisocial.it\/annapaolacavalieri\/#organization"},"image":{"@id":"https:\/\/www.medisocial.it\/annapaolacavalieri\/2022\/06\/24\/prima-visita-in-gravidanza\/#primaryimage"},"thumbnailUrl":"https:\/\/www.medisocial.it\/annapaolacavalieri\/wp-content\/uploads\/2022\/06\/Prima-visita-in-gravidanza-scaled.jpg","keywords":["alimentazione","alimentazione in gravidanza","batteri","Dott.ssa Anna Paola Cavalieri","feto","gestante","ginecologaroma","gravidanza","prima visita","specialistaginecologiaroma","toxoplasmosi"],"articleSection":["Articoli"],"inLanguage":"it-IT","potentialAction":[{"@type":"CommentAction","name":"Comment","target":["https:\/\/www.medisocial.it\/annapaolacavalieri\/2022\/06\/24\/prima-visita-in-gravidanza\/#respond"]}]},{"@type":"WebPage","@id":"https:\/\/www.medisocial.it\/annapaolacavalieri\/2022\/06\/24\/prima-visita-in-gravidanza\/","url":"https:\/\/www.medisocial.it\/annapaolacavalieri\/2022\/06\/24\/prima-visita-in-gravidanza\/","name":"Prima visita in gravidanza - Dott.ssa Anna Paola Cavalieri","isPartOf":{"@id":"https:\/\/www.medisocial.it\/annapaolacavalieri\/#website"},"primaryImageOfPage":{"@id":"https:\/\/www.medisocial.it\/annapaolacavalieri\/2022\/06\/24\/prima-visita-in-gravidanza\/#primaryimage"},"image":{"@id":"https:\/\/www.medisocial.it\/annapaolacavalieri\/2022\/06\/24\/prima-visita-in-gravidanza\/#primaryimage"},"thumbnailUrl":"https:\/\/www.medisocial.it\/annapaolacavalieri\/wp-content\/uploads\/2022\/06\/Prima-visita-in-gravidanza-scaled.jpg","datePublished":"2022-06-24T08:29:22+00:00","dateModified":"2022-06-24T08:30:11+00:00","description":"Prima visita in gravidanza. Quale \u00e8 la domanda pi\u00f9 frequente alla prima visita in gravidanza? Dott.ssa Anna Paola Cavalieri ginecologa a Roma","breadcrumb":{"@id":"https:\/\/www.medisocial.it\/annapaolacavalieri\/2022\/06\/24\/prima-visita-in-gravidanza\/#breadcrumb"},"inLanguage":"it-IT","potentialAction":[{"@type":"ReadAction","target":["https:\/\/www.medisocial.it\/annapaolacavalieri\/2022\/06\/24\/prima-visita-in-gravidanza\/"]}]},{"@type":"ImageObject","inLanguage":"it-IT","@id":"https:\/\/www.medisocial.it\/annapaolacavalieri\/2022\/06\/24\/prima-visita-in-gravidanza\/#primaryimage","url":"https:\/\/www.medisocial.it\/annapaolacavalieri\/wp-content\/uploads\/2022\/06\/Prima-visita-in-gravidanza-scaled.jpg","contentUrl":"https:\/\/www.medisocial.it\/annapaolacavalieri\/wp-content\/uploads\/2022\/06\/Prima-visita-in-gravidanza-scaled.jpg","width":2560,"height":1709,"caption":"Prima visita in gravidanza"},{"@type":"BreadcrumbList","@id":"https:\/\/www.medisocial.it\/annapaolacavalieri\/2022\/06\/24\/prima-visita-in-gravidanza\/#breadcrumb","itemListElement":[{"@type":"ListItem","position":1,"name":"Home","item":"https:\/\/www.medisocial.it\/annapaolacavalieri\/"},{"@type":"ListItem","position":2,"name":"Prima visita in gravidanza"}]},{"@type":"WebSite","@id":"https:\/\/www.medisocial.it\/annapaolacavalieri\/#website","url":"https:\/\/www.medisocial.it\/annapaolacavalieri\/","name":"Dott.ssa Anna Paola Cavalieri","description":"Specialista in Ostetricia e Ginecologia - Roma","publisher":{"@id":"https:\/\/www.medisocial.it\/annapaolacavalieri\/#organization"},"potentialAction":[{"@type":"SearchAction","target":{"@type":"EntryPoint","urlTemplate":"https:\/\/www.medisocial.it\/annapaolacavalieri\/?s={search_term_string}"},"query-input":{"@type":"PropertyValueSpecification","valueRequired":true,"valueName":"search_term_string"}}],"inLanguage":"it-IT"},{"@type":"Organization","@id":"https:\/\/www.medisocial.it\/annapaolacavalieri\/#organization","name":"Dott.ssa Anna Paola Cavalieri","url":"https:\/\/www.medisocial.it\/annapaolacavalieri\/","logo":{"@type":"ImageObject","inLanguage":"it-IT","@id":"https:\/\/www.medisocial.it\/annapaolacavalieri\/#\/schema\/logo\/image\/","url":"https:\/\/www.medisocial.it\/annapaolacavalieri\/wp-content\/uploads\/2019\/06\/logo7.jpg","contentUrl":"https:\/\/www.medisocial.it\/annapaolacavalieri\/wp-content\/uploads\/2019\/06\/logo7.jpg","width":242,"height":99,"caption":"Dott.ssa Anna Paola Cavalieri"},"image":{"@id":"https:\/\/www.medisocial.it\/annapaolacavalieri\/#\/schema\/logo\/image\/"}},{"@type":"Person","@id":"https:\/\/www.medisocial.it\/annapaolacavalieri\/#\/schema\/person\/1cd0bfb9ce49bd43804584df39ef2c91","name":"medisocial","image":{"@type":"ImageObject","inLanguage":"it-IT","@id":"https:\/\/www.medisocial.it\/annapaolacavalieri\/#\/schema\/person\/image\/","url":"https:\/\/secure.gravatar.com\/avatar\/efa9393110d3610a15f45429c6613084?s=96&d=mm&r=g","contentUrl":"https:\/\/secure.gravatar.com\/avatar\/efa9393110d3610a15f45429c6613084?s=96&d=mm&r=g","caption":"medisocial"}}]}},"_links":{"self":[{"href":"https:\/\/www.medisocial.it\/annapaolacavalieri\/wp-json\/wp\/v2\/posts\/695"}],"collection":[{"href":"https:\/\/www.medisocial.it\/annapaolacavalieri\/wp-json\/wp\/v2\/posts"}],"about":[{"href":"https:\/\/www.medisocial.it\/annapaolacavalieri\/wp-json\/wp\/v2\/types\/post"}],"author":[{"embeddable":true,"href":"https:\/\/www.medisocial.it\/annapaolacavalieri\/wp-json\/wp\/v2\/users\/1"}],"replies":[{"embeddable":true,"href":"https:\/\/www.medisocial.it\/annapaolacavalieri\/wp-json\/wp\/v2\/comments?post=695"}],"version-history":[{"count":1,"href":"https:\/\/www.medisocial.it\/annapaolacavalieri\/wp-json\/wp\/v2\/posts\/695\/revisions"}],"predecessor-version":[{"id":697,"href":"https:\/\/www.medisocial.it\/annapaolacavalieri\/wp-json\/wp\/v2\/posts\/695\/revisions\/697"}],"wp:featuredmedia":[{"embeddable":true,"href":"https:\/\/www.medisocial.it\/annapaolacavalieri\/wp-json\/wp\/v2\/media\/696"}],"wp:attachment":[{"href":"https:\/\/www.medisocial.it\/annapaolacavalieri\/wp-json\/wp\/v2\/media?parent=695"}],"wp:term":[{"taxonomy":"category","embeddable":true,"href":"https:\/\/www.medisocial.it\/annapaolacavalieri\/wp-json\/wp\/v2\/categories?post=695"},{"taxonomy":"post_tag","embeddable":true,"href":"https:\/\/www.medisocial.it\/annapaolacavalieri\/wp-json\/wp\/v2\/tags?post=695"}],"curies":[{"name":"wp","href":"https:\/\/api.w.org\/{rel}","templated":true}]}}