{"id":682,"date":"2022-03-21T12:26:58","date_gmt":"2022-03-21T11:26:58","guid":{"rendered":"https:\/\/www.medisocial.it\/annapaolacavalieri\/?p=682"},"modified":"2022-03-21T12:26:58","modified_gmt":"2022-03-21T11:26:58","slug":"il-bitest","status":"publish","type":"post","link":"https:\/\/www.medisocial.it\/annapaolacavalieri\/2022\/03\/21\/il-bitest\/","title":{"rendered":"Il bitest"},"content":{"rendered":"<p>Il bitest &#8211; Dott.ssa Anna Paola Cavalieri specialista in ginecologia a Roma<\/p>\n<p>Il bitest \u00e8 un test di screening per le anomalie cromosomiche fetali che si esegue nel primo trimestre di gravidanza, tra la 11 esima e la 14esima settimana.<\/p>\n<p>\u00c8 un test non invasivo (cio\u00e8 non rischioso per la gravidanza) che, attraverso la combinazione di dati materni (et\u00e0), dati ecografici ed esami del sangue materno ci consente di individuare circa il 98% dei feti affetti dalle pi\u00f9 frequenti anomalie cromosomiche (trisomia 21 o sindrome di Down, trisomia 13 e trisomia 18).<\/p>\n<p>L\u2019ecografia consiste nella esecuzione di alcune misurazioni quali la lunghezza del feto, la frequenza cardiaca, la valutazione dell\u2019osso nasale e la misurazione della translucenza nucale (NT).<\/p>\n<p>La translucenza nucale \u00e8 una raccolta di liquido presente dietro al collo fetale fra la 11 e la 14 settimana di gravidanza.<\/p>\n<p>Quando lo spessore di questa raccolta \u00e8 aumentato, il rischio di anomalie fetali \u00e8 aumentato ed in questi casi si suggeriscono approfondimenti ulteriori per accertare la diagnosi.<\/p>\n<p>Oltre ad individuare il rischio delle pi\u00f9 frequenti malattie cromosomiche fetali, il bitest consente anche di escludere alcune anomalie morfologiche del feto e di individuare precocemente le donne a rischio di sviluppare patologie pi\u00f9 tardive della gravidanza quali parto prematuro, preeclampsia e ritardo di crescita intrauterino.<\/p>\n<p>Per ulteriori informazioni e per fissare un appuntamento per una visita, potete visitare la sezione <a href=\"https:\/\/www.medisocial.it\/annapaolacavalieri\/contatti\/\"><strong>Contatti<\/strong><\/a><\/p>\n","protected":false},"excerpt":{"rendered":"<p>Il bitest &#8211; Dott.ssa Anna Paola Cavalieri specialista in ginecologia a Roma Il bitest \u00e8 un test di screening per le anomalie cromosomiche fetali che si esegue nel primo trimestre di gravidanza, tra la 11 esima e la 14esima settimana. \u00c8 un test non invasivo (cio\u00e8 non rischioso per la gravidanza) che, attraverso la combinazione [&hellip;]<\/p>\n","protected":false},"author":1,"featured_media":683,"comment_status":"open","ping_status":"open","sticky":false,"template":"","format":"standard","meta":{"_monsterinsights_skip_tracking":false,"_monsterinsights_sitenote_active":false,"_monsterinsights_sitenote_note":"","_monsterinsights_sitenote_category":0,"footnotes":""},"categories":[7],"tags":[329,336,328,337,173,89,333,130,10,332,338,334,339,300,311,330,335,331],"yoast_head":"<!-- This site is optimized with the Yoast SEO plugin v23.5 - https:\/\/yoast.com\/wordpress\/plugins\/seo\/ -->\n<title>Il bitest - Dott.ssa Anna Paola Cavalieri<\/title>\n<meta name=\"description\" content=\"Il bitest Dott.ssa AnnaPaola Cavalieri specialista in ginecologia a Roma Il bitest \u00e8 un test di screening per le anomalie cromosomiche fetali\" \/>\n<meta name=\"robots\" content=\"index, follow, max-snippet:-1, max-image-preview:large, max-video-preview:-1\" \/>\n<link rel=\"canonical\" href=\"https:\/\/www.medisocial.it\/annapaolacavalieri\/2022\/03\/21\/il-bitest\/\" \/>\n<meta property=\"og:locale\" content=\"it_IT\" \/>\n<meta property=\"og:type\" content=\"article\" \/>\n<meta property=\"og:title\" content=\"Il bitest - Dott.ssa Anna Paola Cavalieri\" \/>\n<meta property=\"og:description\" content=\"Il bitest Dott.ssa AnnaPaola Cavalieri specialista in ginecologia a Roma Il bitest \u00e8 un test di screening per le anomalie cromosomiche fetali\" \/>\n<meta property=\"og:url\" content=\"https:\/\/www.medisocial.it\/annapaolacavalieri\/2022\/03\/21\/il-bitest\/\" \/>\n<meta property=\"og:site_name\" content=\"Dott.ssa Anna Paola Cavalieri\" \/>\n<meta property=\"article:published_time\" content=\"2022-03-21T11:26:58+00:00\" \/>\n<meta property=\"og:image\" content=\"https:\/\/www.medisocial.it\/annapaolacavalieri\/wp-content\/uploads\/2022\/03\/Il-bitest.jpg\" \/>\n\t<meta property=\"og:image:width\" content=\"800\" \/>\n\t<meta property=\"og:image:height\" content=\"533\" \/>\n\t<meta property=\"og:image:type\" content=\"image\/jpeg\" \/>\n<meta name=\"author\" content=\"medisocial\" \/>\n<meta name=\"twitter:card\" content=\"summary_large_image\" \/>\n<meta name=\"twitter:label1\" content=\"Scritto da\" \/>\n\t<meta name=\"twitter:data1\" content=\"medisocial\" \/>\n\t<meta name=\"twitter:label2\" content=\"Tempo di lettura stimato\" \/>\n\t<meta name=\"twitter:data2\" content=\"1 minuto\" \/>\n<script type=\"application\/ld+json\" class=\"yoast-schema-graph\">{\"@context\":\"https:\/\/schema.org\",\"@graph\":[{\"@type\":\"Article\",\"@id\":\"https:\/\/www.medisocial.it\/annapaolacavalieri\/2022\/03\/21\/il-bitest\/#article\",\"isPartOf\":{\"@id\":\"https:\/\/www.medisocial.it\/annapaolacavalieri\/2022\/03\/21\/il-bitest\/\"},\"author\":{\"name\":\"medisocial\",\"@id\":\"https:\/\/www.medisocial.it\/annapaolacavalieri\/#\/schema\/person\/1cd0bfb9ce49bd43804584df39ef2c91\"},\"headline\":\"Il bitest\",\"datePublished\":\"2022-03-21T11:26:58+00:00\",\"dateModified\":\"2022-03-21T11:26:58+00:00\",\"mainEntityOfPage\":{\"@id\":\"https:\/\/www.medisocial.it\/annapaolacavalieri\/2022\/03\/21\/il-bitest\/\"},\"wordCount\":222,\"commentCount\":0,\"publisher\":{\"@id\":\"https:\/\/www.medisocial.it\/annapaolacavalieri\/#organization\"},\"image\":{\"@id\":\"https:\/\/www.medisocial.it\/annapaolacavalieri\/2022\/03\/21\/il-bitest\/#primaryimage\"},\"thumbnailUrl\":\"https:\/\/www.medisocial.it\/annapaolacavalieri\/wp-content\/uploads\/2022\/03\/Il-bitest.jpg\",\"keywords\":[\"anomalie cromosomiche fetali\",\"anomalie fetali\",\"bitest\",\"collo fetale\",\"Dott.ssa Anna Paola Cavalieri\",\"ecografia\",\"frequenza cardiaca\",\"ginecologaroma\",\"gravidanza\",\"lunghezza del feto\",\"malattie cromosomiche fetali\",\"misurazione della translucenza nucale\",\"parto prematuro\",\"preeclampsia\",\"screening\",\"sindrome di Down\",\"translucenza nucale\",\"trisomia\"],\"articleSection\":[\"Articoli\"],\"inLanguage\":\"it-IT\",\"potentialAction\":[{\"@type\":\"CommentAction\",\"name\":\"Comment\",\"target\":[\"https:\/\/www.medisocial.it\/annapaolacavalieri\/2022\/03\/21\/il-bitest\/#respond\"]}]},{\"@type\":\"WebPage\",\"@id\":\"https:\/\/www.medisocial.it\/annapaolacavalieri\/2022\/03\/21\/il-bitest\/\",\"url\":\"https:\/\/www.medisocial.it\/annapaolacavalieri\/2022\/03\/21\/il-bitest\/\",\"name\":\"Il bitest - Dott.ssa Anna Paola Cavalieri\",\"isPartOf\":{\"@id\":\"https:\/\/www.medisocial.it\/annapaolacavalieri\/#website\"},\"primaryImageOfPage\":{\"@id\":\"https:\/\/www.medisocial.it\/annapaolacavalieri\/2022\/03\/21\/il-bitest\/#primaryimage\"},\"image\":{\"@id\":\"https:\/\/www.medisocial.it\/annapaolacavalieri\/2022\/03\/21\/il-bitest\/#primaryimage\"},\"thumbnailUrl\":\"https:\/\/www.medisocial.it\/annapaolacavalieri\/wp-content\/uploads\/2022\/03\/Il-bitest.jpg\",\"datePublished\":\"2022-03-21T11:26:58+00:00\",\"dateModified\":\"2022-03-21T11:26:58+00:00\",\"description\":\"Il bitest Dott.ssa AnnaPaola Cavalieri specialista in ginecologia a Roma Il bitest \u00e8 un test di screening per le anomalie cromosomiche fetali\",\"breadcrumb\":{\"@id\":\"https:\/\/www.medisocial.it\/annapaolacavalieri\/2022\/03\/21\/il-bitest\/#breadcrumb\"},\"inLanguage\":\"it-IT\",\"potentialAction\":[{\"@type\":\"ReadAction\",\"target\":[\"https:\/\/www.medisocial.it\/annapaolacavalieri\/2022\/03\/21\/il-bitest\/\"]}]},{\"@type\":\"ImageObject\",\"inLanguage\":\"it-IT\",\"@id\":\"https:\/\/www.medisocial.it\/annapaolacavalieri\/2022\/03\/21\/il-bitest\/#primaryimage\",\"url\":\"https:\/\/www.medisocial.it\/annapaolacavalieri\/wp-content\/uploads\/2022\/03\/Il-bitest.jpg\",\"contentUrl\":\"https:\/\/www.medisocial.it\/annapaolacavalieri\/wp-content\/uploads\/2022\/03\/Il-bitest.jpg\",\"width\":800,\"height\":533,\"caption\":\"Il-bitest\"},{\"@type\":\"BreadcrumbList\",\"@id\":\"https:\/\/www.medisocial.it\/annapaolacavalieri\/2022\/03\/21\/il-bitest\/#breadcrumb\",\"itemListElement\":[{\"@type\":\"ListItem\",\"position\":1,\"name\":\"Home\",\"item\":\"https:\/\/www.medisocial.it\/annapaolacavalieri\/\"},{\"@type\":\"ListItem\",\"position\":2,\"name\":\"Il bitest\"}]},{\"@type\":\"WebSite\",\"@id\":\"https:\/\/www.medisocial.it\/annapaolacavalieri\/#website\",\"url\":\"https:\/\/www.medisocial.it\/annapaolacavalieri\/\",\"name\":\"Dott.ssa Anna Paola Cavalieri\",\"description\":\"Specialista in Ostetricia e Ginecologia - Roma\",\"publisher\":{\"@id\":\"https:\/\/www.medisocial.it\/annapaolacavalieri\/#organization\"},\"potentialAction\":[{\"@type\":\"SearchAction\",\"target\":{\"@type\":\"EntryPoint\",\"urlTemplate\":\"https:\/\/www.medisocial.it\/annapaolacavalieri\/?s={search_term_string}\"},\"query-input\":{\"@type\":\"PropertyValueSpecification\",\"valueRequired\":true,\"valueName\":\"search_term_string\"}}],\"inLanguage\":\"it-IT\"},{\"@type\":\"Organization\",\"@id\":\"https:\/\/www.medisocial.it\/annapaolacavalieri\/#organization\",\"name\":\"Dott.ssa Anna Paola Cavalieri\",\"url\":\"https:\/\/www.medisocial.it\/annapaolacavalieri\/\",\"logo\":{\"@type\":\"ImageObject\",\"inLanguage\":\"it-IT\",\"@id\":\"https:\/\/www.medisocial.it\/annapaolacavalieri\/#\/schema\/logo\/image\/\",\"url\":\"https:\/\/www.medisocial.it\/annapaolacavalieri\/wp-content\/uploads\/2019\/06\/logo7.jpg\",\"contentUrl\":\"https:\/\/www.medisocial.it\/annapaolacavalieri\/wp-content\/uploads\/2019\/06\/logo7.jpg\",\"width\":242,\"height\":99,\"caption\":\"Dott.ssa Anna Paola Cavalieri\"},\"image\":{\"@id\":\"https:\/\/www.medisocial.it\/annapaolacavalieri\/#\/schema\/logo\/image\/\"}},{\"@type\":\"Person\",\"@id\":\"https:\/\/www.medisocial.it\/annapaolacavalieri\/#\/schema\/person\/1cd0bfb9ce49bd43804584df39ef2c91\",\"name\":\"medisocial\",\"image\":{\"@type\":\"ImageObject\",\"inLanguage\":\"it-IT\",\"@id\":\"https:\/\/www.medisocial.it\/annapaolacavalieri\/#\/schema\/person\/image\/\",\"url\":\"https:\/\/secure.gravatar.com\/avatar\/efa9393110d3610a15f45429c6613084?s=96&d=mm&r=g\",\"contentUrl\":\"https:\/\/secure.gravatar.com\/avatar\/efa9393110d3610a15f45429c6613084?s=96&d=mm&r=g\",\"caption\":\"medisocial\"}}]}<\/script>\n<!-- \/ Yoast SEO plugin. -->","yoast_head_json":{"title":"Il bitest - Dott.ssa Anna Paola Cavalieri","description":"Il bitest Dott.ssa AnnaPaola Cavalieri specialista in ginecologia a Roma Il bitest \u00e8 un test di screening per le anomalie cromosomiche fetali","robots":{"index":"index","follow":"follow","max-snippet":"max-snippet:-1","max-image-preview":"max-image-preview:large","max-video-preview":"max-video-preview:-1"},"canonical":"https:\/\/www.medisocial.it\/annapaolacavalieri\/2022\/03\/21\/il-bitest\/","og_locale":"it_IT","og_type":"article","og_title":"Il bitest - Dott.ssa Anna Paola Cavalieri","og_description":"Il bitest Dott.ssa AnnaPaola Cavalieri specialista in ginecologia a Roma Il bitest \u00e8 un test di screening per le anomalie cromosomiche fetali","og_url":"https:\/\/www.medisocial.it\/annapaolacavalieri\/2022\/03\/21\/il-bitest\/","og_site_name":"Dott.ssa Anna Paola Cavalieri","article_published_time":"2022-03-21T11:26:58+00:00","og_image":[{"width":800,"height":533,"url":"https:\/\/www.medisocial.it\/annapaolacavalieri\/wp-content\/uploads\/2022\/03\/Il-bitest.jpg","type":"image\/jpeg"}],"author":"medisocial","twitter_card":"summary_large_image","twitter_misc":{"Scritto da":"medisocial","Tempo di lettura stimato":"1 minuto"},"schema":{"@context":"https:\/\/schema.org","@graph":[{"@type":"Article","@id":"https:\/\/www.medisocial.it\/annapaolacavalieri\/2022\/03\/21\/il-bitest\/#article","isPartOf":{"@id":"https:\/\/www.medisocial.it\/annapaolacavalieri\/2022\/03\/21\/il-bitest\/"},"author":{"name":"medisocial","@id":"https:\/\/www.medisocial.it\/annapaolacavalieri\/#\/schema\/person\/1cd0bfb9ce49bd43804584df39ef2c91"},"headline":"Il bitest","datePublished":"2022-03-21T11:26:58+00:00","dateModified":"2022-03-21T11:26:58+00:00","mainEntityOfPage":{"@id":"https:\/\/www.medisocial.it\/annapaolacavalieri\/2022\/03\/21\/il-bitest\/"},"wordCount":222,"commentCount":0,"publisher":{"@id":"https:\/\/www.medisocial.it\/annapaolacavalieri\/#organization"},"image":{"@id":"https:\/\/www.medisocial.it\/annapaolacavalieri\/2022\/03\/21\/il-bitest\/#primaryimage"},"thumbnailUrl":"https:\/\/www.medisocial.it\/annapaolacavalieri\/wp-content\/uploads\/2022\/03\/Il-bitest.jpg","keywords":["anomalie cromosomiche fetali","anomalie fetali","bitest","collo fetale","Dott.ssa Anna Paola Cavalieri","ecografia","frequenza cardiaca","ginecologaroma","gravidanza","lunghezza del feto","malattie cromosomiche fetali","misurazione della translucenza nucale","parto prematuro","preeclampsia","screening","sindrome di Down","translucenza nucale","trisomia"],"articleSection":["Articoli"],"inLanguage":"it-IT","potentialAction":[{"@type":"CommentAction","name":"Comment","target":["https:\/\/www.medisocial.it\/annapaolacavalieri\/2022\/03\/21\/il-bitest\/#respond"]}]},{"@type":"WebPage","@id":"https:\/\/www.medisocial.it\/annapaolacavalieri\/2022\/03\/21\/il-bitest\/","url":"https:\/\/www.medisocial.it\/annapaolacavalieri\/2022\/03\/21\/il-bitest\/","name":"Il bitest - Dott.ssa Anna Paola Cavalieri","isPartOf":{"@id":"https:\/\/www.medisocial.it\/annapaolacavalieri\/#website"},"primaryImageOfPage":{"@id":"https:\/\/www.medisocial.it\/annapaolacavalieri\/2022\/03\/21\/il-bitest\/#primaryimage"},"image":{"@id":"https:\/\/www.medisocial.it\/annapaolacavalieri\/2022\/03\/21\/il-bitest\/#primaryimage"},"thumbnailUrl":"https:\/\/www.medisocial.it\/annapaolacavalieri\/wp-content\/uploads\/2022\/03\/Il-bitest.jpg","datePublished":"2022-03-21T11:26:58+00:00","dateModified":"2022-03-21T11:26:58+00:00","description":"Il bitest Dott.ssa AnnaPaola Cavalieri specialista in ginecologia a Roma Il bitest \u00e8 un test di screening per le anomalie cromosomiche fetali","breadcrumb":{"@id":"https:\/\/www.medisocial.it\/annapaolacavalieri\/2022\/03\/21\/il-bitest\/#breadcrumb"},"inLanguage":"it-IT","potentialAction":[{"@type":"ReadAction","target":["https:\/\/www.medisocial.it\/annapaolacavalieri\/2022\/03\/21\/il-bitest\/"]}]},{"@type":"ImageObject","inLanguage":"it-IT","@id":"https:\/\/www.medisocial.it\/annapaolacavalieri\/2022\/03\/21\/il-bitest\/#primaryimage","url":"https:\/\/www.medisocial.it\/annapaolacavalieri\/wp-content\/uploads\/2022\/03\/Il-bitest.jpg","contentUrl":"https:\/\/www.medisocial.it\/annapaolacavalieri\/wp-content\/uploads\/2022\/03\/Il-bitest.jpg","width":800,"height":533,"caption":"Il-bitest"},{"@type":"BreadcrumbList","@id":"https:\/\/www.medisocial.it\/annapaolacavalieri\/2022\/03\/21\/il-bitest\/#breadcrumb","itemListElement":[{"@type":"ListItem","position":1,"name":"Home","item":"https:\/\/www.medisocial.it\/annapaolacavalieri\/"},{"@type":"ListItem","position":2,"name":"Il bitest"}]},{"@type":"WebSite","@id":"https:\/\/www.medisocial.it\/annapaolacavalieri\/#website","url":"https:\/\/www.medisocial.it\/annapaolacavalieri\/","name":"Dott.ssa Anna Paola Cavalieri","description":"Specialista in Ostetricia e Ginecologia - Roma","publisher":{"@id":"https:\/\/www.medisocial.it\/annapaolacavalieri\/#organization"},"potentialAction":[{"@type":"SearchAction","target":{"@type":"EntryPoint","urlTemplate":"https:\/\/www.medisocial.it\/annapaolacavalieri\/?s={search_term_string}"},"query-input":{"@type":"PropertyValueSpecification","valueRequired":true,"valueName":"search_term_string"}}],"inLanguage":"it-IT"},{"@type":"Organization","@id":"https:\/\/www.medisocial.it\/annapaolacavalieri\/#organization","name":"Dott.ssa Anna Paola Cavalieri","url":"https:\/\/www.medisocial.it\/annapaolacavalieri\/","logo":{"@type":"ImageObject","inLanguage":"it-IT","@id":"https:\/\/www.medisocial.it\/annapaolacavalieri\/#\/schema\/logo\/image\/","url":"https:\/\/www.medisocial.it\/annapaolacavalieri\/wp-content\/uploads\/2019\/06\/logo7.jpg","contentUrl":"https:\/\/www.medisocial.it\/annapaolacavalieri\/wp-content\/uploads\/2019\/06\/logo7.jpg","width":242,"height":99,"caption":"Dott.ssa Anna Paola Cavalieri"},"image":{"@id":"https:\/\/www.medisocial.it\/annapaolacavalieri\/#\/schema\/logo\/image\/"}},{"@type":"Person","@id":"https:\/\/www.medisocial.it\/annapaolacavalieri\/#\/schema\/person\/1cd0bfb9ce49bd43804584df39ef2c91","name":"medisocial","image":{"@type":"ImageObject","inLanguage":"it-IT","@id":"https:\/\/www.medisocial.it\/annapaolacavalieri\/#\/schema\/person\/image\/","url":"https:\/\/secure.gravatar.com\/avatar\/efa9393110d3610a15f45429c6613084?s=96&d=mm&r=g","contentUrl":"https:\/\/secure.gravatar.com\/avatar\/efa9393110d3610a15f45429c6613084?s=96&d=mm&r=g","caption":"medisocial"}}]}},"_links":{"self":[{"href":"https:\/\/www.medisocial.it\/annapaolacavalieri\/wp-json\/wp\/v2\/posts\/682"}],"collection":[{"href":"https:\/\/www.medisocial.it\/annapaolacavalieri\/wp-json\/wp\/v2\/posts"}],"about":[{"href":"https:\/\/www.medisocial.it\/annapaolacavalieri\/wp-json\/wp\/v2\/types\/post"}],"author":[{"embeddable":true,"href":"https:\/\/www.medisocial.it\/annapaolacavalieri\/wp-json\/wp\/v2\/users\/1"}],"replies":[{"embeddable":true,"href":"https:\/\/www.medisocial.it\/annapaolacavalieri\/wp-json\/wp\/v2\/comments?post=682"}],"version-history":[{"count":1,"href":"https:\/\/www.medisocial.it\/annapaolacavalieri\/wp-json\/wp\/v2\/posts\/682\/revisions"}],"predecessor-version":[{"id":684,"href":"https:\/\/www.medisocial.it\/annapaolacavalieri\/wp-json\/wp\/v2\/posts\/682\/revisions\/684"}],"wp:featuredmedia":[{"embeddable":true,"href":"https:\/\/www.medisocial.it\/annapaolacavalieri\/wp-json\/wp\/v2\/media\/683"}],"wp:attachment":[{"href":"https:\/\/www.medisocial.it\/annapaolacavalieri\/wp-json\/wp\/v2\/media?parent=682"}],"wp:term":[{"taxonomy":"category","embeddable":true,"href":"https:\/\/www.medisocial.it\/annapaolacavalieri\/wp-json\/wp\/v2\/categories?post=682"},{"taxonomy":"post_tag","embeddable":true,"href":"https:\/\/www.medisocial.it\/annapaolacavalieri\/wp-json\/wp\/v2\/tags?post=682"}],"curies":[{"name":"wp","href":"https:\/\/api.w.org\/{rel}","templated":true}]}}