{"id":677,"date":"2022-02-01T18:13:27","date_gmt":"2022-02-01T17:13:27","guid":{"rendered":"https:\/\/www.medisocial.it\/annapaolacavalieri\/?p=677"},"modified":"2022-02-01T18:13:27","modified_gmt":"2022-02-01T17:13:27","slug":"bimbo-podalico","status":"publish","type":"post","link":"https:\/\/www.medisocial.it\/annapaolacavalieri\/2022\/02\/01\/bimbo-podalico\/","title":{"rendered":"Bimbo podalico"},"content":{"rendered":"<p>Bimbo podalico Dott.ssa Anna Paola Cavalieri ginecologa a Roma.<br \/>\nSe il vostro bimbo \u00e8 in presentazione podalica, cio\u00e8 con la testa in su e il sederino in basso, non rassegnatevi per forza ad un parto cesareo.<\/p>\n<p>Esistono delle tecniche per facilitare la capriola del bimbo affinch\u00e9 si metta a testa in gi\u00f9 e permettere cos\u00ec un parto naturale.<\/p>\n<p>La moxa o moxibustione \u00e8 una delle pi\u00f9 usate. Si tratta di una pratica della antica medicina tradizionale cinese.<\/p>\n<p>In particolare la moxa viene utilizzata per stimolare la capriola in vista della nascita, riscaldando uno specifico punto sul lato del mignolo di entrambi i piedi della gestante.<\/p>\n<p>Il riscaldamento si ottiene accendendo un particolare sigaro di artemisia vicino alla pelle.<\/p>\n<p>Si pratica di solito tra la 32^ e la 35^ settimana di gravidanza, anche se un inizio precoce ne aumenta l\u2019efficacia.<\/p>\n<h4><strong>Bimbo podalico &#8211; Dott.ssa Anna Paola Cavalieri ginecologa a Roma<\/strong><\/h4>\n<p>Le sedute durano pochi minuti per lato e si eseguono quotidianamente per un paio di settimane.<\/p>\n<p>Essendo un trattamento semplice e privo di controindicazioni, dopo le prime due o tre sedute dimostrative, \u00e8 possibile insegnarlo ai genitori i quali possono proseguire con l\u2019applicazione della Moxa a casa propria.<\/p>\n<p>La percentuale di successo si aggira intorno al 60-70 %<\/p>\n<p>Per informazioni o prenotazioni, visita la sezione <a href=\"https:\/\/www.medisocial.it\/annapaolacavalieri\/contatti\/\">Contatti<\/a><\/p>\n","protected":false},"excerpt":{"rendered":"<p>Bimbo podalico Dott.ssa Anna Paola Cavalieri ginecologa a Roma. Se il vostro bimbo \u00e8 in presentazione podalica, cio\u00e8 con la testa in su e il sederino in basso, non rassegnatevi per forza ad un parto cesareo. Esistono delle tecniche per facilitare la capriola del bimbo affinch\u00e9 si metta a testa in gi\u00f9 e permettere cos\u00ec [&hellip;]<\/p>\n","protected":false},"author":1,"featured_media":678,"comment_status":"open","ping_status":"open","sticky":false,"template":"","format":"standard","meta":{"_monsterinsights_skip_tracking":false,"_monsterinsights_sitenote_active":false,"_monsterinsights_sitenote_note":"","_monsterinsights_sitenote_category":0,"footnotes":""},"categories":[7],"tags":[324,173,130,10,327,325,326,37,183,131],"yoast_head":"<!-- This site is optimized with the Yoast SEO plugin v23.5 - https:\/\/yoast.com\/wordpress\/plugins\/seo\/ -->\n<title>Bimbo podalico - Dott.ssa Anna Paola Cavalieri<\/title>\n<meta name=\"description\" content=\"Bimbo podalico Dott.ssa A. P. Cavalieri ginecologa a Roma.Se il vostro bimbo \u00e8 in presentazione podalica non rassegnatevi ad un parto cesareo\" \/>\n<meta name=\"robots\" content=\"index, follow, max-snippet:-1, max-image-preview:large, max-video-preview:-1\" \/>\n<link rel=\"canonical\" href=\"https:\/\/www.medisocial.it\/annapaolacavalieri\/2022\/02\/01\/bimbo-podalico\/\" \/>\n<meta property=\"og:locale\" content=\"it_IT\" \/>\n<meta property=\"og:type\" content=\"article\" \/>\n<meta property=\"og:title\" content=\"Bimbo podalico - Dott.ssa Anna Paola Cavalieri\" \/>\n<meta property=\"og:description\" content=\"Bimbo podalico Dott.ssa A. P. Cavalieri ginecologa a Roma.Se il vostro bimbo \u00e8 in presentazione podalica non rassegnatevi ad un parto cesareo\" \/>\n<meta property=\"og:url\" content=\"https:\/\/www.medisocial.it\/annapaolacavalieri\/2022\/02\/01\/bimbo-podalico\/\" \/>\n<meta property=\"og:site_name\" content=\"Dott.ssa Anna Paola Cavalieri\" \/>\n<meta property=\"article:published_time\" content=\"2022-02-01T17:13:27+00:00\" \/>\n<meta property=\"og:image\" content=\"https:\/\/www.medisocial.it\/annapaolacavalieri\/wp-content\/uploads\/2022\/02\/bimbo-podalico.jpg\" \/>\n\t<meta property=\"og:image:width\" content=\"800\" \/>\n\t<meta property=\"og:image:height\" content=\"946\" \/>\n\t<meta property=\"og:image:type\" content=\"image\/jpeg\" \/>\n<meta name=\"author\" content=\"medisocial\" \/>\n<meta name=\"twitter:card\" content=\"summary_large_image\" \/>\n<meta name=\"twitter:label1\" content=\"Scritto da\" \/>\n\t<meta name=\"twitter:data1\" content=\"medisocial\" \/>\n\t<meta name=\"twitter:label2\" content=\"Tempo di lettura stimato\" \/>\n\t<meta name=\"twitter:data2\" content=\"1 minuto\" \/>\n<script type=\"application\/ld+json\" class=\"yoast-schema-graph\">{\"@context\":\"https:\/\/schema.org\",\"@graph\":[{\"@type\":\"Article\",\"@id\":\"https:\/\/www.medisocial.it\/annapaolacavalieri\/2022\/02\/01\/bimbo-podalico\/#article\",\"isPartOf\":{\"@id\":\"https:\/\/www.medisocial.it\/annapaolacavalieri\/2022\/02\/01\/bimbo-podalico\/\"},\"author\":{\"name\":\"medisocial\",\"@id\":\"https:\/\/www.medisocial.it\/annapaolacavalieri\/#\/schema\/person\/1cd0bfb9ce49bd43804584df39ef2c91\"},\"headline\":\"Bimbo podalico\",\"datePublished\":\"2022-02-01T17:13:27+00:00\",\"dateModified\":\"2022-02-01T17:13:27+00:00\",\"mainEntityOfPage\":{\"@id\":\"https:\/\/www.medisocial.it\/annapaolacavalieri\/2022\/02\/01\/bimbo-podalico\/\"},\"wordCount\":215,\"commentCount\":0,\"publisher\":{\"@id\":\"https:\/\/www.medisocial.it\/annapaolacavalieri\/#organization\"},\"image\":{\"@id\":\"https:\/\/www.medisocial.it\/annapaolacavalieri\/2022\/02\/01\/bimbo-podalico\/#primaryimage\"},\"thumbnailUrl\":\"https:\/\/www.medisocial.it\/annapaolacavalieri\/wp-content\/uploads\/2022\/02\/bimbo-podalico.jpg\",\"keywords\":[\"bimbo podalico\",\"Dott.ssa Anna Paola Cavalieri\",\"ginecologaroma\",\"gravidanza\",\"Medicina Tradizionale Cinese\",\"moxa\",\"Moxicombustione\",\"Parto Cesareo\",\"parto naturale\",\"specialistaginecologiaroma\"],\"articleSection\":[\"Articoli\"],\"inLanguage\":\"it-IT\",\"potentialAction\":[{\"@type\":\"CommentAction\",\"name\":\"Comment\",\"target\":[\"https:\/\/www.medisocial.it\/annapaolacavalieri\/2022\/02\/01\/bimbo-podalico\/#respond\"]}]},{\"@type\":\"WebPage\",\"@id\":\"https:\/\/www.medisocial.it\/annapaolacavalieri\/2022\/02\/01\/bimbo-podalico\/\",\"url\":\"https:\/\/www.medisocial.it\/annapaolacavalieri\/2022\/02\/01\/bimbo-podalico\/\",\"name\":\"Bimbo podalico - Dott.ssa Anna Paola Cavalieri\",\"isPartOf\":{\"@id\":\"https:\/\/www.medisocial.it\/annapaolacavalieri\/#website\"},\"primaryImageOfPage\":{\"@id\":\"https:\/\/www.medisocial.it\/annapaolacavalieri\/2022\/02\/01\/bimbo-podalico\/#primaryimage\"},\"image\":{\"@id\":\"https:\/\/www.medisocial.it\/annapaolacavalieri\/2022\/02\/01\/bimbo-podalico\/#primaryimage\"},\"thumbnailUrl\":\"https:\/\/www.medisocial.it\/annapaolacavalieri\/wp-content\/uploads\/2022\/02\/bimbo-podalico.jpg\",\"datePublished\":\"2022-02-01T17:13:27+00:00\",\"dateModified\":\"2022-02-01T17:13:27+00:00\",\"description\":\"Bimbo podalico Dott.ssa A. P. Cavalieri ginecologa a Roma.Se il vostro bimbo \u00e8 in presentazione podalica non rassegnatevi ad un parto cesareo\",\"breadcrumb\":{\"@id\":\"https:\/\/www.medisocial.it\/annapaolacavalieri\/2022\/02\/01\/bimbo-podalico\/#breadcrumb\"},\"inLanguage\":\"it-IT\",\"potentialAction\":[{\"@type\":\"ReadAction\",\"target\":[\"https:\/\/www.medisocial.it\/annapaolacavalieri\/2022\/02\/01\/bimbo-podalico\/\"]}]},{\"@type\":\"ImageObject\",\"inLanguage\":\"it-IT\",\"@id\":\"https:\/\/www.medisocial.it\/annapaolacavalieri\/2022\/02\/01\/bimbo-podalico\/#primaryimage\",\"url\":\"https:\/\/www.medisocial.it\/annapaolacavalieri\/wp-content\/uploads\/2022\/02\/bimbo-podalico.jpg\",\"contentUrl\":\"https:\/\/www.medisocial.it\/annapaolacavalieri\/wp-content\/uploads\/2022\/02\/bimbo-podalico.jpg\",\"width\":800,\"height\":946,\"caption\":\"bimbo-podalico\"},{\"@type\":\"BreadcrumbList\",\"@id\":\"https:\/\/www.medisocial.it\/annapaolacavalieri\/2022\/02\/01\/bimbo-podalico\/#breadcrumb\",\"itemListElement\":[{\"@type\":\"ListItem\",\"position\":1,\"name\":\"Home\",\"item\":\"https:\/\/www.medisocial.it\/annapaolacavalieri\/\"},{\"@type\":\"ListItem\",\"position\":2,\"name\":\"Bimbo podalico\"}]},{\"@type\":\"WebSite\",\"@id\":\"https:\/\/www.medisocial.it\/annapaolacavalieri\/#website\",\"url\":\"https:\/\/www.medisocial.it\/annapaolacavalieri\/\",\"name\":\"Dott.ssa Anna Paola Cavalieri\",\"description\":\"Specialista in Ostetricia e Ginecologia - Roma\",\"publisher\":{\"@id\":\"https:\/\/www.medisocial.it\/annapaolacavalieri\/#organization\"},\"potentialAction\":[{\"@type\":\"SearchAction\",\"target\":{\"@type\":\"EntryPoint\",\"urlTemplate\":\"https:\/\/www.medisocial.it\/annapaolacavalieri\/?s={search_term_string}\"},\"query-input\":{\"@type\":\"PropertyValueSpecification\",\"valueRequired\":true,\"valueName\":\"search_term_string\"}}],\"inLanguage\":\"it-IT\"},{\"@type\":\"Organization\",\"@id\":\"https:\/\/www.medisocial.it\/annapaolacavalieri\/#organization\",\"name\":\"Dott.ssa Anna Paola Cavalieri\",\"url\":\"https:\/\/www.medisocial.it\/annapaolacavalieri\/\",\"logo\":{\"@type\":\"ImageObject\",\"inLanguage\":\"it-IT\",\"@id\":\"https:\/\/www.medisocial.it\/annapaolacavalieri\/#\/schema\/logo\/image\/\",\"url\":\"https:\/\/www.medisocial.it\/annapaolacavalieri\/wp-content\/uploads\/2019\/06\/logo7.jpg\",\"contentUrl\":\"https:\/\/www.medisocial.it\/annapaolacavalieri\/wp-content\/uploads\/2019\/06\/logo7.jpg\",\"width\":242,\"height\":99,\"caption\":\"Dott.ssa Anna Paola Cavalieri\"},\"image\":{\"@id\":\"https:\/\/www.medisocial.it\/annapaolacavalieri\/#\/schema\/logo\/image\/\"}},{\"@type\":\"Person\",\"@id\":\"https:\/\/www.medisocial.it\/annapaolacavalieri\/#\/schema\/person\/1cd0bfb9ce49bd43804584df39ef2c91\",\"name\":\"medisocial\",\"image\":{\"@type\":\"ImageObject\",\"inLanguage\":\"it-IT\",\"@id\":\"https:\/\/www.medisocial.it\/annapaolacavalieri\/#\/schema\/person\/image\/\",\"url\":\"https:\/\/secure.gravatar.com\/avatar\/efa9393110d3610a15f45429c6613084?s=96&d=mm&r=g\",\"contentUrl\":\"https:\/\/secure.gravatar.com\/avatar\/efa9393110d3610a15f45429c6613084?s=96&d=mm&r=g\",\"caption\":\"medisocial\"}}]}<\/script>\n<!-- \/ Yoast SEO plugin. -->","yoast_head_json":{"title":"Bimbo podalico - Dott.ssa Anna Paola Cavalieri","description":"Bimbo podalico Dott.ssa A. P. Cavalieri ginecologa a Roma.Se il vostro bimbo \u00e8 in presentazione podalica non rassegnatevi ad un parto cesareo","robots":{"index":"index","follow":"follow","max-snippet":"max-snippet:-1","max-image-preview":"max-image-preview:large","max-video-preview":"max-video-preview:-1"},"canonical":"https:\/\/www.medisocial.it\/annapaolacavalieri\/2022\/02\/01\/bimbo-podalico\/","og_locale":"it_IT","og_type":"article","og_title":"Bimbo podalico - Dott.ssa Anna Paola Cavalieri","og_description":"Bimbo podalico Dott.ssa A. P. Cavalieri ginecologa a Roma.Se il vostro bimbo \u00e8 in presentazione podalica non rassegnatevi ad un parto cesareo","og_url":"https:\/\/www.medisocial.it\/annapaolacavalieri\/2022\/02\/01\/bimbo-podalico\/","og_site_name":"Dott.ssa Anna Paola Cavalieri","article_published_time":"2022-02-01T17:13:27+00:00","og_image":[{"width":800,"height":946,"url":"https:\/\/www.medisocial.it\/annapaolacavalieri\/wp-content\/uploads\/2022\/02\/bimbo-podalico.jpg","type":"image\/jpeg"}],"author":"medisocial","twitter_card":"summary_large_image","twitter_misc":{"Scritto da":"medisocial","Tempo di lettura stimato":"1 minuto"},"schema":{"@context":"https:\/\/schema.org","@graph":[{"@type":"Article","@id":"https:\/\/www.medisocial.it\/annapaolacavalieri\/2022\/02\/01\/bimbo-podalico\/#article","isPartOf":{"@id":"https:\/\/www.medisocial.it\/annapaolacavalieri\/2022\/02\/01\/bimbo-podalico\/"},"author":{"name":"medisocial","@id":"https:\/\/www.medisocial.it\/annapaolacavalieri\/#\/schema\/person\/1cd0bfb9ce49bd43804584df39ef2c91"},"headline":"Bimbo podalico","datePublished":"2022-02-01T17:13:27+00:00","dateModified":"2022-02-01T17:13:27+00:00","mainEntityOfPage":{"@id":"https:\/\/www.medisocial.it\/annapaolacavalieri\/2022\/02\/01\/bimbo-podalico\/"},"wordCount":215,"commentCount":0,"publisher":{"@id":"https:\/\/www.medisocial.it\/annapaolacavalieri\/#organization"},"image":{"@id":"https:\/\/www.medisocial.it\/annapaolacavalieri\/2022\/02\/01\/bimbo-podalico\/#primaryimage"},"thumbnailUrl":"https:\/\/www.medisocial.it\/annapaolacavalieri\/wp-content\/uploads\/2022\/02\/bimbo-podalico.jpg","keywords":["bimbo podalico","Dott.ssa Anna Paola Cavalieri","ginecologaroma","gravidanza","Medicina Tradizionale Cinese","moxa","Moxicombustione","Parto Cesareo","parto naturale","specialistaginecologiaroma"],"articleSection":["Articoli"],"inLanguage":"it-IT","potentialAction":[{"@type":"CommentAction","name":"Comment","target":["https:\/\/www.medisocial.it\/annapaolacavalieri\/2022\/02\/01\/bimbo-podalico\/#respond"]}]},{"@type":"WebPage","@id":"https:\/\/www.medisocial.it\/annapaolacavalieri\/2022\/02\/01\/bimbo-podalico\/","url":"https:\/\/www.medisocial.it\/annapaolacavalieri\/2022\/02\/01\/bimbo-podalico\/","name":"Bimbo podalico - Dott.ssa Anna Paola Cavalieri","isPartOf":{"@id":"https:\/\/www.medisocial.it\/annapaolacavalieri\/#website"},"primaryImageOfPage":{"@id":"https:\/\/www.medisocial.it\/annapaolacavalieri\/2022\/02\/01\/bimbo-podalico\/#primaryimage"},"image":{"@id":"https:\/\/www.medisocial.it\/annapaolacavalieri\/2022\/02\/01\/bimbo-podalico\/#primaryimage"},"thumbnailUrl":"https:\/\/www.medisocial.it\/annapaolacavalieri\/wp-content\/uploads\/2022\/02\/bimbo-podalico.jpg","datePublished":"2022-02-01T17:13:27+00:00","dateModified":"2022-02-01T17:13:27+00:00","description":"Bimbo podalico Dott.ssa A. P. Cavalieri ginecologa a Roma.Se il vostro bimbo \u00e8 in presentazione podalica non rassegnatevi ad un parto cesareo","breadcrumb":{"@id":"https:\/\/www.medisocial.it\/annapaolacavalieri\/2022\/02\/01\/bimbo-podalico\/#breadcrumb"},"inLanguage":"it-IT","potentialAction":[{"@type":"ReadAction","target":["https:\/\/www.medisocial.it\/annapaolacavalieri\/2022\/02\/01\/bimbo-podalico\/"]}]},{"@type":"ImageObject","inLanguage":"it-IT","@id":"https:\/\/www.medisocial.it\/annapaolacavalieri\/2022\/02\/01\/bimbo-podalico\/#primaryimage","url":"https:\/\/www.medisocial.it\/annapaolacavalieri\/wp-content\/uploads\/2022\/02\/bimbo-podalico.jpg","contentUrl":"https:\/\/www.medisocial.it\/annapaolacavalieri\/wp-content\/uploads\/2022\/02\/bimbo-podalico.jpg","width":800,"height":946,"caption":"bimbo-podalico"},{"@type":"BreadcrumbList","@id":"https:\/\/www.medisocial.it\/annapaolacavalieri\/2022\/02\/01\/bimbo-podalico\/#breadcrumb","itemListElement":[{"@type":"ListItem","position":1,"name":"Home","item":"https:\/\/www.medisocial.it\/annapaolacavalieri\/"},{"@type":"ListItem","position":2,"name":"Bimbo podalico"}]},{"@type":"WebSite","@id":"https:\/\/www.medisocial.it\/annapaolacavalieri\/#website","url":"https:\/\/www.medisocial.it\/annapaolacavalieri\/","name":"Dott.ssa Anna Paola Cavalieri","description":"Specialista in Ostetricia e Ginecologia - Roma","publisher":{"@id":"https:\/\/www.medisocial.it\/annapaolacavalieri\/#organization"},"potentialAction":[{"@type":"SearchAction","target":{"@type":"EntryPoint","urlTemplate":"https:\/\/www.medisocial.it\/annapaolacavalieri\/?s={search_term_string}"},"query-input":{"@type":"PropertyValueSpecification","valueRequired":true,"valueName":"search_term_string"}}],"inLanguage":"it-IT"},{"@type":"Organization","@id":"https:\/\/www.medisocial.it\/annapaolacavalieri\/#organization","name":"Dott.ssa Anna Paola Cavalieri","url":"https:\/\/www.medisocial.it\/annapaolacavalieri\/","logo":{"@type":"ImageObject","inLanguage":"it-IT","@id":"https:\/\/www.medisocial.it\/annapaolacavalieri\/#\/schema\/logo\/image\/","url":"https:\/\/www.medisocial.it\/annapaolacavalieri\/wp-content\/uploads\/2019\/06\/logo7.jpg","contentUrl":"https:\/\/www.medisocial.it\/annapaolacavalieri\/wp-content\/uploads\/2019\/06\/logo7.jpg","width":242,"height":99,"caption":"Dott.ssa Anna Paola Cavalieri"},"image":{"@id":"https:\/\/www.medisocial.it\/annapaolacavalieri\/#\/schema\/logo\/image\/"}},{"@type":"Person","@id":"https:\/\/www.medisocial.it\/annapaolacavalieri\/#\/schema\/person\/1cd0bfb9ce49bd43804584df39ef2c91","name":"medisocial","image":{"@type":"ImageObject","inLanguage":"it-IT","@id":"https:\/\/www.medisocial.it\/annapaolacavalieri\/#\/schema\/person\/image\/","url":"https:\/\/secure.gravatar.com\/avatar\/efa9393110d3610a15f45429c6613084?s=96&d=mm&r=g","contentUrl":"https:\/\/secure.gravatar.com\/avatar\/efa9393110d3610a15f45429c6613084?s=96&d=mm&r=g","caption":"medisocial"}}]}},"_links":{"self":[{"href":"https:\/\/www.medisocial.it\/annapaolacavalieri\/wp-json\/wp\/v2\/posts\/677"}],"collection":[{"href":"https:\/\/www.medisocial.it\/annapaolacavalieri\/wp-json\/wp\/v2\/posts"}],"about":[{"href":"https:\/\/www.medisocial.it\/annapaolacavalieri\/wp-json\/wp\/v2\/types\/post"}],"author":[{"embeddable":true,"href":"https:\/\/www.medisocial.it\/annapaolacavalieri\/wp-json\/wp\/v2\/users\/1"}],"replies":[{"embeddable":true,"href":"https:\/\/www.medisocial.it\/annapaolacavalieri\/wp-json\/wp\/v2\/comments?post=677"}],"version-history":[{"count":1,"href":"https:\/\/www.medisocial.it\/annapaolacavalieri\/wp-json\/wp\/v2\/posts\/677\/revisions"}],"predecessor-version":[{"id":679,"href":"https:\/\/www.medisocial.it\/annapaolacavalieri\/wp-json\/wp\/v2\/posts\/677\/revisions\/679"}],"wp:featuredmedia":[{"embeddable":true,"href":"https:\/\/www.medisocial.it\/annapaolacavalieri\/wp-json\/wp\/v2\/media\/678"}],"wp:attachment":[{"href":"https:\/\/www.medisocial.it\/annapaolacavalieri\/wp-json\/wp\/v2\/media?parent=677"}],"wp:term":[{"taxonomy":"category","embeddable":true,"href":"https:\/\/www.medisocial.it\/annapaolacavalieri\/wp-json\/wp\/v2\/categories?post=677"},{"taxonomy":"post_tag","embeddable":true,"href":"https:\/\/www.medisocial.it\/annapaolacavalieri\/wp-json\/wp\/v2\/tags?post=677"}],"curies":[{"name":"wp","href":"https:\/\/api.w.org\/{rel}","templated":true}]}}