{"id":673,"date":"2022-01-03T10:46:45","date_gmt":"2022-01-03T09:46:45","guid":{"rendered":"https:\/\/www.medisocial.it\/annapaolacavalieri\/?p=673"},"modified":"2022-01-03T10:46:45","modified_gmt":"2022-01-03T09:46:45","slug":"pap-test-da-che-eta-deve-essere-eseguito","status":"publish","type":"post","link":"https:\/\/www.medisocial.it\/annapaolacavalieri\/2022\/01\/03\/pap-test-da-che-eta-deve-essere-eseguito\/","title":{"rendered":"Pap test: da che et\u00e0 deve essere eseguito?"},"content":{"rendered":"<p><strong>Pap test: da che et\u00e0 deve essere eseguito? Dott.ssa Anna Paola Cavalieri Ginecologa a Roma<\/strong><\/p>\n<p>Le attuali raccomandazioni condivise da pressoch\u00e9 tutte le societ\u00e0 scientifiche nazionali e internazionali sono di non iniziare lo screening del cancro della cervice uterina tramite Pap test per le ragazze immunocompetenti prima dei 21 anni di et\u00e0.<\/p>\n<p>Ci\u00f2 \u00e8 in parte dovuto al tasso molto basso cancro alla cervice nelle ragazze molto giovani (0,8 per 100.000 nuovi casi tra le donne di et\u00e0 compresa tra 20 e 24 anni) .<\/p>\n<p>C\u2019\u00e8 poi da considerare che la vaccinazione contro il papillomavirus umano riduce ulteriormente l&#8217;incidenza del cancro della cervice uterina, anche in fasce di et\u00e0 superiore (4 casi ogni 100.000 donne all&#8217;et\u00e0 di 28 anni).<\/p>\n<p>Lo screening prima dei 21 anni di et\u00e0 non ha dimostrato alcun beneficio nella riduzione del rischio di cancro.<\/p>\n<p>Inoltre, lo screening per l\u2019HPV tra gli adolescenti, oltre a non essere indicato, pu\u00f2 anche essere dannoso in quanto pu\u00f2 portare alla esecuzione di trattamenti inutili, traumatici e costosi (colposcopie, biopsie, terapie fisiche) con conseguenti preoccupazioni ed ansie nonch\u00e9 costi eccessivi per la ragazza.<\/p>\n<p>Purtroppo anche un recente studio americano pubblicato il 1 Dicembre 2021 ha dimostrato che molti professionisti, nonostante le chiare evidenze, non si attengono a tali raccomandazioni (Unindicated cervical cancer screening in adolescent females within a large healthcare system in the United States), quindi anche per semplice visita di prevenzione \u00e8 importante affidarsi a ginecologi competenti ed aggiornati.<\/p>\n<p>Per ulteriori approfondimenti, si possono consultare anche i seguenti link:<\/p>\n<p class=\"entry-title\"><a class=\"czr-title\" href=\"https:\/\/www.medisocial.it\/annapaolacavalieri\/2021\/04\/26\/pap-test-doloroso-caso-clinico-13\/\" rel=\"bookmark\"><strong>Pap test doloroso \u2013 Caso clinico #13<\/strong><\/a><\/p>\n<p class=\"entry-title\"><strong><a class=\"czr-title\" href=\"https:\/\/www.medisocial.it\/annapaolacavalieri\/2019\/11\/15\/hpv-test-e-pap-test-cosa-sono\/\" rel=\"bookmark\">HPV Test e Pap Test: cosa sono?<\/a><\/strong><\/p>\n<p class=\"entry-title\"><strong><a class=\"czr-title\" href=\"https:\/\/www.medisocial.it\/annapaolacavalieri\/2019\/10\/02\/pap-test-dottoressa-annapaola-cavalieri\/\" rel=\"bookmark\">Pap test<\/a><\/strong><\/p>\n<p class=\"entry-title\"><strong><a class=\"czr-title\" href=\"https:\/\/www.medisocial.it\/annapaolacavalieri\/2021\/05\/19\/thin-prep-pap-test-cose\/\" rel=\"bookmark\">Thin Prep pap \u2013 test: cos\u2019\u00e8?<\/a><\/strong><\/p>\n<p class=\"entry-title\"><strong><a class=\"czr-title\" href=\"https:\/\/www.medisocial.it\/annapaolacavalieri\/2021\/03\/01\/papillomavirus-tumore-al-collo-dellutero\/\" rel=\"bookmark\">Papillomavirus e tumore al collo dell\u2019utero<\/a><\/strong><\/p>\n<p class=\"entry-title\"><strong><a class=\"czr-title\" href=\"https:\/\/www.medisocial.it\/annapaolacavalieri\/2019\/11\/07\/virus-hpv-contagio-uomini\/\" rel=\"bookmark\">Il virus dell\u2019HPV: contagio negli uomini?<\/a><\/strong><\/p>\n<p>&nbsp;<\/p>\n<p>Per ulteriori informazioni o per fissare un appuntamento per una visita, vai nella sezione <strong><a href=\"https:\/\/www.medisocial.it\/annapaolacavalieri\/contatti\/\">Contatti<\/a><\/strong><\/p>\n","protected":false},"excerpt":{"rendered":"<p>Pap test: da che et\u00e0 deve essere eseguito? Dott.ssa Anna Paola Cavalieri Ginecologa a Roma Le attuali raccomandazioni condivise da pressoch\u00e9 tutte le societ\u00e0 scientifiche nazionali e internazionali sono di non iniziare lo screening del cancro della cervice uterina tramite Pap test per le ragazze immunocompetenti prima dei 21 anni di et\u00e0. Ci\u00f2 \u00e8 in [&hellip;]<\/p>\n","protected":false},"author":1,"featured_media":674,"comment_status":"open","ping_status":"open","sticky":false,"template":"","format":"standard","meta":{"_monsterinsights_skip_tracking":false,"_monsterinsights_sitenote_active":false,"_monsterinsights_sitenote_note":"","_monsterinsights_sitenote_category":0,"footnotes":""},"categories":[7],"tags":[57,322,173,130,323,77,76,311,131],"yoast_head":"<!-- This site is optimized with the Yoast SEO plugin v23.5 - https:\/\/yoast.com\/wordpress\/plugins\/seo\/ -->\n<title>Pap test: da che et\u00e0 deve essere eseguito? - Dott.ssa Anna Paola Cavalieri<\/title>\n<meta name=\"description\" content=\"Pap test: da che et\u00e0 deve essere eseguito? La Dott.ssa Anna Paola Cavalieri Ginecologa a Roma ve ne parla in questo articolo\" \/>\n<meta name=\"robots\" content=\"index, follow, max-snippet:-1, max-image-preview:large, max-video-preview:-1\" \/>\n<link rel=\"canonical\" href=\"https:\/\/www.medisocial.it\/annapaolacavalieri\/2022\/01\/03\/pap-test-da-che-eta-deve-essere-eseguito\/\" \/>\n<meta property=\"og:locale\" content=\"it_IT\" \/>\n<meta property=\"og:type\" content=\"article\" \/>\n<meta property=\"og:title\" content=\"Pap test: da che et\u00e0 deve essere eseguito? - Dott.ssa Anna Paola Cavalieri\" \/>\n<meta property=\"og:description\" content=\"Pap test: da che et\u00e0 deve essere eseguito? La Dott.ssa Anna Paola Cavalieri Ginecologa a Roma ve ne parla in questo articolo\" \/>\n<meta property=\"og:url\" content=\"https:\/\/www.medisocial.it\/annapaolacavalieri\/2022\/01\/03\/pap-test-da-che-eta-deve-essere-eseguito\/\" \/>\n<meta property=\"og:site_name\" content=\"Dott.ssa Anna Paola Cavalieri\" \/>\n<meta property=\"article:published_time\" content=\"2022-01-03T09:46:45+00:00\" \/>\n<meta property=\"og:image\" content=\"https:\/\/www.medisocial.it\/annapaolacavalieri\/wp-content\/uploads\/2022\/01\/Pap-test.jpg\" \/>\n\t<meta property=\"og:image:width\" content=\"724\" \/>\n\t<meta property=\"og:image:height\" content=\"485\" \/>\n\t<meta property=\"og:image:type\" content=\"image\/jpeg\" \/>\n<meta name=\"author\" content=\"medisocial\" \/>\n<meta name=\"twitter:card\" content=\"summary_large_image\" \/>\n<meta name=\"twitter:label1\" content=\"Scritto da\" \/>\n\t<meta name=\"twitter:data1\" content=\"medisocial\" \/>\n\t<meta name=\"twitter:label2\" content=\"Tempo di lettura stimato\" \/>\n\t<meta name=\"twitter:data2\" content=\"2 minuti\" \/>\n<script type=\"application\/ld+json\" class=\"yoast-schema-graph\">{\"@context\":\"https:\/\/schema.org\",\"@graph\":[{\"@type\":\"Article\",\"@id\":\"https:\/\/www.medisocial.it\/annapaolacavalieri\/2022\/01\/03\/pap-test-da-che-eta-deve-essere-eseguito\/#article\",\"isPartOf\":{\"@id\":\"https:\/\/www.medisocial.it\/annapaolacavalieri\/2022\/01\/03\/pap-test-da-che-eta-deve-essere-eseguito\/\"},\"author\":{\"name\":\"medisocial\",\"@id\":\"https:\/\/www.medisocial.it\/annapaolacavalieri\/#\/schema\/person\/1cd0bfb9ce49bd43804584df39ef2c91\"},\"headline\":\"Pap test: da che et\u00e0 deve essere eseguito?\",\"datePublished\":\"2022-01-03T09:46:45+00:00\",\"dateModified\":\"2022-01-03T09:46:45+00:00\",\"mainEntityOfPage\":{\"@id\":\"https:\/\/www.medisocial.it\/annapaolacavalieri\/2022\/01\/03\/pap-test-da-che-eta-deve-essere-eseguito\/\"},\"wordCount\":296,\"commentCount\":0,\"publisher\":{\"@id\":\"https:\/\/www.medisocial.it\/annapaolacavalieri\/#organization\"},\"image\":{\"@id\":\"https:\/\/www.medisocial.it\/annapaolacavalieri\/2022\/01\/03\/pap-test-da-che-eta-deve-essere-eseguito\/#primaryimage\"},\"thumbnailUrl\":\"https:\/\/www.medisocial.it\/annapaolacavalieri\/wp-content\/uploads\/2022\/01\/Pap-test.jpg\",\"keywords\":[\"adolescenti\",\"cancro della cervice uterina\",\"Dott.ssa Anna Paola Cavalieri\",\"ginecologaroma\",\"immunocompetenti\",\"pap test\",\"papillomavirus\",\"screening\",\"specialistaginecologiaroma\"],\"articleSection\":[\"Articoli\"],\"inLanguage\":\"it-IT\",\"potentialAction\":[{\"@type\":\"CommentAction\",\"name\":\"Comment\",\"target\":[\"https:\/\/www.medisocial.it\/annapaolacavalieri\/2022\/01\/03\/pap-test-da-che-eta-deve-essere-eseguito\/#respond\"]}]},{\"@type\":\"WebPage\",\"@id\":\"https:\/\/www.medisocial.it\/annapaolacavalieri\/2022\/01\/03\/pap-test-da-che-eta-deve-essere-eseguito\/\",\"url\":\"https:\/\/www.medisocial.it\/annapaolacavalieri\/2022\/01\/03\/pap-test-da-che-eta-deve-essere-eseguito\/\",\"name\":\"Pap test: da che et\u00e0 deve essere eseguito? - Dott.ssa Anna Paola Cavalieri\",\"isPartOf\":{\"@id\":\"https:\/\/www.medisocial.it\/annapaolacavalieri\/#website\"},\"primaryImageOfPage\":{\"@id\":\"https:\/\/www.medisocial.it\/annapaolacavalieri\/2022\/01\/03\/pap-test-da-che-eta-deve-essere-eseguito\/#primaryimage\"},\"image\":{\"@id\":\"https:\/\/www.medisocial.it\/annapaolacavalieri\/2022\/01\/03\/pap-test-da-che-eta-deve-essere-eseguito\/#primaryimage\"},\"thumbnailUrl\":\"https:\/\/www.medisocial.it\/annapaolacavalieri\/wp-content\/uploads\/2022\/01\/Pap-test.jpg\",\"datePublished\":\"2022-01-03T09:46:45+00:00\",\"dateModified\":\"2022-01-03T09:46:45+00:00\",\"description\":\"Pap test: da che et\u00e0 deve essere eseguito? La Dott.ssa Anna Paola Cavalieri Ginecologa a Roma ve ne parla in questo articolo\",\"breadcrumb\":{\"@id\":\"https:\/\/www.medisocial.it\/annapaolacavalieri\/2022\/01\/03\/pap-test-da-che-eta-deve-essere-eseguito\/#breadcrumb\"},\"inLanguage\":\"it-IT\",\"potentialAction\":[{\"@type\":\"ReadAction\",\"target\":[\"https:\/\/www.medisocial.it\/annapaolacavalieri\/2022\/01\/03\/pap-test-da-che-eta-deve-essere-eseguito\/\"]}]},{\"@type\":\"ImageObject\",\"inLanguage\":\"it-IT\",\"@id\":\"https:\/\/www.medisocial.it\/annapaolacavalieri\/2022\/01\/03\/pap-test-da-che-eta-deve-essere-eseguito\/#primaryimage\",\"url\":\"https:\/\/www.medisocial.it\/annapaolacavalieri\/wp-content\/uploads\/2022\/01\/Pap-test.jpg\",\"contentUrl\":\"https:\/\/www.medisocial.it\/annapaolacavalieri\/wp-content\/uploads\/2022\/01\/Pap-test.jpg\",\"width\":724,\"height\":485,\"caption\":\"Pap-test\"},{\"@type\":\"BreadcrumbList\",\"@id\":\"https:\/\/www.medisocial.it\/annapaolacavalieri\/2022\/01\/03\/pap-test-da-che-eta-deve-essere-eseguito\/#breadcrumb\",\"itemListElement\":[{\"@type\":\"ListItem\",\"position\":1,\"name\":\"Home\",\"item\":\"https:\/\/www.medisocial.it\/annapaolacavalieri\/\"},{\"@type\":\"ListItem\",\"position\":2,\"name\":\"Pap test: da che et\u00e0 deve essere eseguito?\"}]},{\"@type\":\"WebSite\",\"@id\":\"https:\/\/www.medisocial.it\/annapaolacavalieri\/#website\",\"url\":\"https:\/\/www.medisocial.it\/annapaolacavalieri\/\",\"name\":\"Dott.ssa Anna Paola Cavalieri\",\"description\":\"Specialista in Ostetricia e Ginecologia - Roma\",\"publisher\":{\"@id\":\"https:\/\/www.medisocial.it\/annapaolacavalieri\/#organization\"},\"potentialAction\":[{\"@type\":\"SearchAction\",\"target\":{\"@type\":\"EntryPoint\",\"urlTemplate\":\"https:\/\/www.medisocial.it\/annapaolacavalieri\/?s={search_term_string}\"},\"query-input\":{\"@type\":\"PropertyValueSpecification\",\"valueRequired\":true,\"valueName\":\"search_term_string\"}}],\"inLanguage\":\"it-IT\"},{\"@type\":\"Organization\",\"@id\":\"https:\/\/www.medisocial.it\/annapaolacavalieri\/#organization\",\"name\":\"Dott.ssa Anna Paola Cavalieri\",\"url\":\"https:\/\/www.medisocial.it\/annapaolacavalieri\/\",\"logo\":{\"@type\":\"ImageObject\",\"inLanguage\":\"it-IT\",\"@id\":\"https:\/\/www.medisocial.it\/annapaolacavalieri\/#\/schema\/logo\/image\/\",\"url\":\"https:\/\/www.medisocial.it\/annapaolacavalieri\/wp-content\/uploads\/2019\/06\/logo7.jpg\",\"contentUrl\":\"https:\/\/www.medisocial.it\/annapaolacavalieri\/wp-content\/uploads\/2019\/06\/logo7.jpg\",\"width\":242,\"height\":99,\"caption\":\"Dott.ssa Anna Paola Cavalieri\"},\"image\":{\"@id\":\"https:\/\/www.medisocial.it\/annapaolacavalieri\/#\/schema\/logo\/image\/\"}},{\"@type\":\"Person\",\"@id\":\"https:\/\/www.medisocial.it\/annapaolacavalieri\/#\/schema\/person\/1cd0bfb9ce49bd43804584df39ef2c91\",\"name\":\"medisocial\",\"image\":{\"@type\":\"ImageObject\",\"inLanguage\":\"it-IT\",\"@id\":\"https:\/\/www.medisocial.it\/annapaolacavalieri\/#\/schema\/person\/image\/\",\"url\":\"https:\/\/secure.gravatar.com\/avatar\/efa9393110d3610a15f45429c6613084?s=96&d=mm&r=g\",\"contentUrl\":\"https:\/\/secure.gravatar.com\/avatar\/efa9393110d3610a15f45429c6613084?s=96&d=mm&r=g\",\"caption\":\"medisocial\"}}]}<\/script>\n<!-- \/ Yoast SEO plugin. -->","yoast_head_json":{"title":"Pap test: da che et\u00e0 deve essere eseguito? - Dott.ssa Anna Paola Cavalieri","description":"Pap test: da che et\u00e0 deve essere eseguito? La Dott.ssa Anna Paola Cavalieri Ginecologa a Roma ve ne parla in questo articolo","robots":{"index":"index","follow":"follow","max-snippet":"max-snippet:-1","max-image-preview":"max-image-preview:large","max-video-preview":"max-video-preview:-1"},"canonical":"https:\/\/www.medisocial.it\/annapaolacavalieri\/2022\/01\/03\/pap-test-da-che-eta-deve-essere-eseguito\/","og_locale":"it_IT","og_type":"article","og_title":"Pap test: da che et\u00e0 deve essere eseguito? - Dott.ssa Anna Paola Cavalieri","og_description":"Pap test: da che et\u00e0 deve essere eseguito? La Dott.ssa Anna Paola Cavalieri Ginecologa a Roma ve ne parla in questo articolo","og_url":"https:\/\/www.medisocial.it\/annapaolacavalieri\/2022\/01\/03\/pap-test-da-che-eta-deve-essere-eseguito\/","og_site_name":"Dott.ssa Anna Paola Cavalieri","article_published_time":"2022-01-03T09:46:45+00:00","og_image":[{"width":724,"height":485,"url":"https:\/\/www.medisocial.it\/annapaolacavalieri\/wp-content\/uploads\/2022\/01\/Pap-test.jpg","type":"image\/jpeg"}],"author":"medisocial","twitter_card":"summary_large_image","twitter_misc":{"Scritto da":"medisocial","Tempo di lettura stimato":"2 minuti"},"schema":{"@context":"https:\/\/schema.org","@graph":[{"@type":"Article","@id":"https:\/\/www.medisocial.it\/annapaolacavalieri\/2022\/01\/03\/pap-test-da-che-eta-deve-essere-eseguito\/#article","isPartOf":{"@id":"https:\/\/www.medisocial.it\/annapaolacavalieri\/2022\/01\/03\/pap-test-da-che-eta-deve-essere-eseguito\/"},"author":{"name":"medisocial","@id":"https:\/\/www.medisocial.it\/annapaolacavalieri\/#\/schema\/person\/1cd0bfb9ce49bd43804584df39ef2c91"},"headline":"Pap test: da che et\u00e0 deve essere eseguito?","datePublished":"2022-01-03T09:46:45+00:00","dateModified":"2022-01-03T09:46:45+00:00","mainEntityOfPage":{"@id":"https:\/\/www.medisocial.it\/annapaolacavalieri\/2022\/01\/03\/pap-test-da-che-eta-deve-essere-eseguito\/"},"wordCount":296,"commentCount":0,"publisher":{"@id":"https:\/\/www.medisocial.it\/annapaolacavalieri\/#organization"},"image":{"@id":"https:\/\/www.medisocial.it\/annapaolacavalieri\/2022\/01\/03\/pap-test-da-che-eta-deve-essere-eseguito\/#primaryimage"},"thumbnailUrl":"https:\/\/www.medisocial.it\/annapaolacavalieri\/wp-content\/uploads\/2022\/01\/Pap-test.jpg","keywords":["adolescenti","cancro della cervice uterina","Dott.ssa Anna Paola Cavalieri","ginecologaroma","immunocompetenti","pap test","papillomavirus","screening","specialistaginecologiaroma"],"articleSection":["Articoli"],"inLanguage":"it-IT","potentialAction":[{"@type":"CommentAction","name":"Comment","target":["https:\/\/www.medisocial.it\/annapaolacavalieri\/2022\/01\/03\/pap-test-da-che-eta-deve-essere-eseguito\/#respond"]}]},{"@type":"WebPage","@id":"https:\/\/www.medisocial.it\/annapaolacavalieri\/2022\/01\/03\/pap-test-da-che-eta-deve-essere-eseguito\/","url":"https:\/\/www.medisocial.it\/annapaolacavalieri\/2022\/01\/03\/pap-test-da-che-eta-deve-essere-eseguito\/","name":"Pap test: da che et\u00e0 deve essere eseguito? - Dott.ssa Anna Paola Cavalieri","isPartOf":{"@id":"https:\/\/www.medisocial.it\/annapaolacavalieri\/#website"},"primaryImageOfPage":{"@id":"https:\/\/www.medisocial.it\/annapaolacavalieri\/2022\/01\/03\/pap-test-da-che-eta-deve-essere-eseguito\/#primaryimage"},"image":{"@id":"https:\/\/www.medisocial.it\/annapaolacavalieri\/2022\/01\/03\/pap-test-da-che-eta-deve-essere-eseguito\/#primaryimage"},"thumbnailUrl":"https:\/\/www.medisocial.it\/annapaolacavalieri\/wp-content\/uploads\/2022\/01\/Pap-test.jpg","datePublished":"2022-01-03T09:46:45+00:00","dateModified":"2022-01-03T09:46:45+00:00","description":"Pap test: da che et\u00e0 deve essere eseguito? La Dott.ssa Anna Paola Cavalieri Ginecologa a Roma ve ne parla in questo articolo","breadcrumb":{"@id":"https:\/\/www.medisocial.it\/annapaolacavalieri\/2022\/01\/03\/pap-test-da-che-eta-deve-essere-eseguito\/#breadcrumb"},"inLanguage":"it-IT","potentialAction":[{"@type":"ReadAction","target":["https:\/\/www.medisocial.it\/annapaolacavalieri\/2022\/01\/03\/pap-test-da-che-eta-deve-essere-eseguito\/"]}]},{"@type":"ImageObject","inLanguage":"it-IT","@id":"https:\/\/www.medisocial.it\/annapaolacavalieri\/2022\/01\/03\/pap-test-da-che-eta-deve-essere-eseguito\/#primaryimage","url":"https:\/\/www.medisocial.it\/annapaolacavalieri\/wp-content\/uploads\/2022\/01\/Pap-test.jpg","contentUrl":"https:\/\/www.medisocial.it\/annapaolacavalieri\/wp-content\/uploads\/2022\/01\/Pap-test.jpg","width":724,"height":485,"caption":"Pap-test"},{"@type":"BreadcrumbList","@id":"https:\/\/www.medisocial.it\/annapaolacavalieri\/2022\/01\/03\/pap-test-da-che-eta-deve-essere-eseguito\/#breadcrumb","itemListElement":[{"@type":"ListItem","position":1,"name":"Home","item":"https:\/\/www.medisocial.it\/annapaolacavalieri\/"},{"@type":"ListItem","position":2,"name":"Pap test: da che et\u00e0 deve essere eseguito?"}]},{"@type":"WebSite","@id":"https:\/\/www.medisocial.it\/annapaolacavalieri\/#website","url":"https:\/\/www.medisocial.it\/annapaolacavalieri\/","name":"Dott.ssa Anna Paola Cavalieri","description":"Specialista in Ostetricia e Ginecologia - Roma","publisher":{"@id":"https:\/\/www.medisocial.it\/annapaolacavalieri\/#organization"},"potentialAction":[{"@type":"SearchAction","target":{"@type":"EntryPoint","urlTemplate":"https:\/\/www.medisocial.it\/annapaolacavalieri\/?s={search_term_string}"},"query-input":{"@type":"PropertyValueSpecification","valueRequired":true,"valueName":"search_term_string"}}],"inLanguage":"it-IT"},{"@type":"Organization","@id":"https:\/\/www.medisocial.it\/annapaolacavalieri\/#organization","name":"Dott.ssa Anna Paola Cavalieri","url":"https:\/\/www.medisocial.it\/annapaolacavalieri\/","logo":{"@type":"ImageObject","inLanguage":"it-IT","@id":"https:\/\/www.medisocial.it\/annapaolacavalieri\/#\/schema\/logo\/image\/","url":"https:\/\/www.medisocial.it\/annapaolacavalieri\/wp-content\/uploads\/2019\/06\/logo7.jpg","contentUrl":"https:\/\/www.medisocial.it\/annapaolacavalieri\/wp-content\/uploads\/2019\/06\/logo7.jpg","width":242,"height":99,"caption":"Dott.ssa Anna Paola Cavalieri"},"image":{"@id":"https:\/\/www.medisocial.it\/annapaolacavalieri\/#\/schema\/logo\/image\/"}},{"@type":"Person","@id":"https:\/\/www.medisocial.it\/annapaolacavalieri\/#\/schema\/person\/1cd0bfb9ce49bd43804584df39ef2c91","name":"medisocial","image":{"@type":"ImageObject","inLanguage":"it-IT","@id":"https:\/\/www.medisocial.it\/annapaolacavalieri\/#\/schema\/person\/image\/","url":"https:\/\/secure.gravatar.com\/avatar\/efa9393110d3610a15f45429c6613084?s=96&d=mm&r=g","contentUrl":"https:\/\/secure.gravatar.com\/avatar\/efa9393110d3610a15f45429c6613084?s=96&d=mm&r=g","caption":"medisocial"}}]}},"_links":{"self":[{"href":"https:\/\/www.medisocial.it\/annapaolacavalieri\/wp-json\/wp\/v2\/posts\/673"}],"collection":[{"href":"https:\/\/www.medisocial.it\/annapaolacavalieri\/wp-json\/wp\/v2\/posts"}],"about":[{"href":"https:\/\/www.medisocial.it\/annapaolacavalieri\/wp-json\/wp\/v2\/types\/post"}],"author":[{"embeddable":true,"href":"https:\/\/www.medisocial.it\/annapaolacavalieri\/wp-json\/wp\/v2\/users\/1"}],"replies":[{"embeddable":true,"href":"https:\/\/www.medisocial.it\/annapaolacavalieri\/wp-json\/wp\/v2\/comments?post=673"}],"version-history":[{"count":1,"href":"https:\/\/www.medisocial.it\/annapaolacavalieri\/wp-json\/wp\/v2\/posts\/673\/revisions"}],"predecessor-version":[{"id":675,"href":"https:\/\/www.medisocial.it\/annapaolacavalieri\/wp-json\/wp\/v2\/posts\/673\/revisions\/675"}],"wp:featuredmedia":[{"embeddable":true,"href":"https:\/\/www.medisocial.it\/annapaolacavalieri\/wp-json\/wp\/v2\/media\/674"}],"wp:attachment":[{"href":"https:\/\/www.medisocial.it\/annapaolacavalieri\/wp-json\/wp\/v2\/media?parent=673"}],"wp:term":[{"taxonomy":"category","embeddable":true,"href":"https:\/\/www.medisocial.it\/annapaolacavalieri\/wp-json\/wp\/v2\/categories?post=673"},{"taxonomy":"post_tag","embeddable":true,"href":"https:\/\/www.medisocial.it\/annapaolacavalieri\/wp-json\/wp\/v2\/tags?post=673"}],"curies":[{"name":"wp","href":"https:\/\/api.w.org\/{rel}","templated":true}]}}