{"id":658,"date":"2021-10-14T12:58:15","date_gmt":"2021-10-14T10:58:15","guid":{"rendered":"https:\/\/www.medisocial.it\/annapaolacavalieri\/?p=658"},"modified":"2021-10-14T12:58:15","modified_gmt":"2021-10-14T10:58:15","slug":"attivita-fisica-in-gravidanza-e-modalita-del-parto","status":"publish","type":"post","link":"https:\/\/www.medisocial.it\/annapaolacavalieri\/2021\/10\/14\/attivita-fisica-in-gravidanza-e-modalita-del-parto\/","title":{"rendered":"Attivit\u00e0 fisica in gravidanza e modalit\u00e0 del parto"},"content":{"rendered":"<p><strong>Attivit\u00e0 fisica in gravidanza e modalit\u00e0 del parto. <\/strong>\u00c8 ormai noto come l\u2019attivit\u00e0 fisica in gravidanza sia associata ad un rischio ridotto di sviluppare complicazioni quali diabete e ipertensione gestazionale .<\/p>\n<p>I dati invece sull\u2019impatto dell\u2019attivit\u00e0 fisica sulle modalit\u00e0 del parto sono minori.<\/p>\n<p>A tal proposito \u00e8 stato pubblicato nel 2021 un interessante studio su un ampio campione di donne : \u201cThe impact of physical activity during pregnancy on labor and delivery \u201c.<\/p>\n<p>In tale lavoro sono state studiate 811 donne in gravidanza, dividendole in categorie diverse a seconda del livello di attivit\u00e0 fisica svolto durante la gravidanza.<\/p>\n<p>Per attivit\u00e0 fisica non si \u00e8 considerato solo lo sport ma anche lo stile di vita (sedentario o no), i lavori domestici in casa, etc.<\/p>\n<h4><strong>Sono state escluse gravidanze gemellari e con patologie fetali.<\/strong><\/h4>\n<p>Lo studio ha analizzato sia travagli spontanei che travagli indotti.<\/p>\n<p>I dati raccolti hanno mostrato che non vi \u00e8 differenza tra in vari gruppi per quanto riguarda la percentuale di tagli cesarei in travaglio, parti operativi (ventosa o forcipe ) e lacerazioni del perineo.<\/p>\n<h4><strong>\u00c8 invece emersa una associazione significativa tra attivit\u00e0 fisica pi\u00f9 intensa e durata minore della fase attiva del travaglio.<\/strong><\/h4>\n<p>Possiamo dunque concludere che l\u2019attivit\u00e0 fisica in gravidanza riduce il rischio di patologie materne come diabete e preeclampsia ed \u00e8 associata ad un travaglio pi\u00f9 veloce.<\/p>\n<p>Ovviamente esistono dei casi in cui invece l\u2019attivit\u00e0 fisica \u00e8 sconsigliata (ad esempio minaccia di aborto, minaccia di parto prematuro, placenta previa) per cui sar\u00e0 importante discuterne con il proprio curante.<\/p>\n<p>Sei in gravidanza e vuoi prenotare una visita di controllo? Vai nella sezione <strong><a href=\"https:\/\/www.medisocial.it\/annapaolacavalieri\/contatti\/\">Contatti<\/a><\/strong><\/p>\n","protected":false},"excerpt":{"rendered":"<p>Attivit\u00e0 fisica in gravidanza e modalit\u00e0 del parto. \u00c8 ormai noto come l\u2019attivit\u00e0 fisica in gravidanza sia associata ad un rischio ridotto di sviluppare complicazioni quali diabete e ipertensione gestazionale . I dati invece sull\u2019impatto dell\u2019attivit\u00e0 fisica sulle modalit\u00e0 del parto sono minori. A tal proposito \u00e8 stato pubblicato nel 2021 un interessante studio su [&hellip;]<\/p>\n","protected":false},"author":1,"featured_media":659,"comment_status":"open","ping_status":"open","sticky":false,"template":"","format":"standard","meta":{"_monsterinsights_skip_tracking":false,"_monsterinsights_sitenote_active":false,"_monsterinsights_sitenote_note":"","_monsterinsights_sitenote_category":0,"footnotes":""},"categories":[7],"tags":[155,67,173,130,10,298,301,302,93,299,304,303,300,131,153,96],"yoast_head":"<!-- This site is optimized with the Yoast SEO plugin v23.5 - https:\/\/yoast.com\/wordpress\/plugins\/seo\/ -->\n<title>Attivit\u00e0 fisica in gravidanza e modalit\u00e0 del parto - Dott.ssa Anna Paola Cavalieri<\/title>\n<meta name=\"description\" content=\"Attivit\u00e0 fisica in gravidanza e modalit\u00e0 del parto. L\u2019attivit\u00e0 fisica in gravidanza \u00e8 associata a rischio ridotto di sviluppare complicazioni\" \/>\n<meta name=\"robots\" content=\"index, follow, max-snippet:-1, max-image-preview:large, max-video-preview:-1\" \/>\n<link rel=\"canonical\" href=\"https:\/\/www.medisocial.it\/annapaolacavalieri\/2021\/10\/14\/attivita-fisica-in-gravidanza-e-modalita-del-parto\/\" \/>\n<meta property=\"og:locale\" content=\"it_IT\" \/>\n<meta property=\"og:type\" content=\"article\" \/>\n<meta property=\"og:title\" content=\"Attivit\u00e0 fisica in gravidanza e modalit\u00e0 del parto - Dott.ssa Anna Paola Cavalieri\" \/>\n<meta property=\"og:description\" content=\"Attivit\u00e0 fisica in gravidanza e modalit\u00e0 del parto. L\u2019attivit\u00e0 fisica in gravidanza \u00e8 associata a rischio ridotto di sviluppare complicazioni\" \/>\n<meta property=\"og:url\" content=\"https:\/\/www.medisocial.it\/annapaolacavalieri\/2021\/10\/14\/attivita-fisica-in-gravidanza-e-modalita-del-parto\/\" \/>\n<meta property=\"og:site_name\" content=\"Dott.ssa Anna Paola Cavalieri\" \/>\n<meta property=\"article:published_time\" content=\"2021-10-14T10:58:15+00:00\" \/>\n<meta property=\"og:image\" content=\"https:\/\/www.medisocial.it\/annapaolacavalieri\/wp-content\/uploads\/2021\/10\/attivita\u0300-fisica-scaled.jpg\" \/>\n\t<meta property=\"og:image:width\" content=\"2560\" \/>\n\t<meta property=\"og:image:height\" content=\"1707\" \/>\n\t<meta property=\"og:image:type\" content=\"image\/jpeg\" \/>\n<meta name=\"author\" content=\"medisocial\" \/>\n<meta name=\"twitter:card\" content=\"summary_large_image\" \/>\n<meta name=\"twitter:label1\" content=\"Scritto da\" \/>\n\t<meta name=\"twitter:data1\" content=\"medisocial\" \/>\n\t<meta name=\"twitter:label2\" content=\"Tempo di lettura stimato\" \/>\n\t<meta name=\"twitter:data2\" content=\"2 minuti\" \/>\n<script type=\"application\/ld+json\" class=\"yoast-schema-graph\">{\"@context\":\"https:\/\/schema.org\",\"@graph\":[{\"@type\":\"Article\",\"@id\":\"https:\/\/www.medisocial.it\/annapaolacavalieri\/2021\/10\/14\/attivita-fisica-in-gravidanza-e-modalita-del-parto\/#article\",\"isPartOf\":{\"@id\":\"https:\/\/www.medisocial.it\/annapaolacavalieri\/2021\/10\/14\/attivita-fisica-in-gravidanza-e-modalita-del-parto\/\"},\"author\":{\"name\":\"medisocial\",\"@id\":\"https:\/\/www.medisocial.it\/annapaolacavalieri\/#\/schema\/person\/1cd0bfb9ce49bd43804584df39ef2c91\"},\"headline\":\"Attivit\u00e0 fisica in gravidanza e modalit\u00e0 del parto\",\"datePublished\":\"2021-10-14T10:58:15+00:00\",\"dateModified\":\"2021-10-14T10:58:15+00:00\",\"mainEntityOfPage\":{\"@id\":\"https:\/\/www.medisocial.it\/annapaolacavalieri\/2021\/10\/14\/attivita-fisica-in-gravidanza-e-modalita-del-parto\/\"},\"wordCount\":266,\"commentCount\":0,\"publisher\":{\"@id\":\"https:\/\/www.medisocial.it\/annapaolacavalieri\/#organization\"},\"image\":{\"@id\":\"https:\/\/www.medisocial.it\/annapaolacavalieri\/2021\/10\/14\/attivita-fisica-in-gravidanza-e-modalita-del-parto\/#primaryimage\"},\"thumbnailUrl\":\"https:\/\/www.medisocial.it\/annapaolacavalieri\/wp-content\/uploads\/2021\/10\/attivita\u0300-fisica-scaled.jpg\",\"keywords\":[\"attivit\u00e0 fisica\",\"diabete\",\"Dott.ssa Anna Paola Cavalieri\",\"ginecologaroma\",\"gravidanza\",\"ipertensione gestazionale\",\"minaccia di aborto\",\"minaccia di parto prematuro\",\"parto\",\"patologie fetali\",\"placenta\",\"placenta previa\",\"preeclampsia\",\"specialistaginecologiaroma\",\"stile di vita\",\"travaglio\"],\"articleSection\":[\"Articoli\"],\"inLanguage\":\"it-IT\",\"potentialAction\":[{\"@type\":\"CommentAction\",\"name\":\"Comment\",\"target\":[\"https:\/\/www.medisocial.it\/annapaolacavalieri\/2021\/10\/14\/attivita-fisica-in-gravidanza-e-modalita-del-parto\/#respond\"]}]},{\"@type\":\"WebPage\",\"@id\":\"https:\/\/www.medisocial.it\/annapaolacavalieri\/2021\/10\/14\/attivita-fisica-in-gravidanza-e-modalita-del-parto\/\",\"url\":\"https:\/\/www.medisocial.it\/annapaolacavalieri\/2021\/10\/14\/attivita-fisica-in-gravidanza-e-modalita-del-parto\/\",\"name\":\"Attivit\u00e0 fisica in gravidanza e modalit\u00e0 del parto - Dott.ssa Anna Paola Cavalieri\",\"isPartOf\":{\"@id\":\"https:\/\/www.medisocial.it\/annapaolacavalieri\/#website\"},\"primaryImageOfPage\":{\"@id\":\"https:\/\/www.medisocial.it\/annapaolacavalieri\/2021\/10\/14\/attivita-fisica-in-gravidanza-e-modalita-del-parto\/#primaryimage\"},\"image\":{\"@id\":\"https:\/\/www.medisocial.it\/annapaolacavalieri\/2021\/10\/14\/attivita-fisica-in-gravidanza-e-modalita-del-parto\/#primaryimage\"},\"thumbnailUrl\":\"https:\/\/www.medisocial.it\/annapaolacavalieri\/wp-content\/uploads\/2021\/10\/attivita\u0300-fisica-scaled.jpg\",\"datePublished\":\"2021-10-14T10:58:15+00:00\",\"dateModified\":\"2021-10-14T10:58:15+00:00\",\"description\":\"Attivit\u00e0 fisica in gravidanza e modalit\u00e0 del parto. L\u2019attivit\u00e0 fisica in gravidanza \u00e8 associata a rischio ridotto di sviluppare complicazioni\",\"breadcrumb\":{\"@id\":\"https:\/\/www.medisocial.it\/annapaolacavalieri\/2021\/10\/14\/attivita-fisica-in-gravidanza-e-modalita-del-parto\/#breadcrumb\"},\"inLanguage\":\"it-IT\",\"potentialAction\":[{\"@type\":\"ReadAction\",\"target\":[\"https:\/\/www.medisocial.it\/annapaolacavalieri\/2021\/10\/14\/attivita-fisica-in-gravidanza-e-modalita-del-parto\/\"]}]},{\"@type\":\"ImageObject\",\"inLanguage\":\"it-IT\",\"@id\":\"https:\/\/www.medisocial.it\/annapaolacavalieri\/2021\/10\/14\/attivita-fisica-in-gravidanza-e-modalita-del-parto\/#primaryimage\",\"url\":\"https:\/\/www.medisocial.it\/annapaolacavalieri\/wp-content\/uploads\/2021\/10\/attivita\u0300-fisica-scaled.jpg\",\"contentUrl\":\"https:\/\/www.medisocial.it\/annapaolacavalieri\/wp-content\/uploads\/2021\/10\/attivita\u0300-fisica-scaled.jpg\",\"width\":2560,\"height\":1707,\"caption\":\"attivita\u0300 fisica\"},{\"@type\":\"BreadcrumbList\",\"@id\":\"https:\/\/www.medisocial.it\/annapaolacavalieri\/2021\/10\/14\/attivita-fisica-in-gravidanza-e-modalita-del-parto\/#breadcrumb\",\"itemListElement\":[{\"@type\":\"ListItem\",\"position\":1,\"name\":\"Home\",\"item\":\"https:\/\/www.medisocial.it\/annapaolacavalieri\/\"},{\"@type\":\"ListItem\",\"position\":2,\"name\":\"Attivit\u00e0 fisica in gravidanza e modalit\u00e0 del parto\"}]},{\"@type\":\"WebSite\",\"@id\":\"https:\/\/www.medisocial.it\/annapaolacavalieri\/#website\",\"url\":\"https:\/\/www.medisocial.it\/annapaolacavalieri\/\",\"name\":\"Dott.ssa Anna Paola Cavalieri\",\"description\":\"Specialista in Ostetricia e Ginecologia - Roma\",\"publisher\":{\"@id\":\"https:\/\/www.medisocial.it\/annapaolacavalieri\/#organization\"},\"potentialAction\":[{\"@type\":\"SearchAction\",\"target\":{\"@type\":\"EntryPoint\",\"urlTemplate\":\"https:\/\/www.medisocial.it\/annapaolacavalieri\/?s={search_term_string}\"},\"query-input\":{\"@type\":\"PropertyValueSpecification\",\"valueRequired\":true,\"valueName\":\"search_term_string\"}}],\"inLanguage\":\"it-IT\"},{\"@type\":\"Organization\",\"@id\":\"https:\/\/www.medisocial.it\/annapaolacavalieri\/#organization\",\"name\":\"Dott.ssa Anna Paola Cavalieri\",\"url\":\"https:\/\/www.medisocial.it\/annapaolacavalieri\/\",\"logo\":{\"@type\":\"ImageObject\",\"inLanguage\":\"it-IT\",\"@id\":\"https:\/\/www.medisocial.it\/annapaolacavalieri\/#\/schema\/logo\/image\/\",\"url\":\"https:\/\/www.medisocial.it\/annapaolacavalieri\/wp-content\/uploads\/2019\/06\/logo7.jpg\",\"contentUrl\":\"https:\/\/www.medisocial.it\/annapaolacavalieri\/wp-content\/uploads\/2019\/06\/logo7.jpg\",\"width\":242,\"height\":99,\"caption\":\"Dott.ssa Anna Paola Cavalieri\"},\"image\":{\"@id\":\"https:\/\/www.medisocial.it\/annapaolacavalieri\/#\/schema\/logo\/image\/\"}},{\"@type\":\"Person\",\"@id\":\"https:\/\/www.medisocial.it\/annapaolacavalieri\/#\/schema\/person\/1cd0bfb9ce49bd43804584df39ef2c91\",\"name\":\"medisocial\",\"image\":{\"@type\":\"ImageObject\",\"inLanguage\":\"it-IT\",\"@id\":\"https:\/\/www.medisocial.it\/annapaolacavalieri\/#\/schema\/person\/image\/\",\"url\":\"https:\/\/secure.gravatar.com\/avatar\/efa9393110d3610a15f45429c6613084?s=96&d=mm&r=g\",\"contentUrl\":\"https:\/\/secure.gravatar.com\/avatar\/efa9393110d3610a15f45429c6613084?s=96&d=mm&r=g\",\"caption\":\"medisocial\"}}]}<\/script>\n<!-- \/ Yoast SEO plugin. -->","yoast_head_json":{"title":"Attivit\u00e0 fisica in gravidanza e modalit\u00e0 del parto - Dott.ssa Anna Paola Cavalieri","description":"Attivit\u00e0 fisica in gravidanza e modalit\u00e0 del parto. L\u2019attivit\u00e0 fisica in gravidanza \u00e8 associata a rischio ridotto di sviluppare complicazioni","robots":{"index":"index","follow":"follow","max-snippet":"max-snippet:-1","max-image-preview":"max-image-preview:large","max-video-preview":"max-video-preview:-1"},"canonical":"https:\/\/www.medisocial.it\/annapaolacavalieri\/2021\/10\/14\/attivita-fisica-in-gravidanza-e-modalita-del-parto\/","og_locale":"it_IT","og_type":"article","og_title":"Attivit\u00e0 fisica in gravidanza e modalit\u00e0 del parto - Dott.ssa Anna Paola Cavalieri","og_description":"Attivit\u00e0 fisica in gravidanza e modalit\u00e0 del parto. L\u2019attivit\u00e0 fisica in gravidanza \u00e8 associata a rischio ridotto di sviluppare complicazioni","og_url":"https:\/\/www.medisocial.it\/annapaolacavalieri\/2021\/10\/14\/attivita-fisica-in-gravidanza-e-modalita-del-parto\/","og_site_name":"Dott.ssa Anna Paola Cavalieri","article_published_time":"2021-10-14T10:58:15+00:00","og_image":[{"width":2560,"height":1707,"url":"https:\/\/www.medisocial.it\/annapaolacavalieri\/wp-content\/uploads\/2021\/10\/attivita\u0300-fisica-scaled.jpg","type":"image\/jpeg"}],"author":"medisocial","twitter_card":"summary_large_image","twitter_misc":{"Scritto da":"medisocial","Tempo di lettura stimato":"2 minuti"},"schema":{"@context":"https:\/\/schema.org","@graph":[{"@type":"Article","@id":"https:\/\/www.medisocial.it\/annapaolacavalieri\/2021\/10\/14\/attivita-fisica-in-gravidanza-e-modalita-del-parto\/#article","isPartOf":{"@id":"https:\/\/www.medisocial.it\/annapaolacavalieri\/2021\/10\/14\/attivita-fisica-in-gravidanza-e-modalita-del-parto\/"},"author":{"name":"medisocial","@id":"https:\/\/www.medisocial.it\/annapaolacavalieri\/#\/schema\/person\/1cd0bfb9ce49bd43804584df39ef2c91"},"headline":"Attivit\u00e0 fisica in gravidanza e modalit\u00e0 del parto","datePublished":"2021-10-14T10:58:15+00:00","dateModified":"2021-10-14T10:58:15+00:00","mainEntityOfPage":{"@id":"https:\/\/www.medisocial.it\/annapaolacavalieri\/2021\/10\/14\/attivita-fisica-in-gravidanza-e-modalita-del-parto\/"},"wordCount":266,"commentCount":0,"publisher":{"@id":"https:\/\/www.medisocial.it\/annapaolacavalieri\/#organization"},"image":{"@id":"https:\/\/www.medisocial.it\/annapaolacavalieri\/2021\/10\/14\/attivita-fisica-in-gravidanza-e-modalita-del-parto\/#primaryimage"},"thumbnailUrl":"https:\/\/www.medisocial.it\/annapaolacavalieri\/wp-content\/uploads\/2021\/10\/attivita\u0300-fisica-scaled.jpg","keywords":["attivit\u00e0 fisica","diabete","Dott.ssa Anna Paola Cavalieri","ginecologaroma","gravidanza","ipertensione gestazionale","minaccia di aborto","minaccia di parto prematuro","parto","patologie fetali","placenta","placenta previa","preeclampsia","specialistaginecologiaroma","stile di vita","travaglio"],"articleSection":["Articoli"],"inLanguage":"it-IT","potentialAction":[{"@type":"CommentAction","name":"Comment","target":["https:\/\/www.medisocial.it\/annapaolacavalieri\/2021\/10\/14\/attivita-fisica-in-gravidanza-e-modalita-del-parto\/#respond"]}]},{"@type":"WebPage","@id":"https:\/\/www.medisocial.it\/annapaolacavalieri\/2021\/10\/14\/attivita-fisica-in-gravidanza-e-modalita-del-parto\/","url":"https:\/\/www.medisocial.it\/annapaolacavalieri\/2021\/10\/14\/attivita-fisica-in-gravidanza-e-modalita-del-parto\/","name":"Attivit\u00e0 fisica in gravidanza e modalit\u00e0 del parto - Dott.ssa Anna Paola Cavalieri","isPartOf":{"@id":"https:\/\/www.medisocial.it\/annapaolacavalieri\/#website"},"primaryImageOfPage":{"@id":"https:\/\/www.medisocial.it\/annapaolacavalieri\/2021\/10\/14\/attivita-fisica-in-gravidanza-e-modalita-del-parto\/#primaryimage"},"image":{"@id":"https:\/\/www.medisocial.it\/annapaolacavalieri\/2021\/10\/14\/attivita-fisica-in-gravidanza-e-modalita-del-parto\/#primaryimage"},"thumbnailUrl":"https:\/\/www.medisocial.it\/annapaolacavalieri\/wp-content\/uploads\/2021\/10\/attivita\u0300-fisica-scaled.jpg","datePublished":"2021-10-14T10:58:15+00:00","dateModified":"2021-10-14T10:58:15+00:00","description":"Attivit\u00e0 fisica in gravidanza e modalit\u00e0 del parto. L\u2019attivit\u00e0 fisica in gravidanza \u00e8 associata a rischio ridotto di sviluppare complicazioni","breadcrumb":{"@id":"https:\/\/www.medisocial.it\/annapaolacavalieri\/2021\/10\/14\/attivita-fisica-in-gravidanza-e-modalita-del-parto\/#breadcrumb"},"inLanguage":"it-IT","potentialAction":[{"@type":"ReadAction","target":["https:\/\/www.medisocial.it\/annapaolacavalieri\/2021\/10\/14\/attivita-fisica-in-gravidanza-e-modalita-del-parto\/"]}]},{"@type":"ImageObject","inLanguage":"it-IT","@id":"https:\/\/www.medisocial.it\/annapaolacavalieri\/2021\/10\/14\/attivita-fisica-in-gravidanza-e-modalita-del-parto\/#primaryimage","url":"https:\/\/www.medisocial.it\/annapaolacavalieri\/wp-content\/uploads\/2021\/10\/attivita\u0300-fisica-scaled.jpg","contentUrl":"https:\/\/www.medisocial.it\/annapaolacavalieri\/wp-content\/uploads\/2021\/10\/attivita\u0300-fisica-scaled.jpg","width":2560,"height":1707,"caption":"attivita\u0300 fisica"},{"@type":"BreadcrumbList","@id":"https:\/\/www.medisocial.it\/annapaolacavalieri\/2021\/10\/14\/attivita-fisica-in-gravidanza-e-modalita-del-parto\/#breadcrumb","itemListElement":[{"@type":"ListItem","position":1,"name":"Home","item":"https:\/\/www.medisocial.it\/annapaolacavalieri\/"},{"@type":"ListItem","position":2,"name":"Attivit\u00e0 fisica in gravidanza e modalit\u00e0 del parto"}]},{"@type":"WebSite","@id":"https:\/\/www.medisocial.it\/annapaolacavalieri\/#website","url":"https:\/\/www.medisocial.it\/annapaolacavalieri\/","name":"Dott.ssa Anna Paola Cavalieri","description":"Specialista in Ostetricia e Ginecologia - Roma","publisher":{"@id":"https:\/\/www.medisocial.it\/annapaolacavalieri\/#organization"},"potentialAction":[{"@type":"SearchAction","target":{"@type":"EntryPoint","urlTemplate":"https:\/\/www.medisocial.it\/annapaolacavalieri\/?s={search_term_string}"},"query-input":{"@type":"PropertyValueSpecification","valueRequired":true,"valueName":"search_term_string"}}],"inLanguage":"it-IT"},{"@type":"Organization","@id":"https:\/\/www.medisocial.it\/annapaolacavalieri\/#organization","name":"Dott.ssa Anna Paola Cavalieri","url":"https:\/\/www.medisocial.it\/annapaolacavalieri\/","logo":{"@type":"ImageObject","inLanguage":"it-IT","@id":"https:\/\/www.medisocial.it\/annapaolacavalieri\/#\/schema\/logo\/image\/","url":"https:\/\/www.medisocial.it\/annapaolacavalieri\/wp-content\/uploads\/2019\/06\/logo7.jpg","contentUrl":"https:\/\/www.medisocial.it\/annapaolacavalieri\/wp-content\/uploads\/2019\/06\/logo7.jpg","width":242,"height":99,"caption":"Dott.ssa Anna Paola Cavalieri"},"image":{"@id":"https:\/\/www.medisocial.it\/annapaolacavalieri\/#\/schema\/logo\/image\/"}},{"@type":"Person","@id":"https:\/\/www.medisocial.it\/annapaolacavalieri\/#\/schema\/person\/1cd0bfb9ce49bd43804584df39ef2c91","name":"medisocial","image":{"@type":"ImageObject","inLanguage":"it-IT","@id":"https:\/\/www.medisocial.it\/annapaolacavalieri\/#\/schema\/person\/image\/","url":"https:\/\/secure.gravatar.com\/avatar\/efa9393110d3610a15f45429c6613084?s=96&d=mm&r=g","contentUrl":"https:\/\/secure.gravatar.com\/avatar\/efa9393110d3610a15f45429c6613084?s=96&d=mm&r=g","caption":"medisocial"}}]}},"_links":{"self":[{"href":"https:\/\/www.medisocial.it\/annapaolacavalieri\/wp-json\/wp\/v2\/posts\/658"}],"collection":[{"href":"https:\/\/www.medisocial.it\/annapaolacavalieri\/wp-json\/wp\/v2\/posts"}],"about":[{"href":"https:\/\/www.medisocial.it\/annapaolacavalieri\/wp-json\/wp\/v2\/types\/post"}],"author":[{"embeddable":true,"href":"https:\/\/www.medisocial.it\/annapaolacavalieri\/wp-json\/wp\/v2\/users\/1"}],"replies":[{"embeddable":true,"href":"https:\/\/www.medisocial.it\/annapaolacavalieri\/wp-json\/wp\/v2\/comments?post=658"}],"version-history":[{"count":1,"href":"https:\/\/www.medisocial.it\/annapaolacavalieri\/wp-json\/wp\/v2\/posts\/658\/revisions"}],"predecessor-version":[{"id":660,"href":"https:\/\/www.medisocial.it\/annapaolacavalieri\/wp-json\/wp\/v2\/posts\/658\/revisions\/660"}],"wp:featuredmedia":[{"embeddable":true,"href":"https:\/\/www.medisocial.it\/annapaolacavalieri\/wp-json\/wp\/v2\/media\/659"}],"wp:attachment":[{"href":"https:\/\/www.medisocial.it\/annapaolacavalieri\/wp-json\/wp\/v2\/media?parent=658"}],"wp:term":[{"taxonomy":"category","embeddable":true,"href":"https:\/\/www.medisocial.it\/annapaolacavalieri\/wp-json\/wp\/v2\/categories?post=658"},{"taxonomy":"post_tag","embeddable":true,"href":"https:\/\/www.medisocial.it\/annapaolacavalieri\/wp-json\/wp\/v2\/tags?post=658"}],"curies":[{"name":"wp","href":"https:\/\/api.w.org\/{rel}","templated":true}]}}