{"id":650,"date":"2021-09-06T12:31:33","date_gmt":"2021-09-06T10:31:33","guid":{"rendered":"https:\/\/www.medisocial.it\/annapaolacavalieri\/?p=650"},"modified":"2021-09-06T12:31:33","modified_gmt":"2021-09-06T10:31:33","slug":"consumo-di-alcol-in-gravidanza-la-sindrome-feto-alcolica","status":"publish","type":"post","link":"https:\/\/www.medisocial.it\/annapaolacavalieri\/2021\/09\/06\/consumo-di-alcol-in-gravidanza-la-sindrome-feto-alcolica\/","title":{"rendered":"Consumo di alcol in gravidanza: la sindrome feto alcolica"},"content":{"rendered":"<p><strong>Consumo di alcol in gravidanza: la sindrome feto alcolica #FASDAwarenessMonth <\/strong>Settembre \u00e8 il mese della consapevolezza dei disturbi della sindrome feto alcolica, cio\u00e8 dei danni fetali legati al consumo di alcool in gravidanza.<\/p>\n<h4><strong>\u00c8 opportuno informare tutte le donne che non esiste quantit\u00e0 sicura, tempo sicuro e nessun tipo di alcol sicuro durante la gravidanza.<\/strong><\/h4>\n<p>L\u2019alcol ingerito dalla madre giunge dopo pochi minuti nel sangue del feto, ma il feto non pu\u00f2 metabolizzare l\u2019alcol perch\u00e9 \u00e8 privo degli enzimi adatti a questo compito, di conseguenza l\u2019alcol e i suoi metaboliti si accumulano nel suo sistema nervoso e in altri organi danneggiandoli.<\/p>\n<h4><strong>La sindrome feto-alcolica (Fetal Alcohol Syndrome FAS) \u00e8 la pi\u00f9 grave conseguenza fetale legata all\u2019alcol consumato dalla madre durante la gravidanza.<\/strong><\/h4>\n<p>Le caratteristiche cliniche della sindrome feto-alcolica comprendono principalmente alterazioni della forma del volto (fessure palpebrali strette, naso corto e piatto, labbro superiore sottile di colore rosso acceso, scarso sviluppo della mascella e della mandibola), anormalit\u00e0 del sistema nervoso centrale (SNC) e ritardo della crescita.<\/p>\n<p>Le caratteristiche cliniche predominanti possono variare con l&#8217;et\u00e0, alcune infatti possono manifestarsi prima o dopo la nascita.<\/p>\n<p>La compromissione del sistema nervoso centrale pu\u00f2 non essere evidente fino a quando il bambino inizia a frequentare la scuola.<\/p>\n<h4><strong>L&#8217;esposizione all&#8217;alcool prima della nascita pu\u00f2 causare inoltre anomalie cardiache, Scheletriche , renali, oculari, uditive.<\/strong><\/h4>\n<p>Circa il 70% dei bambini con una forte esposizione all&#8217;alcol prima della nascita mostra deficit neurocomportamentali tra cui:<\/p>\n<p>\u2022 Prima infanzia: irritabilit\u00e0, nervosismo, polso o pressione arteriosa irregolari),problemi di sonno, attenzione, eccitazione e ritardo nello sviluppo neurocognitivo;<\/p>\n<p>\u2022 Seconda infanzia: iperattivit\u00e0, disattenzione, compromissione cognitiva, reattivit\u00e0 emotiva, difficolt\u00e0 di apprendimento, ipotonia, deficit uditivo e visivo, convulsioni, deficit nella memoria e del ragionamento;<\/p>\n<p>\u2022 Adolescenza e giovane et\u00e0 adulta: deficit nelle abilit\u00e0 sociali, interruzione della scuola, incapacit\u00e0 di mantenere un impiego, comportamento sessuale inappropriato.<\/p>\n<p>Queste alterazioni si possono presentare con modalit\u00e0 e gravit\u00e0 diverse tali da comportare un ampio spettro di disordini che vengono ricompresi nel termine FASD (Fetal Alcohol Spectrum Disorder).<\/p>\n<h4><strong>Pertanto il consiglio dei professionisti della salute \u00e8 sempre di astenersi dal bere alcol durante la gravidanza.<\/strong><\/h4>\n<p>Per prenotare una visita, vai nella sezione <a href=\"https:\/\/www.medisocial.it\/annapaolacavalieri\/contatti\/\"><strong>Contatti<\/strong><\/a><\/p>\n","protected":false},"excerpt":{"rendered":"<p>Consumo di alcol in gravidanza: la sindrome feto alcolica #FASDAwarenessMonth Settembre \u00e8 il mese della consapevolezza dei disturbi della sindrome feto alcolica, cio\u00e8 dei danni fetali legati al consumo di alcool in gravidanza. \u00c8 opportuno informare tutte le donne che non esiste quantit\u00e0 sicura, tempo sicuro e nessun tipo di alcol sicuro durante la gravidanza. [&hellip;]<\/p>\n","protected":false},"author":1,"featured_media":651,"comment_status":"open","ping_status":"open","sticky":false,"template":"","format":"standard","meta":{"_monsterinsights_skip_tracking":false,"_monsterinsights_sitenote_active":false,"_monsterinsights_sitenote_note":"","_monsterinsights_sitenote_category":0,"footnotes":""},"categories":[7],"tags":[285,289,173,130,10,288,286,287,131],"yoast_head":"<!-- This site is optimized with the Yoast SEO plugin v23.5 - https:\/\/yoast.com\/wordpress\/plugins\/seo\/ -->\n<title>Consumo di alcol in gravidanza: la sindrome feto alcolica - Dott.ssa Anna Paola Cavalieri<\/title>\n<meta name=\"description\" content=\"Consumo di alcol in gravidanza: la sindrome feto alcolica #FASDAwarenessMonth Settembre \u00e8 il mese della consapevolezza dei disturbi della sindrome feto alcolica\" \/>\n<meta name=\"robots\" content=\"index, follow, max-snippet:-1, max-image-preview:large, max-video-preview:-1\" \/>\n<link rel=\"canonical\" href=\"https:\/\/www.medisocial.it\/annapaolacavalieri\/2021\/09\/06\/consumo-di-alcol-in-gravidanza-la-sindrome-feto-alcolica\/\" \/>\n<meta property=\"og:locale\" content=\"it_IT\" \/>\n<meta property=\"og:type\" content=\"article\" \/>\n<meta property=\"og:title\" content=\"Consumo di alcol in gravidanza: la sindrome feto alcolica - Dott.ssa Anna Paola Cavalieri\" \/>\n<meta property=\"og:description\" content=\"Consumo di alcol in gravidanza: la sindrome feto alcolica #FASDAwarenessMonth Settembre \u00e8 il mese della consapevolezza dei disturbi della sindrome feto alcolica\" \/>\n<meta property=\"og:url\" content=\"https:\/\/www.medisocial.it\/annapaolacavalieri\/2021\/09\/06\/consumo-di-alcol-in-gravidanza-la-sindrome-feto-alcolica\/\" \/>\n<meta property=\"og:site_name\" content=\"Dott.ssa Anna Paola Cavalieri\" \/>\n<meta property=\"article:published_time\" content=\"2021-09-06T10:31:33+00:00\" \/>\n<meta property=\"og:image\" content=\"https:\/\/www.medisocial.it\/annapaolacavalieri\/wp-content\/uploads\/2021\/09\/Consusmo-di-Alcool-in-gravidanza.jpeg\" \/>\n\t<meta property=\"og:image:width\" content=\"572\" \/>\n\t<meta property=\"og:image:height\" content=\"288\" \/>\n\t<meta property=\"og:image:type\" content=\"image\/jpeg\" \/>\n<meta name=\"author\" content=\"medisocial\" \/>\n<meta name=\"twitter:card\" content=\"summary_large_image\" \/>\n<meta name=\"twitter:label1\" content=\"Scritto da\" \/>\n\t<meta name=\"twitter:data1\" content=\"medisocial\" \/>\n\t<meta name=\"twitter:label2\" content=\"Tempo di lettura stimato\" \/>\n\t<meta name=\"twitter:data2\" content=\"2 minuti\" \/>\n<script type=\"application\/ld+json\" class=\"yoast-schema-graph\">{\"@context\":\"https:\/\/schema.org\",\"@graph\":[{\"@type\":\"Article\",\"@id\":\"https:\/\/www.medisocial.it\/annapaolacavalieri\/2021\/09\/06\/consumo-di-alcol-in-gravidanza-la-sindrome-feto-alcolica\/#article\",\"isPartOf\":{\"@id\":\"https:\/\/www.medisocial.it\/annapaolacavalieri\/2021\/09\/06\/consumo-di-alcol-in-gravidanza-la-sindrome-feto-alcolica\/\"},\"author\":{\"name\":\"medisocial\",\"@id\":\"https:\/\/www.medisocial.it\/annapaolacavalieri\/#\/schema\/person\/1cd0bfb9ce49bd43804584df39ef2c91\"},\"headline\":\"Consumo di alcol in gravidanza: la sindrome feto alcolica\",\"datePublished\":\"2021-09-06T10:31:33+00:00\",\"dateModified\":\"2021-09-06T10:31:33+00:00\",\"mainEntityOfPage\":{\"@id\":\"https:\/\/www.medisocial.it\/annapaolacavalieri\/2021\/09\/06\/consumo-di-alcol-in-gravidanza-la-sindrome-feto-alcolica\/\"},\"wordCount\":361,\"commentCount\":0,\"publisher\":{\"@id\":\"https:\/\/www.medisocial.it\/annapaolacavalieri\/#organization\"},\"image\":{\"@id\":\"https:\/\/www.medisocial.it\/annapaolacavalieri\/2021\/09\/06\/consumo-di-alcol-in-gravidanza-la-sindrome-feto-alcolica\/#primaryimage\"},\"thumbnailUrl\":\"https:\/\/www.medisocial.it\/annapaolacavalieri\/wp-content\/uploads\/2021\/09\/Consusmo-di-Alcool-in-gravidanza.jpeg\",\"keywords\":[\"alcol\",\"deficit uditivo e visivo\",\"Dott.ssa Anna Paola Cavalieri\",\"ginecologaroma\",\"gravidanza\",\"ipotonia\",\"malformazioni\",\"ritardo nello sviuppo\",\"specialistaginecologiaroma\"],\"articleSection\":[\"Articoli\"],\"inLanguage\":\"it-IT\",\"potentialAction\":[{\"@type\":\"CommentAction\",\"name\":\"Comment\",\"target\":[\"https:\/\/www.medisocial.it\/annapaolacavalieri\/2021\/09\/06\/consumo-di-alcol-in-gravidanza-la-sindrome-feto-alcolica\/#respond\"]}]},{\"@type\":\"WebPage\",\"@id\":\"https:\/\/www.medisocial.it\/annapaolacavalieri\/2021\/09\/06\/consumo-di-alcol-in-gravidanza-la-sindrome-feto-alcolica\/\",\"url\":\"https:\/\/www.medisocial.it\/annapaolacavalieri\/2021\/09\/06\/consumo-di-alcol-in-gravidanza-la-sindrome-feto-alcolica\/\",\"name\":\"Consumo di alcol in gravidanza: la sindrome feto alcolica - Dott.ssa Anna Paola Cavalieri\",\"isPartOf\":{\"@id\":\"https:\/\/www.medisocial.it\/annapaolacavalieri\/#website\"},\"primaryImageOfPage\":{\"@id\":\"https:\/\/www.medisocial.it\/annapaolacavalieri\/2021\/09\/06\/consumo-di-alcol-in-gravidanza-la-sindrome-feto-alcolica\/#primaryimage\"},\"image\":{\"@id\":\"https:\/\/www.medisocial.it\/annapaolacavalieri\/2021\/09\/06\/consumo-di-alcol-in-gravidanza-la-sindrome-feto-alcolica\/#primaryimage\"},\"thumbnailUrl\":\"https:\/\/www.medisocial.it\/annapaolacavalieri\/wp-content\/uploads\/2021\/09\/Consusmo-di-Alcool-in-gravidanza.jpeg\",\"datePublished\":\"2021-09-06T10:31:33+00:00\",\"dateModified\":\"2021-09-06T10:31:33+00:00\",\"description\":\"Consumo di alcol in gravidanza: la sindrome feto alcolica #FASDAwarenessMonth Settembre \u00e8 il mese della consapevolezza dei disturbi della sindrome feto alcolica\",\"breadcrumb\":{\"@id\":\"https:\/\/www.medisocial.it\/annapaolacavalieri\/2021\/09\/06\/consumo-di-alcol-in-gravidanza-la-sindrome-feto-alcolica\/#breadcrumb\"},\"inLanguage\":\"it-IT\",\"potentialAction\":[{\"@type\":\"ReadAction\",\"target\":[\"https:\/\/www.medisocial.it\/annapaolacavalieri\/2021\/09\/06\/consumo-di-alcol-in-gravidanza-la-sindrome-feto-alcolica\/\"]}]},{\"@type\":\"ImageObject\",\"inLanguage\":\"it-IT\",\"@id\":\"https:\/\/www.medisocial.it\/annapaolacavalieri\/2021\/09\/06\/consumo-di-alcol-in-gravidanza-la-sindrome-feto-alcolica\/#primaryimage\",\"url\":\"https:\/\/www.medisocial.it\/annapaolacavalieri\/wp-content\/uploads\/2021\/09\/Consusmo-di-Alcool-in-gravidanza.jpeg\",\"contentUrl\":\"https:\/\/www.medisocial.it\/annapaolacavalieri\/wp-content\/uploads\/2021\/09\/Consusmo-di-Alcool-in-gravidanza.jpeg\",\"width\":572,\"height\":288,\"caption\":\"Consusmo di Alcool in gravidanza\"},{\"@type\":\"BreadcrumbList\",\"@id\":\"https:\/\/www.medisocial.it\/annapaolacavalieri\/2021\/09\/06\/consumo-di-alcol-in-gravidanza-la-sindrome-feto-alcolica\/#breadcrumb\",\"itemListElement\":[{\"@type\":\"ListItem\",\"position\":1,\"name\":\"Home\",\"item\":\"https:\/\/www.medisocial.it\/annapaolacavalieri\/\"},{\"@type\":\"ListItem\",\"position\":2,\"name\":\"Consumo di alcol in gravidanza: la sindrome feto alcolica\"}]},{\"@type\":\"WebSite\",\"@id\":\"https:\/\/www.medisocial.it\/annapaolacavalieri\/#website\",\"url\":\"https:\/\/www.medisocial.it\/annapaolacavalieri\/\",\"name\":\"Dott.ssa Anna Paola Cavalieri\",\"description\":\"Specialista in Ostetricia e Ginecologia - Roma\",\"publisher\":{\"@id\":\"https:\/\/www.medisocial.it\/annapaolacavalieri\/#organization\"},\"potentialAction\":[{\"@type\":\"SearchAction\",\"target\":{\"@type\":\"EntryPoint\",\"urlTemplate\":\"https:\/\/www.medisocial.it\/annapaolacavalieri\/?s={search_term_string}\"},\"query-input\":{\"@type\":\"PropertyValueSpecification\",\"valueRequired\":true,\"valueName\":\"search_term_string\"}}],\"inLanguage\":\"it-IT\"},{\"@type\":\"Organization\",\"@id\":\"https:\/\/www.medisocial.it\/annapaolacavalieri\/#organization\",\"name\":\"Dott.ssa Anna Paola Cavalieri\",\"url\":\"https:\/\/www.medisocial.it\/annapaolacavalieri\/\",\"logo\":{\"@type\":\"ImageObject\",\"inLanguage\":\"it-IT\",\"@id\":\"https:\/\/www.medisocial.it\/annapaolacavalieri\/#\/schema\/logo\/image\/\",\"url\":\"https:\/\/www.medisocial.it\/annapaolacavalieri\/wp-content\/uploads\/2019\/06\/logo7.jpg\",\"contentUrl\":\"https:\/\/www.medisocial.it\/annapaolacavalieri\/wp-content\/uploads\/2019\/06\/logo7.jpg\",\"width\":242,\"height\":99,\"caption\":\"Dott.ssa Anna Paola Cavalieri\"},\"image\":{\"@id\":\"https:\/\/www.medisocial.it\/annapaolacavalieri\/#\/schema\/logo\/image\/\"}},{\"@type\":\"Person\",\"@id\":\"https:\/\/www.medisocial.it\/annapaolacavalieri\/#\/schema\/person\/1cd0bfb9ce49bd43804584df39ef2c91\",\"name\":\"medisocial\",\"image\":{\"@type\":\"ImageObject\",\"inLanguage\":\"it-IT\",\"@id\":\"https:\/\/www.medisocial.it\/annapaolacavalieri\/#\/schema\/person\/image\/\",\"url\":\"https:\/\/secure.gravatar.com\/avatar\/efa9393110d3610a15f45429c6613084?s=96&d=mm&r=g\",\"contentUrl\":\"https:\/\/secure.gravatar.com\/avatar\/efa9393110d3610a15f45429c6613084?s=96&d=mm&r=g\",\"caption\":\"medisocial\"}}]}<\/script>\n<!-- \/ Yoast SEO plugin. -->","yoast_head_json":{"title":"Consumo di alcol in gravidanza: la sindrome feto alcolica - Dott.ssa Anna Paola Cavalieri","description":"Consumo di alcol in gravidanza: la sindrome feto alcolica #FASDAwarenessMonth Settembre \u00e8 il mese della consapevolezza dei disturbi della sindrome feto alcolica","robots":{"index":"index","follow":"follow","max-snippet":"max-snippet:-1","max-image-preview":"max-image-preview:large","max-video-preview":"max-video-preview:-1"},"canonical":"https:\/\/www.medisocial.it\/annapaolacavalieri\/2021\/09\/06\/consumo-di-alcol-in-gravidanza-la-sindrome-feto-alcolica\/","og_locale":"it_IT","og_type":"article","og_title":"Consumo di alcol in gravidanza: la sindrome feto alcolica - Dott.ssa Anna Paola Cavalieri","og_description":"Consumo di alcol in gravidanza: la sindrome feto alcolica #FASDAwarenessMonth Settembre \u00e8 il mese della consapevolezza dei disturbi della sindrome feto alcolica","og_url":"https:\/\/www.medisocial.it\/annapaolacavalieri\/2021\/09\/06\/consumo-di-alcol-in-gravidanza-la-sindrome-feto-alcolica\/","og_site_name":"Dott.ssa Anna Paola Cavalieri","article_published_time":"2021-09-06T10:31:33+00:00","og_image":[{"width":572,"height":288,"url":"https:\/\/www.medisocial.it\/annapaolacavalieri\/wp-content\/uploads\/2021\/09\/Consusmo-di-Alcool-in-gravidanza.jpeg","type":"image\/jpeg"}],"author":"medisocial","twitter_card":"summary_large_image","twitter_misc":{"Scritto da":"medisocial","Tempo di lettura stimato":"2 minuti"},"schema":{"@context":"https:\/\/schema.org","@graph":[{"@type":"Article","@id":"https:\/\/www.medisocial.it\/annapaolacavalieri\/2021\/09\/06\/consumo-di-alcol-in-gravidanza-la-sindrome-feto-alcolica\/#article","isPartOf":{"@id":"https:\/\/www.medisocial.it\/annapaolacavalieri\/2021\/09\/06\/consumo-di-alcol-in-gravidanza-la-sindrome-feto-alcolica\/"},"author":{"name":"medisocial","@id":"https:\/\/www.medisocial.it\/annapaolacavalieri\/#\/schema\/person\/1cd0bfb9ce49bd43804584df39ef2c91"},"headline":"Consumo di alcol in gravidanza: la sindrome feto alcolica","datePublished":"2021-09-06T10:31:33+00:00","dateModified":"2021-09-06T10:31:33+00:00","mainEntityOfPage":{"@id":"https:\/\/www.medisocial.it\/annapaolacavalieri\/2021\/09\/06\/consumo-di-alcol-in-gravidanza-la-sindrome-feto-alcolica\/"},"wordCount":361,"commentCount":0,"publisher":{"@id":"https:\/\/www.medisocial.it\/annapaolacavalieri\/#organization"},"image":{"@id":"https:\/\/www.medisocial.it\/annapaolacavalieri\/2021\/09\/06\/consumo-di-alcol-in-gravidanza-la-sindrome-feto-alcolica\/#primaryimage"},"thumbnailUrl":"https:\/\/www.medisocial.it\/annapaolacavalieri\/wp-content\/uploads\/2021\/09\/Consusmo-di-Alcool-in-gravidanza.jpeg","keywords":["alcol","deficit uditivo e visivo","Dott.ssa Anna Paola Cavalieri","ginecologaroma","gravidanza","ipotonia","malformazioni","ritardo nello sviuppo","specialistaginecologiaroma"],"articleSection":["Articoli"],"inLanguage":"it-IT","potentialAction":[{"@type":"CommentAction","name":"Comment","target":["https:\/\/www.medisocial.it\/annapaolacavalieri\/2021\/09\/06\/consumo-di-alcol-in-gravidanza-la-sindrome-feto-alcolica\/#respond"]}]},{"@type":"WebPage","@id":"https:\/\/www.medisocial.it\/annapaolacavalieri\/2021\/09\/06\/consumo-di-alcol-in-gravidanza-la-sindrome-feto-alcolica\/","url":"https:\/\/www.medisocial.it\/annapaolacavalieri\/2021\/09\/06\/consumo-di-alcol-in-gravidanza-la-sindrome-feto-alcolica\/","name":"Consumo di alcol in gravidanza: la sindrome feto alcolica - Dott.ssa Anna Paola Cavalieri","isPartOf":{"@id":"https:\/\/www.medisocial.it\/annapaolacavalieri\/#website"},"primaryImageOfPage":{"@id":"https:\/\/www.medisocial.it\/annapaolacavalieri\/2021\/09\/06\/consumo-di-alcol-in-gravidanza-la-sindrome-feto-alcolica\/#primaryimage"},"image":{"@id":"https:\/\/www.medisocial.it\/annapaolacavalieri\/2021\/09\/06\/consumo-di-alcol-in-gravidanza-la-sindrome-feto-alcolica\/#primaryimage"},"thumbnailUrl":"https:\/\/www.medisocial.it\/annapaolacavalieri\/wp-content\/uploads\/2021\/09\/Consusmo-di-Alcool-in-gravidanza.jpeg","datePublished":"2021-09-06T10:31:33+00:00","dateModified":"2021-09-06T10:31:33+00:00","description":"Consumo di alcol in gravidanza: la sindrome feto alcolica #FASDAwarenessMonth Settembre \u00e8 il mese della consapevolezza dei disturbi della sindrome feto alcolica","breadcrumb":{"@id":"https:\/\/www.medisocial.it\/annapaolacavalieri\/2021\/09\/06\/consumo-di-alcol-in-gravidanza-la-sindrome-feto-alcolica\/#breadcrumb"},"inLanguage":"it-IT","potentialAction":[{"@type":"ReadAction","target":["https:\/\/www.medisocial.it\/annapaolacavalieri\/2021\/09\/06\/consumo-di-alcol-in-gravidanza-la-sindrome-feto-alcolica\/"]}]},{"@type":"ImageObject","inLanguage":"it-IT","@id":"https:\/\/www.medisocial.it\/annapaolacavalieri\/2021\/09\/06\/consumo-di-alcol-in-gravidanza-la-sindrome-feto-alcolica\/#primaryimage","url":"https:\/\/www.medisocial.it\/annapaolacavalieri\/wp-content\/uploads\/2021\/09\/Consusmo-di-Alcool-in-gravidanza.jpeg","contentUrl":"https:\/\/www.medisocial.it\/annapaolacavalieri\/wp-content\/uploads\/2021\/09\/Consusmo-di-Alcool-in-gravidanza.jpeg","width":572,"height":288,"caption":"Consusmo di Alcool in gravidanza"},{"@type":"BreadcrumbList","@id":"https:\/\/www.medisocial.it\/annapaolacavalieri\/2021\/09\/06\/consumo-di-alcol-in-gravidanza-la-sindrome-feto-alcolica\/#breadcrumb","itemListElement":[{"@type":"ListItem","position":1,"name":"Home","item":"https:\/\/www.medisocial.it\/annapaolacavalieri\/"},{"@type":"ListItem","position":2,"name":"Consumo di alcol in gravidanza: la sindrome feto alcolica"}]},{"@type":"WebSite","@id":"https:\/\/www.medisocial.it\/annapaolacavalieri\/#website","url":"https:\/\/www.medisocial.it\/annapaolacavalieri\/","name":"Dott.ssa Anna Paola Cavalieri","description":"Specialista in Ostetricia e Ginecologia - Roma","publisher":{"@id":"https:\/\/www.medisocial.it\/annapaolacavalieri\/#organization"},"potentialAction":[{"@type":"SearchAction","target":{"@type":"EntryPoint","urlTemplate":"https:\/\/www.medisocial.it\/annapaolacavalieri\/?s={search_term_string}"},"query-input":{"@type":"PropertyValueSpecification","valueRequired":true,"valueName":"search_term_string"}}],"inLanguage":"it-IT"},{"@type":"Organization","@id":"https:\/\/www.medisocial.it\/annapaolacavalieri\/#organization","name":"Dott.ssa Anna Paola Cavalieri","url":"https:\/\/www.medisocial.it\/annapaolacavalieri\/","logo":{"@type":"ImageObject","inLanguage":"it-IT","@id":"https:\/\/www.medisocial.it\/annapaolacavalieri\/#\/schema\/logo\/image\/","url":"https:\/\/www.medisocial.it\/annapaolacavalieri\/wp-content\/uploads\/2019\/06\/logo7.jpg","contentUrl":"https:\/\/www.medisocial.it\/annapaolacavalieri\/wp-content\/uploads\/2019\/06\/logo7.jpg","width":242,"height":99,"caption":"Dott.ssa Anna Paola Cavalieri"},"image":{"@id":"https:\/\/www.medisocial.it\/annapaolacavalieri\/#\/schema\/logo\/image\/"}},{"@type":"Person","@id":"https:\/\/www.medisocial.it\/annapaolacavalieri\/#\/schema\/person\/1cd0bfb9ce49bd43804584df39ef2c91","name":"medisocial","image":{"@type":"ImageObject","inLanguage":"it-IT","@id":"https:\/\/www.medisocial.it\/annapaolacavalieri\/#\/schema\/person\/image\/","url":"https:\/\/secure.gravatar.com\/avatar\/efa9393110d3610a15f45429c6613084?s=96&d=mm&r=g","contentUrl":"https:\/\/secure.gravatar.com\/avatar\/efa9393110d3610a15f45429c6613084?s=96&d=mm&r=g","caption":"medisocial"}}]}},"_links":{"self":[{"href":"https:\/\/www.medisocial.it\/annapaolacavalieri\/wp-json\/wp\/v2\/posts\/650"}],"collection":[{"href":"https:\/\/www.medisocial.it\/annapaolacavalieri\/wp-json\/wp\/v2\/posts"}],"about":[{"href":"https:\/\/www.medisocial.it\/annapaolacavalieri\/wp-json\/wp\/v2\/types\/post"}],"author":[{"embeddable":true,"href":"https:\/\/www.medisocial.it\/annapaolacavalieri\/wp-json\/wp\/v2\/users\/1"}],"replies":[{"embeddable":true,"href":"https:\/\/www.medisocial.it\/annapaolacavalieri\/wp-json\/wp\/v2\/comments?post=650"}],"version-history":[{"count":1,"href":"https:\/\/www.medisocial.it\/annapaolacavalieri\/wp-json\/wp\/v2\/posts\/650\/revisions"}],"predecessor-version":[{"id":652,"href":"https:\/\/www.medisocial.it\/annapaolacavalieri\/wp-json\/wp\/v2\/posts\/650\/revisions\/652"}],"wp:featuredmedia":[{"embeddable":true,"href":"https:\/\/www.medisocial.it\/annapaolacavalieri\/wp-json\/wp\/v2\/media\/651"}],"wp:attachment":[{"href":"https:\/\/www.medisocial.it\/annapaolacavalieri\/wp-json\/wp\/v2\/media?parent=650"}],"wp:term":[{"taxonomy":"category","embeddable":true,"href":"https:\/\/www.medisocial.it\/annapaolacavalieri\/wp-json\/wp\/v2\/categories?post=650"},{"taxonomy":"post_tag","embeddable":true,"href":"https:\/\/www.medisocial.it\/annapaolacavalieri\/wp-json\/wp\/v2\/tags?post=650"}],"curies":[{"name":"wp","href":"https:\/\/api.w.org\/{rel}","templated":true}]}}