{"id":640,"date":"2021-08-30T16:30:14","date_gmt":"2021-08-30T14:30:14","guid":{"rendered":"https:\/\/www.medisocial.it\/annapaolacavalieri\/?p=640"},"modified":"2021-08-30T16:33:16","modified_gmt":"2021-08-30T14:33:16","slug":"vaccino-pertosse-in-gravidanza","status":"publish","type":"post","link":"https:\/\/www.medisocial.it\/annapaolacavalieri\/2021\/08\/30\/vaccino-pertosse-in-gravidanza\/","title":{"rendered":"Vaccino pertosse in gravidanza"},"content":{"rendered":"<p><strong>Vaccino pertosse in gravidanza. <\/strong>La pertosse \u00e8 una malattia respiratoria parecchio contagiosa che pu\u00f2 essere molto grave nel primo anno di vita.<\/p>\n<p>In questa fascia di et\u00e0, infatti, la malattia pu\u00f2 causare crisi di apnea in cui il bambino smette di respirare.<\/p>\n<div>Pu\u00f2 inoltre causare polmonite, grave insufficienza respiratoria, danni cerebrali e raramente anche la morte.<\/div>\n<div><\/div>\n<div>Quasi sempre i bambini colpiti dalla pertosse sotto l\u2019anno di vita devono essere ricoverati in ospedale.<\/div>\n<div><\/div>\n<div><\/div>\n<div><\/div>\n<div><img loading=\"lazy\" decoding=\"async\" class=\"alignnone size-medium wp-image-641\" src=\"https:\/\/www.medisocial.it\/annapaolacavalieri\/wp-content\/uploads\/2021\/08\/vaccino-pertosse-newborn-300x169.jpg\" alt=\"vaccino pertosse\" width=\"300\" height=\"169\" srcset=\"https:\/\/www.medisocial.it\/annapaolacavalieri\/wp-content\/uploads\/2021\/08\/vaccino-pertosse-newborn-300x169.jpg 300w, https:\/\/www.medisocial.it\/annapaolacavalieri\/wp-content\/uploads\/2021\/08\/vaccino-pertosse-newborn-768x432.jpg 768w, https:\/\/www.medisocial.it\/annapaolacavalieri\/wp-content\/uploads\/2021\/08\/vaccino-pertosse-newborn-528x297.jpg 528w, https:\/\/www.medisocial.it\/annapaolacavalieri\/wp-content\/uploads\/2021\/08\/vaccino-pertosse-newborn.jpg 800w\" sizes=\"(max-width: 300px) 100vw, 300px\" \/><\/div>\n<div><\/div>\n<p>Stiamo assistendo purtroppo negli ultimi anni ad un aumento dell\u2019incidenza di tale malattia nel nostro paese.<\/p>\n<h4><\/h4>\n<h4><strong>La vaccinazione materna durante il terzo trimestre di gravidanza \u00e8 la strategia pi\u00f9 efficace per proteggere il neonato nei primi 2\/3 mesi di vita finch\u00e9 poi non verr\u00e0 a sua volta vaccinato.<\/strong><\/h4>\n<div><\/div>\n<div>Il vaccino viene somministrato alla mamma tra la 27esima e la 33 esima settimana di gravidanza, in tal modo la gestante svilupper\u00e0 anticorpi contro la pertosse che attraverso la placenta passeranno al feto .<\/div>\n<div><\/div>\n<div><\/div>\n<div>Alla nascita quindi il bimbo avr\u00e0 una quantit\u00e0 tale di anticorpi materni che lo proteggeranno per i primi mesi finch\u00e9 poi, in seguito alle vaccinazioni del terzo mese, non inizier\u00e0 a produrre i propri anticorpi.<\/div>\n<div><\/div>\n<div><\/div>\n<div>Il vaccino da eseguire \u00e8 quello contro difterite-tetano- pertosse ( dTpa) che conferisce la protezione verso tutte e tre queste malattie.<\/div>\n<div><\/div>\n<h4><strong>Non esiste un vaccino monovalente contro la sola pertosse.<\/strong><\/h4>\n<div><\/div>\n<div>Si tratta di un vaccino acellulare il che significa che \u00e8 un vaccino sicuro per la mamma e per il feto.<\/div>\n<div><\/div>\n<div><\/div>\n<div>Viene raccomandato a tutte le donne in gravidanza, anche a chi lo abbia gi\u00e0 fatto in passato o abbia contratto la malattia, \u00e8 possibile farlo gratuitamente nelle strutture pubbliche dedicate.<\/div>\n<div><\/div>\n<div><\/div>\n<div>Per prenotare una visita, vai nella sezione <strong><a href=\"https:\/\/www.medisocial.it\/annapaolacavalieri\/contatti\/\">Contatti<\/a><\/strong><\/div>\n<p><strong>\u00a0<\/strong><\/p>\n","protected":false},"excerpt":{"rendered":"<p>Vaccino pertosse in gravidanza. La pertosse \u00e8 una malattia respiratoria parecchio contagiosa che pu\u00f2 essere molto grave nel primo anno di vita. In questa fascia di et\u00e0, infatti, la malattia pu\u00f2 causare crisi di apnea in cui il bambino smette di respirare. Pu\u00f2 inoltre causare polmonite, grave insufficienza respiratoria, danni cerebrali e raramente anche la [&hellip;]<\/p>\n","protected":false},"author":1,"featured_media":642,"comment_status":"open","ping_status":"open","sticky":false,"template":"","format":"standard","meta":{"_monsterinsights_skip_tracking":false,"_monsterinsights_sitenote_active":false,"_monsterinsights_sitenote_note":"","_monsterinsights_sitenote_category":0,"footnotes":""},"categories":[7],"tags":[282,281,173,130,10,283,280,284,131,279],"yoast_head":"<!-- This site is optimized with the Yoast SEO plugin v23.5 - https:\/\/yoast.com\/wordpress\/plugins\/seo\/ -->\n<title>Vaccino pertosse in gravidanza - Dott.ssa Anna Paola Cavalieri<\/title>\n<meta name=\"description\" content=\"Vaccino pertosse in gravidanza. La pertosse \u00e8 una malattia respiratoria molto contagiosa che pu\u00f2 essere molto grave nel primo anno di vita\" \/>\n<meta name=\"robots\" content=\"index, follow, max-snippet:-1, max-image-preview:large, max-video-preview:-1\" \/>\n<link rel=\"canonical\" href=\"https:\/\/www.medisocial.it\/annapaolacavalieri\/2021\/08\/30\/vaccino-pertosse-in-gravidanza\/\" \/>\n<meta property=\"og:locale\" content=\"it_IT\" \/>\n<meta property=\"og:type\" content=\"article\" \/>\n<meta property=\"og:title\" content=\"Vaccino pertosse in gravidanza - Dott.ssa Anna Paola Cavalieri\" \/>\n<meta property=\"og:description\" content=\"Vaccino pertosse in gravidanza. La pertosse \u00e8 una malattia respiratoria molto contagiosa che pu\u00f2 essere molto grave nel primo anno di vita\" \/>\n<meta property=\"og:url\" content=\"https:\/\/www.medisocial.it\/annapaolacavalieri\/2021\/08\/30\/vaccino-pertosse-in-gravidanza\/\" \/>\n<meta property=\"og:site_name\" content=\"Dott.ssa Anna Paola Cavalieri\" \/>\n<meta property=\"article:published_time\" content=\"2021-08-30T14:30:14+00:00\" \/>\n<meta property=\"article:modified_time\" content=\"2021-08-30T14:33:16+00:00\" \/>\n<meta property=\"og:image\" content=\"https:\/\/www.medisocial.it\/annapaolacavalieri\/wp-content\/uploads\/2021\/08\/Vaccino-pertosse.jpg\" \/>\n\t<meta property=\"og:image:width\" content=\"800\" \/>\n\t<meta property=\"og:image:height\" content=\"764\" \/>\n\t<meta property=\"og:image:type\" content=\"image\/jpeg\" \/>\n<meta name=\"author\" content=\"medisocial\" \/>\n<meta name=\"twitter:card\" content=\"summary_large_image\" \/>\n<meta name=\"twitter:label1\" content=\"Scritto da\" \/>\n\t<meta name=\"twitter:data1\" content=\"medisocial\" \/>\n\t<meta name=\"twitter:label2\" content=\"Tempo di lettura stimato\" \/>\n\t<meta name=\"twitter:data2\" content=\"2 minuti\" \/>\n<script type=\"application\/ld+json\" class=\"yoast-schema-graph\">{\"@context\":\"https:\/\/schema.org\",\"@graph\":[{\"@type\":\"Article\",\"@id\":\"https:\/\/www.medisocial.it\/annapaolacavalieri\/2021\/08\/30\/vaccino-pertosse-in-gravidanza\/#article\",\"isPartOf\":{\"@id\":\"https:\/\/www.medisocial.it\/annapaolacavalieri\/2021\/08\/30\/vaccino-pertosse-in-gravidanza\/\"},\"author\":{\"name\":\"medisocial\",\"@id\":\"https:\/\/www.medisocial.it\/annapaolacavalieri\/#\/schema\/person\/1cd0bfb9ce49bd43804584df39ef2c91\"},\"headline\":\"Vaccino pertosse in gravidanza\",\"datePublished\":\"2021-08-30T14:30:14+00:00\",\"dateModified\":\"2021-08-30T14:33:16+00:00\",\"mainEntityOfPage\":{\"@id\":\"https:\/\/www.medisocial.it\/annapaolacavalieri\/2021\/08\/30\/vaccino-pertosse-in-gravidanza\/\"},\"wordCount\":275,\"commentCount\":0,\"publisher\":{\"@id\":\"https:\/\/www.medisocial.it\/annapaolacavalieri\/#organization\"},\"image\":{\"@id\":\"https:\/\/www.medisocial.it\/annapaolacavalieri\/2021\/08\/30\/vaccino-pertosse-in-gravidanza\/#primaryimage\"},\"thumbnailUrl\":\"https:\/\/www.medisocial.it\/annapaolacavalieri\/wp-content\/uploads\/2021\/08\/Vaccino-pertosse.jpg\",\"keywords\":[\"apnea\",\"danni celebrali\",\"Dott.ssa Anna Paola Cavalieri\",\"ginecologaroma\",\"gravidanza\",\"malattia respiratoria\",\"pertosse\",\"polmonite\",\"specialistaginecologiaroma\",\"vaccino\"],\"articleSection\":[\"Articoli\"],\"inLanguage\":\"it-IT\",\"potentialAction\":[{\"@type\":\"CommentAction\",\"name\":\"Comment\",\"target\":[\"https:\/\/www.medisocial.it\/annapaolacavalieri\/2021\/08\/30\/vaccino-pertosse-in-gravidanza\/#respond\"]}]},{\"@type\":\"WebPage\",\"@id\":\"https:\/\/www.medisocial.it\/annapaolacavalieri\/2021\/08\/30\/vaccino-pertosse-in-gravidanza\/\",\"url\":\"https:\/\/www.medisocial.it\/annapaolacavalieri\/2021\/08\/30\/vaccino-pertosse-in-gravidanza\/\",\"name\":\"Vaccino pertosse in gravidanza - Dott.ssa Anna Paola Cavalieri\",\"isPartOf\":{\"@id\":\"https:\/\/www.medisocial.it\/annapaolacavalieri\/#website\"},\"primaryImageOfPage\":{\"@id\":\"https:\/\/www.medisocial.it\/annapaolacavalieri\/2021\/08\/30\/vaccino-pertosse-in-gravidanza\/#primaryimage\"},\"image\":{\"@id\":\"https:\/\/www.medisocial.it\/annapaolacavalieri\/2021\/08\/30\/vaccino-pertosse-in-gravidanza\/#primaryimage\"},\"thumbnailUrl\":\"https:\/\/www.medisocial.it\/annapaolacavalieri\/wp-content\/uploads\/2021\/08\/Vaccino-pertosse.jpg\",\"datePublished\":\"2021-08-30T14:30:14+00:00\",\"dateModified\":\"2021-08-30T14:33:16+00:00\",\"description\":\"Vaccino pertosse in gravidanza. La pertosse \u00e8 una malattia respiratoria molto contagiosa che pu\u00f2 essere molto grave nel primo anno di vita\",\"breadcrumb\":{\"@id\":\"https:\/\/www.medisocial.it\/annapaolacavalieri\/2021\/08\/30\/vaccino-pertosse-in-gravidanza\/#breadcrumb\"},\"inLanguage\":\"it-IT\",\"potentialAction\":[{\"@type\":\"ReadAction\",\"target\":[\"https:\/\/www.medisocial.it\/annapaolacavalieri\/2021\/08\/30\/vaccino-pertosse-in-gravidanza\/\"]}]},{\"@type\":\"ImageObject\",\"inLanguage\":\"it-IT\",\"@id\":\"https:\/\/www.medisocial.it\/annapaolacavalieri\/2021\/08\/30\/vaccino-pertosse-in-gravidanza\/#primaryimage\",\"url\":\"https:\/\/www.medisocial.it\/annapaolacavalieri\/wp-content\/uploads\/2021\/08\/Vaccino-pertosse.jpg\",\"contentUrl\":\"https:\/\/www.medisocial.it\/annapaolacavalieri\/wp-content\/uploads\/2021\/08\/Vaccino-pertosse.jpg\",\"width\":800,\"height\":764,\"caption\":\"Vaccino-pertosse\"},{\"@type\":\"BreadcrumbList\",\"@id\":\"https:\/\/www.medisocial.it\/annapaolacavalieri\/2021\/08\/30\/vaccino-pertosse-in-gravidanza\/#breadcrumb\",\"itemListElement\":[{\"@type\":\"ListItem\",\"position\":1,\"name\":\"Home\",\"item\":\"https:\/\/www.medisocial.it\/annapaolacavalieri\/\"},{\"@type\":\"ListItem\",\"position\":2,\"name\":\"Vaccino pertosse in gravidanza\"}]},{\"@type\":\"WebSite\",\"@id\":\"https:\/\/www.medisocial.it\/annapaolacavalieri\/#website\",\"url\":\"https:\/\/www.medisocial.it\/annapaolacavalieri\/\",\"name\":\"Dott.ssa Anna Paola Cavalieri\",\"description\":\"Specialista in Ostetricia e Ginecologia - Roma\",\"publisher\":{\"@id\":\"https:\/\/www.medisocial.it\/annapaolacavalieri\/#organization\"},\"potentialAction\":[{\"@type\":\"SearchAction\",\"target\":{\"@type\":\"EntryPoint\",\"urlTemplate\":\"https:\/\/www.medisocial.it\/annapaolacavalieri\/?s={search_term_string}\"},\"query-input\":{\"@type\":\"PropertyValueSpecification\",\"valueRequired\":true,\"valueName\":\"search_term_string\"}}],\"inLanguage\":\"it-IT\"},{\"@type\":\"Organization\",\"@id\":\"https:\/\/www.medisocial.it\/annapaolacavalieri\/#organization\",\"name\":\"Dott.ssa Anna Paola Cavalieri\",\"url\":\"https:\/\/www.medisocial.it\/annapaolacavalieri\/\",\"logo\":{\"@type\":\"ImageObject\",\"inLanguage\":\"it-IT\",\"@id\":\"https:\/\/www.medisocial.it\/annapaolacavalieri\/#\/schema\/logo\/image\/\",\"url\":\"https:\/\/www.medisocial.it\/annapaolacavalieri\/wp-content\/uploads\/2019\/06\/logo7.jpg\",\"contentUrl\":\"https:\/\/www.medisocial.it\/annapaolacavalieri\/wp-content\/uploads\/2019\/06\/logo7.jpg\",\"width\":242,\"height\":99,\"caption\":\"Dott.ssa Anna Paola Cavalieri\"},\"image\":{\"@id\":\"https:\/\/www.medisocial.it\/annapaolacavalieri\/#\/schema\/logo\/image\/\"}},{\"@type\":\"Person\",\"@id\":\"https:\/\/www.medisocial.it\/annapaolacavalieri\/#\/schema\/person\/1cd0bfb9ce49bd43804584df39ef2c91\",\"name\":\"medisocial\",\"image\":{\"@type\":\"ImageObject\",\"inLanguage\":\"it-IT\",\"@id\":\"https:\/\/www.medisocial.it\/annapaolacavalieri\/#\/schema\/person\/image\/\",\"url\":\"https:\/\/secure.gravatar.com\/avatar\/efa9393110d3610a15f45429c6613084?s=96&d=mm&r=g\",\"contentUrl\":\"https:\/\/secure.gravatar.com\/avatar\/efa9393110d3610a15f45429c6613084?s=96&d=mm&r=g\",\"caption\":\"medisocial\"}}]}<\/script>\n<!-- \/ Yoast SEO plugin. -->","yoast_head_json":{"title":"Vaccino pertosse in gravidanza - Dott.ssa Anna Paola Cavalieri","description":"Vaccino pertosse in gravidanza. La pertosse \u00e8 una malattia respiratoria molto contagiosa che pu\u00f2 essere molto grave nel primo anno di vita","robots":{"index":"index","follow":"follow","max-snippet":"max-snippet:-1","max-image-preview":"max-image-preview:large","max-video-preview":"max-video-preview:-1"},"canonical":"https:\/\/www.medisocial.it\/annapaolacavalieri\/2021\/08\/30\/vaccino-pertosse-in-gravidanza\/","og_locale":"it_IT","og_type":"article","og_title":"Vaccino pertosse in gravidanza - Dott.ssa Anna Paola Cavalieri","og_description":"Vaccino pertosse in gravidanza. La pertosse \u00e8 una malattia respiratoria molto contagiosa che pu\u00f2 essere molto grave nel primo anno di vita","og_url":"https:\/\/www.medisocial.it\/annapaolacavalieri\/2021\/08\/30\/vaccino-pertosse-in-gravidanza\/","og_site_name":"Dott.ssa Anna Paola Cavalieri","article_published_time":"2021-08-30T14:30:14+00:00","article_modified_time":"2021-08-30T14:33:16+00:00","og_image":[{"width":800,"height":764,"url":"https:\/\/www.medisocial.it\/annapaolacavalieri\/wp-content\/uploads\/2021\/08\/Vaccino-pertosse.jpg","type":"image\/jpeg"}],"author":"medisocial","twitter_card":"summary_large_image","twitter_misc":{"Scritto da":"medisocial","Tempo di lettura stimato":"2 minuti"},"schema":{"@context":"https:\/\/schema.org","@graph":[{"@type":"Article","@id":"https:\/\/www.medisocial.it\/annapaolacavalieri\/2021\/08\/30\/vaccino-pertosse-in-gravidanza\/#article","isPartOf":{"@id":"https:\/\/www.medisocial.it\/annapaolacavalieri\/2021\/08\/30\/vaccino-pertosse-in-gravidanza\/"},"author":{"name":"medisocial","@id":"https:\/\/www.medisocial.it\/annapaolacavalieri\/#\/schema\/person\/1cd0bfb9ce49bd43804584df39ef2c91"},"headline":"Vaccino pertosse in gravidanza","datePublished":"2021-08-30T14:30:14+00:00","dateModified":"2021-08-30T14:33:16+00:00","mainEntityOfPage":{"@id":"https:\/\/www.medisocial.it\/annapaolacavalieri\/2021\/08\/30\/vaccino-pertosse-in-gravidanza\/"},"wordCount":275,"commentCount":0,"publisher":{"@id":"https:\/\/www.medisocial.it\/annapaolacavalieri\/#organization"},"image":{"@id":"https:\/\/www.medisocial.it\/annapaolacavalieri\/2021\/08\/30\/vaccino-pertosse-in-gravidanza\/#primaryimage"},"thumbnailUrl":"https:\/\/www.medisocial.it\/annapaolacavalieri\/wp-content\/uploads\/2021\/08\/Vaccino-pertosse.jpg","keywords":["apnea","danni celebrali","Dott.ssa Anna Paola Cavalieri","ginecologaroma","gravidanza","malattia respiratoria","pertosse","polmonite","specialistaginecologiaroma","vaccino"],"articleSection":["Articoli"],"inLanguage":"it-IT","potentialAction":[{"@type":"CommentAction","name":"Comment","target":["https:\/\/www.medisocial.it\/annapaolacavalieri\/2021\/08\/30\/vaccino-pertosse-in-gravidanza\/#respond"]}]},{"@type":"WebPage","@id":"https:\/\/www.medisocial.it\/annapaolacavalieri\/2021\/08\/30\/vaccino-pertosse-in-gravidanza\/","url":"https:\/\/www.medisocial.it\/annapaolacavalieri\/2021\/08\/30\/vaccino-pertosse-in-gravidanza\/","name":"Vaccino pertosse in gravidanza - Dott.ssa Anna Paola Cavalieri","isPartOf":{"@id":"https:\/\/www.medisocial.it\/annapaolacavalieri\/#website"},"primaryImageOfPage":{"@id":"https:\/\/www.medisocial.it\/annapaolacavalieri\/2021\/08\/30\/vaccino-pertosse-in-gravidanza\/#primaryimage"},"image":{"@id":"https:\/\/www.medisocial.it\/annapaolacavalieri\/2021\/08\/30\/vaccino-pertosse-in-gravidanza\/#primaryimage"},"thumbnailUrl":"https:\/\/www.medisocial.it\/annapaolacavalieri\/wp-content\/uploads\/2021\/08\/Vaccino-pertosse.jpg","datePublished":"2021-08-30T14:30:14+00:00","dateModified":"2021-08-30T14:33:16+00:00","description":"Vaccino pertosse in gravidanza. La pertosse \u00e8 una malattia respiratoria molto contagiosa che pu\u00f2 essere molto grave nel primo anno di vita","breadcrumb":{"@id":"https:\/\/www.medisocial.it\/annapaolacavalieri\/2021\/08\/30\/vaccino-pertosse-in-gravidanza\/#breadcrumb"},"inLanguage":"it-IT","potentialAction":[{"@type":"ReadAction","target":["https:\/\/www.medisocial.it\/annapaolacavalieri\/2021\/08\/30\/vaccino-pertosse-in-gravidanza\/"]}]},{"@type":"ImageObject","inLanguage":"it-IT","@id":"https:\/\/www.medisocial.it\/annapaolacavalieri\/2021\/08\/30\/vaccino-pertosse-in-gravidanza\/#primaryimage","url":"https:\/\/www.medisocial.it\/annapaolacavalieri\/wp-content\/uploads\/2021\/08\/Vaccino-pertosse.jpg","contentUrl":"https:\/\/www.medisocial.it\/annapaolacavalieri\/wp-content\/uploads\/2021\/08\/Vaccino-pertosse.jpg","width":800,"height":764,"caption":"Vaccino-pertosse"},{"@type":"BreadcrumbList","@id":"https:\/\/www.medisocial.it\/annapaolacavalieri\/2021\/08\/30\/vaccino-pertosse-in-gravidanza\/#breadcrumb","itemListElement":[{"@type":"ListItem","position":1,"name":"Home","item":"https:\/\/www.medisocial.it\/annapaolacavalieri\/"},{"@type":"ListItem","position":2,"name":"Vaccino pertosse in gravidanza"}]},{"@type":"WebSite","@id":"https:\/\/www.medisocial.it\/annapaolacavalieri\/#website","url":"https:\/\/www.medisocial.it\/annapaolacavalieri\/","name":"Dott.ssa Anna Paola Cavalieri","description":"Specialista in Ostetricia e Ginecologia - Roma","publisher":{"@id":"https:\/\/www.medisocial.it\/annapaolacavalieri\/#organization"},"potentialAction":[{"@type":"SearchAction","target":{"@type":"EntryPoint","urlTemplate":"https:\/\/www.medisocial.it\/annapaolacavalieri\/?s={search_term_string}"},"query-input":{"@type":"PropertyValueSpecification","valueRequired":true,"valueName":"search_term_string"}}],"inLanguage":"it-IT"},{"@type":"Organization","@id":"https:\/\/www.medisocial.it\/annapaolacavalieri\/#organization","name":"Dott.ssa Anna Paola Cavalieri","url":"https:\/\/www.medisocial.it\/annapaolacavalieri\/","logo":{"@type":"ImageObject","inLanguage":"it-IT","@id":"https:\/\/www.medisocial.it\/annapaolacavalieri\/#\/schema\/logo\/image\/","url":"https:\/\/www.medisocial.it\/annapaolacavalieri\/wp-content\/uploads\/2019\/06\/logo7.jpg","contentUrl":"https:\/\/www.medisocial.it\/annapaolacavalieri\/wp-content\/uploads\/2019\/06\/logo7.jpg","width":242,"height":99,"caption":"Dott.ssa Anna Paola Cavalieri"},"image":{"@id":"https:\/\/www.medisocial.it\/annapaolacavalieri\/#\/schema\/logo\/image\/"}},{"@type":"Person","@id":"https:\/\/www.medisocial.it\/annapaolacavalieri\/#\/schema\/person\/1cd0bfb9ce49bd43804584df39ef2c91","name":"medisocial","image":{"@type":"ImageObject","inLanguage":"it-IT","@id":"https:\/\/www.medisocial.it\/annapaolacavalieri\/#\/schema\/person\/image\/","url":"https:\/\/secure.gravatar.com\/avatar\/efa9393110d3610a15f45429c6613084?s=96&d=mm&r=g","contentUrl":"https:\/\/secure.gravatar.com\/avatar\/efa9393110d3610a15f45429c6613084?s=96&d=mm&r=g","caption":"medisocial"}}]}},"_links":{"self":[{"href":"https:\/\/www.medisocial.it\/annapaolacavalieri\/wp-json\/wp\/v2\/posts\/640"}],"collection":[{"href":"https:\/\/www.medisocial.it\/annapaolacavalieri\/wp-json\/wp\/v2\/posts"}],"about":[{"href":"https:\/\/www.medisocial.it\/annapaolacavalieri\/wp-json\/wp\/v2\/types\/post"}],"author":[{"embeddable":true,"href":"https:\/\/www.medisocial.it\/annapaolacavalieri\/wp-json\/wp\/v2\/users\/1"}],"replies":[{"embeddable":true,"href":"https:\/\/www.medisocial.it\/annapaolacavalieri\/wp-json\/wp\/v2\/comments?post=640"}],"version-history":[{"count":7,"href":"https:\/\/www.medisocial.it\/annapaolacavalieri\/wp-json\/wp\/v2\/posts\/640\/revisions"}],"predecessor-version":[{"id":649,"href":"https:\/\/www.medisocial.it\/annapaolacavalieri\/wp-json\/wp\/v2\/posts\/640\/revisions\/649"}],"wp:featuredmedia":[{"embeddable":true,"href":"https:\/\/www.medisocial.it\/annapaolacavalieri\/wp-json\/wp\/v2\/media\/642"}],"wp:attachment":[{"href":"https:\/\/www.medisocial.it\/annapaolacavalieri\/wp-json\/wp\/v2\/media?parent=640"}],"wp:term":[{"taxonomy":"category","embeddable":true,"href":"https:\/\/www.medisocial.it\/annapaolacavalieri\/wp-json\/wp\/v2\/categories?post=640"},{"taxonomy":"post_tag","embeddable":true,"href":"https:\/\/www.medisocial.it\/annapaolacavalieri\/wp-json\/wp\/v2\/tags?post=640"}],"curies":[{"name":"wp","href":"https:\/\/api.w.org\/{rel}","templated":true}]}}