{"id":636,"date":"2021-06-23T11:27:01","date_gmt":"2021-06-23T09:27:01","guid":{"rendered":"https:\/\/www.medisocial.it\/annapaolacavalieri\/?p=636"},"modified":"2021-06-23T11:27:01","modified_gmt":"2021-06-23T09:27:01","slug":"il-postpartum-un-periodo-delicato-per-la-mamma","status":"publish","type":"post","link":"https:\/\/www.medisocial.it\/annapaolacavalieri\/2021\/06\/23\/il-postpartum-un-periodo-delicato-per-la-mamma\/","title":{"rendered":"Il Postpartum, un periodo delicato per la mamma"},"content":{"rendered":"<p><strong>Il Postpartum, un periodo delicato per la mamma<\/strong>. Le settimane successive al parto sono un periodo particolarmente critico per la mamma e per il suo bimbo, una fase cruciale per il successivo benessere a lungo termine di entrambi.<\/p>\n<p>Una esperienza di parto traumatico pu\u00f2 causare un PTSD (disturbo post traumatico da stress), che si riscontra in una percentuale che va dal 3 al 16% delle puerpere.<\/p>\n<p>Il PTSD si pu\u00f2 manifestare improvvisamente, poich\u00e9 la donna pu\u00f2 aver vissuto il parto come traumatico anche se mamma e bambino sembrano stare bene.<\/p>\n<p>Si raccomanda pertanto\u00a0che venga offerta alle donne, dopo il parto, la possibilit\u00e0 di avere un contatto con un professionista del postpartum (doula, ostetrica,\u00a0 ginecologo, pediatra) almeno\u00a0 nelle prime tre settimane (American College of Obstetricians and Gynecologists-ACOG , Presidental Task Force on Redefining the Postpartum Visit, 2016)<\/p>\n<p><strong>Il Postpartum, un periodo delicato per la mamma<\/strong>.<\/p>\n<p>L&#8217;assistenza successiva dovrebbe essere personalizzata a seconda delle esigenze della singola donna, comprendendo\u00a0per tutte\u00a0una visita medica entro le 12 settimane dal parto.<\/p>\n<p>Tale visita dovrebbe comprendere una valutazione generale del benessere materno, sia dal punto di vista strettamente medico, ma anche psicologico e sociale.<\/p>\n<p>\u00c8 importante discutere con la donna\u00a0anche di salute mentale (umore, sessualit\u00e0, sonno, stanchezza) oltre che di ripresa fisica dal parto o dal cesareo, allattamento, contraccezione ed eventuali follow up.<\/p>\n<p>Se hai partorito da poco e vuoi prenotare una visita di controllo o una consulenza, vai nella sezione <strong><a href=\"https:\/\/www.medisocial.it\/annapaolacavalieri\/contatti\/\">Contatti<\/a><\/strong><\/p>\n<p>&nbsp;<\/p>\n","protected":false},"excerpt":{"rendered":"<p>Il Postpartum, un periodo delicato per la mamma. Le settimane successive al parto sono un periodo particolarmente critico per la mamma e per il suo bimbo, una fase cruciale per il successivo benessere a lungo termine di entrambi. Una esperienza di parto traumatico pu\u00f2 causare un PTSD (disturbo post traumatico da stress), che si riscontra [&hellip;]<\/p>\n","protected":false},"author":1,"featured_media":637,"comment_status":"open","ping_status":"open","sticky":false,"template":"","format":"standard","meta":{"_monsterinsights_skip_tracking":false,"_monsterinsights_sitenote_active":false,"_monsterinsights_sitenote_note":"","_monsterinsights_sitenote_category":0,"footnotes":""},"categories":[7],"tags":[278,25,130,124,10,93,276,277,131],"yoast_head":"<!-- This site is optimized with the Yoast SEO plugin v23.5 - https:\/\/yoast.com\/wordpress\/plugins\/seo\/ -->\n<title>Il Postpartum, un periodo delicato per la mamma - Dott.ssa Anna Paola Cavalieri<\/title>\n<meta name=\"description\" content=\"Il Postpartum, un periodo delicato per la mamma. Le settimane successive al parto sono un periodo particolarmente critico per la mamma e per il suo bimbo\" \/>\n<meta name=\"robots\" content=\"index, follow, max-snippet:-1, max-image-preview:large, max-video-preview:-1\" \/>\n<link rel=\"canonical\" href=\"https:\/\/www.medisocial.it\/annapaolacavalieri\/2021\/06\/23\/il-postpartum-un-periodo-delicato-per-la-mamma\/\" \/>\n<meta property=\"og:locale\" content=\"it_IT\" \/>\n<meta property=\"og:type\" content=\"article\" \/>\n<meta property=\"og:title\" content=\"Il Postpartum, un periodo delicato per la mamma - Dott.ssa Anna Paola Cavalieri\" \/>\n<meta property=\"og:description\" content=\"Il Postpartum, un periodo delicato per la mamma. Le settimane successive al parto sono un periodo particolarmente critico per la mamma e per il suo bimbo\" \/>\n<meta property=\"og:url\" content=\"https:\/\/www.medisocial.it\/annapaolacavalieri\/2021\/06\/23\/il-postpartum-un-periodo-delicato-per-la-mamma\/\" \/>\n<meta property=\"og:site_name\" content=\"Dott.ssa Anna Paola Cavalieri\" \/>\n<meta property=\"article:published_time\" content=\"2021-06-23T09:27:01+00:00\" \/>\n<meta property=\"og:image\" content=\"https:\/\/www.medisocial.it\/annapaolacavalieri\/wp-content\/uploads\/2021\/06\/Il-Postpartum-scaled.jpg\" \/>\n\t<meta property=\"og:image:width\" content=\"1707\" \/>\n\t<meta property=\"og:image:height\" content=\"2560\" \/>\n\t<meta property=\"og:image:type\" content=\"image\/jpeg\" \/>\n<meta name=\"author\" content=\"medisocial\" \/>\n<meta name=\"twitter:card\" content=\"summary_large_image\" \/>\n<meta name=\"twitter:label1\" content=\"Scritto da\" \/>\n\t<meta name=\"twitter:data1\" content=\"medisocial\" \/>\n\t<meta name=\"twitter:label2\" content=\"Tempo di lettura stimato\" \/>\n\t<meta name=\"twitter:data2\" content=\"2 minuti\" \/>\n<script type=\"application\/ld+json\" class=\"yoast-schema-graph\">{\"@context\":\"https:\/\/schema.org\",\"@graph\":[{\"@type\":\"Article\",\"@id\":\"https:\/\/www.medisocial.it\/annapaolacavalieri\/2021\/06\/23\/il-postpartum-un-periodo-delicato-per-la-mamma\/#article\",\"isPartOf\":{\"@id\":\"https:\/\/www.medisocial.it\/annapaolacavalieri\/2021\/06\/23\/il-postpartum-un-periodo-delicato-per-la-mamma\/\"},\"author\":{\"name\":\"medisocial\",\"@id\":\"https:\/\/www.medisocial.it\/annapaolacavalieri\/#\/schema\/person\/1cd0bfb9ce49bd43804584df39ef2c91\"},\"headline\":\"Il Postpartum, un periodo delicato per la mamma\",\"datePublished\":\"2021-06-23T09:27:01+00:00\",\"dateModified\":\"2021-06-23T09:27:01+00:00\",\"mainEntityOfPage\":{\"@id\":\"https:\/\/www.medisocial.it\/annapaolacavalieri\/2021\/06\/23\/il-postpartum-un-periodo-delicato-per-la-mamma\/\"},\"wordCount\":244,\"commentCount\":0,\"publisher\":{\"@id\":\"https:\/\/www.medisocial.it\/annapaolacavalieri\/#organization\"},\"image\":{\"@id\":\"https:\/\/www.medisocial.it\/annapaolacavalieri\/2021\/06\/23\/il-postpartum-un-periodo-delicato-per-la-mamma\/#primaryimage\"},\"thumbnailUrl\":\"https:\/\/www.medisocial.it\/annapaolacavalieri\/wp-content\/uploads\/2021\/06\/Il-Postpartum-scaled.jpg\",\"keywords\":[\"disturbo post traumatico da stress\",\"Dottoressa Annapaola Cavalieri\",\"ginecologaroma\",\"ginecologo\",\"gravidanza\",\"parto\",\"postpartum\",\"PTSD\",\"specialistaginecologiaroma\"],\"articleSection\":[\"Articoli\"],\"inLanguage\":\"it-IT\",\"potentialAction\":[{\"@type\":\"CommentAction\",\"name\":\"Comment\",\"target\":[\"https:\/\/www.medisocial.it\/annapaolacavalieri\/2021\/06\/23\/il-postpartum-un-periodo-delicato-per-la-mamma\/#respond\"]}]},{\"@type\":\"WebPage\",\"@id\":\"https:\/\/www.medisocial.it\/annapaolacavalieri\/2021\/06\/23\/il-postpartum-un-periodo-delicato-per-la-mamma\/\",\"url\":\"https:\/\/www.medisocial.it\/annapaolacavalieri\/2021\/06\/23\/il-postpartum-un-periodo-delicato-per-la-mamma\/\",\"name\":\"Il Postpartum, un periodo delicato per la mamma - Dott.ssa Anna Paola Cavalieri\",\"isPartOf\":{\"@id\":\"https:\/\/www.medisocial.it\/annapaolacavalieri\/#website\"},\"primaryImageOfPage\":{\"@id\":\"https:\/\/www.medisocial.it\/annapaolacavalieri\/2021\/06\/23\/il-postpartum-un-periodo-delicato-per-la-mamma\/#primaryimage\"},\"image\":{\"@id\":\"https:\/\/www.medisocial.it\/annapaolacavalieri\/2021\/06\/23\/il-postpartum-un-periodo-delicato-per-la-mamma\/#primaryimage\"},\"thumbnailUrl\":\"https:\/\/www.medisocial.it\/annapaolacavalieri\/wp-content\/uploads\/2021\/06\/Il-Postpartum-scaled.jpg\",\"datePublished\":\"2021-06-23T09:27:01+00:00\",\"dateModified\":\"2021-06-23T09:27:01+00:00\",\"description\":\"Il Postpartum, un periodo delicato per la mamma. Le settimane successive al parto sono un periodo particolarmente critico per la mamma e per il suo bimbo\",\"breadcrumb\":{\"@id\":\"https:\/\/www.medisocial.it\/annapaolacavalieri\/2021\/06\/23\/il-postpartum-un-periodo-delicato-per-la-mamma\/#breadcrumb\"},\"inLanguage\":\"it-IT\",\"potentialAction\":[{\"@type\":\"ReadAction\",\"target\":[\"https:\/\/www.medisocial.it\/annapaolacavalieri\/2021\/06\/23\/il-postpartum-un-periodo-delicato-per-la-mamma\/\"]}]},{\"@type\":\"ImageObject\",\"inLanguage\":\"it-IT\",\"@id\":\"https:\/\/www.medisocial.it\/annapaolacavalieri\/2021\/06\/23\/il-postpartum-un-periodo-delicato-per-la-mamma\/#primaryimage\",\"url\":\"https:\/\/www.medisocial.it\/annapaolacavalieri\/wp-content\/uploads\/2021\/06\/Il-Postpartum-scaled.jpg\",\"contentUrl\":\"https:\/\/www.medisocial.it\/annapaolacavalieri\/wp-content\/uploads\/2021\/06\/Il-Postpartum-scaled.jpg\",\"width\":1707,\"height\":2560,\"caption\":\"Il Postpartum\"},{\"@type\":\"BreadcrumbList\",\"@id\":\"https:\/\/www.medisocial.it\/annapaolacavalieri\/2021\/06\/23\/il-postpartum-un-periodo-delicato-per-la-mamma\/#breadcrumb\",\"itemListElement\":[{\"@type\":\"ListItem\",\"position\":1,\"name\":\"Home\",\"item\":\"https:\/\/www.medisocial.it\/annapaolacavalieri\/\"},{\"@type\":\"ListItem\",\"position\":2,\"name\":\"Il Postpartum, un periodo delicato per la mamma\"}]},{\"@type\":\"WebSite\",\"@id\":\"https:\/\/www.medisocial.it\/annapaolacavalieri\/#website\",\"url\":\"https:\/\/www.medisocial.it\/annapaolacavalieri\/\",\"name\":\"Dott.ssa Anna Paola Cavalieri\",\"description\":\"Specialista in Ostetricia e Ginecologia - Roma\",\"publisher\":{\"@id\":\"https:\/\/www.medisocial.it\/annapaolacavalieri\/#organization\"},\"potentialAction\":[{\"@type\":\"SearchAction\",\"target\":{\"@type\":\"EntryPoint\",\"urlTemplate\":\"https:\/\/www.medisocial.it\/annapaolacavalieri\/?s={search_term_string}\"},\"query-input\":{\"@type\":\"PropertyValueSpecification\",\"valueRequired\":true,\"valueName\":\"search_term_string\"}}],\"inLanguage\":\"it-IT\"},{\"@type\":\"Organization\",\"@id\":\"https:\/\/www.medisocial.it\/annapaolacavalieri\/#organization\",\"name\":\"Dott.ssa Anna Paola Cavalieri\",\"url\":\"https:\/\/www.medisocial.it\/annapaolacavalieri\/\",\"logo\":{\"@type\":\"ImageObject\",\"inLanguage\":\"it-IT\",\"@id\":\"https:\/\/www.medisocial.it\/annapaolacavalieri\/#\/schema\/logo\/image\/\",\"url\":\"https:\/\/www.medisocial.it\/annapaolacavalieri\/wp-content\/uploads\/2019\/06\/logo7.jpg\",\"contentUrl\":\"https:\/\/www.medisocial.it\/annapaolacavalieri\/wp-content\/uploads\/2019\/06\/logo7.jpg\",\"width\":242,\"height\":99,\"caption\":\"Dott.ssa Anna Paola Cavalieri\"},\"image\":{\"@id\":\"https:\/\/www.medisocial.it\/annapaolacavalieri\/#\/schema\/logo\/image\/\"}},{\"@type\":\"Person\",\"@id\":\"https:\/\/www.medisocial.it\/annapaolacavalieri\/#\/schema\/person\/1cd0bfb9ce49bd43804584df39ef2c91\",\"name\":\"medisocial\",\"image\":{\"@type\":\"ImageObject\",\"inLanguage\":\"it-IT\",\"@id\":\"https:\/\/www.medisocial.it\/annapaolacavalieri\/#\/schema\/person\/image\/\",\"url\":\"https:\/\/secure.gravatar.com\/avatar\/efa9393110d3610a15f45429c6613084?s=96&d=mm&r=g\",\"contentUrl\":\"https:\/\/secure.gravatar.com\/avatar\/efa9393110d3610a15f45429c6613084?s=96&d=mm&r=g\",\"caption\":\"medisocial\"}}]}<\/script>\n<!-- \/ Yoast SEO plugin. -->","yoast_head_json":{"title":"Il Postpartum, un periodo delicato per la mamma - Dott.ssa Anna Paola Cavalieri","description":"Il Postpartum, un periodo delicato per la mamma. Le settimane successive al parto sono un periodo particolarmente critico per la mamma e per il suo bimbo","robots":{"index":"index","follow":"follow","max-snippet":"max-snippet:-1","max-image-preview":"max-image-preview:large","max-video-preview":"max-video-preview:-1"},"canonical":"https:\/\/www.medisocial.it\/annapaolacavalieri\/2021\/06\/23\/il-postpartum-un-periodo-delicato-per-la-mamma\/","og_locale":"it_IT","og_type":"article","og_title":"Il Postpartum, un periodo delicato per la mamma - Dott.ssa Anna Paola Cavalieri","og_description":"Il Postpartum, un periodo delicato per la mamma. Le settimane successive al parto sono un periodo particolarmente critico per la mamma e per il suo bimbo","og_url":"https:\/\/www.medisocial.it\/annapaolacavalieri\/2021\/06\/23\/il-postpartum-un-periodo-delicato-per-la-mamma\/","og_site_name":"Dott.ssa Anna Paola Cavalieri","article_published_time":"2021-06-23T09:27:01+00:00","og_image":[{"width":1707,"height":2560,"url":"https:\/\/www.medisocial.it\/annapaolacavalieri\/wp-content\/uploads\/2021\/06\/Il-Postpartum-scaled.jpg","type":"image\/jpeg"}],"author":"medisocial","twitter_card":"summary_large_image","twitter_misc":{"Scritto da":"medisocial","Tempo di lettura stimato":"2 minuti"},"schema":{"@context":"https:\/\/schema.org","@graph":[{"@type":"Article","@id":"https:\/\/www.medisocial.it\/annapaolacavalieri\/2021\/06\/23\/il-postpartum-un-periodo-delicato-per-la-mamma\/#article","isPartOf":{"@id":"https:\/\/www.medisocial.it\/annapaolacavalieri\/2021\/06\/23\/il-postpartum-un-periodo-delicato-per-la-mamma\/"},"author":{"name":"medisocial","@id":"https:\/\/www.medisocial.it\/annapaolacavalieri\/#\/schema\/person\/1cd0bfb9ce49bd43804584df39ef2c91"},"headline":"Il Postpartum, un periodo delicato per la mamma","datePublished":"2021-06-23T09:27:01+00:00","dateModified":"2021-06-23T09:27:01+00:00","mainEntityOfPage":{"@id":"https:\/\/www.medisocial.it\/annapaolacavalieri\/2021\/06\/23\/il-postpartum-un-periodo-delicato-per-la-mamma\/"},"wordCount":244,"commentCount":0,"publisher":{"@id":"https:\/\/www.medisocial.it\/annapaolacavalieri\/#organization"},"image":{"@id":"https:\/\/www.medisocial.it\/annapaolacavalieri\/2021\/06\/23\/il-postpartum-un-periodo-delicato-per-la-mamma\/#primaryimage"},"thumbnailUrl":"https:\/\/www.medisocial.it\/annapaolacavalieri\/wp-content\/uploads\/2021\/06\/Il-Postpartum-scaled.jpg","keywords":["disturbo post traumatico da stress","Dottoressa Annapaola Cavalieri","ginecologaroma","ginecologo","gravidanza","parto","postpartum","PTSD","specialistaginecologiaroma"],"articleSection":["Articoli"],"inLanguage":"it-IT","potentialAction":[{"@type":"CommentAction","name":"Comment","target":["https:\/\/www.medisocial.it\/annapaolacavalieri\/2021\/06\/23\/il-postpartum-un-periodo-delicato-per-la-mamma\/#respond"]}]},{"@type":"WebPage","@id":"https:\/\/www.medisocial.it\/annapaolacavalieri\/2021\/06\/23\/il-postpartum-un-periodo-delicato-per-la-mamma\/","url":"https:\/\/www.medisocial.it\/annapaolacavalieri\/2021\/06\/23\/il-postpartum-un-periodo-delicato-per-la-mamma\/","name":"Il Postpartum, un periodo delicato per la mamma - Dott.ssa Anna Paola Cavalieri","isPartOf":{"@id":"https:\/\/www.medisocial.it\/annapaolacavalieri\/#website"},"primaryImageOfPage":{"@id":"https:\/\/www.medisocial.it\/annapaolacavalieri\/2021\/06\/23\/il-postpartum-un-periodo-delicato-per-la-mamma\/#primaryimage"},"image":{"@id":"https:\/\/www.medisocial.it\/annapaolacavalieri\/2021\/06\/23\/il-postpartum-un-periodo-delicato-per-la-mamma\/#primaryimage"},"thumbnailUrl":"https:\/\/www.medisocial.it\/annapaolacavalieri\/wp-content\/uploads\/2021\/06\/Il-Postpartum-scaled.jpg","datePublished":"2021-06-23T09:27:01+00:00","dateModified":"2021-06-23T09:27:01+00:00","description":"Il Postpartum, un periodo delicato per la mamma. Le settimane successive al parto sono un periodo particolarmente critico per la mamma e per il suo bimbo","breadcrumb":{"@id":"https:\/\/www.medisocial.it\/annapaolacavalieri\/2021\/06\/23\/il-postpartum-un-periodo-delicato-per-la-mamma\/#breadcrumb"},"inLanguage":"it-IT","potentialAction":[{"@type":"ReadAction","target":["https:\/\/www.medisocial.it\/annapaolacavalieri\/2021\/06\/23\/il-postpartum-un-periodo-delicato-per-la-mamma\/"]}]},{"@type":"ImageObject","inLanguage":"it-IT","@id":"https:\/\/www.medisocial.it\/annapaolacavalieri\/2021\/06\/23\/il-postpartum-un-periodo-delicato-per-la-mamma\/#primaryimage","url":"https:\/\/www.medisocial.it\/annapaolacavalieri\/wp-content\/uploads\/2021\/06\/Il-Postpartum-scaled.jpg","contentUrl":"https:\/\/www.medisocial.it\/annapaolacavalieri\/wp-content\/uploads\/2021\/06\/Il-Postpartum-scaled.jpg","width":1707,"height":2560,"caption":"Il Postpartum"},{"@type":"BreadcrumbList","@id":"https:\/\/www.medisocial.it\/annapaolacavalieri\/2021\/06\/23\/il-postpartum-un-periodo-delicato-per-la-mamma\/#breadcrumb","itemListElement":[{"@type":"ListItem","position":1,"name":"Home","item":"https:\/\/www.medisocial.it\/annapaolacavalieri\/"},{"@type":"ListItem","position":2,"name":"Il Postpartum, un periodo delicato per la mamma"}]},{"@type":"WebSite","@id":"https:\/\/www.medisocial.it\/annapaolacavalieri\/#website","url":"https:\/\/www.medisocial.it\/annapaolacavalieri\/","name":"Dott.ssa Anna Paola Cavalieri","description":"Specialista in Ostetricia e Ginecologia - Roma","publisher":{"@id":"https:\/\/www.medisocial.it\/annapaolacavalieri\/#organization"},"potentialAction":[{"@type":"SearchAction","target":{"@type":"EntryPoint","urlTemplate":"https:\/\/www.medisocial.it\/annapaolacavalieri\/?s={search_term_string}"},"query-input":{"@type":"PropertyValueSpecification","valueRequired":true,"valueName":"search_term_string"}}],"inLanguage":"it-IT"},{"@type":"Organization","@id":"https:\/\/www.medisocial.it\/annapaolacavalieri\/#organization","name":"Dott.ssa Anna Paola Cavalieri","url":"https:\/\/www.medisocial.it\/annapaolacavalieri\/","logo":{"@type":"ImageObject","inLanguage":"it-IT","@id":"https:\/\/www.medisocial.it\/annapaolacavalieri\/#\/schema\/logo\/image\/","url":"https:\/\/www.medisocial.it\/annapaolacavalieri\/wp-content\/uploads\/2019\/06\/logo7.jpg","contentUrl":"https:\/\/www.medisocial.it\/annapaolacavalieri\/wp-content\/uploads\/2019\/06\/logo7.jpg","width":242,"height":99,"caption":"Dott.ssa Anna Paola Cavalieri"},"image":{"@id":"https:\/\/www.medisocial.it\/annapaolacavalieri\/#\/schema\/logo\/image\/"}},{"@type":"Person","@id":"https:\/\/www.medisocial.it\/annapaolacavalieri\/#\/schema\/person\/1cd0bfb9ce49bd43804584df39ef2c91","name":"medisocial","image":{"@type":"ImageObject","inLanguage":"it-IT","@id":"https:\/\/www.medisocial.it\/annapaolacavalieri\/#\/schema\/person\/image\/","url":"https:\/\/secure.gravatar.com\/avatar\/efa9393110d3610a15f45429c6613084?s=96&d=mm&r=g","contentUrl":"https:\/\/secure.gravatar.com\/avatar\/efa9393110d3610a15f45429c6613084?s=96&d=mm&r=g","caption":"medisocial"}}]}},"_links":{"self":[{"href":"https:\/\/www.medisocial.it\/annapaolacavalieri\/wp-json\/wp\/v2\/posts\/636"}],"collection":[{"href":"https:\/\/www.medisocial.it\/annapaolacavalieri\/wp-json\/wp\/v2\/posts"}],"about":[{"href":"https:\/\/www.medisocial.it\/annapaolacavalieri\/wp-json\/wp\/v2\/types\/post"}],"author":[{"embeddable":true,"href":"https:\/\/www.medisocial.it\/annapaolacavalieri\/wp-json\/wp\/v2\/users\/1"}],"replies":[{"embeddable":true,"href":"https:\/\/www.medisocial.it\/annapaolacavalieri\/wp-json\/wp\/v2\/comments?post=636"}],"version-history":[{"count":1,"href":"https:\/\/www.medisocial.it\/annapaolacavalieri\/wp-json\/wp\/v2\/posts\/636\/revisions"}],"predecessor-version":[{"id":638,"href":"https:\/\/www.medisocial.it\/annapaolacavalieri\/wp-json\/wp\/v2\/posts\/636\/revisions\/638"}],"wp:featuredmedia":[{"embeddable":true,"href":"https:\/\/www.medisocial.it\/annapaolacavalieri\/wp-json\/wp\/v2\/media\/637"}],"wp:attachment":[{"href":"https:\/\/www.medisocial.it\/annapaolacavalieri\/wp-json\/wp\/v2\/media?parent=636"}],"wp:term":[{"taxonomy":"category","embeddable":true,"href":"https:\/\/www.medisocial.it\/annapaolacavalieri\/wp-json\/wp\/v2\/categories?post=636"},{"taxonomy":"post_tag","embeddable":true,"href":"https:\/\/www.medisocial.it\/annapaolacavalieri\/wp-json\/wp\/v2\/tags?post=636"}],"curies":[{"name":"wp","href":"https:\/\/api.w.org\/{rel}","templated":true}]}}