{"id":618,"date":"2021-04-07T11:31:37","date_gmt":"2021-04-07T09:31:37","guid":{"rendered":"https:\/\/www.medisocial.it\/annapaolacavalieri\/?p=618"},"modified":"2021-04-07T11:31:37","modified_gmt":"2021-04-07T09:31:37","slug":"sindrome-dellovaio-policistico-e-adolescenza","status":"publish","type":"post","link":"https:\/\/www.medisocial.it\/annapaolacavalieri\/2021\/04\/07\/sindrome-dellovaio-policistico-e-adolescenza\/","title":{"rendered":"Sindrome dell&#8217;ovaio policistico e adolescenza\u00a0"},"content":{"rendered":"<p><span style=\"font-family: Times New Roman, serif;\">La sindrome dell&#8217;ovaio policistico (PCOs) \u00e8 una diagnosi molto frequente nelle giovani donne, ma vedremo nel corso dell&#8217;articolo come spesso tale diagnosi sia errata in tale fascia di et\u00e0.\u00a0<\/span><\/p>\n<p><span style=\"font-family: Times New Roman, serif;\"><strong>Intanto qualche cenno sulle caratteristiche cliniche della PCOs e sulle sue cause<\/strong>.\u00a0<\/span><\/p>\n<p><span style=\"font-family: Times New Roman, serif;\">La PCOs \u00e8 un disturbo endocrino molto\u00a0frequente che colpisce dal 7 al 10% della popolazione femminile in et\u00e0 fertile, caratterizzata da irregolarit\u00e0 mestruali e iperandrogensimo. <\/span><\/p>\n<p><span style=\"font-family: Times New Roman, serif;\">Le irregolarit\u00e0 mestruali\u00a0consistono in oligomenorrea, cio\u00e8 cicli molto distanziati tra di loro, e anovulazione (cio\u00e8 mancata ovulazione).\u00a0<\/span><\/p>\n<p><span style=\"font-family: Times New Roman, serif;\">L&#8217; iperandrogenismo (cio\u00e8 aumento della quota di ormoni maschili)\u00a0si manifesta con acne, irsutismo e alopecia. A livello ovarico \u00e8 possibile riscontrare con l&#8217;ecografia una morfologia policistica ed un aumentato volume.\u00a0<\/span><\/p>\n<p><span style=\"font-family: Times New Roman, serif;\">Nel tempo spesso si associa ad insulino-resistenza ed obesit\u00e0. Pu\u00f2 portare ad infertilit\u00e0 e, in et\u00e0 avanzata, a diabete e problemi cardiovascolari. La sintomatologia pu\u00f2 essere variabile\u00a0sia nelle forme che nella gravit\u00e0.\u00a0<\/span><\/p>\n<p><span style=\"font-family: Times New Roman, serif;\">Le cause sono molteplici, associandosi fattori genetici e fattori ambientali. La familiarit\u00e0 per diabete e malattie cardiovascolari aumenta\u00a0il rischio. <\/span><\/p>\n<p><span style=\"font-family: Times New Roman, serif;\">Secondo alcuni studi il processo inizia gi\u00e0 nell&#8217;utero materno. La prematurit\u00e1 e il basso peso alla nascita aumentano nelle bambine il rischio di sviluppare la sindrome dell&#8217;ovaio policistico. <\/span><\/p>\n<p><span style=\"font-family: Times New Roman, serif;\">I bimbi che nascono sottopeso tendono infatti a recuperare pi\u00f9 velocemente peso, aumentando velocemente la loro quota di tessuto adiposo (grasso). Se l&#8217;aumento di peso continua anche negli anni della prepubert\u00e0 tale grasso acquisisce una sorta di stabilit\u00e0, che lo rende quindi pi\u00f9 pericoloso, nel senso che rappresenta un fattore di rischio per diverse malattie.\u00a0<\/span><\/p>\n<p><span style=\"font-family: Times New Roman, serif;\">Il sovrappeso infantile \u00e8 quindi un importante fattore di rischio indipendente per diverse patologie, tra cui la sindrome dell&#8217;ovaio policistico, che a sua volta aumenta il rischio di sindrome metabolica (diabete, malattie cardiovascolari) .\u00a0<\/span><\/p>\n<p><span style=\"font-family: Times New Roman, serif;\">La terapia pi\u00f9 efficace \u00e8 un corretto stile di vita fin dall&#8217;infanzia. Fondamentale nella bambina ma anche nella adolescente una alimentazione sana (cercando quindi di mantenere un corretto peso) e un esercizio fisico regolare.\u00a0<\/span><\/p>\n<h4><\/h4>\n<h4><span style=\"font-family: Times New Roman, serif;\"><b>La sindrome dell&#8217;ovaio policistico in adolescenza<\/b><\/span><\/h4>\n<p><span style=\"font-family: Times New Roman, serif;\">I sintomi della PCOs iniziano a manifestarsi in adolescenza con caratteristiche simili a quelle della donna adulta, ma la diagnosi \u00e8 pi\u00f9 difficile in quanto nelle adolescenti alcuni sintomi quali la irregolarit\u00e0 mestruale e la presenza di acne sono molto diffusi e spesso non patologici.\u00a0<\/span><\/p>\n<p><span style=\"font-family: Times New Roman, serif;\">Per cui i criteri diagnostici in tale fascia di et\u00e0 sono pi\u00f9 stretti.\u00a0<\/span><\/p>\n<p><span style=\"font-family: Times New Roman, serif;\">Nella mia esperienza ho visto moltissime ragazze etichettate come &#8220;ovaio policistico &#8221; che non lo erano affatto.\u00a0<\/span><\/p>\n<p><span style=\"font-family: Times New Roman, serif;\">In adolescenza si parla di cicli irregolari quando, dopo almeno due anni dalla prima mestruazione (menarca) il ciclo dura mediamente pi\u00f9 di 45 giorni.\u00a0<\/span><\/p>\n<p><span style=\"font-family: Times New Roman, serif;\">L&#8217;acne adolescenziale nella sindrome dell&#8217;ovaio policistico \u00e8 severa. \u00a0<\/span><\/p>\n<p><span style=\"font-family: Times New Roman, serif;\">La diagnosi ecografica in et\u00e0 adolescenziale \u00e8 poco utile in quanto molto spesso in tale fascia di et\u00e0 le ovaie hanno fisiologicamente un aspetto multifolllicolare e un volume aumentato che pu\u00f2 portare soprattutto nelle ecografie transaddominali (esterne) a diagnosi errate (Pena A 2020).\u00a0<\/span><\/p>\n<p><span style=\"font-family: Times New Roman, serif;\">In altre parole, la diagnosi di PCOs in adolescenza \u00e8 difficile e spesso sovrastimata.\u00a0<\/span><\/p>\n<p><span style=\"font-family: Times New Roman, serif;\">La diagnosi andrebbe fatta da un medico esperto, non prima dei due anni dopo il menarca ed in presenza di cicli irregolari e segni clinici evidenti di iperandrogensimo (acne severa e\/o irsutismo). Devono essere presenti pi\u00f9 criteri contemporaneamente per fare diagnosi di PCOs (Camina et al 2010, Pena A 2020)<\/span><\/p>\n<p><span style=\"font-family: Times New Roman, serif;\">Evitare sovradiagnosi\u00a0\u00e8 importante in quanto altrimenti si rischiano terapie non necessarie e falsi allarmi. D&#8217;altra parte \u00e8 importante individuare i casi reali perch\u00e9 una sottodiagnosi pu\u00f2 essere pericolosa in quanto, agendo per tempo, si possono ridurre problemi futuri sulla fertilit\u00e0 e la salute.\u00a0<\/span><\/p>\n<p><span style=\"font-family: Times New Roman, serif;\">Sar\u00e0 importante in queste ragazze modificare lo stile di vita (dieta, minore sedentariet\u00e0, esercizio fisico, strategie comportamentali).\u00a0<\/span><\/p>\n<p><span style=\"font-family: Times New Roman, serif;\">E nelle ragazze sovrappeso sar\u00e0 prioritario ridurre il peso.\u00a0<\/span><\/p>\n<p><span style=\"font-family: Times New Roman, serif;\">Esistono poi terapie farmacologiche che vanno valutate caso per caso (estroprogestinici, metformina, inositolo, acido alfa lipoico).\u00a0<\/span><\/p>\n<p>Per prenotare una visita vai sulla sezione &#8220;<a href=\"https:\/\/www.medisocial.it\/annapaolacavalieri\/contatti\/\">Contatti<\/a>&#8220;<\/p>\n","protected":false},"excerpt":{"rendered":"<p>La sindrome dell&#8217;ovaio policistico (PCOs) \u00e8 una diagnosi molto frequente nelle giovani donne, ma vedremo nel corso dell&#8217;articolo come spesso tale diagnosi sia errata in tale fascia di et\u00e0.\u00a0 Intanto qualche cenno sulle caratteristiche cliniche della PCOs e sulle sue cause.\u00a0 La PCOs \u00e8 un disturbo endocrino molto\u00a0frequente che colpisce dal 7 al 10% della [&hellip;]<\/p>\n","protected":false},"author":1,"featured_media":603,"comment_status":"open","ping_status":"open","sticky":false,"template":"","format":"standard","meta":{"_monsterinsights_skip_tracking":false,"_monsterinsights_sitenote_active":false,"_monsterinsights_sitenote_note":"","_monsterinsights_sitenote_category":0,"footnotes":""},"categories":[7],"tags":[257,195,12,101,67,24,173,254,256,162,253,255],"yoast_head":"<!-- This site is optimized with the Yoast SEO plugin v23.5 - https:\/\/yoast.com\/wordpress\/plugins\/seo\/ -->\n<title>Sindrome dell&#039;ovaio policistico e adolescenza\u00a0 - Dott.ssa Anna Paola Cavalieri<\/title>\n<meta name=\"description\" content=\"La sindrome dell&#039;ovaio policistico \u00e8 una diagnosi frequente nelle giovani donne, ma vedremo come la diagnosi sia errata in tale fascia di et\u00e0.\u00a0\" \/>\n<meta name=\"robots\" content=\"index, follow, max-snippet:-1, max-image-preview:large, max-video-preview:-1\" \/>\n<link rel=\"canonical\" href=\"https:\/\/www.medisocial.it\/annapaolacavalieri\/2021\/04\/07\/sindrome-dellovaio-policistico-e-adolescenza\/\" \/>\n<meta property=\"og:locale\" content=\"it_IT\" \/>\n<meta property=\"og:type\" content=\"article\" \/>\n<meta property=\"og:title\" content=\"Sindrome dell&#039;ovaio policistico e adolescenza\u00a0 - Dott.ssa Anna Paola Cavalieri\" \/>\n<meta property=\"og:description\" content=\"La sindrome dell&#039;ovaio policistico \u00e8 una diagnosi frequente nelle giovani donne, ma vedremo come la diagnosi sia errata in tale fascia di et\u00e0.\u00a0\" \/>\n<meta property=\"og:url\" content=\"https:\/\/www.medisocial.it\/annapaolacavalieri\/2021\/04\/07\/sindrome-dellovaio-policistico-e-adolescenza\/\" \/>\n<meta property=\"og:site_name\" content=\"Dott.ssa Anna Paola Cavalieri\" \/>\n<meta property=\"article:published_time\" content=\"2021-04-07T09:31:37+00:00\" \/>\n<meta property=\"og:image\" content=\"https:\/\/www.medisocial.it\/annapaolacavalieri\/wp-content\/uploads\/2021\/02\/polipo-endometriale-scaled.jpg\" \/>\n\t<meta property=\"og:image:width\" content=\"2560\" \/>\n\t<meta property=\"og:image:height\" content=\"1707\" \/>\n\t<meta property=\"og:image:type\" content=\"image\/jpeg\" \/>\n<meta name=\"author\" content=\"medisocial\" \/>\n<meta name=\"twitter:card\" content=\"summary_large_image\" \/>\n<meta name=\"twitter:label1\" content=\"Scritto da\" \/>\n\t<meta name=\"twitter:data1\" content=\"medisocial\" \/>\n\t<meta name=\"twitter:label2\" content=\"Tempo di lettura stimato\" \/>\n\t<meta name=\"twitter:data2\" content=\"3 minuti\" \/>\n<script type=\"application\/ld+json\" class=\"yoast-schema-graph\">{\"@context\":\"https:\/\/schema.org\",\"@graph\":[{\"@type\":\"Article\",\"@id\":\"https:\/\/www.medisocial.it\/annapaolacavalieri\/2021\/04\/07\/sindrome-dellovaio-policistico-e-adolescenza\/#article\",\"isPartOf\":{\"@id\":\"https:\/\/www.medisocial.it\/annapaolacavalieri\/2021\/04\/07\/sindrome-dellovaio-policistico-e-adolescenza\/\"},\"author\":{\"name\":\"medisocial\",\"@id\":\"https:\/\/www.medisocial.it\/annapaolacavalieri\/#\/schema\/person\/1cd0bfb9ce49bd43804584df39ef2c91\"},\"headline\":\"Sindrome dell&#8217;ovaio policistico e adolescenza\u00a0\",\"datePublished\":\"2021-04-07T09:31:37+00:00\",\"dateModified\":\"2021-04-07T09:31:37+00:00\",\"mainEntityOfPage\":{\"@id\":\"https:\/\/www.medisocial.it\/annapaolacavalieri\/2021\/04\/07\/sindrome-dellovaio-policistico-e-adolescenza\/\"},\"wordCount\":634,\"commentCount\":0,\"publisher\":{\"@id\":\"https:\/\/www.medisocial.it\/annapaolacavalieri\/#organization\"},\"image\":{\"@id\":\"https:\/\/www.medisocial.it\/annapaolacavalieri\/2021\/04\/07\/sindrome-dellovaio-policistico-e-adolescenza\/#primaryimage\"},\"thumbnailUrl\":\"https:\/\/www.medisocial.it\/annapaolacavalieri\/wp-content\/uploads\/2021\/02\/polipo-endometriale-scaled.jpg\",\"keywords\":[\"acne\",\"adolescenza\",\"alimentazione\",\"ciclo mestruale\",\"diabete\",\"dieta\",\"Dott.ssa Anna Paola Cavalieri\",\"iperandrogenismo\",\"irsutismo\",\"ovaie\",\"ovaio policistico\",\"peso\"],\"articleSection\":[\"Articoli\"],\"inLanguage\":\"it-IT\",\"potentialAction\":[{\"@type\":\"CommentAction\",\"name\":\"Comment\",\"target\":[\"https:\/\/www.medisocial.it\/annapaolacavalieri\/2021\/04\/07\/sindrome-dellovaio-policistico-e-adolescenza\/#respond\"]}]},{\"@type\":\"WebPage\",\"@id\":\"https:\/\/www.medisocial.it\/annapaolacavalieri\/2021\/04\/07\/sindrome-dellovaio-policistico-e-adolescenza\/\",\"url\":\"https:\/\/www.medisocial.it\/annapaolacavalieri\/2021\/04\/07\/sindrome-dellovaio-policistico-e-adolescenza\/\",\"name\":\"Sindrome dell'ovaio policistico e adolescenza\u00a0 - Dott.ssa Anna Paola Cavalieri\",\"isPartOf\":{\"@id\":\"https:\/\/www.medisocial.it\/annapaolacavalieri\/#website\"},\"primaryImageOfPage\":{\"@id\":\"https:\/\/www.medisocial.it\/annapaolacavalieri\/2021\/04\/07\/sindrome-dellovaio-policistico-e-adolescenza\/#primaryimage\"},\"image\":{\"@id\":\"https:\/\/www.medisocial.it\/annapaolacavalieri\/2021\/04\/07\/sindrome-dellovaio-policistico-e-adolescenza\/#primaryimage\"},\"thumbnailUrl\":\"https:\/\/www.medisocial.it\/annapaolacavalieri\/wp-content\/uploads\/2021\/02\/polipo-endometriale-scaled.jpg\",\"datePublished\":\"2021-04-07T09:31:37+00:00\",\"dateModified\":\"2021-04-07T09:31:37+00:00\",\"description\":\"La sindrome dell'ovaio policistico \u00e8 una diagnosi frequente nelle giovani donne, ma vedremo come la diagnosi sia errata in tale fascia di et\u00e0.\u00a0\",\"breadcrumb\":{\"@id\":\"https:\/\/www.medisocial.it\/annapaolacavalieri\/2021\/04\/07\/sindrome-dellovaio-policistico-e-adolescenza\/#breadcrumb\"},\"inLanguage\":\"it-IT\",\"potentialAction\":[{\"@type\":\"ReadAction\",\"target\":[\"https:\/\/www.medisocial.it\/annapaolacavalieri\/2021\/04\/07\/sindrome-dellovaio-policistico-e-adolescenza\/\"]}]},{\"@type\":\"ImageObject\",\"inLanguage\":\"it-IT\",\"@id\":\"https:\/\/www.medisocial.it\/annapaolacavalieri\/2021\/04\/07\/sindrome-dellovaio-policistico-e-adolescenza\/#primaryimage\",\"url\":\"https:\/\/www.medisocial.it\/annapaolacavalieri\/wp-content\/uploads\/2021\/02\/polipo-endometriale-scaled.jpg\",\"contentUrl\":\"https:\/\/www.medisocial.it\/annapaolacavalieri\/wp-content\/uploads\/2021\/02\/polipo-endometriale-scaled.jpg\",\"width\":2560,\"height\":1707,\"caption\":\"Sindrome dell'ovaio policistico\"},{\"@type\":\"BreadcrumbList\",\"@id\":\"https:\/\/www.medisocial.it\/annapaolacavalieri\/2021\/04\/07\/sindrome-dellovaio-policistico-e-adolescenza\/#breadcrumb\",\"itemListElement\":[{\"@type\":\"ListItem\",\"position\":1,\"name\":\"Home\",\"item\":\"https:\/\/www.medisocial.it\/annapaolacavalieri\/\"},{\"@type\":\"ListItem\",\"position\":2,\"name\":\"Sindrome dell&#8217;ovaio policistico e adolescenza\u00a0\"}]},{\"@type\":\"WebSite\",\"@id\":\"https:\/\/www.medisocial.it\/annapaolacavalieri\/#website\",\"url\":\"https:\/\/www.medisocial.it\/annapaolacavalieri\/\",\"name\":\"Dott.ssa Anna Paola Cavalieri\",\"description\":\"Specialista in Ostetricia e Ginecologia - Roma\",\"publisher\":{\"@id\":\"https:\/\/www.medisocial.it\/annapaolacavalieri\/#organization\"},\"potentialAction\":[{\"@type\":\"SearchAction\",\"target\":{\"@type\":\"EntryPoint\",\"urlTemplate\":\"https:\/\/www.medisocial.it\/annapaolacavalieri\/?s={search_term_string}\"},\"query-input\":{\"@type\":\"PropertyValueSpecification\",\"valueRequired\":true,\"valueName\":\"search_term_string\"}}],\"inLanguage\":\"it-IT\"},{\"@type\":\"Organization\",\"@id\":\"https:\/\/www.medisocial.it\/annapaolacavalieri\/#organization\",\"name\":\"Dott.ssa Anna Paola Cavalieri\",\"url\":\"https:\/\/www.medisocial.it\/annapaolacavalieri\/\",\"logo\":{\"@type\":\"ImageObject\",\"inLanguage\":\"it-IT\",\"@id\":\"https:\/\/www.medisocial.it\/annapaolacavalieri\/#\/schema\/logo\/image\/\",\"url\":\"https:\/\/www.medisocial.it\/annapaolacavalieri\/wp-content\/uploads\/2019\/06\/logo7.jpg\",\"contentUrl\":\"https:\/\/www.medisocial.it\/annapaolacavalieri\/wp-content\/uploads\/2019\/06\/logo7.jpg\",\"width\":242,\"height\":99,\"caption\":\"Dott.ssa Anna Paola Cavalieri\"},\"image\":{\"@id\":\"https:\/\/www.medisocial.it\/annapaolacavalieri\/#\/schema\/logo\/image\/\"}},{\"@type\":\"Person\",\"@id\":\"https:\/\/www.medisocial.it\/annapaolacavalieri\/#\/schema\/person\/1cd0bfb9ce49bd43804584df39ef2c91\",\"name\":\"medisocial\",\"image\":{\"@type\":\"ImageObject\",\"inLanguage\":\"it-IT\",\"@id\":\"https:\/\/www.medisocial.it\/annapaolacavalieri\/#\/schema\/person\/image\/\",\"url\":\"https:\/\/secure.gravatar.com\/avatar\/efa9393110d3610a15f45429c6613084?s=96&d=mm&r=g\",\"contentUrl\":\"https:\/\/secure.gravatar.com\/avatar\/efa9393110d3610a15f45429c6613084?s=96&d=mm&r=g\",\"caption\":\"medisocial\"}}]}<\/script>\n<!-- \/ Yoast SEO plugin. -->","yoast_head_json":{"title":"Sindrome dell'ovaio policistico e adolescenza\u00a0 - Dott.ssa Anna Paola Cavalieri","description":"La sindrome dell'ovaio policistico \u00e8 una diagnosi frequente nelle giovani donne, ma vedremo come la diagnosi sia errata in tale fascia di et\u00e0.\u00a0","robots":{"index":"index","follow":"follow","max-snippet":"max-snippet:-1","max-image-preview":"max-image-preview:large","max-video-preview":"max-video-preview:-1"},"canonical":"https:\/\/www.medisocial.it\/annapaolacavalieri\/2021\/04\/07\/sindrome-dellovaio-policistico-e-adolescenza\/","og_locale":"it_IT","og_type":"article","og_title":"Sindrome dell'ovaio policistico e adolescenza\u00a0 - Dott.ssa Anna Paola Cavalieri","og_description":"La sindrome dell'ovaio policistico \u00e8 una diagnosi frequente nelle giovani donne, ma vedremo come la diagnosi sia errata in tale fascia di et\u00e0.\u00a0","og_url":"https:\/\/www.medisocial.it\/annapaolacavalieri\/2021\/04\/07\/sindrome-dellovaio-policistico-e-adolescenza\/","og_site_name":"Dott.ssa Anna Paola Cavalieri","article_published_time":"2021-04-07T09:31:37+00:00","og_image":[{"width":2560,"height":1707,"url":"https:\/\/www.medisocial.it\/annapaolacavalieri\/wp-content\/uploads\/2021\/02\/polipo-endometriale-scaled.jpg","type":"image\/jpeg"}],"author":"medisocial","twitter_card":"summary_large_image","twitter_misc":{"Scritto da":"medisocial","Tempo di lettura stimato":"3 minuti"},"schema":{"@context":"https:\/\/schema.org","@graph":[{"@type":"Article","@id":"https:\/\/www.medisocial.it\/annapaolacavalieri\/2021\/04\/07\/sindrome-dellovaio-policistico-e-adolescenza\/#article","isPartOf":{"@id":"https:\/\/www.medisocial.it\/annapaolacavalieri\/2021\/04\/07\/sindrome-dellovaio-policistico-e-adolescenza\/"},"author":{"name":"medisocial","@id":"https:\/\/www.medisocial.it\/annapaolacavalieri\/#\/schema\/person\/1cd0bfb9ce49bd43804584df39ef2c91"},"headline":"Sindrome dell&#8217;ovaio policistico e adolescenza\u00a0","datePublished":"2021-04-07T09:31:37+00:00","dateModified":"2021-04-07T09:31:37+00:00","mainEntityOfPage":{"@id":"https:\/\/www.medisocial.it\/annapaolacavalieri\/2021\/04\/07\/sindrome-dellovaio-policistico-e-adolescenza\/"},"wordCount":634,"commentCount":0,"publisher":{"@id":"https:\/\/www.medisocial.it\/annapaolacavalieri\/#organization"},"image":{"@id":"https:\/\/www.medisocial.it\/annapaolacavalieri\/2021\/04\/07\/sindrome-dellovaio-policistico-e-adolescenza\/#primaryimage"},"thumbnailUrl":"https:\/\/www.medisocial.it\/annapaolacavalieri\/wp-content\/uploads\/2021\/02\/polipo-endometriale-scaled.jpg","keywords":["acne","adolescenza","alimentazione","ciclo mestruale","diabete","dieta","Dott.ssa Anna Paola Cavalieri","iperandrogenismo","irsutismo","ovaie","ovaio policistico","peso"],"articleSection":["Articoli"],"inLanguage":"it-IT","potentialAction":[{"@type":"CommentAction","name":"Comment","target":["https:\/\/www.medisocial.it\/annapaolacavalieri\/2021\/04\/07\/sindrome-dellovaio-policistico-e-adolescenza\/#respond"]}]},{"@type":"WebPage","@id":"https:\/\/www.medisocial.it\/annapaolacavalieri\/2021\/04\/07\/sindrome-dellovaio-policistico-e-adolescenza\/","url":"https:\/\/www.medisocial.it\/annapaolacavalieri\/2021\/04\/07\/sindrome-dellovaio-policistico-e-adolescenza\/","name":"Sindrome dell'ovaio policistico e adolescenza\u00a0 - Dott.ssa Anna Paola Cavalieri","isPartOf":{"@id":"https:\/\/www.medisocial.it\/annapaolacavalieri\/#website"},"primaryImageOfPage":{"@id":"https:\/\/www.medisocial.it\/annapaolacavalieri\/2021\/04\/07\/sindrome-dellovaio-policistico-e-adolescenza\/#primaryimage"},"image":{"@id":"https:\/\/www.medisocial.it\/annapaolacavalieri\/2021\/04\/07\/sindrome-dellovaio-policistico-e-adolescenza\/#primaryimage"},"thumbnailUrl":"https:\/\/www.medisocial.it\/annapaolacavalieri\/wp-content\/uploads\/2021\/02\/polipo-endometriale-scaled.jpg","datePublished":"2021-04-07T09:31:37+00:00","dateModified":"2021-04-07T09:31:37+00:00","description":"La sindrome dell'ovaio policistico \u00e8 una diagnosi frequente nelle giovani donne, ma vedremo come la diagnosi sia errata in tale fascia di et\u00e0.\u00a0","breadcrumb":{"@id":"https:\/\/www.medisocial.it\/annapaolacavalieri\/2021\/04\/07\/sindrome-dellovaio-policistico-e-adolescenza\/#breadcrumb"},"inLanguage":"it-IT","potentialAction":[{"@type":"ReadAction","target":["https:\/\/www.medisocial.it\/annapaolacavalieri\/2021\/04\/07\/sindrome-dellovaio-policistico-e-adolescenza\/"]}]},{"@type":"ImageObject","inLanguage":"it-IT","@id":"https:\/\/www.medisocial.it\/annapaolacavalieri\/2021\/04\/07\/sindrome-dellovaio-policistico-e-adolescenza\/#primaryimage","url":"https:\/\/www.medisocial.it\/annapaolacavalieri\/wp-content\/uploads\/2021\/02\/polipo-endometriale-scaled.jpg","contentUrl":"https:\/\/www.medisocial.it\/annapaolacavalieri\/wp-content\/uploads\/2021\/02\/polipo-endometriale-scaled.jpg","width":2560,"height":1707,"caption":"Sindrome dell'ovaio policistico"},{"@type":"BreadcrumbList","@id":"https:\/\/www.medisocial.it\/annapaolacavalieri\/2021\/04\/07\/sindrome-dellovaio-policistico-e-adolescenza\/#breadcrumb","itemListElement":[{"@type":"ListItem","position":1,"name":"Home","item":"https:\/\/www.medisocial.it\/annapaolacavalieri\/"},{"@type":"ListItem","position":2,"name":"Sindrome dell&#8217;ovaio policistico e adolescenza\u00a0"}]},{"@type":"WebSite","@id":"https:\/\/www.medisocial.it\/annapaolacavalieri\/#website","url":"https:\/\/www.medisocial.it\/annapaolacavalieri\/","name":"Dott.ssa Anna Paola Cavalieri","description":"Specialista in Ostetricia e Ginecologia - Roma","publisher":{"@id":"https:\/\/www.medisocial.it\/annapaolacavalieri\/#organization"},"potentialAction":[{"@type":"SearchAction","target":{"@type":"EntryPoint","urlTemplate":"https:\/\/www.medisocial.it\/annapaolacavalieri\/?s={search_term_string}"},"query-input":{"@type":"PropertyValueSpecification","valueRequired":true,"valueName":"search_term_string"}}],"inLanguage":"it-IT"},{"@type":"Organization","@id":"https:\/\/www.medisocial.it\/annapaolacavalieri\/#organization","name":"Dott.ssa Anna Paola Cavalieri","url":"https:\/\/www.medisocial.it\/annapaolacavalieri\/","logo":{"@type":"ImageObject","inLanguage":"it-IT","@id":"https:\/\/www.medisocial.it\/annapaolacavalieri\/#\/schema\/logo\/image\/","url":"https:\/\/www.medisocial.it\/annapaolacavalieri\/wp-content\/uploads\/2019\/06\/logo7.jpg","contentUrl":"https:\/\/www.medisocial.it\/annapaolacavalieri\/wp-content\/uploads\/2019\/06\/logo7.jpg","width":242,"height":99,"caption":"Dott.ssa Anna Paola Cavalieri"},"image":{"@id":"https:\/\/www.medisocial.it\/annapaolacavalieri\/#\/schema\/logo\/image\/"}},{"@type":"Person","@id":"https:\/\/www.medisocial.it\/annapaolacavalieri\/#\/schema\/person\/1cd0bfb9ce49bd43804584df39ef2c91","name":"medisocial","image":{"@type":"ImageObject","inLanguage":"it-IT","@id":"https:\/\/www.medisocial.it\/annapaolacavalieri\/#\/schema\/person\/image\/","url":"https:\/\/secure.gravatar.com\/avatar\/efa9393110d3610a15f45429c6613084?s=96&d=mm&r=g","contentUrl":"https:\/\/secure.gravatar.com\/avatar\/efa9393110d3610a15f45429c6613084?s=96&d=mm&r=g","caption":"medisocial"}}]}},"_links":{"self":[{"href":"https:\/\/www.medisocial.it\/annapaolacavalieri\/wp-json\/wp\/v2\/posts\/618"}],"collection":[{"href":"https:\/\/www.medisocial.it\/annapaolacavalieri\/wp-json\/wp\/v2\/posts"}],"about":[{"href":"https:\/\/www.medisocial.it\/annapaolacavalieri\/wp-json\/wp\/v2\/types\/post"}],"author":[{"embeddable":true,"href":"https:\/\/www.medisocial.it\/annapaolacavalieri\/wp-json\/wp\/v2\/users\/1"}],"replies":[{"embeddable":true,"href":"https:\/\/www.medisocial.it\/annapaolacavalieri\/wp-json\/wp\/v2\/comments?post=618"}],"version-history":[{"count":2,"href":"https:\/\/www.medisocial.it\/annapaolacavalieri\/wp-json\/wp\/v2\/posts\/618\/revisions"}],"predecessor-version":[{"id":620,"href":"https:\/\/www.medisocial.it\/annapaolacavalieri\/wp-json\/wp\/v2\/posts\/618\/revisions\/620"}],"wp:featuredmedia":[{"embeddable":true,"href":"https:\/\/www.medisocial.it\/annapaolacavalieri\/wp-json\/wp\/v2\/media\/603"}],"wp:attachment":[{"href":"https:\/\/www.medisocial.it\/annapaolacavalieri\/wp-json\/wp\/v2\/media?parent=618"}],"wp:term":[{"taxonomy":"category","embeddable":true,"href":"https:\/\/www.medisocial.it\/annapaolacavalieri\/wp-json\/wp\/v2\/categories?post=618"},{"taxonomy":"post_tag","embeddable":true,"href":"https:\/\/www.medisocial.it\/annapaolacavalieri\/wp-json\/wp\/v2\/tags?post=618"}],"curies":[{"name":"wp","href":"https:\/\/api.w.org\/{rel}","templated":true}]}}