{"id":596,"date":"2021-02-06T10:52:55","date_gmt":"2021-02-06T09:52:55","guid":{"rendered":"https:\/\/www.medisocial.it\/annapaolacavalieri\/?p=596"},"modified":"2021-02-06T10:52:55","modified_gmt":"2021-02-06T09:52:55","slug":"la-sindrome-di-morris-caso-clinico-10","status":"publish","type":"post","link":"https:\/\/www.medisocial.it\/annapaolacavalieri\/2021\/02\/06\/la-sindrome-di-morris-caso-clinico-10\/","title":{"rendered":"La Sindrome di Morris Caso Clinico #10"},"content":{"rendered":"<p>La Sindrome di Morris Caso Clinico #10<br \/>\nCaterina \u00e8 una bellissima ragazzina di 15 anni, alta, longilinea, sorridente.<\/p>\n<p>Viene accompagnata presso il mio ambulatorio dalla mamma, preoccupata perch\u00e9 Caterina non ha ancora avuto la sua prima mestruazione.<\/p>\n<p>Procedo con la visita e noto subito che la vagina non presenta alcun pelo pubico, allo stesso modo anche le ascelle non hanno peluria. La pelle del viso \u00e8 liscia, senza acne, il seno \u00e8 sviluppato normalmente.<\/p>\n<h4><strong>Procedo con una ecografia pelvica addominale e non riesco a vedere l&#8217;utero n\u00e9 le ovaie.<\/strong><\/h4>\n<p>Richiedo a questo punto una serie di esami del sangue tra cui il cariotipo, cio\u00e8 l&#8217;analisi dei cromosomi.<\/p>\n<p>Ricevuti i risultati degli esami la diagnosi \u00e8 fatta. Caterina presenta un cariotipo maschile, 46XY.<\/p>\n<h4><strong>Una diagnosi molto difficile da comunicare&#8230; sindrome di Morris.<\/strong><\/h4>\n<p>La sindrome di Morris o sindrome da insensibilit\u00e0 agli androgeni \u00e8 una rara patologia dello sviluppo sessuale che inizia gi\u00e0 in utero.<\/p>\n<p>Le persone affette da tale sindrome sono geneticamente di sesso maschile, con un cromosoma X e un cromosoma Y, ma il loro aspetto \u00e8 femminile in quanto il loro corpo non \u00e8 capace di rispondere agli ormoni maschili (androgeni).<\/p>\n<p>La malattia \u00e8 dovuta da una anomalia genetica che pu\u00f2 essere ereditaria (legata al cromosoma X materno) oppure casuale cio\u00e8 legata ad una mutazione che si verifica spontaneamente.<\/p>\n<p>Tale anomalia rende i recettori delle cellule maschili incapaci di rispondere agli ormoni androgeni o con una risposta limitata. L&#8217; insensibilit\u00e0 agli androgeni pu\u00f2 essere quindi parziale o totale.<\/p>\n<p>Quando \u00e8 totale, come nel caso di Caterina, queste persone appaiono esternamente come donne, con seno sviluppato e genitali esterni femminili, ma mancano gli organi genitali interni femminili (utero e ovaie), quindi non avranno mestruazioni ne&#8217; potranno avere gravidanze.<\/p>\n<h4><strong>Questi pazienti crescono come donne e sviluppano una identit\u00e0 di genere femminile.<\/strong><\/h4>\n<p><img loading=\"lazy\" decoding=\"async\" class=\"alignnone size-medium wp-image-597\" src=\"https:\/\/www.medisocial.it\/annapaolacavalieri\/wp-content\/uploads\/2021\/02\/La-sindrome-di-Morris-1-300x200.jpg\" alt=\"La sindrome di Morris\" width=\"300\" height=\"200\" srcset=\"https:\/\/www.medisocial.it\/annapaolacavalieri\/wp-content\/uploads\/2021\/02\/La-sindrome-di-Morris-1-300x200.jpg 300w, https:\/\/www.medisocial.it\/annapaolacavalieri\/wp-content\/uploads\/2021\/02\/La-sindrome-di-Morris-1-1024x683.jpg 1024w, https:\/\/www.medisocial.it\/annapaolacavalieri\/wp-content\/uploads\/2021\/02\/La-sindrome-di-Morris-1-768x512.jpg 768w, https:\/\/www.medisocial.it\/annapaolacavalieri\/wp-content\/uploads\/2021\/02\/La-sindrome-di-Morris-1-1536x1024.jpg 1536w, https:\/\/www.medisocial.it\/annapaolacavalieri\/wp-content\/uploads\/2021\/02\/La-sindrome-di-Morris-1-2048x1366.jpg 2048w\" sizes=\"(max-width: 300px) 100vw, 300px\" \/><\/p>\n<p>Non hanno per\u00f2 genitali interni femminili bens\u00ec maschili, in particolare i testicoli sono localizzati all&#8217;interno dell&#8217;addome o della pelvi e andranno rimossi chirurgicamente in quanto esiste la possibilit\u00e0 che sviluppino forme cancerose.<\/p>\n<p>Di solito la peluria pubica e ascellare \u00e8 scarsa, l&#8217;acne assente.<\/p>\n<p>Nelle forme parziali di insensibilit\u00e0 agli estrogeni (sindrome di Reifenstein) il quadro clinico varia da genitali esterni di aspetto femminile a quadri misti o maschili.<\/p>\n<p>Anche l&#8217;aspetto esterno pu\u00f2 variare da caratteristiche prevalentemente femminili a quadri con aspetto maschile. Anche in questi ultimi casi per\u00f2 i pazienti risultano molto spesso sterili e frequentemente si osserva uno sviluppo anomalo del seno alla pubert\u00e0.<\/p>\n<p>La sindrome di Morris in forma completa ha una frequenza di circa 2-5 individui ogni 100000 persone di sesso genetico maschile, mentre la forma parziale \u00e8 ancora pi\u00f9 rara .<\/p>\n<p>Se l&#8217;insensibilit\u00e0 agli ormoni maschili \u00e8 parziale, i medici sono in grado di sospettare la malattia gi\u00e0 dopo la nascita, in quanto i genitali esterni presentano delle caratteristiche sospette. Se invece l&#8217;insensibilit\u00e0 \u00e8 completa il neonato ha, esternamente, tutte le sembianze di una bambina.<\/p>\n<p>In questi casi la diagnosi quindi avviene di solito alla pubert\u00e0, poich\u00e9 non si verificano le mestruazioni ne&#8217; la crescita della peluria ascellare e pubica.<\/p>\n","protected":false},"excerpt":{"rendered":"<p>La Sindrome di Morris Caso Clinico #10 Caterina \u00e8 una bellissima ragazzina di 15 anni, alta, longilinea, sorridente. Viene accompagnata presso il mio ambulatorio dalla mamma, preoccupata perch\u00e9 Caterina non ha ancora avuto la sua prima mestruazione. Procedo con la visita e noto subito che la vagina non presenta alcun pelo pubico, allo stesso modo [&hellip;]<\/p>\n","protected":false},"author":1,"featured_media":598,"comment_status":"open","ping_status":"open","sticky":false,"template":"","format":"standard","meta":{"_monsterinsights_skip_tracking":false,"_monsterinsights_sitenote_active":false,"_monsterinsights_sitenote_note":"","_monsterinsights_sitenote_category":0,"footnotes":""},"categories":[7,172],"tags":[228,173,130,227,118,231,49,229,233,234,232,230,226,131],"yoast_head":"<!-- This site is optimized with the Yoast SEO plugin v23.5 - https:\/\/yoast.com\/wordpress\/plugins\/seo\/ -->\n<title>La Sindrome di Morris Caso Clinico #10 - Dott.ssa Anna Paola Cavalieri<\/title>\n<meta name=\"description\" content=\"La Sindrome di Morris Caso Clinico10 Caterina \u00e8 una ragazzina di 15 anni alta longilinea sorridente. Caterina presenta un cariotipo maschile, 46XY\" \/>\n<meta name=\"robots\" content=\"index, follow, max-snippet:-1, max-image-preview:large, max-video-preview:-1\" \/>\n<link rel=\"canonical\" href=\"https:\/\/www.medisocial.it\/annapaolacavalieri\/2021\/02\/06\/la-sindrome-di-morris-caso-clinico-10\/\" \/>\n<meta property=\"og:locale\" content=\"it_IT\" \/>\n<meta property=\"og:type\" content=\"article\" \/>\n<meta property=\"og:title\" content=\"La Sindrome di Morris Caso Clinico #10 - Dott.ssa Anna Paola Cavalieri\" \/>\n<meta property=\"og:description\" content=\"La Sindrome di Morris Caso Clinico10 Caterina \u00e8 una ragazzina di 15 anni alta longilinea sorridente. Caterina presenta un cariotipo maschile, 46XY\" \/>\n<meta property=\"og:url\" content=\"https:\/\/www.medisocial.it\/annapaolacavalieri\/2021\/02\/06\/la-sindrome-di-morris-caso-clinico-10\/\" \/>\n<meta property=\"og:site_name\" content=\"Dott.ssa Anna Paola Cavalieri\" \/>\n<meta property=\"article:published_time\" content=\"2021-02-06T09:52:55+00:00\" \/>\n<meta property=\"og:image\" content=\"https:\/\/www.medisocial.it\/annapaolacavalieri\/wp-content\/uploads\/2021\/02\/la-sindrome-di-Morris-scaled.jpg\" \/>\n\t<meta property=\"og:image:width\" content=\"2560\" \/>\n\t<meta property=\"og:image:height\" content=\"1707\" \/>\n\t<meta property=\"og:image:type\" content=\"image\/jpeg\" \/>\n<meta name=\"author\" content=\"medisocial\" \/>\n<meta name=\"twitter:card\" content=\"summary_large_image\" \/>\n<meta name=\"twitter:label1\" content=\"Scritto da\" \/>\n\t<meta name=\"twitter:data1\" content=\"medisocial\" \/>\n\t<meta name=\"twitter:label2\" content=\"Tempo di lettura stimato\" \/>\n\t<meta name=\"twitter:data2\" content=\"3 minuti\" \/>\n<script type=\"application\/ld+json\" class=\"yoast-schema-graph\">{\"@context\":\"https:\/\/schema.org\",\"@graph\":[{\"@type\":\"Article\",\"@id\":\"https:\/\/www.medisocial.it\/annapaolacavalieri\/2021\/02\/06\/la-sindrome-di-morris-caso-clinico-10\/#article\",\"isPartOf\":{\"@id\":\"https:\/\/www.medisocial.it\/annapaolacavalieri\/2021\/02\/06\/la-sindrome-di-morris-caso-clinico-10\/\"},\"author\":{\"name\":\"medisocial\",\"@id\":\"https:\/\/www.medisocial.it\/annapaolacavalieri\/#\/schema\/person\/1cd0bfb9ce49bd43804584df39ef2c91\"},\"headline\":\"La Sindrome di Morris Caso Clinico #10\",\"datePublished\":\"2021-02-06T09:52:55+00:00\",\"dateModified\":\"2021-02-06T09:52:55+00:00\",\"mainEntityOfPage\":{\"@id\":\"https:\/\/www.medisocial.it\/annapaolacavalieri\/2021\/02\/06\/la-sindrome-di-morris-caso-clinico-10\/\"},\"wordCount\":501,\"commentCount\":1,\"publisher\":{\"@id\":\"https:\/\/www.medisocial.it\/annapaolacavalieri\/#organization\"},\"image\":{\"@id\":\"https:\/\/www.medisocial.it\/annapaolacavalieri\/2021\/02\/06\/la-sindrome-di-morris-caso-clinico-10\/#primaryimage\"},\"thumbnailUrl\":\"https:\/\/www.medisocial.it\/annapaolacavalieri\/wp-content\/uploads\/2021\/02\/la-sindrome-di-Morris-scaled.jpg\",\"keywords\":[\"cromosomi\",\"Dott.ssa Anna Paola Cavalieri\",\"ginecologaroma\",\"identit\u00e0 di genere\",\"mestruazioni\",\"organi genitali\",\"ormoni\",\"ormoni androgeni\",\"peluria ascellare\",\"peluria pubica\",\"pelvi\",\"pubert\u00e0\",\"sindrome di Morris\",\"specialistaginecologiaroma\"],\"articleSection\":[\"Articoli\",\"Casi Clinici\"],\"inLanguage\":\"it-IT\",\"potentialAction\":[{\"@type\":\"CommentAction\",\"name\":\"Comment\",\"target\":[\"https:\/\/www.medisocial.it\/annapaolacavalieri\/2021\/02\/06\/la-sindrome-di-morris-caso-clinico-10\/#respond\"]}]},{\"@type\":\"WebPage\",\"@id\":\"https:\/\/www.medisocial.it\/annapaolacavalieri\/2021\/02\/06\/la-sindrome-di-morris-caso-clinico-10\/\",\"url\":\"https:\/\/www.medisocial.it\/annapaolacavalieri\/2021\/02\/06\/la-sindrome-di-morris-caso-clinico-10\/\",\"name\":\"La Sindrome di Morris Caso Clinico #10 - Dott.ssa Anna Paola Cavalieri\",\"isPartOf\":{\"@id\":\"https:\/\/www.medisocial.it\/annapaolacavalieri\/#website\"},\"primaryImageOfPage\":{\"@id\":\"https:\/\/www.medisocial.it\/annapaolacavalieri\/2021\/02\/06\/la-sindrome-di-morris-caso-clinico-10\/#primaryimage\"},\"image\":{\"@id\":\"https:\/\/www.medisocial.it\/annapaolacavalieri\/2021\/02\/06\/la-sindrome-di-morris-caso-clinico-10\/#primaryimage\"},\"thumbnailUrl\":\"https:\/\/www.medisocial.it\/annapaolacavalieri\/wp-content\/uploads\/2021\/02\/la-sindrome-di-Morris-scaled.jpg\",\"datePublished\":\"2021-02-06T09:52:55+00:00\",\"dateModified\":\"2021-02-06T09:52:55+00:00\",\"description\":\"La Sindrome di Morris Caso Clinico10 Caterina \u00e8 una ragazzina di 15 anni alta longilinea sorridente. Caterina presenta un cariotipo maschile, 46XY\",\"breadcrumb\":{\"@id\":\"https:\/\/www.medisocial.it\/annapaolacavalieri\/2021\/02\/06\/la-sindrome-di-morris-caso-clinico-10\/#breadcrumb\"},\"inLanguage\":\"it-IT\",\"potentialAction\":[{\"@type\":\"ReadAction\",\"target\":[\"https:\/\/www.medisocial.it\/annapaolacavalieri\/2021\/02\/06\/la-sindrome-di-morris-caso-clinico-10\/\"]}]},{\"@type\":\"ImageObject\",\"inLanguage\":\"it-IT\",\"@id\":\"https:\/\/www.medisocial.it\/annapaolacavalieri\/2021\/02\/06\/la-sindrome-di-morris-caso-clinico-10\/#primaryimage\",\"url\":\"https:\/\/www.medisocial.it\/annapaolacavalieri\/wp-content\/uploads\/2021\/02\/la-sindrome-di-Morris-scaled.jpg\",\"contentUrl\":\"https:\/\/www.medisocial.it\/annapaolacavalieri\/wp-content\/uploads\/2021\/02\/la-sindrome-di-Morris-scaled.jpg\",\"width\":2560,\"height\":1707,\"caption\":\"la sindrome di Morris\"},{\"@type\":\"BreadcrumbList\",\"@id\":\"https:\/\/www.medisocial.it\/annapaolacavalieri\/2021\/02\/06\/la-sindrome-di-morris-caso-clinico-10\/#breadcrumb\",\"itemListElement\":[{\"@type\":\"ListItem\",\"position\":1,\"name\":\"Home\",\"item\":\"https:\/\/www.medisocial.it\/annapaolacavalieri\/\"},{\"@type\":\"ListItem\",\"position\":2,\"name\":\"La Sindrome di Morris Caso Clinico #10\"}]},{\"@type\":\"WebSite\",\"@id\":\"https:\/\/www.medisocial.it\/annapaolacavalieri\/#website\",\"url\":\"https:\/\/www.medisocial.it\/annapaolacavalieri\/\",\"name\":\"Dott.ssa Anna Paola Cavalieri\",\"description\":\"Specialista in Ostetricia e Ginecologia - Roma\",\"publisher\":{\"@id\":\"https:\/\/www.medisocial.it\/annapaolacavalieri\/#organization\"},\"potentialAction\":[{\"@type\":\"SearchAction\",\"target\":{\"@type\":\"EntryPoint\",\"urlTemplate\":\"https:\/\/www.medisocial.it\/annapaolacavalieri\/?s={search_term_string}\"},\"query-input\":{\"@type\":\"PropertyValueSpecification\",\"valueRequired\":true,\"valueName\":\"search_term_string\"}}],\"inLanguage\":\"it-IT\"},{\"@type\":\"Organization\",\"@id\":\"https:\/\/www.medisocial.it\/annapaolacavalieri\/#organization\",\"name\":\"Dott.ssa Anna Paola Cavalieri\",\"url\":\"https:\/\/www.medisocial.it\/annapaolacavalieri\/\",\"logo\":{\"@type\":\"ImageObject\",\"inLanguage\":\"it-IT\",\"@id\":\"https:\/\/www.medisocial.it\/annapaolacavalieri\/#\/schema\/logo\/image\/\",\"url\":\"https:\/\/www.medisocial.it\/annapaolacavalieri\/wp-content\/uploads\/2019\/06\/logo7.jpg\",\"contentUrl\":\"https:\/\/www.medisocial.it\/annapaolacavalieri\/wp-content\/uploads\/2019\/06\/logo7.jpg\",\"width\":242,\"height\":99,\"caption\":\"Dott.ssa Anna Paola Cavalieri\"},\"image\":{\"@id\":\"https:\/\/www.medisocial.it\/annapaolacavalieri\/#\/schema\/logo\/image\/\"}},{\"@type\":\"Person\",\"@id\":\"https:\/\/www.medisocial.it\/annapaolacavalieri\/#\/schema\/person\/1cd0bfb9ce49bd43804584df39ef2c91\",\"name\":\"medisocial\",\"image\":{\"@type\":\"ImageObject\",\"inLanguage\":\"it-IT\",\"@id\":\"https:\/\/www.medisocial.it\/annapaolacavalieri\/#\/schema\/person\/image\/\",\"url\":\"https:\/\/secure.gravatar.com\/avatar\/efa9393110d3610a15f45429c6613084?s=96&d=mm&r=g\",\"contentUrl\":\"https:\/\/secure.gravatar.com\/avatar\/efa9393110d3610a15f45429c6613084?s=96&d=mm&r=g\",\"caption\":\"medisocial\"}}]}<\/script>\n<!-- \/ Yoast SEO plugin. -->","yoast_head_json":{"title":"La Sindrome di Morris Caso Clinico #10 - Dott.ssa Anna Paola Cavalieri","description":"La Sindrome di Morris Caso Clinico10 Caterina \u00e8 una ragazzina di 15 anni alta longilinea sorridente. Caterina presenta un cariotipo maschile, 46XY","robots":{"index":"index","follow":"follow","max-snippet":"max-snippet:-1","max-image-preview":"max-image-preview:large","max-video-preview":"max-video-preview:-1"},"canonical":"https:\/\/www.medisocial.it\/annapaolacavalieri\/2021\/02\/06\/la-sindrome-di-morris-caso-clinico-10\/","og_locale":"it_IT","og_type":"article","og_title":"La Sindrome di Morris Caso Clinico #10 - Dott.ssa Anna Paola Cavalieri","og_description":"La Sindrome di Morris Caso Clinico10 Caterina \u00e8 una ragazzina di 15 anni alta longilinea sorridente. Caterina presenta un cariotipo maschile, 46XY","og_url":"https:\/\/www.medisocial.it\/annapaolacavalieri\/2021\/02\/06\/la-sindrome-di-morris-caso-clinico-10\/","og_site_name":"Dott.ssa Anna Paola Cavalieri","article_published_time":"2021-02-06T09:52:55+00:00","og_image":[{"width":2560,"height":1707,"url":"https:\/\/www.medisocial.it\/annapaolacavalieri\/wp-content\/uploads\/2021\/02\/la-sindrome-di-Morris-scaled.jpg","type":"image\/jpeg"}],"author":"medisocial","twitter_card":"summary_large_image","twitter_misc":{"Scritto da":"medisocial","Tempo di lettura stimato":"3 minuti"},"schema":{"@context":"https:\/\/schema.org","@graph":[{"@type":"Article","@id":"https:\/\/www.medisocial.it\/annapaolacavalieri\/2021\/02\/06\/la-sindrome-di-morris-caso-clinico-10\/#article","isPartOf":{"@id":"https:\/\/www.medisocial.it\/annapaolacavalieri\/2021\/02\/06\/la-sindrome-di-morris-caso-clinico-10\/"},"author":{"name":"medisocial","@id":"https:\/\/www.medisocial.it\/annapaolacavalieri\/#\/schema\/person\/1cd0bfb9ce49bd43804584df39ef2c91"},"headline":"La Sindrome di Morris Caso Clinico #10","datePublished":"2021-02-06T09:52:55+00:00","dateModified":"2021-02-06T09:52:55+00:00","mainEntityOfPage":{"@id":"https:\/\/www.medisocial.it\/annapaolacavalieri\/2021\/02\/06\/la-sindrome-di-morris-caso-clinico-10\/"},"wordCount":501,"commentCount":1,"publisher":{"@id":"https:\/\/www.medisocial.it\/annapaolacavalieri\/#organization"},"image":{"@id":"https:\/\/www.medisocial.it\/annapaolacavalieri\/2021\/02\/06\/la-sindrome-di-morris-caso-clinico-10\/#primaryimage"},"thumbnailUrl":"https:\/\/www.medisocial.it\/annapaolacavalieri\/wp-content\/uploads\/2021\/02\/la-sindrome-di-Morris-scaled.jpg","keywords":["cromosomi","Dott.ssa Anna Paola Cavalieri","ginecologaroma","identit\u00e0 di genere","mestruazioni","organi genitali","ormoni","ormoni androgeni","peluria ascellare","peluria pubica","pelvi","pubert\u00e0","sindrome di Morris","specialistaginecologiaroma"],"articleSection":["Articoli","Casi Clinici"],"inLanguage":"it-IT","potentialAction":[{"@type":"CommentAction","name":"Comment","target":["https:\/\/www.medisocial.it\/annapaolacavalieri\/2021\/02\/06\/la-sindrome-di-morris-caso-clinico-10\/#respond"]}]},{"@type":"WebPage","@id":"https:\/\/www.medisocial.it\/annapaolacavalieri\/2021\/02\/06\/la-sindrome-di-morris-caso-clinico-10\/","url":"https:\/\/www.medisocial.it\/annapaolacavalieri\/2021\/02\/06\/la-sindrome-di-morris-caso-clinico-10\/","name":"La Sindrome di Morris Caso Clinico #10 - Dott.ssa Anna Paola Cavalieri","isPartOf":{"@id":"https:\/\/www.medisocial.it\/annapaolacavalieri\/#website"},"primaryImageOfPage":{"@id":"https:\/\/www.medisocial.it\/annapaolacavalieri\/2021\/02\/06\/la-sindrome-di-morris-caso-clinico-10\/#primaryimage"},"image":{"@id":"https:\/\/www.medisocial.it\/annapaolacavalieri\/2021\/02\/06\/la-sindrome-di-morris-caso-clinico-10\/#primaryimage"},"thumbnailUrl":"https:\/\/www.medisocial.it\/annapaolacavalieri\/wp-content\/uploads\/2021\/02\/la-sindrome-di-Morris-scaled.jpg","datePublished":"2021-02-06T09:52:55+00:00","dateModified":"2021-02-06T09:52:55+00:00","description":"La Sindrome di Morris Caso Clinico10 Caterina \u00e8 una ragazzina di 15 anni alta longilinea sorridente. Caterina presenta un cariotipo maschile, 46XY","breadcrumb":{"@id":"https:\/\/www.medisocial.it\/annapaolacavalieri\/2021\/02\/06\/la-sindrome-di-morris-caso-clinico-10\/#breadcrumb"},"inLanguage":"it-IT","potentialAction":[{"@type":"ReadAction","target":["https:\/\/www.medisocial.it\/annapaolacavalieri\/2021\/02\/06\/la-sindrome-di-morris-caso-clinico-10\/"]}]},{"@type":"ImageObject","inLanguage":"it-IT","@id":"https:\/\/www.medisocial.it\/annapaolacavalieri\/2021\/02\/06\/la-sindrome-di-morris-caso-clinico-10\/#primaryimage","url":"https:\/\/www.medisocial.it\/annapaolacavalieri\/wp-content\/uploads\/2021\/02\/la-sindrome-di-Morris-scaled.jpg","contentUrl":"https:\/\/www.medisocial.it\/annapaolacavalieri\/wp-content\/uploads\/2021\/02\/la-sindrome-di-Morris-scaled.jpg","width":2560,"height":1707,"caption":"la sindrome di Morris"},{"@type":"BreadcrumbList","@id":"https:\/\/www.medisocial.it\/annapaolacavalieri\/2021\/02\/06\/la-sindrome-di-morris-caso-clinico-10\/#breadcrumb","itemListElement":[{"@type":"ListItem","position":1,"name":"Home","item":"https:\/\/www.medisocial.it\/annapaolacavalieri\/"},{"@type":"ListItem","position":2,"name":"La Sindrome di Morris Caso Clinico #10"}]},{"@type":"WebSite","@id":"https:\/\/www.medisocial.it\/annapaolacavalieri\/#website","url":"https:\/\/www.medisocial.it\/annapaolacavalieri\/","name":"Dott.ssa Anna Paola Cavalieri","description":"Specialista in Ostetricia e Ginecologia - Roma","publisher":{"@id":"https:\/\/www.medisocial.it\/annapaolacavalieri\/#organization"},"potentialAction":[{"@type":"SearchAction","target":{"@type":"EntryPoint","urlTemplate":"https:\/\/www.medisocial.it\/annapaolacavalieri\/?s={search_term_string}"},"query-input":{"@type":"PropertyValueSpecification","valueRequired":true,"valueName":"search_term_string"}}],"inLanguage":"it-IT"},{"@type":"Organization","@id":"https:\/\/www.medisocial.it\/annapaolacavalieri\/#organization","name":"Dott.ssa Anna Paola Cavalieri","url":"https:\/\/www.medisocial.it\/annapaolacavalieri\/","logo":{"@type":"ImageObject","inLanguage":"it-IT","@id":"https:\/\/www.medisocial.it\/annapaolacavalieri\/#\/schema\/logo\/image\/","url":"https:\/\/www.medisocial.it\/annapaolacavalieri\/wp-content\/uploads\/2019\/06\/logo7.jpg","contentUrl":"https:\/\/www.medisocial.it\/annapaolacavalieri\/wp-content\/uploads\/2019\/06\/logo7.jpg","width":242,"height":99,"caption":"Dott.ssa Anna Paola Cavalieri"},"image":{"@id":"https:\/\/www.medisocial.it\/annapaolacavalieri\/#\/schema\/logo\/image\/"}},{"@type":"Person","@id":"https:\/\/www.medisocial.it\/annapaolacavalieri\/#\/schema\/person\/1cd0bfb9ce49bd43804584df39ef2c91","name":"medisocial","image":{"@type":"ImageObject","inLanguage":"it-IT","@id":"https:\/\/www.medisocial.it\/annapaolacavalieri\/#\/schema\/person\/image\/","url":"https:\/\/secure.gravatar.com\/avatar\/efa9393110d3610a15f45429c6613084?s=96&d=mm&r=g","contentUrl":"https:\/\/secure.gravatar.com\/avatar\/efa9393110d3610a15f45429c6613084?s=96&d=mm&r=g","caption":"medisocial"}}]}},"_links":{"self":[{"href":"https:\/\/www.medisocial.it\/annapaolacavalieri\/wp-json\/wp\/v2\/posts\/596"}],"collection":[{"href":"https:\/\/www.medisocial.it\/annapaolacavalieri\/wp-json\/wp\/v2\/posts"}],"about":[{"href":"https:\/\/www.medisocial.it\/annapaolacavalieri\/wp-json\/wp\/v2\/types\/post"}],"author":[{"embeddable":true,"href":"https:\/\/www.medisocial.it\/annapaolacavalieri\/wp-json\/wp\/v2\/users\/1"}],"replies":[{"embeddable":true,"href":"https:\/\/www.medisocial.it\/annapaolacavalieri\/wp-json\/wp\/v2\/comments?post=596"}],"version-history":[{"count":2,"href":"https:\/\/www.medisocial.it\/annapaolacavalieri\/wp-json\/wp\/v2\/posts\/596\/revisions"}],"predecessor-version":[{"id":600,"href":"https:\/\/www.medisocial.it\/annapaolacavalieri\/wp-json\/wp\/v2\/posts\/596\/revisions\/600"}],"wp:featuredmedia":[{"embeddable":true,"href":"https:\/\/www.medisocial.it\/annapaolacavalieri\/wp-json\/wp\/v2\/media\/598"}],"wp:attachment":[{"href":"https:\/\/www.medisocial.it\/annapaolacavalieri\/wp-json\/wp\/v2\/media?parent=596"}],"wp:term":[{"taxonomy":"category","embeddable":true,"href":"https:\/\/www.medisocial.it\/annapaolacavalieri\/wp-json\/wp\/v2\/categories?post=596"},{"taxonomy":"post_tag","embeddable":true,"href":"https:\/\/www.medisocial.it\/annapaolacavalieri\/wp-json\/wp\/v2\/tags?post=596"}],"curies":[{"name":"wp","href":"https:\/\/api.w.org\/{rel}","templated":true}]}}