{"id":586,"date":"2021-01-19T10:30:16","date_gmt":"2021-01-19T09:30:16","guid":{"rendered":"https:\/\/www.medisocial.it\/annapaolacavalieri\/?p=586"},"modified":"2021-01-18T18:45:09","modified_gmt":"2021-01-18T17:45:09","slug":"fertilita-e-riserva-ovarica-caso-clinico-9","status":"publish","type":"post","link":"https:\/\/www.medisocial.it\/annapaolacavalieri\/2021\/01\/19\/fertilita-e-riserva-ovarica-caso-clinico-9\/","title":{"rendered":"Fertilit\u00e0 e riserva ovarica &#8211; Caso Clinico #9"},"content":{"rendered":"<p><strong>Fertilit\u00e0 e riserva ovarica &#8211; Caso Clinico #9<\/strong><br \/>\n<strong>#riservaovarica #amh #fertilit\u00e1 #ovofreezing #crioconservazioneovociti<\/strong><\/p>\n<p>Roberta \u00e8 una donna di 35 anni, manager in una importante azienda italiana. Donna determinata, molto dedita al lavoro e con una brillante carriera in continua ascesa. Giunge alla mia osservazione per un controllo di routine annuale. Dopo la classica visita con pap test, effettuiamo una ecografia pelvica che non evidenzia alcun problema.<\/p>\n<h4>Affrontiamo a questo punto il tema gravidanza, tasto dolente.<\/h4>\n<p>Roberta non ha mai avuto gravidanze, le piacerebbe diventare mamma in futuro, ma al momento la sua situazione lavorativa molto impegnativa non le permette di dedicarsi ad altro, non ha un partner e in questa fase della sua vita non vuole relazioni importanti. \u00c8 pi\u00f9 che appagata dal suo lavoro, ma&#8230; c&#8217;\u00e8 un ma.<\/p>\n<p>Sa che spesso le donne dopo i 35 anni possono avere difficolt\u00e0 nel concepimento. Cos\u00ec mi chiede se esiste un modo per conoscere la sua fertilit\u00e0.<\/p>\n<p>Le propongo pertanto di effettuare un prelievo di sangue per valutare la sua riserva ovarica, ossia la quantit\u00e0 di ovuli potenzialmente disponibili per l&#8217;ovulazione.<\/p>\n<p>Ogni donna nasce con una quantit\u00e0 variabile di follicoli nelle ovaie, che in media \u00e8 di circa un milione. Questi follicoli vanno via via a diminuire nel corso degli anni, anche prima dell&#8217;inizio delle mestruazioni, arrivando ad essere circa 400.000 alla pubert\u00e0 per poi azzerarsi con la menopausa.<\/p>\n<h4>La quantit\u00e0 di ovociti tende a ridursi drasticamente dopo i 35 anni, quindi la paura di Roberta non \u00e8 infondata.<\/h4>\n<p>Eseguito il test su sangue per valutare l&#8217;ormone antimulleriano (AMH) ma anche FSH e 17 beta estradiolo, scopriamo che i valori sono peggiori rispetto alla media. Roberta ha una scarsa riserva ovarica, comparata alle donne di pari et\u00e0.<\/p>\n<p>Per confermare la diagnosi esegue anche una ecografia transvaginale per la conta dei follicoli antrali.<\/p>\n<p>Roberta \u00e8 una persona pratica e determinata per cui, dopo una iniziale e comprensibile fase di sconforto, mi chiede cosa pu\u00f2 fare per preservare la sua fertilit\u00e0.<\/p>\n<h4>Parliamo cos\u00ec a lungo della possibilit\u00e0 di conservare i propri ovociti mediante la tecnica della crioconservazione.<\/h4>\n<p>In parole semplici, mediante tale tecnica (chiamata anche social freezing) \u00e8 possibile estrarre, congelare e conservare gli ovociti, per poi scongelarli ed utilizzarli negli anni futuri qualora ce ne sia necessit\u00e0.<\/p>\n<h4>Tale possibilit\u00e0 viene offerta oggi da molti centri in Italia.<\/h4>\n<p>Roberta appare molto sollevata da questa possibilit\u00e0 e si rivolge quindi ad un centro apposito di PMA (procreazione medicalmente assistita) dove poter accedere a tale tecnica per preservare la propria fertilit\u00e0.<\/p>\n<p>Pre ulteriori informazioni o per prenotare una visita, vai nella sezione <a href=\"https:\/\/www.medisocial.it\/annapaolacavalieri\/contatti\/\">Contatti<\/a><\/p>\n","protected":false},"excerpt":{"rendered":"<p>Fertilit\u00e0 e riserva ovarica &#8211; Caso Clinico #9 #riservaovarica #amh #fertilit\u00e1 #ovofreezing #crioconservazioneovociti Roberta \u00e8 una donna di 35 anni, manager in una importante azienda italiana. Donna determinata, molto dedita al lavoro e con una brillante carriera in continua ascesa. Giunge alla mia osservazione per un controllo di routine annuale. Dopo la classica visita con [&hellip;]<\/p>\n","protected":false},"author":1,"featured_media":587,"comment_status":"open","ping_status":"open","sticky":false,"template":"","format":"standard","meta":{"_monsterinsights_skip_tracking":false,"_monsterinsights_sitenote_active":false,"_monsterinsights_sitenote_note":"","_monsterinsights_sitenote_category":0,"footnotes":""},"categories":[172],"tags":[218,221,173,181,219,130,10,220,217,131],"yoast_head":"<!-- This site is optimized with the Yoast SEO plugin v23.5 - https:\/\/yoast.com\/wordpress\/plugins\/seo\/ -->\n<title>Fertilit\u00e0 e riserva ovarica - Caso Clinico #9 - Dott.ssa Anna Paola Cavalieri<\/title>\n<meta name=\"description\" content=\"Fertilit\u00e0 e riserva ovarica - Caso Clinico #9#riservaovarica #amh #fertilit\u00e1 #ovofreezing #crioconservazioneovociti Questa settimana analizziamo il caso clinico di Roberta,una donna di 35 anni che non ha avuto gravidanze\" \/>\n<meta name=\"robots\" content=\"index, follow, max-snippet:-1, max-image-preview:large, max-video-preview:-1\" \/>\n<link rel=\"canonical\" href=\"https:\/\/www.medisocial.it\/annapaolacavalieri\/2021\/01\/19\/fertilita-e-riserva-ovarica-caso-clinico-9\/\" \/>\n<meta property=\"og:locale\" content=\"it_IT\" \/>\n<meta property=\"og:type\" content=\"article\" \/>\n<meta property=\"og:title\" content=\"Fertilit\u00e0 e riserva ovarica - Caso Clinico #9 - Dott.ssa Anna Paola Cavalieri\" \/>\n<meta property=\"og:description\" content=\"Fertilit\u00e0 e riserva ovarica - Caso Clinico #9#riservaovarica #amh #fertilit\u00e1 #ovofreezing #crioconservazioneovociti Questa settimana analizziamo il caso clinico di Roberta,una donna di 35 anni che non ha avuto gravidanze\" \/>\n<meta property=\"og:url\" content=\"https:\/\/www.medisocial.it\/annapaolacavalieri\/2021\/01\/19\/fertilita-e-riserva-ovarica-caso-clinico-9\/\" \/>\n<meta property=\"og:site_name\" content=\"Dott.ssa Anna Paola Cavalieri\" \/>\n<meta property=\"article:published_time\" content=\"2021-01-19T09:30:16+00:00\" \/>\n<meta property=\"article:modified_time\" content=\"2021-01-18T17:45:09+00:00\" \/>\n<meta property=\"og:image\" content=\"https:\/\/www.medisocial.it\/annapaolacavalieri\/wp-content\/uploads\/2021\/01\/Fertilita\u0300-e-riserva-ovarica-scaled.jpg\" \/>\n\t<meta property=\"og:image:width\" content=\"2560\" \/>\n\t<meta property=\"og:image:height\" content=\"1707\" \/>\n\t<meta property=\"og:image:type\" content=\"image\/jpeg\" \/>\n<meta name=\"author\" content=\"medisocial\" \/>\n<meta name=\"twitter:card\" content=\"summary_large_image\" \/>\n<meta name=\"twitter:label1\" content=\"Scritto da\" \/>\n\t<meta name=\"twitter:data1\" content=\"medisocial\" \/>\n\t<meta name=\"twitter:label2\" content=\"Tempo di lettura stimato\" \/>\n\t<meta name=\"twitter:data2\" content=\"2 minuti\" \/>\n<script type=\"application\/ld+json\" class=\"yoast-schema-graph\">{\"@context\":\"https:\/\/schema.org\",\"@graph\":[{\"@type\":\"Article\",\"@id\":\"https:\/\/www.medisocial.it\/annapaolacavalieri\/2021\/01\/19\/fertilita-e-riserva-ovarica-caso-clinico-9\/#article\",\"isPartOf\":{\"@id\":\"https:\/\/www.medisocial.it\/annapaolacavalieri\/2021\/01\/19\/fertilita-e-riserva-ovarica-caso-clinico-9\/\"},\"author\":{\"name\":\"medisocial\",\"@id\":\"https:\/\/www.medisocial.it\/annapaolacavalieri\/#\/schema\/person\/1cd0bfb9ce49bd43804584df39ef2c91\"},\"headline\":\"Fertilit\u00e0 e riserva ovarica &#8211; Caso Clinico #9\",\"datePublished\":\"2021-01-19T09:30:16+00:00\",\"dateModified\":\"2021-01-18T17:45:09+00:00\",\"mainEntityOfPage\":{\"@id\":\"https:\/\/www.medisocial.it\/annapaolacavalieri\/2021\/01\/19\/fertilita-e-riserva-ovarica-caso-clinico-9\/\"},\"wordCount\":425,\"commentCount\":0,\"publisher\":{\"@id\":\"https:\/\/www.medisocial.it\/annapaolacavalieri\/#organization\"},\"image\":{\"@id\":\"https:\/\/www.medisocial.it\/annapaolacavalieri\/2021\/01\/19\/fertilita-e-riserva-ovarica-caso-clinico-9\/#primaryimage\"},\"thumbnailUrl\":\"https:\/\/www.medisocial.it\/annapaolacavalieri\/wp-content\/uploads\/2021\/01\/Fertilita\u0300-e-riserva-ovarica-scaled.jpg\",\"keywords\":[\"amh\",\"crioconservazioneovociti\",\"Dott.ssa Anna Paola Cavalieri\",\"ecografia transvaginale\",\"fertilit\u00e1\",\"ginecologaroma\",\"gravidanza\",\"ovofreezing\",\"riservaovarica\",\"specialistaginecologiaroma\"],\"articleSection\":[\"Casi Clinici\"],\"inLanguage\":\"it-IT\",\"potentialAction\":[{\"@type\":\"CommentAction\",\"name\":\"Comment\",\"target\":[\"https:\/\/www.medisocial.it\/annapaolacavalieri\/2021\/01\/19\/fertilita-e-riserva-ovarica-caso-clinico-9\/#respond\"]}]},{\"@type\":\"WebPage\",\"@id\":\"https:\/\/www.medisocial.it\/annapaolacavalieri\/2021\/01\/19\/fertilita-e-riserva-ovarica-caso-clinico-9\/\",\"url\":\"https:\/\/www.medisocial.it\/annapaolacavalieri\/2021\/01\/19\/fertilita-e-riserva-ovarica-caso-clinico-9\/\",\"name\":\"Fertilit\u00e0 e riserva ovarica - Caso Clinico #9 - Dott.ssa Anna Paola Cavalieri\",\"isPartOf\":{\"@id\":\"https:\/\/www.medisocial.it\/annapaolacavalieri\/#website\"},\"primaryImageOfPage\":{\"@id\":\"https:\/\/www.medisocial.it\/annapaolacavalieri\/2021\/01\/19\/fertilita-e-riserva-ovarica-caso-clinico-9\/#primaryimage\"},\"image\":{\"@id\":\"https:\/\/www.medisocial.it\/annapaolacavalieri\/2021\/01\/19\/fertilita-e-riserva-ovarica-caso-clinico-9\/#primaryimage\"},\"thumbnailUrl\":\"https:\/\/www.medisocial.it\/annapaolacavalieri\/wp-content\/uploads\/2021\/01\/Fertilita\u0300-e-riserva-ovarica-scaled.jpg\",\"datePublished\":\"2021-01-19T09:30:16+00:00\",\"dateModified\":\"2021-01-18T17:45:09+00:00\",\"description\":\"Fertilit\u00e0 e riserva ovarica - Caso Clinico #9#riservaovarica #amh #fertilit\u00e1 #ovofreezing #crioconservazioneovociti Questa settimana analizziamo il caso clinico di Roberta,una donna di 35 anni che non ha avuto gravidanze\",\"breadcrumb\":{\"@id\":\"https:\/\/www.medisocial.it\/annapaolacavalieri\/2021\/01\/19\/fertilita-e-riserva-ovarica-caso-clinico-9\/#breadcrumb\"},\"inLanguage\":\"it-IT\",\"potentialAction\":[{\"@type\":\"ReadAction\",\"target\":[\"https:\/\/www.medisocial.it\/annapaolacavalieri\/2021\/01\/19\/fertilita-e-riserva-ovarica-caso-clinico-9\/\"]}]},{\"@type\":\"ImageObject\",\"inLanguage\":\"it-IT\",\"@id\":\"https:\/\/www.medisocial.it\/annapaolacavalieri\/2021\/01\/19\/fertilita-e-riserva-ovarica-caso-clinico-9\/#primaryimage\",\"url\":\"https:\/\/www.medisocial.it\/annapaolacavalieri\/wp-content\/uploads\/2021\/01\/Fertilita\u0300-e-riserva-ovarica-scaled.jpg\",\"contentUrl\":\"https:\/\/www.medisocial.it\/annapaolacavalieri\/wp-content\/uploads\/2021\/01\/Fertilita\u0300-e-riserva-ovarica-scaled.jpg\",\"width\":2560,\"height\":1707,\"caption\":\"Fertilita\u0300 e riserva ovarica\"},{\"@type\":\"BreadcrumbList\",\"@id\":\"https:\/\/www.medisocial.it\/annapaolacavalieri\/2021\/01\/19\/fertilita-e-riserva-ovarica-caso-clinico-9\/#breadcrumb\",\"itemListElement\":[{\"@type\":\"ListItem\",\"position\":1,\"name\":\"Home\",\"item\":\"https:\/\/www.medisocial.it\/annapaolacavalieri\/\"},{\"@type\":\"ListItem\",\"position\":2,\"name\":\"Fertilit\u00e0 e riserva ovarica &#8211; Caso Clinico #9\"}]},{\"@type\":\"WebSite\",\"@id\":\"https:\/\/www.medisocial.it\/annapaolacavalieri\/#website\",\"url\":\"https:\/\/www.medisocial.it\/annapaolacavalieri\/\",\"name\":\"Dott.ssa Anna Paola Cavalieri\",\"description\":\"Specialista in Ostetricia e Ginecologia - Roma\",\"publisher\":{\"@id\":\"https:\/\/www.medisocial.it\/annapaolacavalieri\/#organization\"},\"potentialAction\":[{\"@type\":\"SearchAction\",\"target\":{\"@type\":\"EntryPoint\",\"urlTemplate\":\"https:\/\/www.medisocial.it\/annapaolacavalieri\/?s={search_term_string}\"},\"query-input\":{\"@type\":\"PropertyValueSpecification\",\"valueRequired\":true,\"valueName\":\"search_term_string\"}}],\"inLanguage\":\"it-IT\"},{\"@type\":\"Organization\",\"@id\":\"https:\/\/www.medisocial.it\/annapaolacavalieri\/#organization\",\"name\":\"Dott.ssa Anna Paola Cavalieri\",\"url\":\"https:\/\/www.medisocial.it\/annapaolacavalieri\/\",\"logo\":{\"@type\":\"ImageObject\",\"inLanguage\":\"it-IT\",\"@id\":\"https:\/\/www.medisocial.it\/annapaolacavalieri\/#\/schema\/logo\/image\/\",\"url\":\"https:\/\/www.medisocial.it\/annapaolacavalieri\/wp-content\/uploads\/2019\/06\/logo7.jpg\",\"contentUrl\":\"https:\/\/www.medisocial.it\/annapaolacavalieri\/wp-content\/uploads\/2019\/06\/logo7.jpg\",\"width\":242,\"height\":99,\"caption\":\"Dott.ssa Anna Paola Cavalieri\"},\"image\":{\"@id\":\"https:\/\/www.medisocial.it\/annapaolacavalieri\/#\/schema\/logo\/image\/\"}},{\"@type\":\"Person\",\"@id\":\"https:\/\/www.medisocial.it\/annapaolacavalieri\/#\/schema\/person\/1cd0bfb9ce49bd43804584df39ef2c91\",\"name\":\"medisocial\",\"image\":{\"@type\":\"ImageObject\",\"inLanguage\":\"it-IT\",\"@id\":\"https:\/\/www.medisocial.it\/annapaolacavalieri\/#\/schema\/person\/image\/\",\"url\":\"https:\/\/secure.gravatar.com\/avatar\/efa9393110d3610a15f45429c6613084?s=96&d=mm&r=g\",\"contentUrl\":\"https:\/\/secure.gravatar.com\/avatar\/efa9393110d3610a15f45429c6613084?s=96&d=mm&r=g\",\"caption\":\"medisocial\"}}]}<\/script>\n<!-- \/ Yoast SEO plugin. -->","yoast_head_json":{"title":"Fertilit\u00e0 e riserva ovarica - Caso Clinico #9 - Dott.ssa Anna Paola Cavalieri","description":"Fertilit\u00e0 e riserva ovarica - Caso Clinico #9#riservaovarica #amh #fertilit\u00e1 #ovofreezing #crioconservazioneovociti Questa settimana analizziamo il caso clinico di Roberta,una donna di 35 anni che non ha avuto gravidanze","robots":{"index":"index","follow":"follow","max-snippet":"max-snippet:-1","max-image-preview":"max-image-preview:large","max-video-preview":"max-video-preview:-1"},"canonical":"https:\/\/www.medisocial.it\/annapaolacavalieri\/2021\/01\/19\/fertilita-e-riserva-ovarica-caso-clinico-9\/","og_locale":"it_IT","og_type":"article","og_title":"Fertilit\u00e0 e riserva ovarica - Caso Clinico #9 - Dott.ssa Anna Paola Cavalieri","og_description":"Fertilit\u00e0 e riserva ovarica - Caso Clinico #9#riservaovarica #amh #fertilit\u00e1 #ovofreezing #crioconservazioneovociti Questa settimana analizziamo il caso clinico di Roberta,una donna di 35 anni che non ha avuto gravidanze","og_url":"https:\/\/www.medisocial.it\/annapaolacavalieri\/2021\/01\/19\/fertilita-e-riserva-ovarica-caso-clinico-9\/","og_site_name":"Dott.ssa Anna Paola Cavalieri","article_published_time":"2021-01-19T09:30:16+00:00","article_modified_time":"2021-01-18T17:45:09+00:00","og_image":[{"width":2560,"height":1707,"url":"https:\/\/www.medisocial.it\/annapaolacavalieri\/wp-content\/uploads\/2021\/01\/Fertilita\u0300-e-riserva-ovarica-scaled.jpg","type":"image\/jpeg"}],"author":"medisocial","twitter_card":"summary_large_image","twitter_misc":{"Scritto da":"medisocial","Tempo di lettura stimato":"2 minuti"},"schema":{"@context":"https:\/\/schema.org","@graph":[{"@type":"Article","@id":"https:\/\/www.medisocial.it\/annapaolacavalieri\/2021\/01\/19\/fertilita-e-riserva-ovarica-caso-clinico-9\/#article","isPartOf":{"@id":"https:\/\/www.medisocial.it\/annapaolacavalieri\/2021\/01\/19\/fertilita-e-riserva-ovarica-caso-clinico-9\/"},"author":{"name":"medisocial","@id":"https:\/\/www.medisocial.it\/annapaolacavalieri\/#\/schema\/person\/1cd0bfb9ce49bd43804584df39ef2c91"},"headline":"Fertilit\u00e0 e riserva ovarica &#8211; Caso Clinico #9","datePublished":"2021-01-19T09:30:16+00:00","dateModified":"2021-01-18T17:45:09+00:00","mainEntityOfPage":{"@id":"https:\/\/www.medisocial.it\/annapaolacavalieri\/2021\/01\/19\/fertilita-e-riserva-ovarica-caso-clinico-9\/"},"wordCount":425,"commentCount":0,"publisher":{"@id":"https:\/\/www.medisocial.it\/annapaolacavalieri\/#organization"},"image":{"@id":"https:\/\/www.medisocial.it\/annapaolacavalieri\/2021\/01\/19\/fertilita-e-riserva-ovarica-caso-clinico-9\/#primaryimage"},"thumbnailUrl":"https:\/\/www.medisocial.it\/annapaolacavalieri\/wp-content\/uploads\/2021\/01\/Fertilita\u0300-e-riserva-ovarica-scaled.jpg","keywords":["amh","crioconservazioneovociti","Dott.ssa Anna Paola Cavalieri","ecografia transvaginale","fertilit\u00e1","ginecologaroma","gravidanza","ovofreezing","riservaovarica","specialistaginecologiaroma"],"articleSection":["Casi Clinici"],"inLanguage":"it-IT","potentialAction":[{"@type":"CommentAction","name":"Comment","target":["https:\/\/www.medisocial.it\/annapaolacavalieri\/2021\/01\/19\/fertilita-e-riserva-ovarica-caso-clinico-9\/#respond"]}]},{"@type":"WebPage","@id":"https:\/\/www.medisocial.it\/annapaolacavalieri\/2021\/01\/19\/fertilita-e-riserva-ovarica-caso-clinico-9\/","url":"https:\/\/www.medisocial.it\/annapaolacavalieri\/2021\/01\/19\/fertilita-e-riserva-ovarica-caso-clinico-9\/","name":"Fertilit\u00e0 e riserva ovarica - Caso Clinico #9 - Dott.ssa Anna Paola Cavalieri","isPartOf":{"@id":"https:\/\/www.medisocial.it\/annapaolacavalieri\/#website"},"primaryImageOfPage":{"@id":"https:\/\/www.medisocial.it\/annapaolacavalieri\/2021\/01\/19\/fertilita-e-riserva-ovarica-caso-clinico-9\/#primaryimage"},"image":{"@id":"https:\/\/www.medisocial.it\/annapaolacavalieri\/2021\/01\/19\/fertilita-e-riserva-ovarica-caso-clinico-9\/#primaryimage"},"thumbnailUrl":"https:\/\/www.medisocial.it\/annapaolacavalieri\/wp-content\/uploads\/2021\/01\/Fertilita\u0300-e-riserva-ovarica-scaled.jpg","datePublished":"2021-01-19T09:30:16+00:00","dateModified":"2021-01-18T17:45:09+00:00","description":"Fertilit\u00e0 e riserva ovarica - Caso Clinico #9#riservaovarica #amh #fertilit\u00e1 #ovofreezing #crioconservazioneovociti Questa settimana analizziamo il caso clinico di Roberta,una donna di 35 anni che non ha avuto gravidanze","breadcrumb":{"@id":"https:\/\/www.medisocial.it\/annapaolacavalieri\/2021\/01\/19\/fertilita-e-riserva-ovarica-caso-clinico-9\/#breadcrumb"},"inLanguage":"it-IT","potentialAction":[{"@type":"ReadAction","target":["https:\/\/www.medisocial.it\/annapaolacavalieri\/2021\/01\/19\/fertilita-e-riserva-ovarica-caso-clinico-9\/"]}]},{"@type":"ImageObject","inLanguage":"it-IT","@id":"https:\/\/www.medisocial.it\/annapaolacavalieri\/2021\/01\/19\/fertilita-e-riserva-ovarica-caso-clinico-9\/#primaryimage","url":"https:\/\/www.medisocial.it\/annapaolacavalieri\/wp-content\/uploads\/2021\/01\/Fertilita\u0300-e-riserva-ovarica-scaled.jpg","contentUrl":"https:\/\/www.medisocial.it\/annapaolacavalieri\/wp-content\/uploads\/2021\/01\/Fertilita\u0300-e-riserva-ovarica-scaled.jpg","width":2560,"height":1707,"caption":"Fertilita\u0300 e riserva ovarica"},{"@type":"BreadcrumbList","@id":"https:\/\/www.medisocial.it\/annapaolacavalieri\/2021\/01\/19\/fertilita-e-riserva-ovarica-caso-clinico-9\/#breadcrumb","itemListElement":[{"@type":"ListItem","position":1,"name":"Home","item":"https:\/\/www.medisocial.it\/annapaolacavalieri\/"},{"@type":"ListItem","position":2,"name":"Fertilit\u00e0 e riserva ovarica &#8211; Caso Clinico #9"}]},{"@type":"WebSite","@id":"https:\/\/www.medisocial.it\/annapaolacavalieri\/#website","url":"https:\/\/www.medisocial.it\/annapaolacavalieri\/","name":"Dott.ssa Anna Paola Cavalieri","description":"Specialista in Ostetricia e Ginecologia - Roma","publisher":{"@id":"https:\/\/www.medisocial.it\/annapaolacavalieri\/#organization"},"potentialAction":[{"@type":"SearchAction","target":{"@type":"EntryPoint","urlTemplate":"https:\/\/www.medisocial.it\/annapaolacavalieri\/?s={search_term_string}"},"query-input":{"@type":"PropertyValueSpecification","valueRequired":true,"valueName":"search_term_string"}}],"inLanguage":"it-IT"},{"@type":"Organization","@id":"https:\/\/www.medisocial.it\/annapaolacavalieri\/#organization","name":"Dott.ssa Anna Paola Cavalieri","url":"https:\/\/www.medisocial.it\/annapaolacavalieri\/","logo":{"@type":"ImageObject","inLanguage":"it-IT","@id":"https:\/\/www.medisocial.it\/annapaolacavalieri\/#\/schema\/logo\/image\/","url":"https:\/\/www.medisocial.it\/annapaolacavalieri\/wp-content\/uploads\/2019\/06\/logo7.jpg","contentUrl":"https:\/\/www.medisocial.it\/annapaolacavalieri\/wp-content\/uploads\/2019\/06\/logo7.jpg","width":242,"height":99,"caption":"Dott.ssa Anna Paola Cavalieri"},"image":{"@id":"https:\/\/www.medisocial.it\/annapaolacavalieri\/#\/schema\/logo\/image\/"}},{"@type":"Person","@id":"https:\/\/www.medisocial.it\/annapaolacavalieri\/#\/schema\/person\/1cd0bfb9ce49bd43804584df39ef2c91","name":"medisocial","image":{"@type":"ImageObject","inLanguage":"it-IT","@id":"https:\/\/www.medisocial.it\/annapaolacavalieri\/#\/schema\/person\/image\/","url":"https:\/\/secure.gravatar.com\/avatar\/efa9393110d3610a15f45429c6613084?s=96&d=mm&r=g","contentUrl":"https:\/\/secure.gravatar.com\/avatar\/efa9393110d3610a15f45429c6613084?s=96&d=mm&r=g","caption":"medisocial"}}]}},"_links":{"self":[{"href":"https:\/\/www.medisocial.it\/annapaolacavalieri\/wp-json\/wp\/v2\/posts\/586"}],"collection":[{"href":"https:\/\/www.medisocial.it\/annapaolacavalieri\/wp-json\/wp\/v2\/posts"}],"about":[{"href":"https:\/\/www.medisocial.it\/annapaolacavalieri\/wp-json\/wp\/v2\/types\/post"}],"author":[{"embeddable":true,"href":"https:\/\/www.medisocial.it\/annapaolacavalieri\/wp-json\/wp\/v2\/users\/1"}],"replies":[{"embeddable":true,"href":"https:\/\/www.medisocial.it\/annapaolacavalieri\/wp-json\/wp\/v2\/comments?post=586"}],"version-history":[{"count":1,"href":"https:\/\/www.medisocial.it\/annapaolacavalieri\/wp-json\/wp\/v2\/posts\/586\/revisions"}],"predecessor-version":[{"id":588,"href":"https:\/\/www.medisocial.it\/annapaolacavalieri\/wp-json\/wp\/v2\/posts\/586\/revisions\/588"}],"wp:featuredmedia":[{"embeddable":true,"href":"https:\/\/www.medisocial.it\/annapaolacavalieri\/wp-json\/wp\/v2\/media\/587"}],"wp:attachment":[{"href":"https:\/\/www.medisocial.it\/annapaolacavalieri\/wp-json\/wp\/v2\/media?parent=586"}],"wp:term":[{"taxonomy":"category","embeddable":true,"href":"https:\/\/www.medisocial.it\/annapaolacavalieri\/wp-json\/wp\/v2\/categories?post=586"},{"taxonomy":"post_tag","embeddable":true,"href":"https:\/\/www.medisocial.it\/annapaolacavalieri\/wp-json\/wp\/v2\/tags?post=586"}],"curies":[{"name":"wp","href":"https:\/\/api.w.org\/{rel}","templated":true}]}}