{"id":582,"date":"2021-01-11T12:27:18","date_gmt":"2021-01-11T11:27:18","guid":{"rendered":"https:\/\/www.medisocial.it\/annapaolacavalieri\/?p=582"},"modified":"2021-01-11T12:27:18","modified_gmt":"2021-01-11T11:27:18","slug":"polipo-cervicale-caso-clinico-8","status":"publish","type":"post","link":"https:\/\/www.medisocial.it\/annapaolacavalieri\/2021\/01\/11\/polipo-cervicale-caso-clinico-8\/","title":{"rendered":"Polipo cervicale &#8211; Caso clinico #8"},"content":{"rendered":"<p><strong>Polipo cervicale &#8211; Caso clinico #8 \u00a0<\/strong><br \/>\nRachele \u00e8 una ragazza di 29 anni. Non ha avuto gravidanze, \u00e8 in buona salute e in genere i suoi cicli sono regolari e durano 4 giorni.<\/p>\n<p>Si rivolge a me per un sintomo nuovo, le \u00e8 capitato nelle ultime settimane di avere perdite di sangue dopo i rapporti sessuali.<\/p>\n<p>Le chiedo se abbia notato differenze nel ciclo e in effetti mi riferisce che dopo la mestruazione ha ancora un paio di giorni di piccole perdite ematiche (spotting)<\/p>\n<h4><b>Procediamo con la visita e, all&#8217;esame con lo speculum, vedo un piccolo polipo del canale cervicale. <\/b><\/h4>\n<p>Il polipo \u00e8 una formazione benigna, molto comune, che si sviluppa a livello del collo dell&#8217;utero (cervice) soprattutto nelle donne in et\u00e0 fertile.<\/p>\n<p>Pu\u00f2 essere unico o multipli e variare nelle dimensioni, da pochi millimetri fino a 1-2 cm, raramente pi\u00f9 grandi.<\/p>\n<h4><b>In rarissimi casi possono degenerare verso forme maligne. <\/b><\/h4>\n<p>Essendo molto vascolarizzato, il polipo pu\u00f2 sanguinare facilmente al contatto (durante la visita o durante l&#8217;atto sessuale), se molto grande sanguina anche senza un contatto, dando dei fenomeni di spotting (perdite di sangue tra un ciclo e l&#8217;altro) o mestruazioni abbondati e dolorose.<\/p>\n<p>I polipi molto piccoli possono essere spesso asintomatici e a volte si riassorbono o cadono spontaneamente. I polipi pi\u00f9 grandi o che causano sanguinamenti, dovrebbero invece essere rimossi.<\/p>\n<h4><b>La rimozione pu\u00f2 essere fatta a livello ambulatoriale, e non necessita di anestesia. <\/b><\/h4>\n<p>Nei casi pi\u00f9 importanti si ricorre a tecniche in day hospital (isteroscopia\u00a0 operativa).<\/p>\n<p>Tendono a recidivare per cui, anche in caso di rimozione completa, sar\u00e0 opportuno programmare dei controlli periodici.<\/p>\n<p>\u00c8 inoltre importante escludere con una ecografia transvaginale la presenza di polipi all&#8217;interno della cavit\u00e0 uterina (polipi\u00a0endometriali) che a volte possono essere coesistenti.<\/p>\n<p>Nel caso di Rachele, il polipo \u00e8 di circa 1 cm e si trova in posizione superficiale per cui \u00e8 stato possibile rimuoverlo in pochi minuti nel corso della stessa visita; l&#8217;esame istologico ha confermato la diagnosi di benignit\u00e0 e il problema delle perdite post rapporto non si \u00e8 pi\u00f9 presentato.<\/p>\n<p>Se hai problemi di spotting o perdite ematiche fissa subito un appuntamento nella sezione <a href=\"https:\/\/www.medisocial.it\/annapaolacavalieri\/contatti\/\"><strong>Contatti<\/strong><\/a><\/p>\n","protected":false},"excerpt":{"rendered":"<p>Polipo cervicale &#8211; Caso clinico #8 \u00a0 Rachele \u00e8 una ragazza di 29 anni. Non ha avuto gravidanze, \u00e8 in buona salute e in genere i suoi cicli sono regolari e durano 4 giorni. Si rivolge a me per un sintomo nuovo, le \u00e8 capitato nelle ultime settimane di avere perdite di sangue dopo i [&hellip;]<\/p>\n","protected":false},"author":1,"featured_media":583,"comment_status":"open","ping_status":"open","sticky":false,"template":"","format":"standard","meta":{"_monsterinsights_skip_tracking":false,"_monsterinsights_sitenote_active":false,"_monsterinsights_sitenote_note":"","_monsterinsights_sitenote_category":0,"footnotes":""},"categories":[172],"tags":[214,173,181,216,130,212,215,209,210,131,211,213],"yoast_head":"<!-- This site is optimized with the Yoast SEO plugin v23.5 - https:\/\/yoast.com\/wordpress\/plugins\/seo\/ -->\n<title>Polipo cervicale - Caso clinico #8 - Dott.ssa Anna Paola Cavalieri<\/title>\n<meta name=\"description\" content=\"Polipo cervicale: caso clinico #8 Rachele \u00e8 una ragazza di 29 anni. Non ha avuto gravidanze, \u00e8 in buona salute e i suoi cicli sono regolari\" \/>\n<meta name=\"robots\" content=\"index, follow, max-snippet:-1, max-image-preview:large, max-video-preview:-1\" \/>\n<link rel=\"canonical\" href=\"https:\/\/www.medisocial.it\/annapaolacavalieri\/2021\/01\/11\/polipo-cervicale-caso-clinico-8\/\" \/>\n<meta property=\"og:locale\" content=\"it_IT\" \/>\n<meta property=\"og:type\" content=\"article\" \/>\n<meta property=\"og:title\" content=\"Polipo cervicale - Caso clinico #8 - Dott.ssa Anna Paola Cavalieri\" \/>\n<meta property=\"og:description\" content=\"Polipo cervicale: caso clinico #8 Rachele \u00e8 una ragazza di 29 anni. Non ha avuto gravidanze, \u00e8 in buona salute e i suoi cicli sono regolari\" \/>\n<meta property=\"og:url\" content=\"https:\/\/www.medisocial.it\/annapaolacavalieri\/2021\/01\/11\/polipo-cervicale-caso-clinico-8\/\" \/>\n<meta property=\"og:site_name\" content=\"Dott.ssa Anna Paola Cavalieri\" \/>\n<meta property=\"article:published_time\" content=\"2021-01-11T11:27:18+00:00\" \/>\n<meta property=\"og:image\" content=\"https:\/\/www.medisocial.it\/annapaolacavalieri\/wp-content\/uploads\/2021\/01\/polipo-cervicale-scaled.jpg\" \/>\n\t<meta property=\"og:image:width\" content=\"2560\" \/>\n\t<meta property=\"og:image:height\" content=\"1544\" \/>\n\t<meta property=\"og:image:type\" content=\"image\/jpeg\" \/>\n<meta name=\"author\" content=\"medisocial\" \/>\n<meta name=\"twitter:card\" content=\"summary_large_image\" \/>\n<meta name=\"twitter:label1\" content=\"Scritto da\" \/>\n\t<meta name=\"twitter:data1\" content=\"medisocial\" \/>\n\t<meta name=\"twitter:label2\" content=\"Tempo di lettura stimato\" \/>\n\t<meta name=\"twitter:data2\" content=\"2 minuti\" \/>\n<script type=\"application\/ld+json\" class=\"yoast-schema-graph\">{\"@context\":\"https:\/\/schema.org\",\"@graph\":[{\"@type\":\"Article\",\"@id\":\"https:\/\/www.medisocial.it\/annapaolacavalieri\/2021\/01\/11\/polipo-cervicale-caso-clinico-8\/#article\",\"isPartOf\":{\"@id\":\"https:\/\/www.medisocial.it\/annapaolacavalieri\/2021\/01\/11\/polipo-cervicale-caso-clinico-8\/\"},\"author\":{\"name\":\"medisocial\",\"@id\":\"https:\/\/www.medisocial.it\/annapaolacavalieri\/#\/schema\/person\/1cd0bfb9ce49bd43804584df39ef2c91\"},\"headline\":\"Polipo cervicale &#8211; Caso clinico #8\",\"datePublished\":\"2021-01-11T11:27:18+00:00\",\"dateModified\":\"2021-01-11T11:27:18+00:00\",\"mainEntityOfPage\":{\"@id\":\"https:\/\/www.medisocial.it\/annapaolacavalieri\/2021\/01\/11\/polipo-cervicale-caso-clinico-8\/\"},\"wordCount\":353,\"commentCount\":2,\"publisher\":{\"@id\":\"https:\/\/www.medisocial.it\/annapaolacavalieri\/#organization\"},\"image\":{\"@id\":\"https:\/\/www.medisocial.it\/annapaolacavalieri\/2021\/01\/11\/polipo-cervicale-caso-clinico-8\/#primaryimage\"},\"thumbnailUrl\":\"https:\/\/www.medisocial.it\/annapaolacavalieri\/wp-content\/uploads\/2021\/01\/polipo-cervicale-scaled.jpg\",\"keywords\":[\"cavit\u00e0 uterina\",\"Dott.ssa Anna Paola Cavalieri\",\"ecografia transvaginale\",\"esame istologico\",\"ginecologaroma\",\"perdite ematiche\",\"polipi endometriali\",\"polipo\",\"polipo cervicale\",\"specialistaginecologiaroma\",\"spotting\",\"visita ginecologica\"],\"articleSection\":[\"Casi Clinici\"],\"inLanguage\":\"it-IT\",\"potentialAction\":[{\"@type\":\"CommentAction\",\"name\":\"Comment\",\"target\":[\"https:\/\/www.medisocial.it\/annapaolacavalieri\/2021\/01\/11\/polipo-cervicale-caso-clinico-8\/#respond\"]}]},{\"@type\":\"WebPage\",\"@id\":\"https:\/\/www.medisocial.it\/annapaolacavalieri\/2021\/01\/11\/polipo-cervicale-caso-clinico-8\/\",\"url\":\"https:\/\/www.medisocial.it\/annapaolacavalieri\/2021\/01\/11\/polipo-cervicale-caso-clinico-8\/\",\"name\":\"Polipo cervicale - Caso clinico #8 - Dott.ssa Anna Paola Cavalieri\",\"isPartOf\":{\"@id\":\"https:\/\/www.medisocial.it\/annapaolacavalieri\/#website\"},\"primaryImageOfPage\":{\"@id\":\"https:\/\/www.medisocial.it\/annapaolacavalieri\/2021\/01\/11\/polipo-cervicale-caso-clinico-8\/#primaryimage\"},\"image\":{\"@id\":\"https:\/\/www.medisocial.it\/annapaolacavalieri\/2021\/01\/11\/polipo-cervicale-caso-clinico-8\/#primaryimage\"},\"thumbnailUrl\":\"https:\/\/www.medisocial.it\/annapaolacavalieri\/wp-content\/uploads\/2021\/01\/polipo-cervicale-scaled.jpg\",\"datePublished\":\"2021-01-11T11:27:18+00:00\",\"dateModified\":\"2021-01-11T11:27:18+00:00\",\"description\":\"Polipo cervicale: caso clinico #8 Rachele \u00e8 una ragazza di 29 anni. Non ha avuto gravidanze, \u00e8 in buona salute e i suoi cicli sono regolari\",\"breadcrumb\":{\"@id\":\"https:\/\/www.medisocial.it\/annapaolacavalieri\/2021\/01\/11\/polipo-cervicale-caso-clinico-8\/#breadcrumb\"},\"inLanguage\":\"it-IT\",\"potentialAction\":[{\"@type\":\"ReadAction\",\"target\":[\"https:\/\/www.medisocial.it\/annapaolacavalieri\/2021\/01\/11\/polipo-cervicale-caso-clinico-8\/\"]}]},{\"@type\":\"ImageObject\",\"inLanguage\":\"it-IT\",\"@id\":\"https:\/\/www.medisocial.it\/annapaolacavalieri\/2021\/01\/11\/polipo-cervicale-caso-clinico-8\/#primaryimage\",\"url\":\"https:\/\/www.medisocial.it\/annapaolacavalieri\/wp-content\/uploads\/2021\/01\/polipo-cervicale-scaled.jpg\",\"contentUrl\":\"https:\/\/www.medisocial.it\/annapaolacavalieri\/wp-content\/uploads\/2021\/01\/polipo-cervicale-scaled.jpg\",\"width\":2560,\"height\":1544,\"caption\":\"polipo cervicale\"},{\"@type\":\"BreadcrumbList\",\"@id\":\"https:\/\/www.medisocial.it\/annapaolacavalieri\/2021\/01\/11\/polipo-cervicale-caso-clinico-8\/#breadcrumb\",\"itemListElement\":[{\"@type\":\"ListItem\",\"position\":1,\"name\":\"Home\",\"item\":\"https:\/\/www.medisocial.it\/annapaolacavalieri\/\"},{\"@type\":\"ListItem\",\"position\":2,\"name\":\"Polipo cervicale &#8211; Caso clinico #8\"}]},{\"@type\":\"WebSite\",\"@id\":\"https:\/\/www.medisocial.it\/annapaolacavalieri\/#website\",\"url\":\"https:\/\/www.medisocial.it\/annapaolacavalieri\/\",\"name\":\"Dott.ssa Anna Paola Cavalieri\",\"description\":\"Specialista in Ostetricia e Ginecologia - Roma\",\"publisher\":{\"@id\":\"https:\/\/www.medisocial.it\/annapaolacavalieri\/#organization\"},\"potentialAction\":[{\"@type\":\"SearchAction\",\"target\":{\"@type\":\"EntryPoint\",\"urlTemplate\":\"https:\/\/www.medisocial.it\/annapaolacavalieri\/?s={search_term_string}\"},\"query-input\":{\"@type\":\"PropertyValueSpecification\",\"valueRequired\":true,\"valueName\":\"search_term_string\"}}],\"inLanguage\":\"it-IT\"},{\"@type\":\"Organization\",\"@id\":\"https:\/\/www.medisocial.it\/annapaolacavalieri\/#organization\",\"name\":\"Dott.ssa Anna Paola Cavalieri\",\"url\":\"https:\/\/www.medisocial.it\/annapaolacavalieri\/\",\"logo\":{\"@type\":\"ImageObject\",\"inLanguage\":\"it-IT\",\"@id\":\"https:\/\/www.medisocial.it\/annapaolacavalieri\/#\/schema\/logo\/image\/\",\"url\":\"https:\/\/www.medisocial.it\/annapaolacavalieri\/wp-content\/uploads\/2019\/06\/logo7.jpg\",\"contentUrl\":\"https:\/\/www.medisocial.it\/annapaolacavalieri\/wp-content\/uploads\/2019\/06\/logo7.jpg\",\"width\":242,\"height\":99,\"caption\":\"Dott.ssa Anna Paola Cavalieri\"},\"image\":{\"@id\":\"https:\/\/www.medisocial.it\/annapaolacavalieri\/#\/schema\/logo\/image\/\"}},{\"@type\":\"Person\",\"@id\":\"https:\/\/www.medisocial.it\/annapaolacavalieri\/#\/schema\/person\/1cd0bfb9ce49bd43804584df39ef2c91\",\"name\":\"medisocial\",\"image\":{\"@type\":\"ImageObject\",\"inLanguage\":\"it-IT\",\"@id\":\"https:\/\/www.medisocial.it\/annapaolacavalieri\/#\/schema\/person\/image\/\",\"url\":\"https:\/\/secure.gravatar.com\/avatar\/efa9393110d3610a15f45429c6613084?s=96&d=mm&r=g\",\"contentUrl\":\"https:\/\/secure.gravatar.com\/avatar\/efa9393110d3610a15f45429c6613084?s=96&d=mm&r=g\",\"caption\":\"medisocial\"}}]}<\/script>\n<!-- \/ Yoast SEO plugin. -->","yoast_head_json":{"title":"Polipo cervicale - Caso clinico #8 - Dott.ssa Anna Paola Cavalieri","description":"Polipo cervicale: caso clinico #8 Rachele \u00e8 una ragazza di 29 anni. Non ha avuto gravidanze, \u00e8 in buona salute e i suoi cicli sono regolari","robots":{"index":"index","follow":"follow","max-snippet":"max-snippet:-1","max-image-preview":"max-image-preview:large","max-video-preview":"max-video-preview:-1"},"canonical":"https:\/\/www.medisocial.it\/annapaolacavalieri\/2021\/01\/11\/polipo-cervicale-caso-clinico-8\/","og_locale":"it_IT","og_type":"article","og_title":"Polipo cervicale - Caso clinico #8 - Dott.ssa Anna Paola Cavalieri","og_description":"Polipo cervicale: caso clinico #8 Rachele \u00e8 una ragazza di 29 anni. Non ha avuto gravidanze, \u00e8 in buona salute e i suoi cicli sono regolari","og_url":"https:\/\/www.medisocial.it\/annapaolacavalieri\/2021\/01\/11\/polipo-cervicale-caso-clinico-8\/","og_site_name":"Dott.ssa Anna Paola Cavalieri","article_published_time":"2021-01-11T11:27:18+00:00","og_image":[{"width":2560,"height":1544,"url":"https:\/\/www.medisocial.it\/annapaolacavalieri\/wp-content\/uploads\/2021\/01\/polipo-cervicale-scaled.jpg","type":"image\/jpeg"}],"author":"medisocial","twitter_card":"summary_large_image","twitter_misc":{"Scritto da":"medisocial","Tempo di lettura stimato":"2 minuti"},"schema":{"@context":"https:\/\/schema.org","@graph":[{"@type":"Article","@id":"https:\/\/www.medisocial.it\/annapaolacavalieri\/2021\/01\/11\/polipo-cervicale-caso-clinico-8\/#article","isPartOf":{"@id":"https:\/\/www.medisocial.it\/annapaolacavalieri\/2021\/01\/11\/polipo-cervicale-caso-clinico-8\/"},"author":{"name":"medisocial","@id":"https:\/\/www.medisocial.it\/annapaolacavalieri\/#\/schema\/person\/1cd0bfb9ce49bd43804584df39ef2c91"},"headline":"Polipo cervicale &#8211; Caso clinico #8","datePublished":"2021-01-11T11:27:18+00:00","dateModified":"2021-01-11T11:27:18+00:00","mainEntityOfPage":{"@id":"https:\/\/www.medisocial.it\/annapaolacavalieri\/2021\/01\/11\/polipo-cervicale-caso-clinico-8\/"},"wordCount":353,"commentCount":2,"publisher":{"@id":"https:\/\/www.medisocial.it\/annapaolacavalieri\/#organization"},"image":{"@id":"https:\/\/www.medisocial.it\/annapaolacavalieri\/2021\/01\/11\/polipo-cervicale-caso-clinico-8\/#primaryimage"},"thumbnailUrl":"https:\/\/www.medisocial.it\/annapaolacavalieri\/wp-content\/uploads\/2021\/01\/polipo-cervicale-scaled.jpg","keywords":["cavit\u00e0 uterina","Dott.ssa Anna Paola Cavalieri","ecografia transvaginale","esame istologico","ginecologaroma","perdite ematiche","polipi endometriali","polipo","polipo cervicale","specialistaginecologiaroma","spotting","visita ginecologica"],"articleSection":["Casi Clinici"],"inLanguage":"it-IT","potentialAction":[{"@type":"CommentAction","name":"Comment","target":["https:\/\/www.medisocial.it\/annapaolacavalieri\/2021\/01\/11\/polipo-cervicale-caso-clinico-8\/#respond"]}]},{"@type":"WebPage","@id":"https:\/\/www.medisocial.it\/annapaolacavalieri\/2021\/01\/11\/polipo-cervicale-caso-clinico-8\/","url":"https:\/\/www.medisocial.it\/annapaolacavalieri\/2021\/01\/11\/polipo-cervicale-caso-clinico-8\/","name":"Polipo cervicale - Caso clinico #8 - Dott.ssa Anna Paola Cavalieri","isPartOf":{"@id":"https:\/\/www.medisocial.it\/annapaolacavalieri\/#website"},"primaryImageOfPage":{"@id":"https:\/\/www.medisocial.it\/annapaolacavalieri\/2021\/01\/11\/polipo-cervicale-caso-clinico-8\/#primaryimage"},"image":{"@id":"https:\/\/www.medisocial.it\/annapaolacavalieri\/2021\/01\/11\/polipo-cervicale-caso-clinico-8\/#primaryimage"},"thumbnailUrl":"https:\/\/www.medisocial.it\/annapaolacavalieri\/wp-content\/uploads\/2021\/01\/polipo-cervicale-scaled.jpg","datePublished":"2021-01-11T11:27:18+00:00","dateModified":"2021-01-11T11:27:18+00:00","description":"Polipo cervicale: caso clinico #8 Rachele \u00e8 una ragazza di 29 anni. Non ha avuto gravidanze, \u00e8 in buona salute e i suoi cicli sono regolari","breadcrumb":{"@id":"https:\/\/www.medisocial.it\/annapaolacavalieri\/2021\/01\/11\/polipo-cervicale-caso-clinico-8\/#breadcrumb"},"inLanguage":"it-IT","potentialAction":[{"@type":"ReadAction","target":["https:\/\/www.medisocial.it\/annapaolacavalieri\/2021\/01\/11\/polipo-cervicale-caso-clinico-8\/"]}]},{"@type":"ImageObject","inLanguage":"it-IT","@id":"https:\/\/www.medisocial.it\/annapaolacavalieri\/2021\/01\/11\/polipo-cervicale-caso-clinico-8\/#primaryimage","url":"https:\/\/www.medisocial.it\/annapaolacavalieri\/wp-content\/uploads\/2021\/01\/polipo-cervicale-scaled.jpg","contentUrl":"https:\/\/www.medisocial.it\/annapaolacavalieri\/wp-content\/uploads\/2021\/01\/polipo-cervicale-scaled.jpg","width":2560,"height":1544,"caption":"polipo cervicale"},{"@type":"BreadcrumbList","@id":"https:\/\/www.medisocial.it\/annapaolacavalieri\/2021\/01\/11\/polipo-cervicale-caso-clinico-8\/#breadcrumb","itemListElement":[{"@type":"ListItem","position":1,"name":"Home","item":"https:\/\/www.medisocial.it\/annapaolacavalieri\/"},{"@type":"ListItem","position":2,"name":"Polipo cervicale &#8211; Caso clinico #8"}]},{"@type":"WebSite","@id":"https:\/\/www.medisocial.it\/annapaolacavalieri\/#website","url":"https:\/\/www.medisocial.it\/annapaolacavalieri\/","name":"Dott.ssa Anna Paola Cavalieri","description":"Specialista in Ostetricia e Ginecologia - Roma","publisher":{"@id":"https:\/\/www.medisocial.it\/annapaolacavalieri\/#organization"},"potentialAction":[{"@type":"SearchAction","target":{"@type":"EntryPoint","urlTemplate":"https:\/\/www.medisocial.it\/annapaolacavalieri\/?s={search_term_string}"},"query-input":{"@type":"PropertyValueSpecification","valueRequired":true,"valueName":"search_term_string"}}],"inLanguage":"it-IT"},{"@type":"Organization","@id":"https:\/\/www.medisocial.it\/annapaolacavalieri\/#organization","name":"Dott.ssa Anna Paola Cavalieri","url":"https:\/\/www.medisocial.it\/annapaolacavalieri\/","logo":{"@type":"ImageObject","inLanguage":"it-IT","@id":"https:\/\/www.medisocial.it\/annapaolacavalieri\/#\/schema\/logo\/image\/","url":"https:\/\/www.medisocial.it\/annapaolacavalieri\/wp-content\/uploads\/2019\/06\/logo7.jpg","contentUrl":"https:\/\/www.medisocial.it\/annapaolacavalieri\/wp-content\/uploads\/2019\/06\/logo7.jpg","width":242,"height":99,"caption":"Dott.ssa Anna Paola Cavalieri"},"image":{"@id":"https:\/\/www.medisocial.it\/annapaolacavalieri\/#\/schema\/logo\/image\/"}},{"@type":"Person","@id":"https:\/\/www.medisocial.it\/annapaolacavalieri\/#\/schema\/person\/1cd0bfb9ce49bd43804584df39ef2c91","name":"medisocial","image":{"@type":"ImageObject","inLanguage":"it-IT","@id":"https:\/\/www.medisocial.it\/annapaolacavalieri\/#\/schema\/person\/image\/","url":"https:\/\/secure.gravatar.com\/avatar\/efa9393110d3610a15f45429c6613084?s=96&d=mm&r=g","contentUrl":"https:\/\/secure.gravatar.com\/avatar\/efa9393110d3610a15f45429c6613084?s=96&d=mm&r=g","caption":"medisocial"}}]}},"_links":{"self":[{"href":"https:\/\/www.medisocial.it\/annapaolacavalieri\/wp-json\/wp\/v2\/posts\/582"}],"collection":[{"href":"https:\/\/www.medisocial.it\/annapaolacavalieri\/wp-json\/wp\/v2\/posts"}],"about":[{"href":"https:\/\/www.medisocial.it\/annapaolacavalieri\/wp-json\/wp\/v2\/types\/post"}],"author":[{"embeddable":true,"href":"https:\/\/www.medisocial.it\/annapaolacavalieri\/wp-json\/wp\/v2\/users\/1"}],"replies":[{"embeddable":true,"href":"https:\/\/www.medisocial.it\/annapaolacavalieri\/wp-json\/wp\/v2\/comments?post=582"}],"version-history":[{"count":1,"href":"https:\/\/www.medisocial.it\/annapaolacavalieri\/wp-json\/wp\/v2\/posts\/582\/revisions"}],"predecessor-version":[{"id":584,"href":"https:\/\/www.medisocial.it\/annapaolacavalieri\/wp-json\/wp\/v2\/posts\/582\/revisions\/584"}],"wp:featuredmedia":[{"embeddable":true,"href":"https:\/\/www.medisocial.it\/annapaolacavalieri\/wp-json\/wp\/v2\/media\/583"}],"wp:attachment":[{"href":"https:\/\/www.medisocial.it\/annapaolacavalieri\/wp-json\/wp\/v2\/media?parent=582"}],"wp:term":[{"taxonomy":"category","embeddable":true,"href":"https:\/\/www.medisocial.it\/annapaolacavalieri\/wp-json\/wp\/v2\/categories?post=582"},{"taxonomy":"post_tag","embeddable":true,"href":"https:\/\/www.medisocial.it\/annapaolacavalieri\/wp-json\/wp\/v2\/tags?post=582"}],"curies":[{"name":"wp","href":"https:\/\/api.w.org\/{rel}","templated":true}]}}