{"id":578,"date":"2020-12-28T12:15:22","date_gmt":"2020-12-28T11:15:22","guid":{"rendered":"https:\/\/www.medisocial.it\/annapaolacavalieri\/?p=578"},"modified":"2020-12-28T12:22:59","modified_gmt":"2020-12-28T11:22:59","slug":"oligomenorrea-ipeprolattinemia-adenoma-ipofisario","status":"publish","type":"post","link":"https:\/\/www.medisocial.it\/annapaolacavalieri\/2020\/12\/28\/oligomenorrea-ipeprolattinemia-adenoma-ipofisario\/","title":{"rendered":"Oligomenorrea, Ipeprolattinemia, Adenoma ipofisario Caso Clinico #7"},"content":{"rendered":"<p><strong>Oligomenorrea, Ipeprolattinemia, Adenoma ipofisario<\/strong> Caso Clinico #7<br \/>\nMaria Teresa si rivolge a me per un problema di cicli irregolari.<\/p>\n<p>Ha 34 anni, non ha avuto gravidanza e i suoi cicli sono sempre stati regolari, ogni 28 giorni.<\/p>\n<p>\u00c8 in stato di buona salute, non assume farmaci se non antidolorifici periodicamente per episodi di cefalea.<\/p>\n<p>Da circa un anno mi riferisce che i suoi cicli sono diventati sempre pi\u00f9 irregolari, in ritardo di almeno sette giorni o anche di pi\u00f9 ultimamente.<\/p>\n<p>Per il resto non ha notato altre differenze.<\/p>\n<p>Ne ha parlato con il medico di base che le ha consigliato di fare una visita con il ginecologo, ma secondo Mariateresa tutto nasce dallo stress di questi ultimi mesi, tra lockdown e paura per il Covid.<\/p>\n<p>In effetti questa potrebbe essere una motivazione valida, uno stress importante e in questo caso prolungato pu\u00f2 avere ripercussioni sulla regolarit\u00e0 del ciclo mestruale.<\/p>\n<p>Le chiedo nuovamente se oltre al cambiamento del ciclo abbia notato altri cambiamenti, ed in particolare le chiedo se gli episodi di cefalea siano aumentati.<\/p>\n<p>La risposta \u00e8 s\u00ec, non ci aveva fatto caso ma in effetti il mal di testa \u00e8 pi\u00f9 frequente.<\/p>\n<p><strong>Oligomenorrea, Ipeprolattinemia, Adenoma ipofisario<\/strong><\/p>\n<p>Procediamo cos\u00ec con la visita e a seguire con una ecografia transvaginale, tutto sembra normale, utero e ovaie.<\/p>\n<p>Arriva la domanda che mi aspettavo &#8220;dottoressa ma non star\u00f2 gi\u00e0 andando in menopausa?&#8221;<\/p>\n<p>La tranquillizzo, l&#8217;aspetto delle ovaie non mi fa orientare su questa ipotesi.<\/p>\n<p>Continuiamo con l&#8217;esame delle mammelle e, alla spremitura, fuoriesce qualche goccia di un liquido biancastro da entrambi i capezzoli.<\/p>\n<p>Le prescrivo dei dosaggi ormonali, cio\u00e8 degli esami del sangue da effettuare in specifici giorni del ciclo.<\/p>\n<p>Dai dosaggi ormonali escludiamo problemi di menopausa e di tiroide ma \u00e8 emerso un valore ormonale pi\u00f9 alto del normale, la prolattina.<\/p>\n<p>Esegue quindi la curva della prolattina, che conferma la diagnosi di iperprolattinemia.<\/p>\n<p>La prolattina \u00e8 un ormone prodotto dall&#8217;ipofisi, una ghiandola che si trova nel nostro cervello. Ha funzioni importanti nella vita riproduttiva femminile e il suo organo bersaglio principale \u00e8 la mammella.<\/p>\n<p>I suoi livelli nel sangue si possono alzare per diversi motivi, anche fisiologici : gravidanza, allattamento, uso di farmaci, stress, presenza di tumori benigni a livello della ipofisi, ipotiroidismo, e cause pi\u00f9 rare quali insufficienza renale cronica, cirrosi epatica, acromegalia, ecc.<\/p>\n<p><strong>Oligomenorrea, Ipeprolattinemia, Adenoma ipofisario<\/strong><\/p>\n<p>Prescrivo pertanto a Maria Teresa una risonanza magnetica cerebrale con mezzo di contrasto.<\/p>\n<p>La risonanza evidenzier\u00e0 la presenza di un microadenoma ipofisario che secerne prolattina, cio\u00e8 un piccolo nodulo benigno che produce elevati livelli di prolattina. I sintomi di questi adenomi variano a seconda delle dimensioni, da forme completamente asintomatiche a casi con cefalea importante , disturbi visivi.<\/p>\n<p>La terapia medica nel caso di Maria Teresa (ma anche nella maggior parte dei casi) riesce in poco tempo ad abbassare i livelli di prolattina, regolarizzando quindi il ciclo, ma anche a ridurre le dimensioni dell&#8217;adenoma, che comunque andr\u00e0 controllato nel tempo.<\/p>\n<p>&nbsp;<\/p>\n","protected":false},"excerpt":{"rendered":"<p>Oligomenorrea, Ipeprolattinemia, Adenoma ipofisario Caso Clinico #7 Maria Teresa si rivolge a me per un problema di cicli irregolari. Ha 34 anni, non ha avuto gravidanza e i suoi cicli sono sempre stati regolari, ogni 28 giorni. \u00c8 in stato di buona salute, non assume farmaci se non antidolorifici periodicamente per episodi di cefalea. Da [&hellip;]<\/p>\n","protected":false},"author":1,"featured_media":579,"comment_status":"open","ping_status":"open","sticky":false,"template":"","format":"standard","meta":{"_monsterinsights_skip_tracking":false,"_monsterinsights_sitenote_active":false,"_monsterinsights_sitenote_note":"","_monsterinsights_sitenote_category":0,"footnotes":""},"categories":[172],"tags":[206,88,173,204,130,202,203,39,205,201,49,128,207,131,208],"yoast_head":"<!-- This site is optimized with the Yoast SEO plugin v23.5 - https:\/\/yoast.com\/wordpress\/plugins\/seo\/ -->\n<title>Oligomenorrea, Ipeprolattinemia, Adenoma ipofisario Caso Clinico #7 - Dott.ssa Anna Paola Cavalieri<\/title>\n<meta name=\"description\" content=\"Oligomenorrea, Ipeprolattinemia, Adenoma ipofisario. Maria Teresa si rivolge a me per un problema di cicli irregolari. Caso Clinico #7\" \/>\n<meta name=\"robots\" content=\"index, follow, max-snippet:-1, max-image-preview:large, max-video-preview:-1\" \/>\n<link rel=\"canonical\" href=\"https:\/\/www.medisocial.it\/annapaolacavalieri\/2020\/12\/28\/oligomenorrea-ipeprolattinemia-adenoma-ipofisario\/\" \/>\n<meta property=\"og:locale\" content=\"it_IT\" \/>\n<meta property=\"og:type\" content=\"article\" \/>\n<meta property=\"og:title\" content=\"Oligomenorrea, Ipeprolattinemia, Adenoma ipofisario Caso Clinico #7 - Dott.ssa Anna Paola Cavalieri\" \/>\n<meta property=\"og:description\" content=\"Oligomenorrea, Ipeprolattinemia, Adenoma ipofisario. Maria Teresa si rivolge a me per un problema di cicli irregolari. Caso Clinico #7\" \/>\n<meta property=\"og:url\" content=\"https:\/\/www.medisocial.it\/annapaolacavalieri\/2020\/12\/28\/oligomenorrea-ipeprolattinemia-adenoma-ipofisario\/\" \/>\n<meta property=\"og:site_name\" content=\"Dott.ssa Anna Paola Cavalieri\" \/>\n<meta property=\"article:published_time\" content=\"2020-12-28T11:15:22+00:00\" \/>\n<meta property=\"article:modified_time\" content=\"2020-12-28T11:22:59+00:00\" \/>\n<meta property=\"og:image\" content=\"https:\/\/www.medisocial.it\/annapaolacavalieri\/wp-content\/uploads\/2020\/12\/oligomenorrea-scaled.jpg\" \/>\n\t<meta property=\"og:image:width\" content=\"2560\" \/>\n\t<meta property=\"og:image:height\" content=\"1707\" \/>\n\t<meta property=\"og:image:type\" content=\"image\/jpeg\" \/>\n<meta name=\"author\" content=\"medisocial\" \/>\n<meta name=\"twitter:card\" content=\"summary_large_image\" \/>\n<meta name=\"twitter:label1\" content=\"Scritto da\" \/>\n\t<meta name=\"twitter:data1\" content=\"medisocial\" \/>\n\t<meta name=\"twitter:label2\" content=\"Tempo di lettura stimato\" \/>\n\t<meta name=\"twitter:data2\" content=\"2 minuti\" \/>\n<script type=\"application\/ld+json\" class=\"yoast-schema-graph\">{\"@context\":\"https:\/\/schema.org\",\"@graph\":[{\"@type\":\"Article\",\"@id\":\"https:\/\/www.medisocial.it\/annapaolacavalieri\/2020\/12\/28\/oligomenorrea-ipeprolattinemia-adenoma-ipofisario\/#article\",\"isPartOf\":{\"@id\":\"https:\/\/www.medisocial.it\/annapaolacavalieri\/2020\/12\/28\/oligomenorrea-ipeprolattinemia-adenoma-ipofisario\/\"},\"author\":{\"name\":\"medisocial\",\"@id\":\"https:\/\/www.medisocial.it\/annapaolacavalieri\/#\/schema\/person\/1cd0bfb9ce49bd43804584df39ef2c91\"},\"headline\":\"Oligomenorrea, Ipeprolattinemia, Adenoma ipofisario Caso Clinico #7\",\"datePublished\":\"2020-12-28T11:15:22+00:00\",\"dateModified\":\"2020-12-28T11:22:59+00:00\",\"mainEntityOfPage\":{\"@id\":\"https:\/\/www.medisocial.it\/annapaolacavalieri\/2020\/12\/28\/oligomenorrea-ipeprolattinemia-adenoma-ipofisario\/\"},\"wordCount\":487,\"commentCount\":0,\"publisher\":{\"@id\":\"https:\/\/www.medisocial.it\/annapaolacavalieri\/#organization\"},\"image\":{\"@id\":\"https:\/\/www.medisocial.it\/annapaolacavalieri\/2020\/12\/28\/oligomenorrea-ipeprolattinemia-adenoma-ipofisario\/#primaryimage\"},\"thumbnailUrl\":\"https:\/\/www.medisocial.it\/annapaolacavalieri\/wp-content\/uploads\/2020\/12\/oligomenorrea-scaled.jpg\",\"keywords\":[\"adenoma ipofisario\",\"ciclo\",\"Dott.ssa Anna Paola Cavalieri\",\"ghiandola\",\"ginecologaroma\",\"Ipeprolattinemia\",\"ipofisi\",\"menopausa\",\"microadenoma\",\"Oligomenorrea\",\"ormoni\",\"prolattina\",\"risonanza magnetica cerebrale\",\"specialistaginecologiaroma\",\"tiroide\"],\"articleSection\":[\"Casi Clinici\"],\"inLanguage\":\"it-IT\",\"potentialAction\":[{\"@type\":\"CommentAction\",\"name\":\"Comment\",\"target\":[\"https:\/\/www.medisocial.it\/annapaolacavalieri\/2020\/12\/28\/oligomenorrea-ipeprolattinemia-adenoma-ipofisario\/#respond\"]}]},{\"@type\":\"WebPage\",\"@id\":\"https:\/\/www.medisocial.it\/annapaolacavalieri\/2020\/12\/28\/oligomenorrea-ipeprolattinemia-adenoma-ipofisario\/\",\"url\":\"https:\/\/www.medisocial.it\/annapaolacavalieri\/2020\/12\/28\/oligomenorrea-ipeprolattinemia-adenoma-ipofisario\/\",\"name\":\"Oligomenorrea, Ipeprolattinemia, Adenoma ipofisario Caso Clinico #7 - Dott.ssa Anna Paola Cavalieri\",\"isPartOf\":{\"@id\":\"https:\/\/www.medisocial.it\/annapaolacavalieri\/#website\"},\"primaryImageOfPage\":{\"@id\":\"https:\/\/www.medisocial.it\/annapaolacavalieri\/2020\/12\/28\/oligomenorrea-ipeprolattinemia-adenoma-ipofisario\/#primaryimage\"},\"image\":{\"@id\":\"https:\/\/www.medisocial.it\/annapaolacavalieri\/2020\/12\/28\/oligomenorrea-ipeprolattinemia-adenoma-ipofisario\/#primaryimage\"},\"thumbnailUrl\":\"https:\/\/www.medisocial.it\/annapaolacavalieri\/wp-content\/uploads\/2020\/12\/oligomenorrea-scaled.jpg\",\"datePublished\":\"2020-12-28T11:15:22+00:00\",\"dateModified\":\"2020-12-28T11:22:59+00:00\",\"description\":\"Oligomenorrea, Ipeprolattinemia, Adenoma ipofisario. Maria Teresa si rivolge a me per un problema di cicli irregolari. Caso Clinico #7\",\"breadcrumb\":{\"@id\":\"https:\/\/www.medisocial.it\/annapaolacavalieri\/2020\/12\/28\/oligomenorrea-ipeprolattinemia-adenoma-ipofisario\/#breadcrumb\"},\"inLanguage\":\"it-IT\",\"potentialAction\":[{\"@type\":\"ReadAction\",\"target\":[\"https:\/\/www.medisocial.it\/annapaolacavalieri\/2020\/12\/28\/oligomenorrea-ipeprolattinemia-adenoma-ipofisario\/\"]}]},{\"@type\":\"ImageObject\",\"inLanguage\":\"it-IT\",\"@id\":\"https:\/\/www.medisocial.it\/annapaolacavalieri\/2020\/12\/28\/oligomenorrea-ipeprolattinemia-adenoma-ipofisario\/#primaryimage\",\"url\":\"https:\/\/www.medisocial.it\/annapaolacavalieri\/wp-content\/uploads\/2020\/12\/oligomenorrea-scaled.jpg\",\"contentUrl\":\"https:\/\/www.medisocial.it\/annapaolacavalieri\/wp-content\/uploads\/2020\/12\/oligomenorrea-scaled.jpg\",\"width\":2560,\"height\":1707,\"caption\":\"oligomenorrea\"},{\"@type\":\"BreadcrumbList\",\"@id\":\"https:\/\/www.medisocial.it\/annapaolacavalieri\/2020\/12\/28\/oligomenorrea-ipeprolattinemia-adenoma-ipofisario\/#breadcrumb\",\"itemListElement\":[{\"@type\":\"ListItem\",\"position\":1,\"name\":\"Home\",\"item\":\"https:\/\/www.medisocial.it\/annapaolacavalieri\/\"},{\"@type\":\"ListItem\",\"position\":2,\"name\":\"Oligomenorrea, Ipeprolattinemia, Adenoma ipofisario Caso Clinico #7\"}]},{\"@type\":\"WebSite\",\"@id\":\"https:\/\/www.medisocial.it\/annapaolacavalieri\/#website\",\"url\":\"https:\/\/www.medisocial.it\/annapaolacavalieri\/\",\"name\":\"Dott.ssa Anna Paola Cavalieri\",\"description\":\"Specialista in Ostetricia e Ginecologia - Roma\",\"publisher\":{\"@id\":\"https:\/\/www.medisocial.it\/annapaolacavalieri\/#organization\"},\"potentialAction\":[{\"@type\":\"SearchAction\",\"target\":{\"@type\":\"EntryPoint\",\"urlTemplate\":\"https:\/\/www.medisocial.it\/annapaolacavalieri\/?s={search_term_string}\"},\"query-input\":{\"@type\":\"PropertyValueSpecification\",\"valueRequired\":true,\"valueName\":\"search_term_string\"}}],\"inLanguage\":\"it-IT\"},{\"@type\":\"Organization\",\"@id\":\"https:\/\/www.medisocial.it\/annapaolacavalieri\/#organization\",\"name\":\"Dott.ssa Anna Paola Cavalieri\",\"url\":\"https:\/\/www.medisocial.it\/annapaolacavalieri\/\",\"logo\":{\"@type\":\"ImageObject\",\"inLanguage\":\"it-IT\",\"@id\":\"https:\/\/www.medisocial.it\/annapaolacavalieri\/#\/schema\/logo\/image\/\",\"url\":\"https:\/\/www.medisocial.it\/annapaolacavalieri\/wp-content\/uploads\/2019\/06\/logo7.jpg\",\"contentUrl\":\"https:\/\/www.medisocial.it\/annapaolacavalieri\/wp-content\/uploads\/2019\/06\/logo7.jpg\",\"width\":242,\"height\":99,\"caption\":\"Dott.ssa Anna Paola Cavalieri\"},\"image\":{\"@id\":\"https:\/\/www.medisocial.it\/annapaolacavalieri\/#\/schema\/logo\/image\/\"}},{\"@type\":\"Person\",\"@id\":\"https:\/\/www.medisocial.it\/annapaolacavalieri\/#\/schema\/person\/1cd0bfb9ce49bd43804584df39ef2c91\",\"name\":\"medisocial\",\"image\":{\"@type\":\"ImageObject\",\"inLanguage\":\"it-IT\",\"@id\":\"https:\/\/www.medisocial.it\/annapaolacavalieri\/#\/schema\/person\/image\/\",\"url\":\"https:\/\/secure.gravatar.com\/avatar\/efa9393110d3610a15f45429c6613084?s=96&d=mm&r=g\",\"contentUrl\":\"https:\/\/secure.gravatar.com\/avatar\/efa9393110d3610a15f45429c6613084?s=96&d=mm&r=g\",\"caption\":\"medisocial\"}}]}<\/script>\n<!-- \/ Yoast SEO plugin. -->","yoast_head_json":{"title":"Oligomenorrea, Ipeprolattinemia, Adenoma ipofisario Caso Clinico #7 - Dott.ssa Anna Paola Cavalieri","description":"Oligomenorrea, Ipeprolattinemia, Adenoma ipofisario. Maria Teresa si rivolge a me per un problema di cicli irregolari. Caso Clinico #7","robots":{"index":"index","follow":"follow","max-snippet":"max-snippet:-1","max-image-preview":"max-image-preview:large","max-video-preview":"max-video-preview:-1"},"canonical":"https:\/\/www.medisocial.it\/annapaolacavalieri\/2020\/12\/28\/oligomenorrea-ipeprolattinemia-adenoma-ipofisario\/","og_locale":"it_IT","og_type":"article","og_title":"Oligomenorrea, Ipeprolattinemia, Adenoma ipofisario Caso Clinico #7 - Dott.ssa Anna Paola Cavalieri","og_description":"Oligomenorrea, Ipeprolattinemia, Adenoma ipofisario. Maria Teresa si rivolge a me per un problema di cicli irregolari. Caso Clinico #7","og_url":"https:\/\/www.medisocial.it\/annapaolacavalieri\/2020\/12\/28\/oligomenorrea-ipeprolattinemia-adenoma-ipofisario\/","og_site_name":"Dott.ssa Anna Paola Cavalieri","article_published_time":"2020-12-28T11:15:22+00:00","article_modified_time":"2020-12-28T11:22:59+00:00","og_image":[{"width":2560,"height":1707,"url":"https:\/\/www.medisocial.it\/annapaolacavalieri\/wp-content\/uploads\/2020\/12\/oligomenorrea-scaled.jpg","type":"image\/jpeg"}],"author":"medisocial","twitter_card":"summary_large_image","twitter_misc":{"Scritto da":"medisocial","Tempo di lettura stimato":"2 minuti"},"schema":{"@context":"https:\/\/schema.org","@graph":[{"@type":"Article","@id":"https:\/\/www.medisocial.it\/annapaolacavalieri\/2020\/12\/28\/oligomenorrea-ipeprolattinemia-adenoma-ipofisario\/#article","isPartOf":{"@id":"https:\/\/www.medisocial.it\/annapaolacavalieri\/2020\/12\/28\/oligomenorrea-ipeprolattinemia-adenoma-ipofisario\/"},"author":{"name":"medisocial","@id":"https:\/\/www.medisocial.it\/annapaolacavalieri\/#\/schema\/person\/1cd0bfb9ce49bd43804584df39ef2c91"},"headline":"Oligomenorrea, Ipeprolattinemia, Adenoma ipofisario Caso Clinico #7","datePublished":"2020-12-28T11:15:22+00:00","dateModified":"2020-12-28T11:22:59+00:00","mainEntityOfPage":{"@id":"https:\/\/www.medisocial.it\/annapaolacavalieri\/2020\/12\/28\/oligomenorrea-ipeprolattinemia-adenoma-ipofisario\/"},"wordCount":487,"commentCount":0,"publisher":{"@id":"https:\/\/www.medisocial.it\/annapaolacavalieri\/#organization"},"image":{"@id":"https:\/\/www.medisocial.it\/annapaolacavalieri\/2020\/12\/28\/oligomenorrea-ipeprolattinemia-adenoma-ipofisario\/#primaryimage"},"thumbnailUrl":"https:\/\/www.medisocial.it\/annapaolacavalieri\/wp-content\/uploads\/2020\/12\/oligomenorrea-scaled.jpg","keywords":["adenoma ipofisario","ciclo","Dott.ssa Anna Paola Cavalieri","ghiandola","ginecologaroma","Ipeprolattinemia","ipofisi","menopausa","microadenoma","Oligomenorrea","ormoni","prolattina","risonanza magnetica cerebrale","specialistaginecologiaroma","tiroide"],"articleSection":["Casi Clinici"],"inLanguage":"it-IT","potentialAction":[{"@type":"CommentAction","name":"Comment","target":["https:\/\/www.medisocial.it\/annapaolacavalieri\/2020\/12\/28\/oligomenorrea-ipeprolattinemia-adenoma-ipofisario\/#respond"]}]},{"@type":"WebPage","@id":"https:\/\/www.medisocial.it\/annapaolacavalieri\/2020\/12\/28\/oligomenorrea-ipeprolattinemia-adenoma-ipofisario\/","url":"https:\/\/www.medisocial.it\/annapaolacavalieri\/2020\/12\/28\/oligomenorrea-ipeprolattinemia-adenoma-ipofisario\/","name":"Oligomenorrea, Ipeprolattinemia, Adenoma ipofisario Caso Clinico #7 - Dott.ssa Anna Paola Cavalieri","isPartOf":{"@id":"https:\/\/www.medisocial.it\/annapaolacavalieri\/#website"},"primaryImageOfPage":{"@id":"https:\/\/www.medisocial.it\/annapaolacavalieri\/2020\/12\/28\/oligomenorrea-ipeprolattinemia-adenoma-ipofisario\/#primaryimage"},"image":{"@id":"https:\/\/www.medisocial.it\/annapaolacavalieri\/2020\/12\/28\/oligomenorrea-ipeprolattinemia-adenoma-ipofisario\/#primaryimage"},"thumbnailUrl":"https:\/\/www.medisocial.it\/annapaolacavalieri\/wp-content\/uploads\/2020\/12\/oligomenorrea-scaled.jpg","datePublished":"2020-12-28T11:15:22+00:00","dateModified":"2020-12-28T11:22:59+00:00","description":"Oligomenorrea, Ipeprolattinemia, Adenoma ipofisario. Maria Teresa si rivolge a me per un problema di cicli irregolari. Caso Clinico #7","breadcrumb":{"@id":"https:\/\/www.medisocial.it\/annapaolacavalieri\/2020\/12\/28\/oligomenorrea-ipeprolattinemia-adenoma-ipofisario\/#breadcrumb"},"inLanguage":"it-IT","potentialAction":[{"@type":"ReadAction","target":["https:\/\/www.medisocial.it\/annapaolacavalieri\/2020\/12\/28\/oligomenorrea-ipeprolattinemia-adenoma-ipofisario\/"]}]},{"@type":"ImageObject","inLanguage":"it-IT","@id":"https:\/\/www.medisocial.it\/annapaolacavalieri\/2020\/12\/28\/oligomenorrea-ipeprolattinemia-adenoma-ipofisario\/#primaryimage","url":"https:\/\/www.medisocial.it\/annapaolacavalieri\/wp-content\/uploads\/2020\/12\/oligomenorrea-scaled.jpg","contentUrl":"https:\/\/www.medisocial.it\/annapaolacavalieri\/wp-content\/uploads\/2020\/12\/oligomenorrea-scaled.jpg","width":2560,"height":1707,"caption":"oligomenorrea"},{"@type":"BreadcrumbList","@id":"https:\/\/www.medisocial.it\/annapaolacavalieri\/2020\/12\/28\/oligomenorrea-ipeprolattinemia-adenoma-ipofisario\/#breadcrumb","itemListElement":[{"@type":"ListItem","position":1,"name":"Home","item":"https:\/\/www.medisocial.it\/annapaolacavalieri\/"},{"@type":"ListItem","position":2,"name":"Oligomenorrea, Ipeprolattinemia, Adenoma ipofisario Caso Clinico #7"}]},{"@type":"WebSite","@id":"https:\/\/www.medisocial.it\/annapaolacavalieri\/#website","url":"https:\/\/www.medisocial.it\/annapaolacavalieri\/","name":"Dott.ssa Anna Paola Cavalieri","description":"Specialista in Ostetricia e Ginecologia - Roma","publisher":{"@id":"https:\/\/www.medisocial.it\/annapaolacavalieri\/#organization"},"potentialAction":[{"@type":"SearchAction","target":{"@type":"EntryPoint","urlTemplate":"https:\/\/www.medisocial.it\/annapaolacavalieri\/?s={search_term_string}"},"query-input":{"@type":"PropertyValueSpecification","valueRequired":true,"valueName":"search_term_string"}}],"inLanguage":"it-IT"},{"@type":"Organization","@id":"https:\/\/www.medisocial.it\/annapaolacavalieri\/#organization","name":"Dott.ssa Anna Paola Cavalieri","url":"https:\/\/www.medisocial.it\/annapaolacavalieri\/","logo":{"@type":"ImageObject","inLanguage":"it-IT","@id":"https:\/\/www.medisocial.it\/annapaolacavalieri\/#\/schema\/logo\/image\/","url":"https:\/\/www.medisocial.it\/annapaolacavalieri\/wp-content\/uploads\/2019\/06\/logo7.jpg","contentUrl":"https:\/\/www.medisocial.it\/annapaolacavalieri\/wp-content\/uploads\/2019\/06\/logo7.jpg","width":242,"height":99,"caption":"Dott.ssa Anna Paola Cavalieri"},"image":{"@id":"https:\/\/www.medisocial.it\/annapaolacavalieri\/#\/schema\/logo\/image\/"}},{"@type":"Person","@id":"https:\/\/www.medisocial.it\/annapaolacavalieri\/#\/schema\/person\/1cd0bfb9ce49bd43804584df39ef2c91","name":"medisocial","image":{"@type":"ImageObject","inLanguage":"it-IT","@id":"https:\/\/www.medisocial.it\/annapaolacavalieri\/#\/schema\/person\/image\/","url":"https:\/\/secure.gravatar.com\/avatar\/efa9393110d3610a15f45429c6613084?s=96&d=mm&r=g","contentUrl":"https:\/\/secure.gravatar.com\/avatar\/efa9393110d3610a15f45429c6613084?s=96&d=mm&r=g","caption":"medisocial"}}]}},"_links":{"self":[{"href":"https:\/\/www.medisocial.it\/annapaolacavalieri\/wp-json\/wp\/v2\/posts\/578"}],"collection":[{"href":"https:\/\/www.medisocial.it\/annapaolacavalieri\/wp-json\/wp\/v2\/posts"}],"about":[{"href":"https:\/\/www.medisocial.it\/annapaolacavalieri\/wp-json\/wp\/v2\/types\/post"}],"author":[{"embeddable":true,"href":"https:\/\/www.medisocial.it\/annapaolacavalieri\/wp-json\/wp\/v2\/users\/1"}],"replies":[{"embeddable":true,"href":"https:\/\/www.medisocial.it\/annapaolacavalieri\/wp-json\/wp\/v2\/comments?post=578"}],"version-history":[{"count":1,"href":"https:\/\/www.medisocial.it\/annapaolacavalieri\/wp-json\/wp\/v2\/posts\/578\/revisions"}],"predecessor-version":[{"id":580,"href":"https:\/\/www.medisocial.it\/annapaolacavalieri\/wp-json\/wp\/v2\/posts\/578\/revisions\/580"}],"wp:featuredmedia":[{"embeddable":true,"href":"https:\/\/www.medisocial.it\/annapaolacavalieri\/wp-json\/wp\/v2\/media\/579"}],"wp:attachment":[{"href":"https:\/\/www.medisocial.it\/annapaolacavalieri\/wp-json\/wp\/v2\/media?parent=578"}],"wp:term":[{"taxonomy":"category","embeddable":true,"href":"https:\/\/www.medisocial.it\/annapaolacavalieri\/wp-json\/wp\/v2\/categories?post=578"},{"taxonomy":"post_tag","embeddable":true,"href":"https:\/\/www.medisocial.it\/annapaolacavalieri\/wp-json\/wp\/v2\/tags?post=578"}],"curies":[{"name":"wp","href":"https:\/\/api.w.org\/{rel}","templated":true}]}}