{"id":575,"date":"2020-12-23T09:51:17","date_gmt":"2020-12-23T08:51:17","guid":{"rendered":"https:\/\/www.medisocial.it\/annapaolacavalieri\/?p=575"},"modified":"2020-12-23T09:51:17","modified_gmt":"2020-12-23T08:51:17","slug":"amenorrea-adolescenza-e-comportamento-alimentare-caso-clinico-6","status":"publish","type":"post","link":"https:\/\/www.medisocial.it\/annapaolacavalieri\/2020\/12\/23\/amenorrea-adolescenza-e-comportamento-alimentare-caso-clinico-6\/","title":{"rendered":"Amenorrea, adolescenza e comportamento alimentare &#8211; Caso Clinico #6"},"content":{"rendered":"<p><strong>Amenorrea, adolescenza e disturbi del comportamento alimentare &#8211; Caso Clinico #6 <\/strong>Martina, 18 anni, si presenta presso il mio ambulatorio accompagnata dalla mamma.<\/p>\n<p>La osservo: una bella ragazza, occhi vispi, fisico asciutto, forse troppo, si tormenta nervosamente le dita mentre la madre mi espone il problema.<\/p>\n<p>Ha avuto la sua prima mestruazione a 12 anni, dopo un annetto di cicli irregolari poi il suo ciclo si \u00e8 regolarizzato sui 30 giorni.<\/p>\n<h4>Non ha particolari dolori con le mestruazioni.<\/h4>\n<p>Ma da circa 8 mesi\u00a0 il ciclo \u00e8 scomparso completamente, giusto una settimana fa ha visto qualche macchia rosata ma niente altro. Non ha sintomi, si sente bene.<\/p>\n<p>La madre \u00e8 preoccupata e la ha costretta su suggerimento del medico di base a prender appuntamento con me.<\/p>\n<p>Ma Martina \u00e8 visibilmente seccata, sminuisce il problema. Cerco di stabilire un rapporto con Martina ma non \u00e8 facile. Risponde scocciata, continua a ripetere che sta bene. No non ha assunto farmaci, non \u00e8 stressata, dorme bene etc etc .<\/p>\n<p><strong>Amenorrea, adolescenza e disturbi del comportamento alimentare<\/strong><\/p>\n<p>Arriviamo finalmente al punto,\u00a0 circa 10 mesi fa ha seguito una dieta con la quale ha perso in meno di due mesi 5 kg . &#8220;Pochi&#8221; afferma guardando la madre, che scuote la testa.<\/p>\n<p>Chiedo alla mamma di uscire per la visita. La mia \u00e8 una tattica per cercare una maggiore intimit\u00e0 con Martina.<\/p>\n<h4><strong>Calcolo il suo rapporto peso altezza (BMI), sottopeso.<\/strong><\/h4>\n<p><em><strong>Procediamo con una ecografia e come immaginavo le ovaie di Martina sono poco attive, il suo apparato riproduttivo \u00e8 in letargo.<\/strong> <\/em><\/p>\n<p>Cerco di spiegarle in parole semplici perch\u00e9 questo non va bene, quali possono essere anche gli effetti negativi a lungo termine, sulle ossa ad esempio.<\/p>\n<p>Una perdita di peso drastica su un corpo che non ha molta massa grassa, pu\u00f2 essere percepita dal nostro cervello come una fase di &#8221; carestia &#8221; durante la quale la priorit\u00e0 \u00e8 sopravvivere , per cui la fertilit\u00e0 ( quindi l&#8217;ovulazione &#8221; ) viene bloccata e questo porta al blocco delle mestruazioni. Ci\u00f2 comporta bassi livelli di ormoni che sono invece importanti per il nostro benessere attuale ma anche futuro.<\/p>\n<p>Quando il meccanismo ovulatorio si inceppa non \u00e8 semplice farlo ripartire, soprattutto nelle adolescenti. In alcuni casi \u00e8 necessario un lavoro di gruppo tra ginecologo, nutrizionista e psicologo.<\/p>\n<h4><strong>Fondamentale \u00e8 anche l&#8217;atteggiamento dei genitori.<\/strong><\/h4>\n<p>Parliamo a lungo, riesco a vincere la sua diffidenza e alla fine accetta il mio consiglio di rivolgersi anche ad una psicologa. Le prescrivo delle analisi del sangue e ci accordiamo per un\u00a0 appuntamento telefonico di aggiornamento ogni 15 giorni, con una serie di consigli alimentari che mi promette di seguire per recuperare lentamente un po&#8217; di peso.<\/p>\n<p><strong>Amenorrea, adolescenza e disturbi del comportamento alimentare<\/strong><\/p>\n<h3>To be continued&#8230;<\/h3>\n<p>&nbsp;<\/p>\n<p>Per ulteriori approfondimenti sui disturbi del ciclo in adolescenza, si pu\u00f2 consultare l&#8217;articolo<br \/>\n<a class=\"czr-title\" href=\"https:\/\/www.medisocial.it\/annapaolacavalieri\/2020\/02\/27\/dismenorrea-eta-pediatrica-e-adolescenza\/\" rel=\"bookmark\">Dismenorrea: et\u00e0 pediatrica e adolescenza<\/a><\/p>\n<p>&nbsp;<\/p>\n","protected":false},"excerpt":{"rendered":"<p>Amenorrea, adolescenza e disturbi del comportamento alimentare &#8211; Caso Clinico #6 Martina, 18 anni, si presenta presso il mio ambulatorio accompagnata dalla mamma. La osservo: una bella ragazza, occhi vispi, fisico asciutto, forse troppo, si tormenta nervosamente le dita mentre la madre mi espone il problema. Ha avuto la sua prima mestruazione a 12 anni, [&hellip;]<\/p>\n","protected":false},"author":1,"featured_media":576,"comment_status":"open","ping_status":"open","sticky":false,"template":"","format":"standard","meta":{"_monsterinsights_skip_tracking":false,"_monsterinsights_sitenote_active":false,"_monsterinsights_sitenote_note":"","_monsterinsights_sitenote_category":0,"footnotes":""},"categories":[172],"tags":[195,194,200,199,196,173,130,124,118,197,138,198,131],"yoast_head":"<!-- This site is optimized with the Yoast SEO plugin v23.5 - https:\/\/yoast.com\/wordpress\/plugins\/seo\/ -->\n<title>Amenorrea, adolescenza e comportamento alimentare - Caso Clinico #6 - Dott.ssa Anna Paola Cavalieri<\/title>\n<meta name=\"description\" content=\"Amenorrea, adolescenza e disturbi del comportamento alimentare - Caso Clinico #6 Martina, 18 anni, si presenta in ambulatorio con la mamma\" \/>\n<meta name=\"robots\" content=\"index, follow, max-snippet:-1, max-image-preview:large, max-video-preview:-1\" \/>\n<link rel=\"canonical\" href=\"https:\/\/www.medisocial.it\/annapaolacavalieri\/2020\/12\/23\/amenorrea-adolescenza-e-comportamento-alimentare-caso-clinico-6\/\" \/>\n<meta property=\"og:locale\" content=\"it_IT\" \/>\n<meta property=\"og:type\" content=\"article\" \/>\n<meta property=\"og:title\" content=\"Amenorrea, adolescenza e comportamento alimentare - Caso Clinico #6 - Dott.ssa Anna Paola Cavalieri\" \/>\n<meta property=\"og:description\" content=\"Amenorrea, adolescenza e disturbi del comportamento alimentare - Caso Clinico #6 Martina, 18 anni, si presenta in ambulatorio con la mamma\" \/>\n<meta property=\"og:url\" content=\"https:\/\/www.medisocial.it\/annapaolacavalieri\/2020\/12\/23\/amenorrea-adolescenza-e-comportamento-alimentare-caso-clinico-6\/\" \/>\n<meta property=\"og:site_name\" content=\"Dott.ssa Anna Paola Cavalieri\" \/>\n<meta property=\"article:published_time\" content=\"2020-12-23T08:51:17+00:00\" \/>\n<meta property=\"og:image\" content=\"https:\/\/www.medisocial.it\/annapaolacavalieri\/wp-content\/uploads\/2020\/12\/amenorrea.jpg\" \/>\n\t<meta property=\"og:image:width\" content=\"640\" \/>\n\t<meta property=\"og:image:height\" content=\"853\" \/>\n\t<meta property=\"og:image:type\" content=\"image\/jpeg\" \/>\n<meta name=\"author\" content=\"medisocial\" \/>\n<meta name=\"twitter:card\" content=\"summary_large_image\" \/>\n<meta name=\"twitter:label1\" content=\"Scritto da\" \/>\n\t<meta name=\"twitter:data1\" content=\"medisocial\" \/>\n\t<meta name=\"twitter:label2\" content=\"Tempo di lettura stimato\" \/>\n\t<meta name=\"twitter:data2\" content=\"2 minuti\" \/>\n<script type=\"application\/ld+json\" class=\"yoast-schema-graph\">{\"@context\":\"https:\/\/schema.org\",\"@graph\":[{\"@type\":\"Article\",\"@id\":\"https:\/\/www.medisocial.it\/annapaolacavalieri\/2020\/12\/23\/amenorrea-adolescenza-e-comportamento-alimentare-caso-clinico-6\/#article\",\"isPartOf\":{\"@id\":\"https:\/\/www.medisocial.it\/annapaolacavalieri\/2020\/12\/23\/amenorrea-adolescenza-e-comportamento-alimentare-caso-clinico-6\/\"},\"author\":{\"name\":\"medisocial\",\"@id\":\"https:\/\/www.medisocial.it\/annapaolacavalieri\/#\/schema\/person\/1cd0bfb9ce49bd43804584df39ef2c91\"},\"headline\":\"Amenorrea, adolescenza e comportamento alimentare &#8211; Caso Clinico #6\",\"datePublished\":\"2020-12-23T08:51:17+00:00\",\"dateModified\":\"2020-12-23T08:51:17+00:00\",\"mainEntityOfPage\":{\"@id\":\"https:\/\/www.medisocial.it\/annapaolacavalieri\/2020\/12\/23\/amenorrea-adolescenza-e-comportamento-alimentare-caso-clinico-6\/\"},\"wordCount\":456,\"commentCount\":1,\"publisher\":{\"@id\":\"https:\/\/www.medisocial.it\/annapaolacavalieri\/#organization\"},\"image\":{\"@id\":\"https:\/\/www.medisocial.it\/annapaolacavalieri\/2020\/12\/23\/amenorrea-adolescenza-e-comportamento-alimentare-caso-clinico-6\/#primaryimage\"},\"thumbnailUrl\":\"https:\/\/www.medisocial.it\/annapaolacavalieri\/wp-content\/uploads\/2020\/12\/amenorrea.jpg\",\"keywords\":[\"adolescenza\",\"amenorrea\",\"analisi del sangue\",\"consigli alimentari\",\"disturbo alimentare\",\"Dott.ssa Anna Paola Cavalieri\",\"ginecologaroma\",\"ginecologo\",\"mestruazioni\",\"nutrizionista\",\"ovulazione\",\"psicologo\",\"specialistaginecologiaroma\"],\"articleSection\":[\"Casi Clinici\"],\"inLanguage\":\"it-IT\",\"potentialAction\":[{\"@type\":\"CommentAction\",\"name\":\"Comment\",\"target\":[\"https:\/\/www.medisocial.it\/annapaolacavalieri\/2020\/12\/23\/amenorrea-adolescenza-e-comportamento-alimentare-caso-clinico-6\/#respond\"]}]},{\"@type\":\"WebPage\",\"@id\":\"https:\/\/www.medisocial.it\/annapaolacavalieri\/2020\/12\/23\/amenorrea-adolescenza-e-comportamento-alimentare-caso-clinico-6\/\",\"url\":\"https:\/\/www.medisocial.it\/annapaolacavalieri\/2020\/12\/23\/amenorrea-adolescenza-e-comportamento-alimentare-caso-clinico-6\/\",\"name\":\"Amenorrea, adolescenza e comportamento alimentare - Caso Clinico #6 - Dott.ssa Anna Paola Cavalieri\",\"isPartOf\":{\"@id\":\"https:\/\/www.medisocial.it\/annapaolacavalieri\/#website\"},\"primaryImageOfPage\":{\"@id\":\"https:\/\/www.medisocial.it\/annapaolacavalieri\/2020\/12\/23\/amenorrea-adolescenza-e-comportamento-alimentare-caso-clinico-6\/#primaryimage\"},\"image\":{\"@id\":\"https:\/\/www.medisocial.it\/annapaolacavalieri\/2020\/12\/23\/amenorrea-adolescenza-e-comportamento-alimentare-caso-clinico-6\/#primaryimage\"},\"thumbnailUrl\":\"https:\/\/www.medisocial.it\/annapaolacavalieri\/wp-content\/uploads\/2020\/12\/amenorrea.jpg\",\"datePublished\":\"2020-12-23T08:51:17+00:00\",\"dateModified\":\"2020-12-23T08:51:17+00:00\",\"description\":\"Amenorrea, adolescenza e disturbi del comportamento alimentare - Caso Clinico #6 Martina, 18 anni, si presenta in ambulatorio con la mamma\",\"breadcrumb\":{\"@id\":\"https:\/\/www.medisocial.it\/annapaolacavalieri\/2020\/12\/23\/amenorrea-adolescenza-e-comportamento-alimentare-caso-clinico-6\/#breadcrumb\"},\"inLanguage\":\"it-IT\",\"potentialAction\":[{\"@type\":\"ReadAction\",\"target\":[\"https:\/\/www.medisocial.it\/annapaolacavalieri\/2020\/12\/23\/amenorrea-adolescenza-e-comportamento-alimentare-caso-clinico-6\/\"]}]},{\"@type\":\"ImageObject\",\"inLanguage\":\"it-IT\",\"@id\":\"https:\/\/www.medisocial.it\/annapaolacavalieri\/2020\/12\/23\/amenorrea-adolescenza-e-comportamento-alimentare-caso-clinico-6\/#primaryimage\",\"url\":\"https:\/\/www.medisocial.it\/annapaolacavalieri\/wp-content\/uploads\/2020\/12\/amenorrea.jpg\",\"contentUrl\":\"https:\/\/www.medisocial.it\/annapaolacavalieri\/wp-content\/uploads\/2020\/12\/amenorrea.jpg\",\"width\":640,\"height\":853,\"caption\":\"amenorrea\"},{\"@type\":\"BreadcrumbList\",\"@id\":\"https:\/\/www.medisocial.it\/annapaolacavalieri\/2020\/12\/23\/amenorrea-adolescenza-e-comportamento-alimentare-caso-clinico-6\/#breadcrumb\",\"itemListElement\":[{\"@type\":\"ListItem\",\"position\":1,\"name\":\"Home\",\"item\":\"https:\/\/www.medisocial.it\/annapaolacavalieri\/\"},{\"@type\":\"ListItem\",\"position\":2,\"name\":\"Amenorrea, adolescenza e comportamento alimentare &#8211; Caso Clinico #6\"}]},{\"@type\":\"WebSite\",\"@id\":\"https:\/\/www.medisocial.it\/annapaolacavalieri\/#website\",\"url\":\"https:\/\/www.medisocial.it\/annapaolacavalieri\/\",\"name\":\"Dott.ssa Anna Paola Cavalieri\",\"description\":\"Specialista in Ostetricia e Ginecologia - Roma\",\"publisher\":{\"@id\":\"https:\/\/www.medisocial.it\/annapaolacavalieri\/#organization\"},\"potentialAction\":[{\"@type\":\"SearchAction\",\"target\":{\"@type\":\"EntryPoint\",\"urlTemplate\":\"https:\/\/www.medisocial.it\/annapaolacavalieri\/?s={search_term_string}\"},\"query-input\":{\"@type\":\"PropertyValueSpecification\",\"valueRequired\":true,\"valueName\":\"search_term_string\"}}],\"inLanguage\":\"it-IT\"},{\"@type\":\"Organization\",\"@id\":\"https:\/\/www.medisocial.it\/annapaolacavalieri\/#organization\",\"name\":\"Dott.ssa Anna Paola Cavalieri\",\"url\":\"https:\/\/www.medisocial.it\/annapaolacavalieri\/\",\"logo\":{\"@type\":\"ImageObject\",\"inLanguage\":\"it-IT\",\"@id\":\"https:\/\/www.medisocial.it\/annapaolacavalieri\/#\/schema\/logo\/image\/\",\"url\":\"https:\/\/www.medisocial.it\/annapaolacavalieri\/wp-content\/uploads\/2019\/06\/logo7.jpg\",\"contentUrl\":\"https:\/\/www.medisocial.it\/annapaolacavalieri\/wp-content\/uploads\/2019\/06\/logo7.jpg\",\"width\":242,\"height\":99,\"caption\":\"Dott.ssa Anna Paola Cavalieri\"},\"image\":{\"@id\":\"https:\/\/www.medisocial.it\/annapaolacavalieri\/#\/schema\/logo\/image\/\"}},{\"@type\":\"Person\",\"@id\":\"https:\/\/www.medisocial.it\/annapaolacavalieri\/#\/schema\/person\/1cd0bfb9ce49bd43804584df39ef2c91\",\"name\":\"medisocial\",\"image\":{\"@type\":\"ImageObject\",\"inLanguage\":\"it-IT\",\"@id\":\"https:\/\/www.medisocial.it\/annapaolacavalieri\/#\/schema\/person\/image\/\",\"url\":\"https:\/\/secure.gravatar.com\/avatar\/efa9393110d3610a15f45429c6613084?s=96&d=mm&r=g\",\"contentUrl\":\"https:\/\/secure.gravatar.com\/avatar\/efa9393110d3610a15f45429c6613084?s=96&d=mm&r=g\",\"caption\":\"medisocial\"}}]}<\/script>\n<!-- \/ Yoast SEO plugin. -->","yoast_head_json":{"title":"Amenorrea, adolescenza e comportamento alimentare - Caso Clinico #6 - Dott.ssa Anna Paola Cavalieri","description":"Amenorrea, adolescenza e disturbi del comportamento alimentare - Caso Clinico #6 Martina, 18 anni, si presenta in ambulatorio con la mamma","robots":{"index":"index","follow":"follow","max-snippet":"max-snippet:-1","max-image-preview":"max-image-preview:large","max-video-preview":"max-video-preview:-1"},"canonical":"https:\/\/www.medisocial.it\/annapaolacavalieri\/2020\/12\/23\/amenorrea-adolescenza-e-comportamento-alimentare-caso-clinico-6\/","og_locale":"it_IT","og_type":"article","og_title":"Amenorrea, adolescenza e comportamento alimentare - Caso Clinico #6 - Dott.ssa Anna Paola Cavalieri","og_description":"Amenorrea, adolescenza e disturbi del comportamento alimentare - Caso Clinico #6 Martina, 18 anni, si presenta in ambulatorio con la mamma","og_url":"https:\/\/www.medisocial.it\/annapaolacavalieri\/2020\/12\/23\/amenorrea-adolescenza-e-comportamento-alimentare-caso-clinico-6\/","og_site_name":"Dott.ssa Anna Paola Cavalieri","article_published_time":"2020-12-23T08:51:17+00:00","og_image":[{"width":640,"height":853,"url":"https:\/\/www.medisocial.it\/annapaolacavalieri\/wp-content\/uploads\/2020\/12\/amenorrea.jpg","type":"image\/jpeg"}],"author":"medisocial","twitter_card":"summary_large_image","twitter_misc":{"Scritto da":"medisocial","Tempo di lettura stimato":"2 minuti"},"schema":{"@context":"https:\/\/schema.org","@graph":[{"@type":"Article","@id":"https:\/\/www.medisocial.it\/annapaolacavalieri\/2020\/12\/23\/amenorrea-adolescenza-e-comportamento-alimentare-caso-clinico-6\/#article","isPartOf":{"@id":"https:\/\/www.medisocial.it\/annapaolacavalieri\/2020\/12\/23\/amenorrea-adolescenza-e-comportamento-alimentare-caso-clinico-6\/"},"author":{"name":"medisocial","@id":"https:\/\/www.medisocial.it\/annapaolacavalieri\/#\/schema\/person\/1cd0bfb9ce49bd43804584df39ef2c91"},"headline":"Amenorrea, adolescenza e comportamento alimentare &#8211; Caso Clinico #6","datePublished":"2020-12-23T08:51:17+00:00","dateModified":"2020-12-23T08:51:17+00:00","mainEntityOfPage":{"@id":"https:\/\/www.medisocial.it\/annapaolacavalieri\/2020\/12\/23\/amenorrea-adolescenza-e-comportamento-alimentare-caso-clinico-6\/"},"wordCount":456,"commentCount":1,"publisher":{"@id":"https:\/\/www.medisocial.it\/annapaolacavalieri\/#organization"},"image":{"@id":"https:\/\/www.medisocial.it\/annapaolacavalieri\/2020\/12\/23\/amenorrea-adolescenza-e-comportamento-alimentare-caso-clinico-6\/#primaryimage"},"thumbnailUrl":"https:\/\/www.medisocial.it\/annapaolacavalieri\/wp-content\/uploads\/2020\/12\/amenorrea.jpg","keywords":["adolescenza","amenorrea","analisi del sangue","consigli alimentari","disturbo alimentare","Dott.ssa Anna Paola Cavalieri","ginecologaroma","ginecologo","mestruazioni","nutrizionista","ovulazione","psicologo","specialistaginecologiaroma"],"articleSection":["Casi Clinici"],"inLanguage":"it-IT","potentialAction":[{"@type":"CommentAction","name":"Comment","target":["https:\/\/www.medisocial.it\/annapaolacavalieri\/2020\/12\/23\/amenorrea-adolescenza-e-comportamento-alimentare-caso-clinico-6\/#respond"]}]},{"@type":"WebPage","@id":"https:\/\/www.medisocial.it\/annapaolacavalieri\/2020\/12\/23\/amenorrea-adolescenza-e-comportamento-alimentare-caso-clinico-6\/","url":"https:\/\/www.medisocial.it\/annapaolacavalieri\/2020\/12\/23\/amenorrea-adolescenza-e-comportamento-alimentare-caso-clinico-6\/","name":"Amenorrea, adolescenza e comportamento alimentare - Caso Clinico #6 - Dott.ssa Anna Paola Cavalieri","isPartOf":{"@id":"https:\/\/www.medisocial.it\/annapaolacavalieri\/#website"},"primaryImageOfPage":{"@id":"https:\/\/www.medisocial.it\/annapaolacavalieri\/2020\/12\/23\/amenorrea-adolescenza-e-comportamento-alimentare-caso-clinico-6\/#primaryimage"},"image":{"@id":"https:\/\/www.medisocial.it\/annapaolacavalieri\/2020\/12\/23\/amenorrea-adolescenza-e-comportamento-alimentare-caso-clinico-6\/#primaryimage"},"thumbnailUrl":"https:\/\/www.medisocial.it\/annapaolacavalieri\/wp-content\/uploads\/2020\/12\/amenorrea.jpg","datePublished":"2020-12-23T08:51:17+00:00","dateModified":"2020-12-23T08:51:17+00:00","description":"Amenorrea, adolescenza e disturbi del comportamento alimentare - Caso Clinico #6 Martina, 18 anni, si presenta in ambulatorio con la mamma","breadcrumb":{"@id":"https:\/\/www.medisocial.it\/annapaolacavalieri\/2020\/12\/23\/amenorrea-adolescenza-e-comportamento-alimentare-caso-clinico-6\/#breadcrumb"},"inLanguage":"it-IT","potentialAction":[{"@type":"ReadAction","target":["https:\/\/www.medisocial.it\/annapaolacavalieri\/2020\/12\/23\/amenorrea-adolescenza-e-comportamento-alimentare-caso-clinico-6\/"]}]},{"@type":"ImageObject","inLanguage":"it-IT","@id":"https:\/\/www.medisocial.it\/annapaolacavalieri\/2020\/12\/23\/amenorrea-adolescenza-e-comportamento-alimentare-caso-clinico-6\/#primaryimage","url":"https:\/\/www.medisocial.it\/annapaolacavalieri\/wp-content\/uploads\/2020\/12\/amenorrea.jpg","contentUrl":"https:\/\/www.medisocial.it\/annapaolacavalieri\/wp-content\/uploads\/2020\/12\/amenorrea.jpg","width":640,"height":853,"caption":"amenorrea"},{"@type":"BreadcrumbList","@id":"https:\/\/www.medisocial.it\/annapaolacavalieri\/2020\/12\/23\/amenorrea-adolescenza-e-comportamento-alimentare-caso-clinico-6\/#breadcrumb","itemListElement":[{"@type":"ListItem","position":1,"name":"Home","item":"https:\/\/www.medisocial.it\/annapaolacavalieri\/"},{"@type":"ListItem","position":2,"name":"Amenorrea, adolescenza e comportamento alimentare &#8211; Caso Clinico #6"}]},{"@type":"WebSite","@id":"https:\/\/www.medisocial.it\/annapaolacavalieri\/#website","url":"https:\/\/www.medisocial.it\/annapaolacavalieri\/","name":"Dott.ssa Anna Paola Cavalieri","description":"Specialista in Ostetricia e Ginecologia - Roma","publisher":{"@id":"https:\/\/www.medisocial.it\/annapaolacavalieri\/#organization"},"potentialAction":[{"@type":"SearchAction","target":{"@type":"EntryPoint","urlTemplate":"https:\/\/www.medisocial.it\/annapaolacavalieri\/?s={search_term_string}"},"query-input":{"@type":"PropertyValueSpecification","valueRequired":true,"valueName":"search_term_string"}}],"inLanguage":"it-IT"},{"@type":"Organization","@id":"https:\/\/www.medisocial.it\/annapaolacavalieri\/#organization","name":"Dott.ssa Anna Paola Cavalieri","url":"https:\/\/www.medisocial.it\/annapaolacavalieri\/","logo":{"@type":"ImageObject","inLanguage":"it-IT","@id":"https:\/\/www.medisocial.it\/annapaolacavalieri\/#\/schema\/logo\/image\/","url":"https:\/\/www.medisocial.it\/annapaolacavalieri\/wp-content\/uploads\/2019\/06\/logo7.jpg","contentUrl":"https:\/\/www.medisocial.it\/annapaolacavalieri\/wp-content\/uploads\/2019\/06\/logo7.jpg","width":242,"height":99,"caption":"Dott.ssa Anna Paola Cavalieri"},"image":{"@id":"https:\/\/www.medisocial.it\/annapaolacavalieri\/#\/schema\/logo\/image\/"}},{"@type":"Person","@id":"https:\/\/www.medisocial.it\/annapaolacavalieri\/#\/schema\/person\/1cd0bfb9ce49bd43804584df39ef2c91","name":"medisocial","image":{"@type":"ImageObject","inLanguage":"it-IT","@id":"https:\/\/www.medisocial.it\/annapaolacavalieri\/#\/schema\/person\/image\/","url":"https:\/\/secure.gravatar.com\/avatar\/efa9393110d3610a15f45429c6613084?s=96&d=mm&r=g","contentUrl":"https:\/\/secure.gravatar.com\/avatar\/efa9393110d3610a15f45429c6613084?s=96&d=mm&r=g","caption":"medisocial"}}]}},"_links":{"self":[{"href":"https:\/\/www.medisocial.it\/annapaolacavalieri\/wp-json\/wp\/v2\/posts\/575"}],"collection":[{"href":"https:\/\/www.medisocial.it\/annapaolacavalieri\/wp-json\/wp\/v2\/posts"}],"about":[{"href":"https:\/\/www.medisocial.it\/annapaolacavalieri\/wp-json\/wp\/v2\/types\/post"}],"author":[{"embeddable":true,"href":"https:\/\/www.medisocial.it\/annapaolacavalieri\/wp-json\/wp\/v2\/users\/1"}],"replies":[{"embeddable":true,"href":"https:\/\/www.medisocial.it\/annapaolacavalieri\/wp-json\/wp\/v2\/comments?post=575"}],"version-history":[{"count":1,"href":"https:\/\/www.medisocial.it\/annapaolacavalieri\/wp-json\/wp\/v2\/posts\/575\/revisions"}],"predecessor-version":[{"id":577,"href":"https:\/\/www.medisocial.it\/annapaolacavalieri\/wp-json\/wp\/v2\/posts\/575\/revisions\/577"}],"wp:featuredmedia":[{"embeddable":true,"href":"https:\/\/www.medisocial.it\/annapaolacavalieri\/wp-json\/wp\/v2\/media\/576"}],"wp:attachment":[{"href":"https:\/\/www.medisocial.it\/annapaolacavalieri\/wp-json\/wp\/v2\/media?parent=575"}],"wp:term":[{"taxonomy":"category","embeddable":true,"href":"https:\/\/www.medisocial.it\/annapaolacavalieri\/wp-json\/wp\/v2\/categories?post=575"},{"taxonomy":"post_tag","embeddable":true,"href":"https:\/\/www.medisocial.it\/annapaolacavalieri\/wp-json\/wp\/v2\/tags?post=575"}],"curies":[{"name":"wp","href":"https:\/\/api.w.org\/{rel}","templated":true}]}}