{"id":570,"date":"2020-12-23T09:05:43","date_gmt":"2020-12-23T08:05:43","guid":{"rendered":"https:\/\/www.medisocial.it\/annapaolacavalieri\/?p=570"},"modified":"2020-12-23T09:05:43","modified_gmt":"2020-12-23T08:05:43","slug":"rivolgimento-del-feto-podalico-caso-clinico-5","status":"publish","type":"post","link":"https:\/\/www.medisocial.it\/annapaolacavalieri\/2020\/12\/23\/rivolgimento-del-feto-podalico-caso-clinico-5\/","title":{"rendered":"Rivolgimento del feto podalico &#8211; Caso Clinico #5"},"content":{"rendered":"<p><strong>Rivolgimento del feto podalico<\/strong><br \/>\nElizabeth si \u00e8 trasferita da poco in Italia da Londra. Si rivolge a me per essere seguita nella parte finale della sua seconda gravidanza.<\/p>\n<p>Il suo primo parto \u00e8 stato un parto vaginale a termine di gravidanza da cui \u00e8 nata Alice, una bellissima bimba di neanche due anni che sgambetta curiosa nel mio studio.<\/p>\n<p>La gravidanza di Elizabeth decorre in maniera fisiologica, cos\u00ec come la prima. Ma il fratellino di Alice non vuole saperne di mettersi a testa in gi\u00f9 e, alla ecografia della 34esima settimana, lo vedo ancora comodamente seduto in quella che viene definita presentazione podalica.<\/p>\n<p>Elizabeth che ha un&#8217;altra bimba piccola da accudire e non ha aiuti vicini da parte della famiglia, giustamente non vuole essere sottoposta al taglio cesareo, che spesso viene proposto in questi casi.<\/p>\n<h4>Il parto vaginale podalico non \u00e8 molto comune in Italia, in quanto potrebbe essere gravato da qualche complicazione in pi\u00f9 per il feto.<\/h4>\n<h4>Le linee guida delle societ\u00e0 ginecologiche italiane propongono il taglio cesareo, previo tentativo di rivolgimento manuale esterno del feto.<\/h4>\n<p>In parole semplici, propongo ad Elizabeth di tentare di mettere il piccolo nella corretta posizione per un parto vaginale pi\u00f9 facile, a testa in gi\u00f9, attraverso delle manovre esterne sulla pancia della mamma.<\/p>\n<p>Tale manovra si effettua preferibilmente dopo le 36 settimane e cio\u00e8 quando comunque il bimbo sarebbe pronto alla nascita.<\/p>\n<p>Ci\u00f2 perch\u00e9 pu\u00f2 capitare che durante tale manovra di RIVOLGIMENTO si inneschi il travaglio o si rompa il sacco amniotico.<\/p>\n<p>Verifichiamo insieme che ci siano tutte le condizioni per farlo e ci diamo un tempo di 3 settimane per verificare che il bimbo intanto non si sia girato spontaneamente. Elizabeth \u00e8 fiduciosa.<\/p>\n<p>A 37 settimane la diagnosi di presentazione podalica \u00e8 confermata e cos\u00ec Elizabeth si presenta in clinica al nostro appuntamento a 38 settimane per il rivolgimento.<\/p>\n<p>Dopo aver monitorato per circa mezzora il benessere del feto attraverso il monitoraggio CTG, Elizabeth viene fatta sistemare sul lettino, con il marito accanto che le tiene la mano amorevolmente e gli occhi di entrambi fissi allo schermo dell&#8217;ecografo.<\/p>\n<p>Sotto guida ecografica inizio a massaggiare la pancia di Elizabeth in maniera tale da sollevare il sederino del bimbo per poi lentamente spostarlo fino a fargli compiere la famosa capriola a testa in gi\u00f9.<\/p>\n<p>&nbsp;<\/p>\n<p><strong>In pochi minuti \u00e8 fatta! Elizabeth resta ancora un po&#8217; con noi, monitoriamo nuovamente le condizioni del piccolo e dopo un&#8217;ora circa viene mandata a casa.<\/strong><\/p>\n<p><strong>Torner\u00e0 in clinica circa una settimana dopo in travaglio, e in poche ore nascer\u00e0 James con un bel parto vaginale.<\/strong><\/p>\n<div style=\"width: 1140px;\" class=\"wp-video\"><!--[if lt IE 9]><script>document.createElement('video');<\/script><![endif]-->\n<video class=\"wp-video-shortcode\" id=\"video-570-1\" width=\"1140\" height=\"641\" preload=\"metadata\" controls=\"controls\"><source type=\"video\/mp4\" src=\"https:\/\/www.medisocial.it\/annapaolacavalieri\/wp-content\/uploads\/2020\/12\/Video-manovra-rivolgimento-short.mp4?_=1\" \/><a href=\"https:\/\/www.medisocial.it\/annapaolacavalieri\/wp-content\/uploads\/2020\/12\/Video-manovra-rivolgimento-short.mp4\">https:\/\/www.medisocial.it\/annapaolacavalieri\/wp-content\/uploads\/2020\/12\/Video-manovra-rivolgimento-short.mp4<\/a><\/video><\/div>\n<p>Per ulteriori approfondimenti sul rivolgimento del feto, potete consultare anche l&#8217;articolo<\/p>\n<h4 class=\"entry-title\"><a class=\"czr-title\" href=\"https:\/\/www.medisocial.it\/annapaolacavalieri\/2020\/01\/31\/il-rivolgimento-del-feto\/\" rel=\"bookmark\"><strong>Il Rivolgimento del Feto<\/strong><\/a><\/h4>\n<p>Se il vostro bambino \u00e8 in posizione podalica, chiamate subito per un consulto o per prendere un appuntamento ai numeri indicati nella sezione <strong><a href=\"https:\/\/www.medisocial.it\/annapaolacavalieri\/contatti\/\">Contatti<\/a><\/strong> di questo sito.<\/p>\n","protected":false},"excerpt":{"rendered":"<p>Rivolgimento del feto podalico Elizabeth si \u00e8 trasferita da poco in Italia da Londra. Si rivolge a me per essere seguita nella parte finale della sua seconda gravidanza. Il suo primo parto \u00e8 stato un parto vaginale a termine di gravidanza da cui \u00e8 nata Alice, una bellissima bimba di neanche due anni che sgambetta [&hellip;]<\/p>\n","protected":false},"author":1,"featured_media":572,"comment_status":"open","ping_status":"open","sticky":false,"template":"","format":"standard","meta":{"_monsterinsights_skip_tracking":false,"_monsterinsights_sitenote_active":false,"_monsterinsights_sitenote_note":"","_monsterinsights_sitenote_category":0,"footnotes":""},"categories":[172],"tags":[173,14,130,10,192,37,36,191,193,131],"yoast_head":"<!-- This site is optimized with the Yoast SEO plugin v23.5 - https:\/\/yoast.com\/wordpress\/plugins\/seo\/ -->\n<title>Rivolgimento del feto podalico - Caso Clinico #5 - Dott.ssa Anna Paola Cavalieri<\/title>\n<meta name=\"description\" content=\"Il rivolgimento del feto podalico Elizabeth si rivolge a me per essere seguita nella parte finale della sua seconda gravidanza\" \/>\n<meta name=\"robots\" content=\"index, follow, max-snippet:-1, max-image-preview:large, max-video-preview:-1\" \/>\n<link rel=\"canonical\" href=\"https:\/\/www.medisocial.it\/annapaolacavalieri\/2020\/12\/23\/rivolgimento-del-feto-podalico-caso-clinico-5\/\" \/>\n<meta property=\"og:locale\" content=\"it_IT\" \/>\n<meta property=\"og:type\" content=\"article\" \/>\n<meta property=\"og:title\" content=\"Rivolgimento del feto podalico - Caso Clinico #5 - Dott.ssa Anna Paola Cavalieri\" \/>\n<meta property=\"og:description\" content=\"Il rivolgimento del feto podalico Elizabeth si rivolge a me per essere seguita nella parte finale della sua seconda gravidanza\" \/>\n<meta property=\"og:url\" content=\"https:\/\/www.medisocial.it\/annapaolacavalieri\/2020\/12\/23\/rivolgimento-del-feto-podalico-caso-clinico-5\/\" \/>\n<meta property=\"og:site_name\" content=\"Dott.ssa Anna Paola Cavalieri\" \/>\n<meta property=\"article:published_time\" content=\"2020-12-23T08:05:43+00:00\" \/>\n<meta property=\"og:image\" content=\"https:\/\/www.medisocial.it\/annapaolacavalieri\/wp-content\/uploads\/2020\/12\/rivolgimento.png\" \/>\n\t<meta property=\"og:image:width\" content=\"1002\" \/>\n\t<meta property=\"og:image:height\" content=\"1016\" \/>\n\t<meta property=\"og:image:type\" content=\"image\/png\" \/>\n<meta name=\"author\" content=\"medisocial\" \/>\n<meta name=\"twitter:card\" content=\"summary_large_image\" \/>\n<meta name=\"twitter:label1\" content=\"Scritto da\" \/>\n\t<meta name=\"twitter:data1\" content=\"medisocial\" \/>\n\t<meta name=\"twitter:label2\" content=\"Tempo di lettura stimato\" \/>\n\t<meta name=\"twitter:data2\" content=\"2 minuti\" \/>\n<script type=\"application\/ld+json\" class=\"yoast-schema-graph\">{\"@context\":\"https:\/\/schema.org\",\"@graph\":[{\"@type\":\"Article\",\"@id\":\"https:\/\/www.medisocial.it\/annapaolacavalieri\/2020\/12\/23\/rivolgimento-del-feto-podalico-caso-clinico-5\/#article\",\"isPartOf\":{\"@id\":\"https:\/\/www.medisocial.it\/annapaolacavalieri\/2020\/12\/23\/rivolgimento-del-feto-podalico-caso-clinico-5\/\"},\"author\":{\"name\":\"medisocial\",\"@id\":\"https:\/\/www.medisocial.it\/annapaolacavalieri\/#\/schema\/person\/1cd0bfb9ce49bd43804584df39ef2c91\"},\"headline\":\"Rivolgimento del feto podalico &#8211; Caso Clinico #5\",\"datePublished\":\"2020-12-23T08:05:43+00:00\",\"dateModified\":\"2020-12-23T08:05:43+00:00\",\"mainEntityOfPage\":{\"@id\":\"https:\/\/www.medisocial.it\/annapaolacavalieri\/2020\/12\/23\/rivolgimento-del-feto-podalico-caso-clinico-5\/\"},\"wordCount\":482,\"commentCount\":0,\"publisher\":{\"@id\":\"https:\/\/www.medisocial.it\/annapaolacavalieri\/#organization\"},\"image\":{\"@id\":\"https:\/\/www.medisocial.it\/annapaolacavalieri\/2020\/12\/23\/rivolgimento-del-feto-podalico-caso-clinico-5\/#primaryimage\"},\"thumbnailUrl\":\"https:\/\/www.medisocial.it\/annapaolacavalieri\/wp-content\/uploads\/2020\/12\/rivolgimento.png\",\"keywords\":[\"Dott.ssa Anna Paola Cavalieri\",\"feto\",\"ginecologaroma\",\"gravidanza\",\"monitoraggio\",\"Parto Cesareo\",\"Parto Vaginale\",\"rivolgimento del feto\",\"sacco amniotico\",\"specialistaginecologiaroma\"],\"articleSection\":[\"Casi Clinici\"],\"inLanguage\":\"it-IT\",\"potentialAction\":[{\"@type\":\"CommentAction\",\"name\":\"Comment\",\"target\":[\"https:\/\/www.medisocial.it\/annapaolacavalieri\/2020\/12\/23\/rivolgimento-del-feto-podalico-caso-clinico-5\/#respond\"]}]},{\"@type\":\"WebPage\",\"@id\":\"https:\/\/www.medisocial.it\/annapaolacavalieri\/2020\/12\/23\/rivolgimento-del-feto-podalico-caso-clinico-5\/\",\"url\":\"https:\/\/www.medisocial.it\/annapaolacavalieri\/2020\/12\/23\/rivolgimento-del-feto-podalico-caso-clinico-5\/\",\"name\":\"Rivolgimento del feto podalico - Caso Clinico #5 - Dott.ssa Anna Paola Cavalieri\",\"isPartOf\":{\"@id\":\"https:\/\/www.medisocial.it\/annapaolacavalieri\/#website\"},\"primaryImageOfPage\":{\"@id\":\"https:\/\/www.medisocial.it\/annapaolacavalieri\/2020\/12\/23\/rivolgimento-del-feto-podalico-caso-clinico-5\/#primaryimage\"},\"image\":{\"@id\":\"https:\/\/www.medisocial.it\/annapaolacavalieri\/2020\/12\/23\/rivolgimento-del-feto-podalico-caso-clinico-5\/#primaryimage\"},\"thumbnailUrl\":\"https:\/\/www.medisocial.it\/annapaolacavalieri\/wp-content\/uploads\/2020\/12\/rivolgimento.png\",\"datePublished\":\"2020-12-23T08:05:43+00:00\",\"dateModified\":\"2020-12-23T08:05:43+00:00\",\"description\":\"Il rivolgimento del feto podalico Elizabeth si rivolge a me per essere seguita nella parte finale della sua seconda gravidanza\",\"breadcrumb\":{\"@id\":\"https:\/\/www.medisocial.it\/annapaolacavalieri\/2020\/12\/23\/rivolgimento-del-feto-podalico-caso-clinico-5\/#breadcrumb\"},\"inLanguage\":\"it-IT\",\"potentialAction\":[{\"@type\":\"ReadAction\",\"target\":[\"https:\/\/www.medisocial.it\/annapaolacavalieri\/2020\/12\/23\/rivolgimento-del-feto-podalico-caso-clinico-5\/\"]}]},{\"@type\":\"ImageObject\",\"inLanguage\":\"it-IT\",\"@id\":\"https:\/\/www.medisocial.it\/annapaolacavalieri\/2020\/12\/23\/rivolgimento-del-feto-podalico-caso-clinico-5\/#primaryimage\",\"url\":\"https:\/\/www.medisocial.it\/annapaolacavalieri\/wp-content\/uploads\/2020\/12\/rivolgimento.png\",\"contentUrl\":\"https:\/\/www.medisocial.it\/annapaolacavalieri\/wp-content\/uploads\/2020\/12\/rivolgimento.png\",\"width\":1002,\"height\":1016,\"caption\":\"rivolgimento\"},{\"@type\":\"BreadcrumbList\",\"@id\":\"https:\/\/www.medisocial.it\/annapaolacavalieri\/2020\/12\/23\/rivolgimento-del-feto-podalico-caso-clinico-5\/#breadcrumb\",\"itemListElement\":[{\"@type\":\"ListItem\",\"position\":1,\"name\":\"Home\",\"item\":\"https:\/\/www.medisocial.it\/annapaolacavalieri\/\"},{\"@type\":\"ListItem\",\"position\":2,\"name\":\"Rivolgimento del feto podalico &#8211; Caso Clinico #5\"}]},{\"@type\":\"WebSite\",\"@id\":\"https:\/\/www.medisocial.it\/annapaolacavalieri\/#website\",\"url\":\"https:\/\/www.medisocial.it\/annapaolacavalieri\/\",\"name\":\"Dott.ssa Anna Paola Cavalieri\",\"description\":\"Specialista in Ostetricia e Ginecologia - Roma\",\"publisher\":{\"@id\":\"https:\/\/www.medisocial.it\/annapaolacavalieri\/#organization\"},\"potentialAction\":[{\"@type\":\"SearchAction\",\"target\":{\"@type\":\"EntryPoint\",\"urlTemplate\":\"https:\/\/www.medisocial.it\/annapaolacavalieri\/?s={search_term_string}\"},\"query-input\":{\"@type\":\"PropertyValueSpecification\",\"valueRequired\":true,\"valueName\":\"search_term_string\"}}],\"inLanguage\":\"it-IT\"},{\"@type\":\"Organization\",\"@id\":\"https:\/\/www.medisocial.it\/annapaolacavalieri\/#organization\",\"name\":\"Dott.ssa Anna Paola Cavalieri\",\"url\":\"https:\/\/www.medisocial.it\/annapaolacavalieri\/\",\"logo\":{\"@type\":\"ImageObject\",\"inLanguage\":\"it-IT\",\"@id\":\"https:\/\/www.medisocial.it\/annapaolacavalieri\/#\/schema\/logo\/image\/\",\"url\":\"https:\/\/www.medisocial.it\/annapaolacavalieri\/wp-content\/uploads\/2019\/06\/logo7.jpg\",\"contentUrl\":\"https:\/\/www.medisocial.it\/annapaolacavalieri\/wp-content\/uploads\/2019\/06\/logo7.jpg\",\"width\":242,\"height\":99,\"caption\":\"Dott.ssa Anna Paola Cavalieri\"},\"image\":{\"@id\":\"https:\/\/www.medisocial.it\/annapaolacavalieri\/#\/schema\/logo\/image\/\"}},{\"@type\":\"Person\",\"@id\":\"https:\/\/www.medisocial.it\/annapaolacavalieri\/#\/schema\/person\/1cd0bfb9ce49bd43804584df39ef2c91\",\"name\":\"medisocial\",\"image\":{\"@type\":\"ImageObject\",\"inLanguage\":\"it-IT\",\"@id\":\"https:\/\/www.medisocial.it\/annapaolacavalieri\/#\/schema\/person\/image\/\",\"url\":\"https:\/\/secure.gravatar.com\/avatar\/efa9393110d3610a15f45429c6613084?s=96&d=mm&r=g\",\"contentUrl\":\"https:\/\/secure.gravatar.com\/avatar\/efa9393110d3610a15f45429c6613084?s=96&d=mm&r=g\",\"caption\":\"medisocial\"}}]}<\/script>\n<!-- \/ Yoast SEO plugin. -->","yoast_head_json":{"title":"Rivolgimento del feto podalico - Caso Clinico #5 - Dott.ssa Anna Paola Cavalieri","description":"Il rivolgimento del feto podalico Elizabeth si rivolge a me per essere seguita nella parte finale della sua seconda gravidanza","robots":{"index":"index","follow":"follow","max-snippet":"max-snippet:-1","max-image-preview":"max-image-preview:large","max-video-preview":"max-video-preview:-1"},"canonical":"https:\/\/www.medisocial.it\/annapaolacavalieri\/2020\/12\/23\/rivolgimento-del-feto-podalico-caso-clinico-5\/","og_locale":"it_IT","og_type":"article","og_title":"Rivolgimento del feto podalico - Caso Clinico #5 - Dott.ssa Anna Paola Cavalieri","og_description":"Il rivolgimento del feto podalico Elizabeth si rivolge a me per essere seguita nella parte finale della sua seconda gravidanza","og_url":"https:\/\/www.medisocial.it\/annapaolacavalieri\/2020\/12\/23\/rivolgimento-del-feto-podalico-caso-clinico-5\/","og_site_name":"Dott.ssa Anna Paola Cavalieri","article_published_time":"2020-12-23T08:05:43+00:00","og_image":[{"width":1002,"height":1016,"url":"https:\/\/www.medisocial.it\/annapaolacavalieri\/wp-content\/uploads\/2020\/12\/rivolgimento.png","type":"image\/png"}],"author":"medisocial","twitter_card":"summary_large_image","twitter_misc":{"Scritto da":"medisocial","Tempo di lettura stimato":"2 minuti"},"schema":{"@context":"https:\/\/schema.org","@graph":[{"@type":"Article","@id":"https:\/\/www.medisocial.it\/annapaolacavalieri\/2020\/12\/23\/rivolgimento-del-feto-podalico-caso-clinico-5\/#article","isPartOf":{"@id":"https:\/\/www.medisocial.it\/annapaolacavalieri\/2020\/12\/23\/rivolgimento-del-feto-podalico-caso-clinico-5\/"},"author":{"name":"medisocial","@id":"https:\/\/www.medisocial.it\/annapaolacavalieri\/#\/schema\/person\/1cd0bfb9ce49bd43804584df39ef2c91"},"headline":"Rivolgimento del feto podalico &#8211; Caso Clinico #5","datePublished":"2020-12-23T08:05:43+00:00","dateModified":"2020-12-23T08:05:43+00:00","mainEntityOfPage":{"@id":"https:\/\/www.medisocial.it\/annapaolacavalieri\/2020\/12\/23\/rivolgimento-del-feto-podalico-caso-clinico-5\/"},"wordCount":482,"commentCount":0,"publisher":{"@id":"https:\/\/www.medisocial.it\/annapaolacavalieri\/#organization"},"image":{"@id":"https:\/\/www.medisocial.it\/annapaolacavalieri\/2020\/12\/23\/rivolgimento-del-feto-podalico-caso-clinico-5\/#primaryimage"},"thumbnailUrl":"https:\/\/www.medisocial.it\/annapaolacavalieri\/wp-content\/uploads\/2020\/12\/rivolgimento.png","keywords":["Dott.ssa Anna Paola Cavalieri","feto","ginecologaroma","gravidanza","monitoraggio","Parto Cesareo","Parto Vaginale","rivolgimento del feto","sacco amniotico","specialistaginecologiaroma"],"articleSection":["Casi Clinici"],"inLanguage":"it-IT","potentialAction":[{"@type":"CommentAction","name":"Comment","target":["https:\/\/www.medisocial.it\/annapaolacavalieri\/2020\/12\/23\/rivolgimento-del-feto-podalico-caso-clinico-5\/#respond"]}]},{"@type":"WebPage","@id":"https:\/\/www.medisocial.it\/annapaolacavalieri\/2020\/12\/23\/rivolgimento-del-feto-podalico-caso-clinico-5\/","url":"https:\/\/www.medisocial.it\/annapaolacavalieri\/2020\/12\/23\/rivolgimento-del-feto-podalico-caso-clinico-5\/","name":"Rivolgimento del feto podalico - Caso Clinico #5 - Dott.ssa Anna Paola Cavalieri","isPartOf":{"@id":"https:\/\/www.medisocial.it\/annapaolacavalieri\/#website"},"primaryImageOfPage":{"@id":"https:\/\/www.medisocial.it\/annapaolacavalieri\/2020\/12\/23\/rivolgimento-del-feto-podalico-caso-clinico-5\/#primaryimage"},"image":{"@id":"https:\/\/www.medisocial.it\/annapaolacavalieri\/2020\/12\/23\/rivolgimento-del-feto-podalico-caso-clinico-5\/#primaryimage"},"thumbnailUrl":"https:\/\/www.medisocial.it\/annapaolacavalieri\/wp-content\/uploads\/2020\/12\/rivolgimento.png","datePublished":"2020-12-23T08:05:43+00:00","dateModified":"2020-12-23T08:05:43+00:00","description":"Il rivolgimento del feto podalico Elizabeth si rivolge a me per essere seguita nella parte finale della sua seconda gravidanza","breadcrumb":{"@id":"https:\/\/www.medisocial.it\/annapaolacavalieri\/2020\/12\/23\/rivolgimento-del-feto-podalico-caso-clinico-5\/#breadcrumb"},"inLanguage":"it-IT","potentialAction":[{"@type":"ReadAction","target":["https:\/\/www.medisocial.it\/annapaolacavalieri\/2020\/12\/23\/rivolgimento-del-feto-podalico-caso-clinico-5\/"]}]},{"@type":"ImageObject","inLanguage":"it-IT","@id":"https:\/\/www.medisocial.it\/annapaolacavalieri\/2020\/12\/23\/rivolgimento-del-feto-podalico-caso-clinico-5\/#primaryimage","url":"https:\/\/www.medisocial.it\/annapaolacavalieri\/wp-content\/uploads\/2020\/12\/rivolgimento.png","contentUrl":"https:\/\/www.medisocial.it\/annapaolacavalieri\/wp-content\/uploads\/2020\/12\/rivolgimento.png","width":1002,"height":1016,"caption":"rivolgimento"},{"@type":"BreadcrumbList","@id":"https:\/\/www.medisocial.it\/annapaolacavalieri\/2020\/12\/23\/rivolgimento-del-feto-podalico-caso-clinico-5\/#breadcrumb","itemListElement":[{"@type":"ListItem","position":1,"name":"Home","item":"https:\/\/www.medisocial.it\/annapaolacavalieri\/"},{"@type":"ListItem","position":2,"name":"Rivolgimento del feto podalico &#8211; Caso Clinico #5"}]},{"@type":"WebSite","@id":"https:\/\/www.medisocial.it\/annapaolacavalieri\/#website","url":"https:\/\/www.medisocial.it\/annapaolacavalieri\/","name":"Dott.ssa Anna Paola Cavalieri","description":"Specialista in Ostetricia e Ginecologia - Roma","publisher":{"@id":"https:\/\/www.medisocial.it\/annapaolacavalieri\/#organization"},"potentialAction":[{"@type":"SearchAction","target":{"@type":"EntryPoint","urlTemplate":"https:\/\/www.medisocial.it\/annapaolacavalieri\/?s={search_term_string}"},"query-input":{"@type":"PropertyValueSpecification","valueRequired":true,"valueName":"search_term_string"}}],"inLanguage":"it-IT"},{"@type":"Organization","@id":"https:\/\/www.medisocial.it\/annapaolacavalieri\/#organization","name":"Dott.ssa Anna Paola Cavalieri","url":"https:\/\/www.medisocial.it\/annapaolacavalieri\/","logo":{"@type":"ImageObject","inLanguage":"it-IT","@id":"https:\/\/www.medisocial.it\/annapaolacavalieri\/#\/schema\/logo\/image\/","url":"https:\/\/www.medisocial.it\/annapaolacavalieri\/wp-content\/uploads\/2019\/06\/logo7.jpg","contentUrl":"https:\/\/www.medisocial.it\/annapaolacavalieri\/wp-content\/uploads\/2019\/06\/logo7.jpg","width":242,"height":99,"caption":"Dott.ssa Anna Paola Cavalieri"},"image":{"@id":"https:\/\/www.medisocial.it\/annapaolacavalieri\/#\/schema\/logo\/image\/"}},{"@type":"Person","@id":"https:\/\/www.medisocial.it\/annapaolacavalieri\/#\/schema\/person\/1cd0bfb9ce49bd43804584df39ef2c91","name":"medisocial","image":{"@type":"ImageObject","inLanguage":"it-IT","@id":"https:\/\/www.medisocial.it\/annapaolacavalieri\/#\/schema\/person\/image\/","url":"https:\/\/secure.gravatar.com\/avatar\/efa9393110d3610a15f45429c6613084?s=96&d=mm&r=g","contentUrl":"https:\/\/secure.gravatar.com\/avatar\/efa9393110d3610a15f45429c6613084?s=96&d=mm&r=g","caption":"medisocial"}}]}},"_links":{"self":[{"href":"https:\/\/www.medisocial.it\/annapaolacavalieri\/wp-json\/wp\/v2\/posts\/570"}],"collection":[{"href":"https:\/\/www.medisocial.it\/annapaolacavalieri\/wp-json\/wp\/v2\/posts"}],"about":[{"href":"https:\/\/www.medisocial.it\/annapaolacavalieri\/wp-json\/wp\/v2\/types\/post"}],"author":[{"embeddable":true,"href":"https:\/\/www.medisocial.it\/annapaolacavalieri\/wp-json\/wp\/v2\/users\/1"}],"replies":[{"embeddable":true,"href":"https:\/\/www.medisocial.it\/annapaolacavalieri\/wp-json\/wp\/v2\/comments?post=570"}],"version-history":[{"count":2,"href":"https:\/\/www.medisocial.it\/annapaolacavalieri\/wp-json\/wp\/v2\/posts\/570\/revisions"}],"predecessor-version":[{"id":574,"href":"https:\/\/www.medisocial.it\/annapaolacavalieri\/wp-json\/wp\/v2\/posts\/570\/revisions\/574"}],"wp:featuredmedia":[{"embeddable":true,"href":"https:\/\/www.medisocial.it\/annapaolacavalieri\/wp-json\/wp\/v2\/media\/572"}],"wp:attachment":[{"href":"https:\/\/www.medisocial.it\/annapaolacavalieri\/wp-json\/wp\/v2\/media?parent=570"}],"wp:term":[{"taxonomy":"category","embeddable":true,"href":"https:\/\/www.medisocial.it\/annapaolacavalieri\/wp-json\/wp\/v2\/categories?post=570"},{"taxonomy":"post_tag","embeddable":true,"href":"https:\/\/www.medisocial.it\/annapaolacavalieri\/wp-json\/wp\/v2\/tags?post=570"}],"curies":[{"name":"wp","href":"https:\/\/api.w.org\/{rel}","templated":true}]}}