{"id":506,"date":"2020-10-12T10:28:04","date_gmt":"2020-10-12T08:28:04","guid":{"rendered":"https:\/\/www.medisocial.it\/annapaolacavalieri\/?p=506"},"modified":"2020-10-12T10:35:40","modified_gmt":"2020-10-12T08:35:40","slug":"cistite-caso-clinico-1","status":"publish","type":"post","link":"https:\/\/www.medisocial.it\/annapaolacavalieri\/2020\/10\/12\/cistite-caso-clinico-1\/","title":{"rendered":"Cistite: Caso Clinico #1"},"content":{"rendered":"<p><strong>Cistite: Caso Clinico #1<\/strong><\/p>\n<p>Francesca 55 anni, una bella donna mediterranea, corporatura esile, professoressa nonch\u00e9 appassionata di storia dell\u2019arte, un compagno che ama e due figli ormai grandi che le consentono una ritrovata libert\u00e0 e dedicarsi con il suo compagno a ci\u00f2 che amano fare di pi\u00f9: viaggiare.<\/p>\n<p>Hanno girato il mondo seguendo questa comune passione ma oggi si rivolge a me con sguardo triste raccontandomi che ormai da due anni la sua autonomia \u00e8 ridotta moltissimo per colpa di fastidiosissime e frequenti cistiti.<\/p>\n<p>Questo le ha impedito di programmare viaggi o comunque qualsiasi situazione che la porti a non avere un bagno nelle vicinanze.<\/p>\n<p>Anche l\u2019intimit\u00e0 con il proprio compagno \u00e8 stata minata da questo problema, i rapporti sono dolorosi e scatenano la cistite.<\/p>\n<p>Ha effettuate diverse terapie antibiotiche, integratori per le vie urinarie ma il problema si ripresenta e sembra peggiorare.<\/p>\n<p>Gli esami delle urine e l\u2019ecografia vescicale non hanno mostrato particolari problematiche.<\/p>\n<p>Mi parla con rassegnazione, si aspetta l\u2019ennesima terapia che le dar\u00e0 sollievo per qualche giorno ma al primo rapporto torner\u00e0 il bruciore, lo stimolo continuo e doloroso ad urinare&#8230;<\/p>\n<p>\u201cnon mi sento pi\u00f9 una donna, questo problema \u00e8 diventato invalidante\u201d mi racconta.<\/p>\n<p>Parliamo un po\u2019&#8230;<\/p>\n<p>\u00c8 in ottima salute, mangia sano, svolge attivit\u00e0 fisica due volte a settimana, non assume farmaci. Ha avuto due tagli cesarei ed \u00e8 andata in menopausa a 50 anni senza particolari problematiche.<\/p>\n<p>Procediamo con la visita e quello che emerge \u00e8 una spiccata secchezza vaginale con mucose pallide e fragili.<\/p>\n<p>Le prescrivo pertanto una terapia locale a base di estrogeni naturali, con una dose iniziale abbastanza importante che poi andr\u00e0 a ridurre nel tempo fino ad arrivare ad una terapia di mantenimento.<\/p>\n<p>Le spiego che la mancanza di estrogeni legata alla fase menopausale porta con il tempo alla insorgenza di uno stato di atrofia delle mucose della zona genitale ma anche urinaria che porta alla cosiddetta sindrome genito urinaria: secchezza vaginale, dolore nei rapporti, cistiti ricorrenti.<\/p>\n<p>Nel suo caso il distretto pi\u00f9 colpito \u00e8 quello urinario.<\/p>\n<p>Gli antibiotici sono inutili in questa condizione.<\/p>\n<p>Inizia cos\u00ec con speranza la terapia e gi\u00e0 dopo tre mesi mi scrive di sentire dei grossi miglioramenti.<\/p>\n<p><em><strong>Dopo sei mesi, mi arriva una sua cartolina dall\u2019India&#8230;<\/strong><\/em><\/p>\n<p>&nbsp;<\/p>\n","protected":false},"excerpt":{"rendered":"<p>Cistite: Caso Clinico #1 Francesca 55 anni, una bella donna mediterranea, corporatura esile, professoressa nonch\u00e9 appassionata di storia dell\u2019arte, un compagno che ama e due figli ormai grandi che le consentono una ritrovata libert\u00e0 e dedicarsi con il suo compagno a ci\u00f2 che amano fare di pi\u00f9: viaggiare. Hanno girato il mondo seguendo questa comune [&hellip;]<\/p>\n","protected":false},"author":1,"featured_media":507,"comment_status":"open","ping_status":"open","sticky":false,"template":"","format":"standard","meta":{"_monsterinsights_skip_tracking":false,"_monsterinsights_sitenote_active":false,"_monsterinsights_sitenote_note":"","_monsterinsights_sitenote_category":0,"footnotes":""},"categories":[7,172],"tags":[175,110,25,130,66,39,159,146,131,174],"yoast_head":"<!-- This site is optimized with the Yoast SEO plugin v23.5 - https:\/\/yoast.com\/wordpress\/plugins\/seo\/ -->\n<title>Cistite: Caso Clinico #1 - Dott.ssa Anna Paola Cavalieri<\/title>\n<meta name=\"description\" content=\"Cistite: Caso Clinico #1 Francesca 55 anni si rivolge a me raccontandomi che ormai la sua autonomia \u00e8 ridotta per colpa di frequenti cistiti.\" \/>\n<meta name=\"robots\" content=\"index, follow, max-snippet:-1, max-image-preview:large, max-video-preview:-1\" \/>\n<link rel=\"canonical\" href=\"https:\/\/www.medisocial.it\/annapaolacavalieri\/2020\/10\/12\/cistite-caso-clinico-1\/\" \/>\n<meta property=\"og:locale\" content=\"it_IT\" \/>\n<meta property=\"og:type\" content=\"article\" \/>\n<meta property=\"og:title\" content=\"Cistite: Caso Clinico #1 - Dott.ssa Anna Paola Cavalieri\" \/>\n<meta property=\"og:description\" content=\"Cistite: Caso Clinico #1 Francesca 55 anni si rivolge a me raccontandomi che ormai la sua autonomia \u00e8 ridotta per colpa di frequenti cistiti.\" \/>\n<meta property=\"og:url\" content=\"https:\/\/www.medisocial.it\/annapaolacavalieri\/2020\/10\/12\/cistite-caso-clinico-1\/\" \/>\n<meta property=\"og:site_name\" content=\"Dott.ssa Anna Paola Cavalieri\" \/>\n<meta property=\"article:published_time\" content=\"2020-10-12T08:28:04+00:00\" \/>\n<meta property=\"article:modified_time\" content=\"2020-10-12T08:35:40+00:00\" \/>\n<meta property=\"og:image\" content=\"https:\/\/www.medisocial.it\/annapaolacavalieri\/wp-content\/uploads\/2020\/10\/cistite.jpg\" \/>\n\t<meta property=\"og:image:width\" content=\"400\" \/>\n\t<meta property=\"og:image:height\" content=\"322\" \/>\n\t<meta property=\"og:image:type\" content=\"image\/jpeg\" \/>\n<meta name=\"author\" content=\"medisocial\" \/>\n<meta name=\"twitter:card\" content=\"summary_large_image\" \/>\n<meta name=\"twitter:label1\" content=\"Scritto da\" \/>\n\t<meta name=\"twitter:data1\" content=\"medisocial\" \/>\n\t<meta name=\"twitter:label2\" content=\"Tempo di lettura stimato\" \/>\n\t<meta name=\"twitter:data2\" content=\"2 minuti\" \/>\n<script type=\"application\/ld+json\" class=\"yoast-schema-graph\">{\"@context\":\"https:\/\/schema.org\",\"@graph\":[{\"@type\":\"Article\",\"@id\":\"https:\/\/www.medisocial.it\/annapaolacavalieri\/2020\/10\/12\/cistite-caso-clinico-1\/#article\",\"isPartOf\":{\"@id\":\"https:\/\/www.medisocial.it\/annapaolacavalieri\/2020\/10\/12\/cistite-caso-clinico-1\/\"},\"author\":{\"name\":\"medisocial\",\"@id\":\"https:\/\/www.medisocial.it\/annapaolacavalieri\/#\/schema\/person\/1cd0bfb9ce49bd43804584df39ef2c91\"},\"headline\":\"Cistite: Caso Clinico #1\",\"datePublished\":\"2020-10-12T08:28:04+00:00\",\"dateModified\":\"2020-10-12T08:35:40+00:00\",\"mainEntityOfPage\":{\"@id\":\"https:\/\/www.medisocial.it\/annapaolacavalieri\/2020\/10\/12\/cistite-caso-clinico-1\/\"},\"wordCount\":369,\"commentCount\":0,\"publisher\":{\"@id\":\"https:\/\/www.medisocial.it\/annapaolacavalieri\/#organization\"},\"image\":{\"@id\":\"https:\/\/www.medisocial.it\/annapaolacavalieri\/2020\/10\/12\/cistite-caso-clinico-1\/#primaryimage\"},\"thumbnailUrl\":\"https:\/\/www.medisocial.it\/annapaolacavalieri\/wp-content\/uploads\/2020\/10\/cistite.jpg\",\"keywords\":[\"atrofia delle mucose\",\"cistite\",\"Dottoressa Annapaola Cavalieri\",\"ginecologaroma\",\"integratori\",\"menopausa\",\"ormoni naturali\",\"secchezza vaginale\",\"specialistaginecologiaroma\",\"terapie antibiotiche\"],\"articleSection\":[\"Articoli\",\"Casi Clinici\"],\"inLanguage\":\"it-IT\",\"potentialAction\":[{\"@type\":\"CommentAction\",\"name\":\"Comment\",\"target\":[\"https:\/\/www.medisocial.it\/annapaolacavalieri\/2020\/10\/12\/cistite-caso-clinico-1\/#respond\"]}]},{\"@type\":\"WebPage\",\"@id\":\"https:\/\/www.medisocial.it\/annapaolacavalieri\/2020\/10\/12\/cistite-caso-clinico-1\/\",\"url\":\"https:\/\/www.medisocial.it\/annapaolacavalieri\/2020\/10\/12\/cistite-caso-clinico-1\/\",\"name\":\"Cistite: Caso Clinico #1 - Dott.ssa Anna Paola Cavalieri\",\"isPartOf\":{\"@id\":\"https:\/\/www.medisocial.it\/annapaolacavalieri\/#website\"},\"primaryImageOfPage\":{\"@id\":\"https:\/\/www.medisocial.it\/annapaolacavalieri\/2020\/10\/12\/cistite-caso-clinico-1\/#primaryimage\"},\"image\":{\"@id\":\"https:\/\/www.medisocial.it\/annapaolacavalieri\/2020\/10\/12\/cistite-caso-clinico-1\/#primaryimage\"},\"thumbnailUrl\":\"https:\/\/www.medisocial.it\/annapaolacavalieri\/wp-content\/uploads\/2020\/10\/cistite.jpg\",\"datePublished\":\"2020-10-12T08:28:04+00:00\",\"dateModified\":\"2020-10-12T08:35:40+00:00\",\"description\":\"Cistite: Caso Clinico #1 Francesca 55 anni si rivolge a me raccontandomi che ormai la sua autonomia \u00e8 ridotta per colpa di frequenti cistiti.\",\"breadcrumb\":{\"@id\":\"https:\/\/www.medisocial.it\/annapaolacavalieri\/2020\/10\/12\/cistite-caso-clinico-1\/#breadcrumb\"},\"inLanguage\":\"it-IT\",\"potentialAction\":[{\"@type\":\"ReadAction\",\"target\":[\"https:\/\/www.medisocial.it\/annapaolacavalieri\/2020\/10\/12\/cistite-caso-clinico-1\/\"]}]},{\"@type\":\"ImageObject\",\"inLanguage\":\"it-IT\",\"@id\":\"https:\/\/www.medisocial.it\/annapaolacavalieri\/2020\/10\/12\/cistite-caso-clinico-1\/#primaryimage\",\"url\":\"https:\/\/www.medisocial.it\/annapaolacavalieri\/wp-content\/uploads\/2020\/10\/cistite.jpg\",\"contentUrl\":\"https:\/\/www.medisocial.it\/annapaolacavalieri\/wp-content\/uploads\/2020\/10\/cistite.jpg\",\"width\":400,\"height\":322,\"caption\":\"cistite\"},{\"@type\":\"BreadcrumbList\",\"@id\":\"https:\/\/www.medisocial.it\/annapaolacavalieri\/2020\/10\/12\/cistite-caso-clinico-1\/#breadcrumb\",\"itemListElement\":[{\"@type\":\"ListItem\",\"position\":1,\"name\":\"Home\",\"item\":\"https:\/\/www.medisocial.it\/annapaolacavalieri\/\"},{\"@type\":\"ListItem\",\"position\":2,\"name\":\"Cistite: Caso Clinico #1\"}]},{\"@type\":\"WebSite\",\"@id\":\"https:\/\/www.medisocial.it\/annapaolacavalieri\/#website\",\"url\":\"https:\/\/www.medisocial.it\/annapaolacavalieri\/\",\"name\":\"Dott.ssa Anna Paola Cavalieri\",\"description\":\"Specialista in Ostetricia e Ginecologia - Roma\",\"publisher\":{\"@id\":\"https:\/\/www.medisocial.it\/annapaolacavalieri\/#organization\"},\"potentialAction\":[{\"@type\":\"SearchAction\",\"target\":{\"@type\":\"EntryPoint\",\"urlTemplate\":\"https:\/\/www.medisocial.it\/annapaolacavalieri\/?s={search_term_string}\"},\"query-input\":{\"@type\":\"PropertyValueSpecification\",\"valueRequired\":true,\"valueName\":\"search_term_string\"}}],\"inLanguage\":\"it-IT\"},{\"@type\":\"Organization\",\"@id\":\"https:\/\/www.medisocial.it\/annapaolacavalieri\/#organization\",\"name\":\"Dott.ssa Anna Paola Cavalieri\",\"url\":\"https:\/\/www.medisocial.it\/annapaolacavalieri\/\",\"logo\":{\"@type\":\"ImageObject\",\"inLanguage\":\"it-IT\",\"@id\":\"https:\/\/www.medisocial.it\/annapaolacavalieri\/#\/schema\/logo\/image\/\",\"url\":\"https:\/\/www.medisocial.it\/annapaolacavalieri\/wp-content\/uploads\/2019\/06\/logo7.jpg\",\"contentUrl\":\"https:\/\/www.medisocial.it\/annapaolacavalieri\/wp-content\/uploads\/2019\/06\/logo7.jpg\",\"width\":242,\"height\":99,\"caption\":\"Dott.ssa Anna Paola Cavalieri\"},\"image\":{\"@id\":\"https:\/\/www.medisocial.it\/annapaolacavalieri\/#\/schema\/logo\/image\/\"}},{\"@type\":\"Person\",\"@id\":\"https:\/\/www.medisocial.it\/annapaolacavalieri\/#\/schema\/person\/1cd0bfb9ce49bd43804584df39ef2c91\",\"name\":\"medisocial\",\"image\":{\"@type\":\"ImageObject\",\"inLanguage\":\"it-IT\",\"@id\":\"https:\/\/www.medisocial.it\/annapaolacavalieri\/#\/schema\/person\/image\/\",\"url\":\"https:\/\/secure.gravatar.com\/avatar\/efa9393110d3610a15f45429c6613084?s=96&d=mm&r=g\",\"contentUrl\":\"https:\/\/secure.gravatar.com\/avatar\/efa9393110d3610a15f45429c6613084?s=96&d=mm&r=g\",\"caption\":\"medisocial\"}}]}<\/script>\n<!-- \/ Yoast SEO plugin. -->","yoast_head_json":{"title":"Cistite: Caso Clinico #1 - Dott.ssa Anna Paola Cavalieri","description":"Cistite: Caso Clinico #1 Francesca 55 anni si rivolge a me raccontandomi che ormai la sua autonomia \u00e8 ridotta per colpa di frequenti cistiti.","robots":{"index":"index","follow":"follow","max-snippet":"max-snippet:-1","max-image-preview":"max-image-preview:large","max-video-preview":"max-video-preview:-1"},"canonical":"https:\/\/www.medisocial.it\/annapaolacavalieri\/2020\/10\/12\/cistite-caso-clinico-1\/","og_locale":"it_IT","og_type":"article","og_title":"Cistite: Caso Clinico #1 - Dott.ssa Anna Paola Cavalieri","og_description":"Cistite: Caso Clinico #1 Francesca 55 anni si rivolge a me raccontandomi che ormai la sua autonomia \u00e8 ridotta per colpa di frequenti cistiti.","og_url":"https:\/\/www.medisocial.it\/annapaolacavalieri\/2020\/10\/12\/cistite-caso-clinico-1\/","og_site_name":"Dott.ssa Anna Paola Cavalieri","article_published_time":"2020-10-12T08:28:04+00:00","article_modified_time":"2020-10-12T08:35:40+00:00","og_image":[{"width":400,"height":322,"url":"https:\/\/www.medisocial.it\/annapaolacavalieri\/wp-content\/uploads\/2020\/10\/cistite.jpg","type":"image\/jpeg"}],"author":"medisocial","twitter_card":"summary_large_image","twitter_misc":{"Scritto da":"medisocial","Tempo di lettura stimato":"2 minuti"},"schema":{"@context":"https:\/\/schema.org","@graph":[{"@type":"Article","@id":"https:\/\/www.medisocial.it\/annapaolacavalieri\/2020\/10\/12\/cistite-caso-clinico-1\/#article","isPartOf":{"@id":"https:\/\/www.medisocial.it\/annapaolacavalieri\/2020\/10\/12\/cistite-caso-clinico-1\/"},"author":{"name":"medisocial","@id":"https:\/\/www.medisocial.it\/annapaolacavalieri\/#\/schema\/person\/1cd0bfb9ce49bd43804584df39ef2c91"},"headline":"Cistite: Caso Clinico #1","datePublished":"2020-10-12T08:28:04+00:00","dateModified":"2020-10-12T08:35:40+00:00","mainEntityOfPage":{"@id":"https:\/\/www.medisocial.it\/annapaolacavalieri\/2020\/10\/12\/cistite-caso-clinico-1\/"},"wordCount":369,"commentCount":0,"publisher":{"@id":"https:\/\/www.medisocial.it\/annapaolacavalieri\/#organization"},"image":{"@id":"https:\/\/www.medisocial.it\/annapaolacavalieri\/2020\/10\/12\/cistite-caso-clinico-1\/#primaryimage"},"thumbnailUrl":"https:\/\/www.medisocial.it\/annapaolacavalieri\/wp-content\/uploads\/2020\/10\/cistite.jpg","keywords":["atrofia delle mucose","cistite","Dottoressa Annapaola Cavalieri","ginecologaroma","integratori","menopausa","ormoni naturali","secchezza vaginale","specialistaginecologiaroma","terapie antibiotiche"],"articleSection":["Articoli","Casi Clinici"],"inLanguage":"it-IT","potentialAction":[{"@type":"CommentAction","name":"Comment","target":["https:\/\/www.medisocial.it\/annapaolacavalieri\/2020\/10\/12\/cistite-caso-clinico-1\/#respond"]}]},{"@type":"WebPage","@id":"https:\/\/www.medisocial.it\/annapaolacavalieri\/2020\/10\/12\/cistite-caso-clinico-1\/","url":"https:\/\/www.medisocial.it\/annapaolacavalieri\/2020\/10\/12\/cistite-caso-clinico-1\/","name":"Cistite: Caso Clinico #1 - Dott.ssa Anna Paola Cavalieri","isPartOf":{"@id":"https:\/\/www.medisocial.it\/annapaolacavalieri\/#website"},"primaryImageOfPage":{"@id":"https:\/\/www.medisocial.it\/annapaolacavalieri\/2020\/10\/12\/cistite-caso-clinico-1\/#primaryimage"},"image":{"@id":"https:\/\/www.medisocial.it\/annapaolacavalieri\/2020\/10\/12\/cistite-caso-clinico-1\/#primaryimage"},"thumbnailUrl":"https:\/\/www.medisocial.it\/annapaolacavalieri\/wp-content\/uploads\/2020\/10\/cistite.jpg","datePublished":"2020-10-12T08:28:04+00:00","dateModified":"2020-10-12T08:35:40+00:00","description":"Cistite: Caso Clinico #1 Francesca 55 anni si rivolge a me raccontandomi che ormai la sua autonomia \u00e8 ridotta per colpa di frequenti cistiti.","breadcrumb":{"@id":"https:\/\/www.medisocial.it\/annapaolacavalieri\/2020\/10\/12\/cistite-caso-clinico-1\/#breadcrumb"},"inLanguage":"it-IT","potentialAction":[{"@type":"ReadAction","target":["https:\/\/www.medisocial.it\/annapaolacavalieri\/2020\/10\/12\/cistite-caso-clinico-1\/"]}]},{"@type":"ImageObject","inLanguage":"it-IT","@id":"https:\/\/www.medisocial.it\/annapaolacavalieri\/2020\/10\/12\/cistite-caso-clinico-1\/#primaryimage","url":"https:\/\/www.medisocial.it\/annapaolacavalieri\/wp-content\/uploads\/2020\/10\/cistite.jpg","contentUrl":"https:\/\/www.medisocial.it\/annapaolacavalieri\/wp-content\/uploads\/2020\/10\/cistite.jpg","width":400,"height":322,"caption":"cistite"},{"@type":"BreadcrumbList","@id":"https:\/\/www.medisocial.it\/annapaolacavalieri\/2020\/10\/12\/cistite-caso-clinico-1\/#breadcrumb","itemListElement":[{"@type":"ListItem","position":1,"name":"Home","item":"https:\/\/www.medisocial.it\/annapaolacavalieri\/"},{"@type":"ListItem","position":2,"name":"Cistite: Caso Clinico #1"}]},{"@type":"WebSite","@id":"https:\/\/www.medisocial.it\/annapaolacavalieri\/#website","url":"https:\/\/www.medisocial.it\/annapaolacavalieri\/","name":"Dott.ssa Anna Paola Cavalieri","description":"Specialista in Ostetricia e Ginecologia - Roma","publisher":{"@id":"https:\/\/www.medisocial.it\/annapaolacavalieri\/#organization"},"potentialAction":[{"@type":"SearchAction","target":{"@type":"EntryPoint","urlTemplate":"https:\/\/www.medisocial.it\/annapaolacavalieri\/?s={search_term_string}"},"query-input":{"@type":"PropertyValueSpecification","valueRequired":true,"valueName":"search_term_string"}}],"inLanguage":"it-IT"},{"@type":"Organization","@id":"https:\/\/www.medisocial.it\/annapaolacavalieri\/#organization","name":"Dott.ssa Anna Paola Cavalieri","url":"https:\/\/www.medisocial.it\/annapaolacavalieri\/","logo":{"@type":"ImageObject","inLanguage":"it-IT","@id":"https:\/\/www.medisocial.it\/annapaolacavalieri\/#\/schema\/logo\/image\/","url":"https:\/\/www.medisocial.it\/annapaolacavalieri\/wp-content\/uploads\/2019\/06\/logo7.jpg","contentUrl":"https:\/\/www.medisocial.it\/annapaolacavalieri\/wp-content\/uploads\/2019\/06\/logo7.jpg","width":242,"height":99,"caption":"Dott.ssa Anna Paola Cavalieri"},"image":{"@id":"https:\/\/www.medisocial.it\/annapaolacavalieri\/#\/schema\/logo\/image\/"}},{"@type":"Person","@id":"https:\/\/www.medisocial.it\/annapaolacavalieri\/#\/schema\/person\/1cd0bfb9ce49bd43804584df39ef2c91","name":"medisocial","image":{"@type":"ImageObject","inLanguage":"it-IT","@id":"https:\/\/www.medisocial.it\/annapaolacavalieri\/#\/schema\/person\/image\/","url":"https:\/\/secure.gravatar.com\/avatar\/efa9393110d3610a15f45429c6613084?s=96&d=mm&r=g","contentUrl":"https:\/\/secure.gravatar.com\/avatar\/efa9393110d3610a15f45429c6613084?s=96&d=mm&r=g","caption":"medisocial"}}]}},"_links":{"self":[{"href":"https:\/\/www.medisocial.it\/annapaolacavalieri\/wp-json\/wp\/v2\/posts\/506"}],"collection":[{"href":"https:\/\/www.medisocial.it\/annapaolacavalieri\/wp-json\/wp\/v2\/posts"}],"about":[{"href":"https:\/\/www.medisocial.it\/annapaolacavalieri\/wp-json\/wp\/v2\/types\/post"}],"author":[{"embeddable":true,"href":"https:\/\/www.medisocial.it\/annapaolacavalieri\/wp-json\/wp\/v2\/users\/1"}],"replies":[{"embeddable":true,"href":"https:\/\/www.medisocial.it\/annapaolacavalieri\/wp-json\/wp\/v2\/comments?post=506"}],"version-history":[{"count":2,"href":"https:\/\/www.medisocial.it\/annapaolacavalieri\/wp-json\/wp\/v2\/posts\/506\/revisions"}],"predecessor-version":[{"id":512,"href":"https:\/\/www.medisocial.it\/annapaolacavalieri\/wp-json\/wp\/v2\/posts\/506\/revisions\/512"}],"wp:featuredmedia":[{"embeddable":true,"href":"https:\/\/www.medisocial.it\/annapaolacavalieri\/wp-json\/wp\/v2\/media\/507"}],"wp:attachment":[{"href":"https:\/\/www.medisocial.it\/annapaolacavalieri\/wp-json\/wp\/v2\/media?parent=506"}],"wp:term":[{"taxonomy":"category","embeddable":true,"href":"https:\/\/www.medisocial.it\/annapaolacavalieri\/wp-json\/wp\/v2\/categories?post=506"},{"taxonomy":"post_tag","embeddable":true,"href":"https:\/\/www.medisocial.it\/annapaolacavalieri\/wp-json\/wp\/v2\/tags?post=506"}],"curies":[{"name":"wp","href":"https:\/\/api.w.org\/{rel}","templated":true}]}}