{"id":486,"date":"2020-09-01T16:39:55","date_gmt":"2020-09-01T14:39:55","guid":{"rendered":"https:\/\/www.medisocial.it\/annapaolacavalieri\/?p=486"},"modified":"2020-09-01T16:39:55","modified_gmt":"2020-09-01T14:39:55","slug":"aborto-farmacologico-nuove-linee-guida","status":"publish","type":"post","link":"https:\/\/www.medisocial.it\/annapaolacavalieri\/2020\/09\/01\/aborto-farmacologico-nuove-linee-guida\/","title":{"rendered":"Aborto farmacologico: nuove Linee guida"},"content":{"rendered":"<p><strong>Aborto farmacologico: nuove Linee guida nazionali<\/strong><\/p>\n<p>Un mesetto fa, in una caldissima mattinata di Luglio, ci riunivamo in una piazza assolata a Roma, davanti al ministero della salute, a manifestare per quello che dovrebbe essere un diritto intoccabile di ogni donna.<\/p>\n<p>E la risposta \u00e8 arrivata!<\/p>\n<p>L\u20198 agosto il Ministro Speranza annuncia le nuove linee guida definendole <strong><em>\u201cUn passo avanti importante nel pieno rispetto della 194, che \u00e8 e resta una legge di civilt\u00e0\u201d<\/em><\/strong><\/p>\n<h3>\u00c8 un giorno importante per le donne e per il diritto all&#8217;aborto.<\/h3>\n<p><img loading=\"lazy\" decoding=\"async\" class=\"alignnone size-medium wp-image-488\" src=\"https:\/\/www.medisocial.it\/annapaolacavalieri\/wp-content\/uploads\/2020\/09\/Aborto-farmacologico-1-300x225.jpeg\" alt=\"Aborto farmacologico\" width=\"300\" height=\"225\" srcset=\"https:\/\/www.medisocial.it\/annapaolacavalieri\/wp-content\/uploads\/2020\/09\/Aborto-farmacologico-1-300x225.jpeg 300w, https:\/\/www.medisocial.it\/annapaolacavalieri\/wp-content\/uploads\/2020\/09\/Aborto-farmacologico-1-768x576.jpeg 768w, https:\/\/www.medisocial.it\/annapaolacavalieri\/wp-content\/uploads\/2020\/09\/Aborto-farmacologico-1.jpeg 960w\" sizes=\"(max-width: 300px) 100vw, 300px\" \/><\/p>\n<p>Le nuove linee guida emesse il 12 agosto prevedono l&#8217;estensione del periodo consentito per la procedura dell&#8217;aborto farmacologico da 7 a 9 settimane (63 giorni) e la possibilit\u00e0 di somministrare i due farmaci per l&#8217;interruzione farmacologica in regime di day hospital in ospedale ma anche in strutture ambulatoriali, compresi consultori, individuati dalle regioni e collegati con gli ospedali.<\/p>\n<p>Ci avviciniamo sempre di pi\u00f9 al resto dei paesi europei e ci allontaniamo definitivamente dalla regione Umbria, che recentemente ha posto l&#8217;obbligo di ricovero per l&#8217;IVG farmacologica.<\/p>\n<h4>Le linee guida ufficiali confermano le posizioni scientifiche nazionali e internazionali riguardo la sicurezza della procedura e l&#8217;importanza di garantire un aborto in totale sicurezza e tutela della salute sessuale e riproduttiva.<\/h4>\n<p>Il Consiglio Superiore di Sanit\u00e0, che ha promosso questo importante passo verso una maggiore tutela dei diritti sessuali e riproduttivi, ha dichiarato\u00a0 che <em>&#8220;non esistono evidenze scientifiche che sconsiglino la somministrazione (dei farmaci preposti all&#8217;interruzione) alla nona settimana&#8221;.<\/em><\/p>\n<p>La presidente di Laiga, Silvana Agatone, ha commentato cos\u00ec:<\/p>\n<p><em>&#8220;Queste nuove linee guida permetteranno finalmente alle donne di usufruire dell&#8217;aborto farmacologico, perch\u00e9 finora dovevano superare molti ostacoli e spesso non riuscivano ad averne accesso in tempo (meno del 20% delle IVG avviene con il metodo farmacologico, che \u00e8 il meno invasivo per la salute riproduttiva delle donne &#8211; ndr). <\/em><\/p>\n<p><em>Il fatto che siano stati eliminati i tre giorni di ricovero, per le strutture pubbliche significa che ci sar\u00e0 pi\u00f9 spazio per patologie pi\u00f9 gravi e che lo Stato affronter\u00e0 meno costi inutili. <\/em><em>Non dover pi\u00f9 stare tre giorni ricoverate per prendere dei farmaci che non hanno pressoch\u00e9 alcuna complicanza, \u00e8 un sollievo per le tasche di tutti i cittadini italiani. <\/em><\/p>\n<p><em>Ricordiamoci inoltre che le strutture ospedaliere che forniscono il servizio sono poco pi\u00f9 della met\u00e0, e\u00a0dare il tempo alle donne per poter usufruire della legge 194 \u00e8 senz&#8217;altro un vantaggio, anche in momenti di emergenza come quello che abbiamo appena vissuto.\u00a0<\/em><\/p>\n<p><em>Finalmente ci allineiamo con tutti gli altri paesi europei, e tamponiamo il grande problema dell&#8217;obiezione di coscienza.&#8221;<\/em><\/p>\n","protected":false},"excerpt":{"rendered":"<p>Aborto farmacologico: nuove Linee guida nazionali Un mesetto fa, in una caldissima mattinata di Luglio, ci riunivamo in una piazza assolata a Roma, davanti al ministero della salute, a manifestare per quello che dovrebbe essere un diritto intoccabile di ogni donna. E la risposta \u00e8 arrivata! L\u20198 agosto il Ministro Speranza annuncia le nuove linee [&hellip;]<\/p>\n","protected":false},"author":1,"featured_media":487,"comment_status":"open","ping_status":"open","sticky":false,"template":"","format":"standard","meta":{"_monsterinsights_skip_tracking":false,"_monsterinsights_sitenote_active":false,"_monsterinsights_sitenote_note":"","_monsterinsights_sitenote_category":0,"footnotes":""},"categories":[7],"tags":[165,163,25,130,164,166,167,131],"yoast_head":"<!-- This site is optimized with the Yoast SEO plugin v23.5 - https:\/\/yoast.com\/wordpress\/plugins\/seo\/ -->\n<title>Aborto farmacologico: nuove Linee guida - Dott.ssa Anna Paola Cavalieri<\/title>\n<meta name=\"description\" content=\"Aborto farmacologico: nuove Linee guida nazionali. Le nuove linee guida emesse il 12\/8 prevedono l&#039;estensione del periodo consentito per la procedura\" \/>\n<meta name=\"robots\" content=\"index, follow, max-snippet:-1, max-image-preview:large, max-video-preview:-1\" \/>\n<link rel=\"canonical\" href=\"https:\/\/www.medisocial.it\/annapaolacavalieri\/2020\/09\/01\/aborto-farmacologico-nuove-linee-guida\/\" \/>\n<meta property=\"og:locale\" content=\"it_IT\" \/>\n<meta property=\"og:type\" content=\"article\" \/>\n<meta property=\"og:title\" content=\"Aborto farmacologico: nuove Linee guida - Dott.ssa Anna Paola Cavalieri\" \/>\n<meta property=\"og:description\" content=\"Aborto farmacologico: nuove Linee guida nazionali. Le nuove linee guida emesse il 12\/8 prevedono l&#039;estensione del periodo consentito per la procedura\" \/>\n<meta property=\"og:url\" content=\"https:\/\/www.medisocial.it\/annapaolacavalieri\/2020\/09\/01\/aborto-farmacologico-nuove-linee-guida\/\" \/>\n<meta property=\"og:site_name\" content=\"Dott.ssa Anna Paola Cavalieri\" \/>\n<meta property=\"article:published_time\" content=\"2020-09-01T14:39:55+00:00\" \/>\n<meta property=\"og:image\" content=\"https:\/\/www.medisocial.it\/annapaolacavalieri\/wp-content\/uploads\/2020\/09\/Aborto-farmacologico.jpeg\" \/>\n\t<meta property=\"og:image:width\" content=\"720\" \/>\n\t<meta property=\"og:image:height\" content=\"960\" \/>\n\t<meta property=\"og:image:type\" content=\"image\/jpeg\" \/>\n<meta name=\"author\" content=\"medisocial\" \/>\n<meta name=\"twitter:card\" content=\"summary_large_image\" \/>\n<meta name=\"twitter:label1\" content=\"Scritto da\" \/>\n\t<meta name=\"twitter:data1\" content=\"medisocial\" \/>\n\t<meta name=\"twitter:label2\" content=\"Tempo di lettura stimato\" \/>\n\t<meta name=\"twitter:data2\" content=\"2 minuti\" \/>\n<script type=\"application\/ld+json\" class=\"yoast-schema-graph\">{\"@context\":\"https:\/\/schema.org\",\"@graph\":[{\"@type\":\"Article\",\"@id\":\"https:\/\/www.medisocial.it\/annapaolacavalieri\/2020\/09\/01\/aborto-farmacologico-nuove-linee-guida\/#article\",\"isPartOf\":{\"@id\":\"https:\/\/www.medisocial.it\/annapaolacavalieri\/2020\/09\/01\/aborto-farmacologico-nuove-linee-guida\/\"},\"author\":{\"name\":\"medisocial\",\"@id\":\"https:\/\/www.medisocial.it\/annapaolacavalieri\/#\/schema\/person\/1cd0bfb9ce49bd43804584df39ef2c91\"},\"headline\":\"Aborto farmacologico: nuove Linee guida\",\"datePublished\":\"2020-09-01T14:39:55+00:00\",\"dateModified\":\"2020-09-01T14:39:55+00:00\",\"mainEntityOfPage\":{\"@id\":\"https:\/\/www.medisocial.it\/annapaolacavalieri\/2020\/09\/01\/aborto-farmacologico-nuove-linee-guida\/\"},\"wordCount\":423,\"commentCount\":0,\"publisher\":{\"@id\":\"https:\/\/www.medisocial.it\/annapaolacavalieri\/#organization\"},\"image\":{\"@id\":\"https:\/\/www.medisocial.it\/annapaolacavalieri\/2020\/09\/01\/aborto-farmacologico-nuove-linee-guida\/#primaryimage\"},\"thumbnailUrl\":\"https:\/\/www.medisocial.it\/annapaolacavalieri\/wp-content\/uploads\/2020\/09\/Aborto-farmacologico.jpeg\",\"keywords\":[\"aborto\",\"aborto farmacologico\",\"Dottoressa Annapaola Cavalieri\",\"ginecologaroma\",\"IVG farmacoloogica\",\"legge 194\",\"obiezione di coscienza\",\"specialistaginecologiaroma\"],\"articleSection\":[\"Articoli\"],\"inLanguage\":\"it-IT\",\"potentialAction\":[{\"@type\":\"CommentAction\",\"name\":\"Comment\",\"target\":[\"https:\/\/www.medisocial.it\/annapaolacavalieri\/2020\/09\/01\/aborto-farmacologico-nuove-linee-guida\/#respond\"]}]},{\"@type\":\"WebPage\",\"@id\":\"https:\/\/www.medisocial.it\/annapaolacavalieri\/2020\/09\/01\/aborto-farmacologico-nuove-linee-guida\/\",\"url\":\"https:\/\/www.medisocial.it\/annapaolacavalieri\/2020\/09\/01\/aborto-farmacologico-nuove-linee-guida\/\",\"name\":\"Aborto farmacologico: nuove Linee guida - Dott.ssa Anna Paola Cavalieri\",\"isPartOf\":{\"@id\":\"https:\/\/www.medisocial.it\/annapaolacavalieri\/#website\"},\"primaryImageOfPage\":{\"@id\":\"https:\/\/www.medisocial.it\/annapaolacavalieri\/2020\/09\/01\/aborto-farmacologico-nuove-linee-guida\/#primaryimage\"},\"image\":{\"@id\":\"https:\/\/www.medisocial.it\/annapaolacavalieri\/2020\/09\/01\/aborto-farmacologico-nuove-linee-guida\/#primaryimage\"},\"thumbnailUrl\":\"https:\/\/www.medisocial.it\/annapaolacavalieri\/wp-content\/uploads\/2020\/09\/Aborto-farmacologico.jpeg\",\"datePublished\":\"2020-09-01T14:39:55+00:00\",\"dateModified\":\"2020-09-01T14:39:55+00:00\",\"description\":\"Aborto farmacologico: nuove Linee guida nazionali. Le nuove linee guida emesse il 12\/8 prevedono l'estensione del periodo consentito per la procedura\",\"breadcrumb\":{\"@id\":\"https:\/\/www.medisocial.it\/annapaolacavalieri\/2020\/09\/01\/aborto-farmacologico-nuove-linee-guida\/#breadcrumb\"},\"inLanguage\":\"it-IT\",\"potentialAction\":[{\"@type\":\"ReadAction\",\"target\":[\"https:\/\/www.medisocial.it\/annapaolacavalieri\/2020\/09\/01\/aborto-farmacologico-nuove-linee-guida\/\"]}]},{\"@type\":\"ImageObject\",\"inLanguage\":\"it-IT\",\"@id\":\"https:\/\/www.medisocial.it\/annapaolacavalieri\/2020\/09\/01\/aborto-farmacologico-nuove-linee-guida\/#primaryimage\",\"url\":\"https:\/\/www.medisocial.it\/annapaolacavalieri\/wp-content\/uploads\/2020\/09\/Aborto-farmacologico.jpeg\",\"contentUrl\":\"https:\/\/www.medisocial.it\/annapaolacavalieri\/wp-content\/uploads\/2020\/09\/Aborto-farmacologico.jpeg\",\"width\":720,\"height\":960,\"caption\":\"Aborto farmacologico\"},{\"@type\":\"BreadcrumbList\",\"@id\":\"https:\/\/www.medisocial.it\/annapaolacavalieri\/2020\/09\/01\/aborto-farmacologico-nuove-linee-guida\/#breadcrumb\",\"itemListElement\":[{\"@type\":\"ListItem\",\"position\":1,\"name\":\"Home\",\"item\":\"https:\/\/www.medisocial.it\/annapaolacavalieri\/\"},{\"@type\":\"ListItem\",\"position\":2,\"name\":\"Aborto farmacologico: nuove Linee guida\"}]},{\"@type\":\"WebSite\",\"@id\":\"https:\/\/www.medisocial.it\/annapaolacavalieri\/#website\",\"url\":\"https:\/\/www.medisocial.it\/annapaolacavalieri\/\",\"name\":\"Dott.ssa Anna Paola Cavalieri\",\"description\":\"Specialista in Ostetricia e Ginecologia - Roma\",\"publisher\":{\"@id\":\"https:\/\/www.medisocial.it\/annapaolacavalieri\/#organization\"},\"potentialAction\":[{\"@type\":\"SearchAction\",\"target\":{\"@type\":\"EntryPoint\",\"urlTemplate\":\"https:\/\/www.medisocial.it\/annapaolacavalieri\/?s={search_term_string}\"},\"query-input\":{\"@type\":\"PropertyValueSpecification\",\"valueRequired\":true,\"valueName\":\"search_term_string\"}}],\"inLanguage\":\"it-IT\"},{\"@type\":\"Organization\",\"@id\":\"https:\/\/www.medisocial.it\/annapaolacavalieri\/#organization\",\"name\":\"Dott.ssa Anna Paola Cavalieri\",\"url\":\"https:\/\/www.medisocial.it\/annapaolacavalieri\/\",\"logo\":{\"@type\":\"ImageObject\",\"inLanguage\":\"it-IT\",\"@id\":\"https:\/\/www.medisocial.it\/annapaolacavalieri\/#\/schema\/logo\/image\/\",\"url\":\"https:\/\/www.medisocial.it\/annapaolacavalieri\/wp-content\/uploads\/2019\/06\/logo7.jpg\",\"contentUrl\":\"https:\/\/www.medisocial.it\/annapaolacavalieri\/wp-content\/uploads\/2019\/06\/logo7.jpg\",\"width\":242,\"height\":99,\"caption\":\"Dott.ssa Anna Paola Cavalieri\"},\"image\":{\"@id\":\"https:\/\/www.medisocial.it\/annapaolacavalieri\/#\/schema\/logo\/image\/\"}},{\"@type\":\"Person\",\"@id\":\"https:\/\/www.medisocial.it\/annapaolacavalieri\/#\/schema\/person\/1cd0bfb9ce49bd43804584df39ef2c91\",\"name\":\"medisocial\",\"image\":{\"@type\":\"ImageObject\",\"inLanguage\":\"it-IT\",\"@id\":\"https:\/\/www.medisocial.it\/annapaolacavalieri\/#\/schema\/person\/image\/\",\"url\":\"https:\/\/secure.gravatar.com\/avatar\/efa9393110d3610a15f45429c6613084?s=96&d=mm&r=g\",\"contentUrl\":\"https:\/\/secure.gravatar.com\/avatar\/efa9393110d3610a15f45429c6613084?s=96&d=mm&r=g\",\"caption\":\"medisocial\"}}]}<\/script>\n<!-- \/ Yoast SEO plugin. -->","yoast_head_json":{"title":"Aborto farmacologico: nuove Linee guida - Dott.ssa Anna Paola Cavalieri","description":"Aborto farmacologico: nuove Linee guida nazionali. Le nuove linee guida emesse il 12\/8 prevedono l'estensione del periodo consentito per la procedura","robots":{"index":"index","follow":"follow","max-snippet":"max-snippet:-1","max-image-preview":"max-image-preview:large","max-video-preview":"max-video-preview:-1"},"canonical":"https:\/\/www.medisocial.it\/annapaolacavalieri\/2020\/09\/01\/aborto-farmacologico-nuove-linee-guida\/","og_locale":"it_IT","og_type":"article","og_title":"Aborto farmacologico: nuove Linee guida - Dott.ssa Anna Paola Cavalieri","og_description":"Aborto farmacologico: nuove Linee guida nazionali. Le nuove linee guida emesse il 12\/8 prevedono l'estensione del periodo consentito per la procedura","og_url":"https:\/\/www.medisocial.it\/annapaolacavalieri\/2020\/09\/01\/aborto-farmacologico-nuove-linee-guida\/","og_site_name":"Dott.ssa Anna Paola Cavalieri","article_published_time":"2020-09-01T14:39:55+00:00","og_image":[{"width":720,"height":960,"url":"https:\/\/www.medisocial.it\/annapaolacavalieri\/wp-content\/uploads\/2020\/09\/Aborto-farmacologico.jpeg","type":"image\/jpeg"}],"author":"medisocial","twitter_card":"summary_large_image","twitter_misc":{"Scritto da":"medisocial","Tempo di lettura stimato":"2 minuti"},"schema":{"@context":"https:\/\/schema.org","@graph":[{"@type":"Article","@id":"https:\/\/www.medisocial.it\/annapaolacavalieri\/2020\/09\/01\/aborto-farmacologico-nuove-linee-guida\/#article","isPartOf":{"@id":"https:\/\/www.medisocial.it\/annapaolacavalieri\/2020\/09\/01\/aborto-farmacologico-nuove-linee-guida\/"},"author":{"name":"medisocial","@id":"https:\/\/www.medisocial.it\/annapaolacavalieri\/#\/schema\/person\/1cd0bfb9ce49bd43804584df39ef2c91"},"headline":"Aborto farmacologico: nuove Linee guida","datePublished":"2020-09-01T14:39:55+00:00","dateModified":"2020-09-01T14:39:55+00:00","mainEntityOfPage":{"@id":"https:\/\/www.medisocial.it\/annapaolacavalieri\/2020\/09\/01\/aborto-farmacologico-nuove-linee-guida\/"},"wordCount":423,"commentCount":0,"publisher":{"@id":"https:\/\/www.medisocial.it\/annapaolacavalieri\/#organization"},"image":{"@id":"https:\/\/www.medisocial.it\/annapaolacavalieri\/2020\/09\/01\/aborto-farmacologico-nuove-linee-guida\/#primaryimage"},"thumbnailUrl":"https:\/\/www.medisocial.it\/annapaolacavalieri\/wp-content\/uploads\/2020\/09\/Aborto-farmacologico.jpeg","keywords":["aborto","aborto farmacologico","Dottoressa Annapaola Cavalieri","ginecologaroma","IVG farmacoloogica","legge 194","obiezione di coscienza","specialistaginecologiaroma"],"articleSection":["Articoli"],"inLanguage":"it-IT","potentialAction":[{"@type":"CommentAction","name":"Comment","target":["https:\/\/www.medisocial.it\/annapaolacavalieri\/2020\/09\/01\/aborto-farmacologico-nuove-linee-guida\/#respond"]}]},{"@type":"WebPage","@id":"https:\/\/www.medisocial.it\/annapaolacavalieri\/2020\/09\/01\/aborto-farmacologico-nuove-linee-guida\/","url":"https:\/\/www.medisocial.it\/annapaolacavalieri\/2020\/09\/01\/aborto-farmacologico-nuove-linee-guida\/","name":"Aborto farmacologico: nuove Linee guida - Dott.ssa Anna Paola Cavalieri","isPartOf":{"@id":"https:\/\/www.medisocial.it\/annapaolacavalieri\/#website"},"primaryImageOfPage":{"@id":"https:\/\/www.medisocial.it\/annapaolacavalieri\/2020\/09\/01\/aborto-farmacologico-nuove-linee-guida\/#primaryimage"},"image":{"@id":"https:\/\/www.medisocial.it\/annapaolacavalieri\/2020\/09\/01\/aborto-farmacologico-nuove-linee-guida\/#primaryimage"},"thumbnailUrl":"https:\/\/www.medisocial.it\/annapaolacavalieri\/wp-content\/uploads\/2020\/09\/Aborto-farmacologico.jpeg","datePublished":"2020-09-01T14:39:55+00:00","dateModified":"2020-09-01T14:39:55+00:00","description":"Aborto farmacologico: nuove Linee guida nazionali. Le nuove linee guida emesse il 12\/8 prevedono l'estensione del periodo consentito per la procedura","breadcrumb":{"@id":"https:\/\/www.medisocial.it\/annapaolacavalieri\/2020\/09\/01\/aborto-farmacologico-nuove-linee-guida\/#breadcrumb"},"inLanguage":"it-IT","potentialAction":[{"@type":"ReadAction","target":["https:\/\/www.medisocial.it\/annapaolacavalieri\/2020\/09\/01\/aborto-farmacologico-nuove-linee-guida\/"]}]},{"@type":"ImageObject","inLanguage":"it-IT","@id":"https:\/\/www.medisocial.it\/annapaolacavalieri\/2020\/09\/01\/aborto-farmacologico-nuove-linee-guida\/#primaryimage","url":"https:\/\/www.medisocial.it\/annapaolacavalieri\/wp-content\/uploads\/2020\/09\/Aborto-farmacologico.jpeg","contentUrl":"https:\/\/www.medisocial.it\/annapaolacavalieri\/wp-content\/uploads\/2020\/09\/Aborto-farmacologico.jpeg","width":720,"height":960,"caption":"Aborto farmacologico"},{"@type":"BreadcrumbList","@id":"https:\/\/www.medisocial.it\/annapaolacavalieri\/2020\/09\/01\/aborto-farmacologico-nuove-linee-guida\/#breadcrumb","itemListElement":[{"@type":"ListItem","position":1,"name":"Home","item":"https:\/\/www.medisocial.it\/annapaolacavalieri\/"},{"@type":"ListItem","position":2,"name":"Aborto farmacologico: nuove Linee guida"}]},{"@type":"WebSite","@id":"https:\/\/www.medisocial.it\/annapaolacavalieri\/#website","url":"https:\/\/www.medisocial.it\/annapaolacavalieri\/","name":"Dott.ssa Anna Paola Cavalieri","description":"Specialista in Ostetricia e Ginecologia - Roma","publisher":{"@id":"https:\/\/www.medisocial.it\/annapaolacavalieri\/#organization"},"potentialAction":[{"@type":"SearchAction","target":{"@type":"EntryPoint","urlTemplate":"https:\/\/www.medisocial.it\/annapaolacavalieri\/?s={search_term_string}"},"query-input":{"@type":"PropertyValueSpecification","valueRequired":true,"valueName":"search_term_string"}}],"inLanguage":"it-IT"},{"@type":"Organization","@id":"https:\/\/www.medisocial.it\/annapaolacavalieri\/#organization","name":"Dott.ssa Anna Paola Cavalieri","url":"https:\/\/www.medisocial.it\/annapaolacavalieri\/","logo":{"@type":"ImageObject","inLanguage":"it-IT","@id":"https:\/\/www.medisocial.it\/annapaolacavalieri\/#\/schema\/logo\/image\/","url":"https:\/\/www.medisocial.it\/annapaolacavalieri\/wp-content\/uploads\/2019\/06\/logo7.jpg","contentUrl":"https:\/\/www.medisocial.it\/annapaolacavalieri\/wp-content\/uploads\/2019\/06\/logo7.jpg","width":242,"height":99,"caption":"Dott.ssa Anna Paola Cavalieri"},"image":{"@id":"https:\/\/www.medisocial.it\/annapaolacavalieri\/#\/schema\/logo\/image\/"}},{"@type":"Person","@id":"https:\/\/www.medisocial.it\/annapaolacavalieri\/#\/schema\/person\/1cd0bfb9ce49bd43804584df39ef2c91","name":"medisocial","image":{"@type":"ImageObject","inLanguage":"it-IT","@id":"https:\/\/www.medisocial.it\/annapaolacavalieri\/#\/schema\/person\/image\/","url":"https:\/\/secure.gravatar.com\/avatar\/efa9393110d3610a15f45429c6613084?s=96&d=mm&r=g","contentUrl":"https:\/\/secure.gravatar.com\/avatar\/efa9393110d3610a15f45429c6613084?s=96&d=mm&r=g","caption":"medisocial"}}]}},"_links":{"self":[{"href":"https:\/\/www.medisocial.it\/annapaolacavalieri\/wp-json\/wp\/v2\/posts\/486"}],"collection":[{"href":"https:\/\/www.medisocial.it\/annapaolacavalieri\/wp-json\/wp\/v2\/posts"}],"about":[{"href":"https:\/\/www.medisocial.it\/annapaolacavalieri\/wp-json\/wp\/v2\/types\/post"}],"author":[{"embeddable":true,"href":"https:\/\/www.medisocial.it\/annapaolacavalieri\/wp-json\/wp\/v2\/users\/1"}],"replies":[{"embeddable":true,"href":"https:\/\/www.medisocial.it\/annapaolacavalieri\/wp-json\/wp\/v2\/comments?post=486"}],"version-history":[{"count":1,"href":"https:\/\/www.medisocial.it\/annapaolacavalieri\/wp-json\/wp\/v2\/posts\/486\/revisions"}],"predecessor-version":[{"id":489,"href":"https:\/\/www.medisocial.it\/annapaolacavalieri\/wp-json\/wp\/v2\/posts\/486\/revisions\/489"}],"wp:featuredmedia":[{"embeddable":true,"href":"https:\/\/www.medisocial.it\/annapaolacavalieri\/wp-json\/wp\/v2\/media\/487"}],"wp:attachment":[{"href":"https:\/\/www.medisocial.it\/annapaolacavalieri\/wp-json\/wp\/v2\/media?parent=486"}],"wp:term":[{"taxonomy":"category","embeddable":true,"href":"https:\/\/www.medisocial.it\/annapaolacavalieri\/wp-json\/wp\/v2\/categories?post=486"},{"taxonomy":"post_tag","embeddable":true,"href":"https:\/\/www.medisocial.it\/annapaolacavalieri\/wp-json\/wp\/v2\/tags?post=486"}],"curies":[{"name":"wp","href":"https:\/\/api.w.org\/{rel}","templated":true}]}}