{"id":455,"date":"2020-05-15T11:21:32","date_gmt":"2020-05-15T09:21:32","guid":{"rendered":"https:\/\/www.medisocial.it\/annapaolacavalieri\/?p=455"},"modified":"2020-06-04T19:40:39","modified_gmt":"2020-06-04T17:40:39","slug":"focus-menopausa-osteoporosi-e-osteopenia","status":"publish","type":"post","link":"https:\/\/www.medisocial.it\/annapaolacavalieri\/2020\/05\/15\/focus-menopausa-osteoporosi-e-osteopenia\/","title":{"rendered":"Focus Menopausa Osteoporosi e Osteopenia"},"content":{"rendered":"<p><strong><span style=\"font-size: 12.0pt;\">Focus Menopausa Osteoporosi e Osteopenia<\/span><\/strong><\/p>\n<p><span style=\"font-size: 12.0pt;\">I disturbi di cui abbiamo trattato nei precedenti post (vampate, disturbi urogenitali, alterazioni del sonno e disturbi dell&#8217;umore) fanno parte dei sintomi a medio e lungo termine della sindrome climaterica. <\/span><\/p>\n<p><span style=\"font-size: 12.0pt;\">In altre parole si tratta di problemi legati alla carenza di ormoni, che si manifestano prevalentemente nelle prime fasi della menopausa, in alcuni casi con esordio gi\u00e0 in pre-menopausa.<\/span><\/p>\n<p><span style=\"font-size: 12.0pt;\">Esistono poi delle patologie legate alla carenza prolungata di estrogeni, che si manifesteranno prevalentemente nella post menopausa. <\/span><\/p>\n<p><span style=\"font-size: 12.0pt;\">Sono pertanto definiti disturbi a lungo termine. <\/span><\/p>\n<p><span style=\"font-size: 12.0pt;\">Tra essi possiamo annoverare l&#8217;osteoporosi, le malattie cardiovascolari e i deficit cognitivi. <\/span><\/p>\n<p><span style=\"font-size: 12.0pt;\">Oggi parleremo brevemente di osteoporosi e osteopenia.\u00a0<\/span><\/p>\n<p><span style=\"font-size: 12.0pt;\">L&#8217;osteopenia consiste in una riduzione della massa ossea, in parte fisiologica se la consideriamo nell&#8217;ambito del naturale processo di invecchiamento dei tessuti (esistono forme precoci ma non verranno trattate in questa sede).\u00a0<\/span><\/p>\n<p><span style=\"font-size: 12.0pt;\">Tale processo di perdita di massa ossea \u00e8 accelerato negli anni immediatamente successivi alla menopausa, classificandosi in forme\u00a0 di entit\u00e0 lieve, media o severa, fino al quadro francamente patologico di osteoporosi, in cui la massa ossea \u00e8 talmente ridotta da dare un rischio alto di fratture spontanee o in seguito a minimi traumi. <\/span><\/p>\n<p><strong>Focus Menopausa Osteoporosi e Osteopenia<\/strong><\/p>\n<p><span style=\"font-size: 12.0pt;\">La perdita di massa ossea causer\u00e0 un quadro di gravit\u00e0 variabile anche in base alla densit\u00e0 ossea di partenza, che \u00e8 influenzata da diversi fattori quali familiarit\u00e0, massa grassa, fumo di sigaretta, vita sedentaria, uso prolungato di farmaci che alterano il metabolismo osseo (es cortisonici, ormoni tiroidei), sindromi da malassorbimento, pregressi disturbi del comportamento alimentare (anoressia), amenorree di lunga durata, etc.\u00a0<\/span><\/p>\n<p><span style=\"font-size: 12.0pt;\">Per tale motivo sar\u00e0 importante conoscere la propria densit\u00e0 ossea di partenza in fase di premenopausa o perlomeno nei primissimi tempi di menopausa con esami strumentali specifici quali la MOC. <\/span><\/p>\n<p><span style=\"font-size: 12.0pt;\">In tal modo si potr\u00e0 intervenire nei casi\u00a0a rischio o con rapido peggioramento nei controlli successivi. <\/span><\/p>\n<p><strong>Focus Menopausa Osteoporosi e Osteopenia<\/strong><\/p>\n<p><span style=\"font-size: 12.0pt;\">Mi preme sottolineare l&#8217;importanza di una diagnosi precoce in quanto si tratta di malattie subdole, per lungo tempo silenti e asintomatiche, ma che poi si manifestano improvvisamente con una frattura spontanea o in seguito a minimo trauma. <\/span><\/p>\n<p><span style=\"font-size: 12.0pt;\">Le fratture da fragilit\u00e0 colpiscono prevalentemente le vertebre, il polso, l&#8217;avambraccio, il femore. <\/span><\/p>\n<p><span style=\"font-size: 12.0pt;\">I primi anni della menopausa costituiscono il periodo in cui le terapie hanno la massima efficacia nel rallentare la progressiva perdita di massa ossea, insieme con corretta alimentazione a sano stile di vita.<\/span><\/p>\n<p>Per ulteriori approfondimenti sull&#8217;argomento, potete consultare anche i seguenti link:<\/p>\n<div class=\"czr-wp-the-content\">\n<p class=\"entry-title\"><a class=\"czr-title\" href=\"https:\/\/www.medisocial.it\/annapaolacavalieri\/2020\/05\/07\/focus-menopausa-disturbi-umore-e-disturbi-del-sonno\/\" rel=\"bookmark\"><strong>Focus menopausa: disturbi dell\u2019umore e disturbi del sonno<\/strong><\/a><\/p>\n<p><a href=\"https:\/\/www.medisocial.it\/annapaolacavalieri\/2020\/04\/30\/focus-menopausa-sindrome-urogenitale\/\" rel=\"bookmark\"><strong>Focus Menopausa: sindrome urogenitale<\/strong><\/a><\/p>\n<p><a href=\"https:\/\/www.medisocial.it\/annapaolacavalieri\/2020\/04\/23\/focus-menopausa-cosa-sono-le-vampate\/\"><strong>Focus Menopausa: cosa sono le vampate?<\/strong><\/a><\/p>\n<p><a href=\"https:\/\/www.medisocial.it\/annapaolacavalieri\/2020\/03\/26\/tos-in-menopausa\/\" rel=\"bookmark\"><strong>TOS in Menopausa<\/strong><\/a><\/p>\n<p><a href=\"https:\/\/www.medisocial.it\/annapaolacavalieri\/2020\/02\/07\/menopausa-cosa-e-e-cosa-cambia\/\"><strong>Menopausa: cosa \u00e8 e cosa cambia<\/strong><\/a><\/p>\n<p><a href=\"https:\/\/www.medisocial.it\/annapaolacavalieri\/2019\/07\/09\/menopausa-non-sempre-la-libido-e-in-calo\/\"><strong>Menopausa: non sempre la libido \u00e8 in calo<\/strong><\/a><\/p>\n<\/div>\n<footer class=\"post-footer clearfix\">\n<div class=\"row entry-meta justify-content-between align-items-center\">\n<div class=\"post-tags col-xs-12 col-sm-auto col-sm\">\n<ul class=\"tags\">\n<li><\/li>\n<\/ul>\n<\/div>\n<\/div>\n<\/footer>\n","protected":false},"excerpt":{"rendered":"<p>Focus Menopausa Osteoporosi e Osteopenia I disturbi di cui abbiamo trattato nei precedenti post (vampate, disturbi urogenitali, alterazioni del sonno e disturbi dell&#8217;umore) fanno parte dei sintomi a medio e lungo termine della sindrome climaterica. In altre parole si tratta di problemi legati alla carenza di ormoni, che si manifestano prevalentemente nelle prime fasi della [&hellip;]<\/p>\n","protected":false},"author":1,"featured_media":456,"comment_status":"open","ping_status":"open","sticky":false,"template":"","format":"standard","meta":{"_monsterinsights_skip_tracking":false,"_monsterinsights_sitenote_active":false,"_monsterinsights_sitenote_note":"","_monsterinsights_sitenote_category":0,"footnotes":""},"categories":[7,156],"tags":[25,130,39,150,149,131],"yoast_head":"<!-- This site is optimized with the Yoast SEO plugin v23.5 - https:\/\/yoast.com\/wordpress\/plugins\/seo\/ -->\n<title>Focus Menopausa Osteoporosi e Osteopenia - Dott.ssa Anna Paola Cavalieri<\/title>\n<meta name=\"description\" content=\"Focus Menopausa Osteoporosi e Osteopenia In questo terzo articolo dedicato alla menopausa affrontiamo il problema dell&#039;osteoporosi e dell&#039;osteopenia\" \/>\n<meta name=\"robots\" content=\"index, follow, max-snippet:-1, max-image-preview:large, max-video-preview:-1\" \/>\n<link rel=\"canonical\" href=\"https:\/\/www.medisocial.it\/annapaolacavalieri\/2020\/05\/15\/focus-menopausa-osteoporosi-e-osteopenia\/\" \/>\n<meta property=\"og:locale\" content=\"it_IT\" \/>\n<meta property=\"og:type\" content=\"article\" \/>\n<meta property=\"og:title\" content=\"Focus Menopausa Osteoporosi e Osteopenia - Dott.ssa Anna Paola Cavalieri\" \/>\n<meta property=\"og:description\" content=\"Focus Menopausa Osteoporosi e Osteopenia In questo terzo articolo dedicato alla menopausa affrontiamo il problema dell&#039;osteoporosi e dell&#039;osteopenia\" \/>\n<meta property=\"og:url\" content=\"https:\/\/www.medisocial.it\/annapaolacavalieri\/2020\/05\/15\/focus-menopausa-osteoporosi-e-osteopenia\/\" \/>\n<meta property=\"og:site_name\" content=\"Dott.ssa Anna Paola Cavalieri\" \/>\n<meta property=\"article:published_time\" content=\"2020-05-15T09:21:32+00:00\" \/>\n<meta property=\"article:modified_time\" content=\"2020-06-04T17:40:39+00:00\" \/>\n<meta property=\"og:image\" content=\"https:\/\/www.medisocial.it\/annapaolacavalieri\/wp-content\/uploads\/2020\/05\/Focus-menopausa-osteoporosi-e-osteopenia.jpg\" \/>\n\t<meta property=\"og:image:width\" content=\"500\" \/>\n\t<meta property=\"og:image:height\" content=\"400\" \/>\n\t<meta property=\"og:image:type\" content=\"image\/jpeg\" \/>\n<meta name=\"author\" content=\"medisocial\" \/>\n<meta name=\"twitter:card\" content=\"summary_large_image\" \/>\n<meta name=\"twitter:label1\" content=\"Scritto da\" \/>\n\t<meta name=\"twitter:data1\" content=\"medisocial\" \/>\n\t<meta name=\"twitter:label2\" content=\"Tempo di lettura stimato\" \/>\n\t<meta name=\"twitter:data2\" content=\"2 minuti\" \/>\n<script type=\"application\/ld+json\" class=\"yoast-schema-graph\">{\"@context\":\"https:\/\/schema.org\",\"@graph\":[{\"@type\":\"Article\",\"@id\":\"https:\/\/www.medisocial.it\/annapaolacavalieri\/2020\/05\/15\/focus-menopausa-osteoporosi-e-osteopenia\/#article\",\"isPartOf\":{\"@id\":\"https:\/\/www.medisocial.it\/annapaolacavalieri\/2020\/05\/15\/focus-menopausa-osteoporosi-e-osteopenia\/\"},\"author\":{\"name\":\"medisocial\",\"@id\":\"https:\/\/www.medisocial.it\/annapaolacavalieri\/#\/schema\/person\/1cd0bfb9ce49bd43804584df39ef2c91\"},\"headline\":\"Focus Menopausa Osteoporosi e Osteopenia\",\"datePublished\":\"2020-05-15T09:21:32+00:00\",\"dateModified\":\"2020-06-04T17:40:39+00:00\",\"mainEntityOfPage\":{\"@id\":\"https:\/\/www.medisocial.it\/annapaolacavalieri\/2020\/05\/15\/focus-menopausa-osteoporosi-e-osteopenia\/\"},\"wordCount\":446,\"commentCount\":0,\"publisher\":{\"@id\":\"https:\/\/www.medisocial.it\/annapaolacavalieri\/#organization\"},\"image\":{\"@id\":\"https:\/\/www.medisocial.it\/annapaolacavalieri\/2020\/05\/15\/focus-menopausa-osteoporosi-e-osteopenia\/#primaryimage\"},\"thumbnailUrl\":\"https:\/\/www.medisocial.it\/annapaolacavalieri\/wp-content\/uploads\/2020\/05\/Focus-menopausa-osteoporosi-e-osteopenia.jpg\",\"keywords\":[\"Dottoressa Annapaola Cavalieri\",\"ginecologaroma\",\"menopausa\",\"osteopenia\",\"osteoporosi\",\"specialistaginecologiaroma\"],\"articleSection\":[\"Articoli\",\"Focus Menopausa\"],\"inLanguage\":\"it-IT\",\"potentialAction\":[{\"@type\":\"CommentAction\",\"name\":\"Comment\",\"target\":[\"https:\/\/www.medisocial.it\/annapaolacavalieri\/2020\/05\/15\/focus-menopausa-osteoporosi-e-osteopenia\/#respond\"]}]},{\"@type\":\"WebPage\",\"@id\":\"https:\/\/www.medisocial.it\/annapaolacavalieri\/2020\/05\/15\/focus-menopausa-osteoporosi-e-osteopenia\/\",\"url\":\"https:\/\/www.medisocial.it\/annapaolacavalieri\/2020\/05\/15\/focus-menopausa-osteoporosi-e-osteopenia\/\",\"name\":\"Focus Menopausa Osteoporosi e Osteopenia - Dott.ssa Anna Paola Cavalieri\",\"isPartOf\":{\"@id\":\"https:\/\/www.medisocial.it\/annapaolacavalieri\/#website\"},\"primaryImageOfPage\":{\"@id\":\"https:\/\/www.medisocial.it\/annapaolacavalieri\/2020\/05\/15\/focus-menopausa-osteoporosi-e-osteopenia\/#primaryimage\"},\"image\":{\"@id\":\"https:\/\/www.medisocial.it\/annapaolacavalieri\/2020\/05\/15\/focus-menopausa-osteoporosi-e-osteopenia\/#primaryimage\"},\"thumbnailUrl\":\"https:\/\/www.medisocial.it\/annapaolacavalieri\/wp-content\/uploads\/2020\/05\/Focus-menopausa-osteoporosi-e-osteopenia.jpg\",\"datePublished\":\"2020-05-15T09:21:32+00:00\",\"dateModified\":\"2020-06-04T17:40:39+00:00\",\"description\":\"Focus Menopausa Osteoporosi e Osteopenia In questo terzo articolo dedicato alla menopausa affrontiamo il problema dell'osteoporosi e dell'osteopenia\",\"breadcrumb\":{\"@id\":\"https:\/\/www.medisocial.it\/annapaolacavalieri\/2020\/05\/15\/focus-menopausa-osteoporosi-e-osteopenia\/#breadcrumb\"},\"inLanguage\":\"it-IT\",\"potentialAction\":[{\"@type\":\"ReadAction\",\"target\":[\"https:\/\/www.medisocial.it\/annapaolacavalieri\/2020\/05\/15\/focus-menopausa-osteoporosi-e-osteopenia\/\"]}]},{\"@type\":\"ImageObject\",\"inLanguage\":\"it-IT\",\"@id\":\"https:\/\/www.medisocial.it\/annapaolacavalieri\/2020\/05\/15\/focus-menopausa-osteoporosi-e-osteopenia\/#primaryimage\",\"url\":\"https:\/\/www.medisocial.it\/annapaolacavalieri\/wp-content\/uploads\/2020\/05\/Focus-menopausa-osteoporosi-e-osteopenia.jpg\",\"contentUrl\":\"https:\/\/www.medisocial.it\/annapaolacavalieri\/wp-content\/uploads\/2020\/05\/Focus-menopausa-osteoporosi-e-osteopenia.jpg\",\"width\":500,\"height\":400,\"caption\":\"Focus menopausa osteoporosi e osteopenia\"},{\"@type\":\"BreadcrumbList\",\"@id\":\"https:\/\/www.medisocial.it\/annapaolacavalieri\/2020\/05\/15\/focus-menopausa-osteoporosi-e-osteopenia\/#breadcrumb\",\"itemListElement\":[{\"@type\":\"ListItem\",\"position\":1,\"name\":\"Home\",\"item\":\"https:\/\/www.medisocial.it\/annapaolacavalieri\/\"},{\"@type\":\"ListItem\",\"position\":2,\"name\":\"Focus Menopausa Osteoporosi e Osteopenia\"}]},{\"@type\":\"WebSite\",\"@id\":\"https:\/\/www.medisocial.it\/annapaolacavalieri\/#website\",\"url\":\"https:\/\/www.medisocial.it\/annapaolacavalieri\/\",\"name\":\"Dott.ssa Anna Paola Cavalieri\",\"description\":\"Specialista in Ostetricia e Ginecologia - Roma\",\"publisher\":{\"@id\":\"https:\/\/www.medisocial.it\/annapaolacavalieri\/#organization\"},\"potentialAction\":[{\"@type\":\"SearchAction\",\"target\":{\"@type\":\"EntryPoint\",\"urlTemplate\":\"https:\/\/www.medisocial.it\/annapaolacavalieri\/?s={search_term_string}\"},\"query-input\":{\"@type\":\"PropertyValueSpecification\",\"valueRequired\":true,\"valueName\":\"search_term_string\"}}],\"inLanguage\":\"it-IT\"},{\"@type\":\"Organization\",\"@id\":\"https:\/\/www.medisocial.it\/annapaolacavalieri\/#organization\",\"name\":\"Dott.ssa Anna Paola Cavalieri\",\"url\":\"https:\/\/www.medisocial.it\/annapaolacavalieri\/\",\"logo\":{\"@type\":\"ImageObject\",\"inLanguage\":\"it-IT\",\"@id\":\"https:\/\/www.medisocial.it\/annapaolacavalieri\/#\/schema\/logo\/image\/\",\"url\":\"https:\/\/www.medisocial.it\/annapaolacavalieri\/wp-content\/uploads\/2019\/06\/logo7.jpg\",\"contentUrl\":\"https:\/\/www.medisocial.it\/annapaolacavalieri\/wp-content\/uploads\/2019\/06\/logo7.jpg\",\"width\":242,\"height\":99,\"caption\":\"Dott.ssa Anna Paola Cavalieri\"},\"image\":{\"@id\":\"https:\/\/www.medisocial.it\/annapaolacavalieri\/#\/schema\/logo\/image\/\"}},{\"@type\":\"Person\",\"@id\":\"https:\/\/www.medisocial.it\/annapaolacavalieri\/#\/schema\/person\/1cd0bfb9ce49bd43804584df39ef2c91\",\"name\":\"medisocial\",\"image\":{\"@type\":\"ImageObject\",\"inLanguage\":\"it-IT\",\"@id\":\"https:\/\/www.medisocial.it\/annapaolacavalieri\/#\/schema\/person\/image\/\",\"url\":\"https:\/\/secure.gravatar.com\/avatar\/efa9393110d3610a15f45429c6613084?s=96&d=mm&r=g\",\"contentUrl\":\"https:\/\/secure.gravatar.com\/avatar\/efa9393110d3610a15f45429c6613084?s=96&d=mm&r=g\",\"caption\":\"medisocial\"}}]}<\/script>\n<!-- \/ Yoast SEO plugin. -->","yoast_head_json":{"title":"Focus Menopausa Osteoporosi e Osteopenia - Dott.ssa Anna Paola Cavalieri","description":"Focus Menopausa Osteoporosi e Osteopenia In questo terzo articolo dedicato alla menopausa affrontiamo il problema dell'osteoporosi e dell'osteopenia","robots":{"index":"index","follow":"follow","max-snippet":"max-snippet:-1","max-image-preview":"max-image-preview:large","max-video-preview":"max-video-preview:-1"},"canonical":"https:\/\/www.medisocial.it\/annapaolacavalieri\/2020\/05\/15\/focus-menopausa-osteoporosi-e-osteopenia\/","og_locale":"it_IT","og_type":"article","og_title":"Focus Menopausa Osteoporosi e Osteopenia - Dott.ssa Anna Paola Cavalieri","og_description":"Focus Menopausa Osteoporosi e Osteopenia In questo terzo articolo dedicato alla menopausa affrontiamo il problema dell'osteoporosi e dell'osteopenia","og_url":"https:\/\/www.medisocial.it\/annapaolacavalieri\/2020\/05\/15\/focus-menopausa-osteoporosi-e-osteopenia\/","og_site_name":"Dott.ssa Anna Paola Cavalieri","article_published_time":"2020-05-15T09:21:32+00:00","article_modified_time":"2020-06-04T17:40:39+00:00","og_image":[{"width":500,"height":400,"url":"https:\/\/www.medisocial.it\/annapaolacavalieri\/wp-content\/uploads\/2020\/05\/Focus-menopausa-osteoporosi-e-osteopenia.jpg","type":"image\/jpeg"}],"author":"medisocial","twitter_card":"summary_large_image","twitter_misc":{"Scritto da":"medisocial","Tempo di lettura stimato":"2 minuti"},"schema":{"@context":"https:\/\/schema.org","@graph":[{"@type":"Article","@id":"https:\/\/www.medisocial.it\/annapaolacavalieri\/2020\/05\/15\/focus-menopausa-osteoporosi-e-osteopenia\/#article","isPartOf":{"@id":"https:\/\/www.medisocial.it\/annapaolacavalieri\/2020\/05\/15\/focus-menopausa-osteoporosi-e-osteopenia\/"},"author":{"name":"medisocial","@id":"https:\/\/www.medisocial.it\/annapaolacavalieri\/#\/schema\/person\/1cd0bfb9ce49bd43804584df39ef2c91"},"headline":"Focus Menopausa Osteoporosi e Osteopenia","datePublished":"2020-05-15T09:21:32+00:00","dateModified":"2020-06-04T17:40:39+00:00","mainEntityOfPage":{"@id":"https:\/\/www.medisocial.it\/annapaolacavalieri\/2020\/05\/15\/focus-menopausa-osteoporosi-e-osteopenia\/"},"wordCount":446,"commentCount":0,"publisher":{"@id":"https:\/\/www.medisocial.it\/annapaolacavalieri\/#organization"},"image":{"@id":"https:\/\/www.medisocial.it\/annapaolacavalieri\/2020\/05\/15\/focus-menopausa-osteoporosi-e-osteopenia\/#primaryimage"},"thumbnailUrl":"https:\/\/www.medisocial.it\/annapaolacavalieri\/wp-content\/uploads\/2020\/05\/Focus-menopausa-osteoporosi-e-osteopenia.jpg","keywords":["Dottoressa Annapaola Cavalieri","ginecologaroma","menopausa","osteopenia","osteoporosi","specialistaginecologiaroma"],"articleSection":["Articoli","Focus Menopausa"],"inLanguage":"it-IT","potentialAction":[{"@type":"CommentAction","name":"Comment","target":["https:\/\/www.medisocial.it\/annapaolacavalieri\/2020\/05\/15\/focus-menopausa-osteoporosi-e-osteopenia\/#respond"]}]},{"@type":"WebPage","@id":"https:\/\/www.medisocial.it\/annapaolacavalieri\/2020\/05\/15\/focus-menopausa-osteoporosi-e-osteopenia\/","url":"https:\/\/www.medisocial.it\/annapaolacavalieri\/2020\/05\/15\/focus-menopausa-osteoporosi-e-osteopenia\/","name":"Focus Menopausa Osteoporosi e Osteopenia - Dott.ssa Anna Paola Cavalieri","isPartOf":{"@id":"https:\/\/www.medisocial.it\/annapaolacavalieri\/#website"},"primaryImageOfPage":{"@id":"https:\/\/www.medisocial.it\/annapaolacavalieri\/2020\/05\/15\/focus-menopausa-osteoporosi-e-osteopenia\/#primaryimage"},"image":{"@id":"https:\/\/www.medisocial.it\/annapaolacavalieri\/2020\/05\/15\/focus-menopausa-osteoporosi-e-osteopenia\/#primaryimage"},"thumbnailUrl":"https:\/\/www.medisocial.it\/annapaolacavalieri\/wp-content\/uploads\/2020\/05\/Focus-menopausa-osteoporosi-e-osteopenia.jpg","datePublished":"2020-05-15T09:21:32+00:00","dateModified":"2020-06-04T17:40:39+00:00","description":"Focus Menopausa Osteoporosi e Osteopenia In questo terzo articolo dedicato alla menopausa affrontiamo il problema dell'osteoporosi e dell'osteopenia","breadcrumb":{"@id":"https:\/\/www.medisocial.it\/annapaolacavalieri\/2020\/05\/15\/focus-menopausa-osteoporosi-e-osteopenia\/#breadcrumb"},"inLanguage":"it-IT","potentialAction":[{"@type":"ReadAction","target":["https:\/\/www.medisocial.it\/annapaolacavalieri\/2020\/05\/15\/focus-menopausa-osteoporosi-e-osteopenia\/"]}]},{"@type":"ImageObject","inLanguage":"it-IT","@id":"https:\/\/www.medisocial.it\/annapaolacavalieri\/2020\/05\/15\/focus-menopausa-osteoporosi-e-osteopenia\/#primaryimage","url":"https:\/\/www.medisocial.it\/annapaolacavalieri\/wp-content\/uploads\/2020\/05\/Focus-menopausa-osteoporosi-e-osteopenia.jpg","contentUrl":"https:\/\/www.medisocial.it\/annapaolacavalieri\/wp-content\/uploads\/2020\/05\/Focus-menopausa-osteoporosi-e-osteopenia.jpg","width":500,"height":400,"caption":"Focus menopausa osteoporosi e osteopenia"},{"@type":"BreadcrumbList","@id":"https:\/\/www.medisocial.it\/annapaolacavalieri\/2020\/05\/15\/focus-menopausa-osteoporosi-e-osteopenia\/#breadcrumb","itemListElement":[{"@type":"ListItem","position":1,"name":"Home","item":"https:\/\/www.medisocial.it\/annapaolacavalieri\/"},{"@type":"ListItem","position":2,"name":"Focus Menopausa Osteoporosi e Osteopenia"}]},{"@type":"WebSite","@id":"https:\/\/www.medisocial.it\/annapaolacavalieri\/#website","url":"https:\/\/www.medisocial.it\/annapaolacavalieri\/","name":"Dott.ssa Anna Paola Cavalieri","description":"Specialista in Ostetricia e Ginecologia - Roma","publisher":{"@id":"https:\/\/www.medisocial.it\/annapaolacavalieri\/#organization"},"potentialAction":[{"@type":"SearchAction","target":{"@type":"EntryPoint","urlTemplate":"https:\/\/www.medisocial.it\/annapaolacavalieri\/?s={search_term_string}"},"query-input":{"@type":"PropertyValueSpecification","valueRequired":true,"valueName":"search_term_string"}}],"inLanguage":"it-IT"},{"@type":"Organization","@id":"https:\/\/www.medisocial.it\/annapaolacavalieri\/#organization","name":"Dott.ssa Anna Paola Cavalieri","url":"https:\/\/www.medisocial.it\/annapaolacavalieri\/","logo":{"@type":"ImageObject","inLanguage":"it-IT","@id":"https:\/\/www.medisocial.it\/annapaolacavalieri\/#\/schema\/logo\/image\/","url":"https:\/\/www.medisocial.it\/annapaolacavalieri\/wp-content\/uploads\/2019\/06\/logo7.jpg","contentUrl":"https:\/\/www.medisocial.it\/annapaolacavalieri\/wp-content\/uploads\/2019\/06\/logo7.jpg","width":242,"height":99,"caption":"Dott.ssa Anna Paola Cavalieri"},"image":{"@id":"https:\/\/www.medisocial.it\/annapaolacavalieri\/#\/schema\/logo\/image\/"}},{"@type":"Person","@id":"https:\/\/www.medisocial.it\/annapaolacavalieri\/#\/schema\/person\/1cd0bfb9ce49bd43804584df39ef2c91","name":"medisocial","image":{"@type":"ImageObject","inLanguage":"it-IT","@id":"https:\/\/www.medisocial.it\/annapaolacavalieri\/#\/schema\/person\/image\/","url":"https:\/\/secure.gravatar.com\/avatar\/efa9393110d3610a15f45429c6613084?s=96&d=mm&r=g","contentUrl":"https:\/\/secure.gravatar.com\/avatar\/efa9393110d3610a15f45429c6613084?s=96&d=mm&r=g","caption":"medisocial"}}]}},"_links":{"self":[{"href":"https:\/\/www.medisocial.it\/annapaolacavalieri\/wp-json\/wp\/v2\/posts\/455"}],"collection":[{"href":"https:\/\/www.medisocial.it\/annapaolacavalieri\/wp-json\/wp\/v2\/posts"}],"about":[{"href":"https:\/\/www.medisocial.it\/annapaolacavalieri\/wp-json\/wp\/v2\/types\/post"}],"author":[{"embeddable":true,"href":"https:\/\/www.medisocial.it\/annapaolacavalieri\/wp-json\/wp\/v2\/users\/1"}],"replies":[{"embeddable":true,"href":"https:\/\/www.medisocial.it\/annapaolacavalieri\/wp-json\/wp\/v2\/comments?post=455"}],"version-history":[{"count":1,"href":"https:\/\/www.medisocial.it\/annapaolacavalieri\/wp-json\/wp\/v2\/posts\/455\/revisions"}],"predecessor-version":[{"id":457,"href":"https:\/\/www.medisocial.it\/annapaolacavalieri\/wp-json\/wp\/v2\/posts\/455\/revisions\/457"}],"wp:featuredmedia":[{"embeddable":true,"href":"https:\/\/www.medisocial.it\/annapaolacavalieri\/wp-json\/wp\/v2\/media\/456"}],"wp:attachment":[{"href":"https:\/\/www.medisocial.it\/annapaolacavalieri\/wp-json\/wp\/v2\/media?parent=455"}],"wp:term":[{"taxonomy":"category","embeddable":true,"href":"https:\/\/www.medisocial.it\/annapaolacavalieri\/wp-json\/wp\/v2\/categories?post=455"},{"taxonomy":"post_tag","embeddable":true,"href":"https:\/\/www.medisocial.it\/annapaolacavalieri\/wp-json\/wp\/v2\/tags?post=455"}],"curies":[{"name":"wp","href":"https:\/\/api.w.org\/{rel}","templated":true}]}}