{"id":446,"date":"2020-05-07T12:12:45","date_gmt":"2020-05-07T10:12:45","guid":{"rendered":"https:\/\/www.medisocial.it\/annapaolacavalieri\/?p=446"},"modified":"2020-06-04T19:40:45","modified_gmt":"2020-06-04T17:40:45","slug":"focus-menopausa-disturbi-umore-e-disturbi-del-sonno","status":"publish","type":"post","link":"https:\/\/www.medisocial.it\/annapaolacavalieri\/2020\/05\/07\/focus-menopausa-disturbi-umore-e-disturbi-del-sonno\/","title":{"rendered":"Focus menopausa: disturbi dell\u2019umore e disturbi del sonno"},"content":{"rendered":"<p><strong>Focus menopausa: disturbi dell\u2019umore e disturbi del sonno<\/strong><\/p>\n<p>Molto frequenti in menopausa, ma anche nella fase di transizione o premenopausa, i disturbi dell\u2019umore.<\/p>\n<p>In particolare, molte donne lamentano una maggiore irritabilit\u00e0, ansia, calo del tono dell\u2019umore, difficolt\u00e0 di concentrazione e perdita della memoria.<\/p>\n<p><img loading=\"lazy\" decoding=\"async\" class=\"size-medium wp-image-447 alignleft\" src=\"https:\/\/www.medisocial.it\/annapaolacavalieri\/wp-content\/uploads\/2020\/05\/Focus-Menopausa-disturbi-umre-300x280.png\" alt=\"Focus Menopausa\" width=\"300\" height=\"280\" srcset=\"https:\/\/www.medisocial.it\/annapaolacavalieri\/wp-content\/uploads\/2020\/05\/Focus-Menopausa-disturbi-umre-300x280.png 300w, https:\/\/www.medisocial.it\/annapaolacavalieri\/wp-content\/uploads\/2020\/05\/Focus-Menopausa-disturbi-umre.png 764w\" sizes=\"(max-width: 300px) 100vw, 300px\" \/><\/p>\n<p>Tali sintomi sono in parte legati al deficit ormonale ma anche a vari fattori socio ambientali tipici di questa fase della vita femminile: uscita di casa dei figli (sindrome del nido vuoto), preoccupazione ed assistenza a genitori anziani, matrimoni in crisi, separazioni, difficolt\u00e0 nella vita lavorativa (colleghe pi\u00f9 giovani e pi\u00f9 performanti, perdita di ambizioni in chi non ha raggiunto negli anni la posizione desiderata), sensazione di invecchiamento legata alla consapevolezza della perdita di capacit\u00e0 riproduttiva.<\/p>\n<p>Tali disturbi possono anche compromettere in maniera importante la qualit\u00e0 del sonno e in generale la qualit\u00e0 di vita della donna.<\/p>\n<p>&nbsp;<\/p>\n<p><strong>Focus menopausa: disturbi dell\u2019umore e disturbi del sonno<\/strong><\/p>\n<p>I disturbi del sonno pi\u00f9 frequenti, sono frequenti risvegli notturni, a volte legati alle vampate e insonnia, legata allo stato ansioso.<\/p>\n<p><img loading=\"lazy\" decoding=\"async\" class=\"size-medium wp-image-448 alignright\" src=\"https:\/\/www.medisocial.it\/annapaolacavalieri\/wp-content\/uploads\/2020\/05\/Focus-menopausa-insonnia-300x200.jpg\" alt=\"Focus-menopausa\" width=\"300\" height=\"200\" srcset=\"https:\/\/www.medisocial.it\/annapaolacavalieri\/wp-content\/uploads\/2020\/05\/Focus-menopausa-insonnia-300x200.jpg 300w, https:\/\/www.medisocial.it\/annapaolacavalieri\/wp-content\/uploads\/2020\/05\/Focus-menopausa-insonnia.jpg 400w\" sizes=\"(max-width: 300px) 100vw, 300px\" \/><\/p>\n<p>Le donne pi\u00f9 a rischio sono quelle che hanno gi\u00e0 manifestato in passato dei disturbi dell\u2019umore ormono-dipendenti quali intenda sindrome premestruale o depressione post partum.<\/p>\n<p>\u00c8 molto importante parlare con il proprio medico di tali disturbi, intanto per escludere altre cause e poi per individuare delle strategie comportamentali o farmacologiche appropriate.<\/p>\n<p>&nbsp;<\/p>\n<p>Per ulteriori informazioni e leggere tutti gli articoli del Focus Menopausa, potete consultare i seguenti link:<\/p>\n<p><a href=\"https:\/\/www.medisocial.it\/annapaolacavalieri\/2020\/04\/30\/focus-menopausa-sindrome-urogenitale\/\" rel=\"bookmark\"><strong>Focus Menopausa: sindrome urogenitale<\/strong><\/a><\/p>\n<p><a href=\"https:\/\/www.medisocial.it\/annapaolacavalieri\/2020\/04\/23\/focus-menopausa-cosa-sono-le-vampate\/\"><strong>Focus Menopausa: cosa sono le vampate?<\/strong><\/a><\/p>\n<p><a href=\"https:\/\/www.medisocial.it\/annapaolacavalieri\/2020\/03\/26\/tos-in-menopausa\/\" rel=\"bookmark\"><strong>TOS in Menopausa<\/strong><\/a><\/p>\n<p><a href=\"https:\/\/www.medisocial.it\/annapaolacavalieri\/2020\/02\/07\/menopausa-cosa-e-e-cosa-cambia\/\"><strong>Menopausa: cosa \u00e8 e cosa cambia<\/strong><\/a><\/p>\n<p><a href=\"https:\/\/www.medisocial.it\/annapaolacavalieri\/2019\/07\/09\/menopausa-non-sempre-la-libido-e-in-calo\/\"><strong>Menopausa: non sempre la libido \u00e8 in calo<\/strong><\/a><\/p>\n","protected":false},"excerpt":{"rendered":"<p>Focus menopausa: disturbi dell\u2019umore e disturbi del sonno Molto frequenti in menopausa, ma anche nella fase di transizione o premenopausa, i disturbi dell\u2019umore. In particolare, molte donne lamentano una maggiore irritabilit\u00e0, ansia, calo del tono dell\u2019umore, difficolt\u00e0 di concentrazione e perdita della memoria. Tali sintomi sono in parte legati al deficit ormonale ma anche a [&hellip;]<\/p>\n","protected":false},"author":1,"featured_media":447,"comment_status":"open","ping_status":"open","sticky":false,"template":"","format":"standard","meta":{"_monsterinsights_skip_tracking":false,"_monsterinsights_sitenote_active":false,"_monsterinsights_sitenote_note":"","_monsterinsights_sitenote_category":0,"footnotes":""},"categories":[7,156],"tags":[147,25,130,148,39],"yoast_head":"<!-- This site is optimized with the Yoast SEO plugin v23.5 - https:\/\/yoast.com\/wordpress\/plugins\/seo\/ -->\n<title>Focus menopausa: disturbi dell\u2019umore e disturbi del sonno - Dott.ssa Anna Paola Cavalieri<\/title>\n<meta name=\"description\" content=\"Focus menopausa: disturbi dell\u2019umore e disturbi del sonno Molto frequenti in menopausa ma anche in premenopausa, i disturbi dell\u2019umore e del sonno\" \/>\n<meta name=\"robots\" content=\"index, follow, max-snippet:-1, max-image-preview:large, max-video-preview:-1\" \/>\n<link rel=\"canonical\" href=\"https:\/\/www.medisocial.it\/annapaolacavalieri\/2020\/05\/07\/focus-menopausa-disturbi-umore-e-disturbi-del-sonno\/\" \/>\n<meta property=\"og:locale\" content=\"it_IT\" \/>\n<meta property=\"og:type\" content=\"article\" \/>\n<meta property=\"og:title\" content=\"Focus menopausa: disturbi dell\u2019umore e disturbi del sonno - Dott.ssa Anna Paola Cavalieri\" \/>\n<meta property=\"og:description\" content=\"Focus menopausa: disturbi dell\u2019umore e disturbi del sonno Molto frequenti in menopausa ma anche in premenopausa, i disturbi dell\u2019umore e del sonno\" \/>\n<meta property=\"og:url\" content=\"https:\/\/www.medisocial.it\/annapaolacavalieri\/2020\/05\/07\/focus-menopausa-disturbi-umore-e-disturbi-del-sonno\/\" \/>\n<meta property=\"og:site_name\" content=\"Dott.ssa Anna Paola Cavalieri\" \/>\n<meta property=\"article:published_time\" content=\"2020-05-07T10:12:45+00:00\" \/>\n<meta property=\"article:modified_time\" content=\"2020-06-04T17:40:45+00:00\" \/>\n<meta property=\"og:image\" content=\"https:\/\/www.medisocial.it\/annapaolacavalieri\/wp-content\/uploads\/2020\/05\/Focus-Menopausa-disturbi-umre.png\" \/>\n\t<meta property=\"og:image:width\" content=\"764\" \/>\n\t<meta property=\"og:image:height\" content=\"712\" \/>\n\t<meta property=\"og:image:type\" content=\"image\/png\" \/>\n<meta name=\"author\" content=\"medisocial\" \/>\n<meta name=\"twitter:card\" content=\"summary_large_image\" \/>\n<meta name=\"twitter:label1\" content=\"Scritto da\" \/>\n\t<meta name=\"twitter:data1\" content=\"medisocial\" \/>\n\t<meta name=\"twitter:label2\" content=\"Tempo di lettura stimato\" \/>\n\t<meta name=\"twitter:data2\" content=\"1 minuto\" \/>\n<script type=\"application\/ld+json\" class=\"yoast-schema-graph\">{\"@context\":\"https:\/\/schema.org\",\"@graph\":[{\"@type\":\"Article\",\"@id\":\"https:\/\/www.medisocial.it\/annapaolacavalieri\/2020\/05\/07\/focus-menopausa-disturbi-umore-e-disturbi-del-sonno\/#article\",\"isPartOf\":{\"@id\":\"https:\/\/www.medisocial.it\/annapaolacavalieri\/2020\/05\/07\/focus-menopausa-disturbi-umore-e-disturbi-del-sonno\/\"},\"author\":{\"name\":\"medisocial\",\"@id\":\"https:\/\/www.medisocial.it\/annapaolacavalieri\/#\/schema\/person\/1cd0bfb9ce49bd43804584df39ef2c91\"},\"headline\":\"Focus menopausa: disturbi dell\u2019umore e disturbi del sonno\",\"datePublished\":\"2020-05-07T10:12:45+00:00\",\"dateModified\":\"2020-06-04T17:40:45+00:00\",\"mainEntityOfPage\":{\"@id\":\"https:\/\/www.medisocial.it\/annapaolacavalieri\/2020\/05\/07\/focus-menopausa-disturbi-umore-e-disturbi-del-sonno\/\"},\"wordCount\":276,\"commentCount\":0,\"publisher\":{\"@id\":\"https:\/\/www.medisocial.it\/annapaolacavalieri\/#organization\"},\"image\":{\"@id\":\"https:\/\/www.medisocial.it\/annapaolacavalieri\/2020\/05\/07\/focus-menopausa-disturbi-umore-e-disturbi-del-sonno\/#primaryimage\"},\"thumbnailUrl\":\"https:\/\/www.medisocial.it\/annapaolacavalieri\/wp-content\/uploads\/2020\/05\/Focus-Menopausa-disturbi-umre.png\",\"keywords\":[\"disturbi dell'umore\",\"Dottoressa Annapaola Cavalieri\",\"ginecologaroma\",\"insonnia\",\"menopausa\"],\"articleSection\":[\"Articoli\",\"Focus Menopausa\"],\"inLanguage\":\"it-IT\",\"potentialAction\":[{\"@type\":\"CommentAction\",\"name\":\"Comment\",\"target\":[\"https:\/\/www.medisocial.it\/annapaolacavalieri\/2020\/05\/07\/focus-menopausa-disturbi-umore-e-disturbi-del-sonno\/#respond\"]}]},{\"@type\":\"WebPage\",\"@id\":\"https:\/\/www.medisocial.it\/annapaolacavalieri\/2020\/05\/07\/focus-menopausa-disturbi-umore-e-disturbi-del-sonno\/\",\"url\":\"https:\/\/www.medisocial.it\/annapaolacavalieri\/2020\/05\/07\/focus-menopausa-disturbi-umore-e-disturbi-del-sonno\/\",\"name\":\"Focus menopausa: disturbi dell\u2019umore e disturbi del sonno - Dott.ssa Anna Paola Cavalieri\",\"isPartOf\":{\"@id\":\"https:\/\/www.medisocial.it\/annapaolacavalieri\/#website\"},\"primaryImageOfPage\":{\"@id\":\"https:\/\/www.medisocial.it\/annapaolacavalieri\/2020\/05\/07\/focus-menopausa-disturbi-umore-e-disturbi-del-sonno\/#primaryimage\"},\"image\":{\"@id\":\"https:\/\/www.medisocial.it\/annapaolacavalieri\/2020\/05\/07\/focus-menopausa-disturbi-umore-e-disturbi-del-sonno\/#primaryimage\"},\"thumbnailUrl\":\"https:\/\/www.medisocial.it\/annapaolacavalieri\/wp-content\/uploads\/2020\/05\/Focus-Menopausa-disturbi-umre.png\",\"datePublished\":\"2020-05-07T10:12:45+00:00\",\"dateModified\":\"2020-06-04T17:40:45+00:00\",\"description\":\"Focus menopausa: disturbi dell\u2019umore e disturbi del sonno Molto frequenti in menopausa ma anche in premenopausa, i disturbi dell\u2019umore e del sonno\",\"breadcrumb\":{\"@id\":\"https:\/\/www.medisocial.it\/annapaolacavalieri\/2020\/05\/07\/focus-menopausa-disturbi-umore-e-disturbi-del-sonno\/#breadcrumb\"},\"inLanguage\":\"it-IT\",\"potentialAction\":[{\"@type\":\"ReadAction\",\"target\":[\"https:\/\/www.medisocial.it\/annapaolacavalieri\/2020\/05\/07\/focus-menopausa-disturbi-umore-e-disturbi-del-sonno\/\"]}]},{\"@type\":\"ImageObject\",\"inLanguage\":\"it-IT\",\"@id\":\"https:\/\/www.medisocial.it\/annapaolacavalieri\/2020\/05\/07\/focus-menopausa-disturbi-umore-e-disturbi-del-sonno\/#primaryimage\",\"url\":\"https:\/\/www.medisocial.it\/annapaolacavalieri\/wp-content\/uploads\/2020\/05\/Focus-Menopausa-disturbi-umre.png\",\"contentUrl\":\"https:\/\/www.medisocial.it\/annapaolacavalieri\/wp-content\/uploads\/2020\/05\/Focus-Menopausa-disturbi-umre.png\",\"width\":764,\"height\":712,\"caption\":\"Focus Menopausa\"},{\"@type\":\"BreadcrumbList\",\"@id\":\"https:\/\/www.medisocial.it\/annapaolacavalieri\/2020\/05\/07\/focus-menopausa-disturbi-umore-e-disturbi-del-sonno\/#breadcrumb\",\"itemListElement\":[{\"@type\":\"ListItem\",\"position\":1,\"name\":\"Home\",\"item\":\"https:\/\/www.medisocial.it\/annapaolacavalieri\/\"},{\"@type\":\"ListItem\",\"position\":2,\"name\":\"Focus menopausa: disturbi dell\u2019umore e disturbi del sonno\"}]},{\"@type\":\"WebSite\",\"@id\":\"https:\/\/www.medisocial.it\/annapaolacavalieri\/#website\",\"url\":\"https:\/\/www.medisocial.it\/annapaolacavalieri\/\",\"name\":\"Dott.ssa Anna Paola Cavalieri\",\"description\":\"Specialista in Ostetricia e Ginecologia - Roma\",\"publisher\":{\"@id\":\"https:\/\/www.medisocial.it\/annapaolacavalieri\/#organization\"},\"potentialAction\":[{\"@type\":\"SearchAction\",\"target\":{\"@type\":\"EntryPoint\",\"urlTemplate\":\"https:\/\/www.medisocial.it\/annapaolacavalieri\/?s={search_term_string}\"},\"query-input\":{\"@type\":\"PropertyValueSpecification\",\"valueRequired\":true,\"valueName\":\"search_term_string\"}}],\"inLanguage\":\"it-IT\"},{\"@type\":\"Organization\",\"@id\":\"https:\/\/www.medisocial.it\/annapaolacavalieri\/#organization\",\"name\":\"Dott.ssa Anna Paola Cavalieri\",\"url\":\"https:\/\/www.medisocial.it\/annapaolacavalieri\/\",\"logo\":{\"@type\":\"ImageObject\",\"inLanguage\":\"it-IT\",\"@id\":\"https:\/\/www.medisocial.it\/annapaolacavalieri\/#\/schema\/logo\/image\/\",\"url\":\"https:\/\/www.medisocial.it\/annapaolacavalieri\/wp-content\/uploads\/2019\/06\/logo7.jpg\",\"contentUrl\":\"https:\/\/www.medisocial.it\/annapaolacavalieri\/wp-content\/uploads\/2019\/06\/logo7.jpg\",\"width\":242,\"height\":99,\"caption\":\"Dott.ssa Anna Paola Cavalieri\"},\"image\":{\"@id\":\"https:\/\/www.medisocial.it\/annapaolacavalieri\/#\/schema\/logo\/image\/\"}},{\"@type\":\"Person\",\"@id\":\"https:\/\/www.medisocial.it\/annapaolacavalieri\/#\/schema\/person\/1cd0bfb9ce49bd43804584df39ef2c91\",\"name\":\"medisocial\",\"image\":{\"@type\":\"ImageObject\",\"inLanguage\":\"it-IT\",\"@id\":\"https:\/\/www.medisocial.it\/annapaolacavalieri\/#\/schema\/person\/image\/\",\"url\":\"https:\/\/secure.gravatar.com\/avatar\/efa9393110d3610a15f45429c6613084?s=96&d=mm&r=g\",\"contentUrl\":\"https:\/\/secure.gravatar.com\/avatar\/efa9393110d3610a15f45429c6613084?s=96&d=mm&r=g\",\"caption\":\"medisocial\"}}]}<\/script>\n<!-- \/ Yoast SEO plugin. -->","yoast_head_json":{"title":"Focus menopausa: disturbi dell\u2019umore e disturbi del sonno - Dott.ssa Anna Paola Cavalieri","description":"Focus menopausa: disturbi dell\u2019umore e disturbi del sonno Molto frequenti in menopausa ma anche in premenopausa, i disturbi dell\u2019umore e del sonno","robots":{"index":"index","follow":"follow","max-snippet":"max-snippet:-1","max-image-preview":"max-image-preview:large","max-video-preview":"max-video-preview:-1"},"canonical":"https:\/\/www.medisocial.it\/annapaolacavalieri\/2020\/05\/07\/focus-menopausa-disturbi-umore-e-disturbi-del-sonno\/","og_locale":"it_IT","og_type":"article","og_title":"Focus menopausa: disturbi dell\u2019umore e disturbi del sonno - Dott.ssa Anna Paola Cavalieri","og_description":"Focus menopausa: disturbi dell\u2019umore e disturbi del sonno Molto frequenti in menopausa ma anche in premenopausa, i disturbi dell\u2019umore e del sonno","og_url":"https:\/\/www.medisocial.it\/annapaolacavalieri\/2020\/05\/07\/focus-menopausa-disturbi-umore-e-disturbi-del-sonno\/","og_site_name":"Dott.ssa Anna Paola Cavalieri","article_published_time":"2020-05-07T10:12:45+00:00","article_modified_time":"2020-06-04T17:40:45+00:00","og_image":[{"width":764,"height":712,"url":"https:\/\/www.medisocial.it\/annapaolacavalieri\/wp-content\/uploads\/2020\/05\/Focus-Menopausa-disturbi-umre.png","type":"image\/png"}],"author":"medisocial","twitter_card":"summary_large_image","twitter_misc":{"Scritto da":"medisocial","Tempo di lettura stimato":"1 minuto"},"schema":{"@context":"https:\/\/schema.org","@graph":[{"@type":"Article","@id":"https:\/\/www.medisocial.it\/annapaolacavalieri\/2020\/05\/07\/focus-menopausa-disturbi-umore-e-disturbi-del-sonno\/#article","isPartOf":{"@id":"https:\/\/www.medisocial.it\/annapaolacavalieri\/2020\/05\/07\/focus-menopausa-disturbi-umore-e-disturbi-del-sonno\/"},"author":{"name":"medisocial","@id":"https:\/\/www.medisocial.it\/annapaolacavalieri\/#\/schema\/person\/1cd0bfb9ce49bd43804584df39ef2c91"},"headline":"Focus menopausa: disturbi dell\u2019umore e disturbi del sonno","datePublished":"2020-05-07T10:12:45+00:00","dateModified":"2020-06-04T17:40:45+00:00","mainEntityOfPage":{"@id":"https:\/\/www.medisocial.it\/annapaolacavalieri\/2020\/05\/07\/focus-menopausa-disturbi-umore-e-disturbi-del-sonno\/"},"wordCount":276,"commentCount":0,"publisher":{"@id":"https:\/\/www.medisocial.it\/annapaolacavalieri\/#organization"},"image":{"@id":"https:\/\/www.medisocial.it\/annapaolacavalieri\/2020\/05\/07\/focus-menopausa-disturbi-umore-e-disturbi-del-sonno\/#primaryimage"},"thumbnailUrl":"https:\/\/www.medisocial.it\/annapaolacavalieri\/wp-content\/uploads\/2020\/05\/Focus-Menopausa-disturbi-umre.png","keywords":["disturbi dell'umore","Dottoressa Annapaola Cavalieri","ginecologaroma","insonnia","menopausa"],"articleSection":["Articoli","Focus Menopausa"],"inLanguage":"it-IT","potentialAction":[{"@type":"CommentAction","name":"Comment","target":["https:\/\/www.medisocial.it\/annapaolacavalieri\/2020\/05\/07\/focus-menopausa-disturbi-umore-e-disturbi-del-sonno\/#respond"]}]},{"@type":"WebPage","@id":"https:\/\/www.medisocial.it\/annapaolacavalieri\/2020\/05\/07\/focus-menopausa-disturbi-umore-e-disturbi-del-sonno\/","url":"https:\/\/www.medisocial.it\/annapaolacavalieri\/2020\/05\/07\/focus-menopausa-disturbi-umore-e-disturbi-del-sonno\/","name":"Focus menopausa: disturbi dell\u2019umore e disturbi del sonno - Dott.ssa Anna Paola Cavalieri","isPartOf":{"@id":"https:\/\/www.medisocial.it\/annapaolacavalieri\/#website"},"primaryImageOfPage":{"@id":"https:\/\/www.medisocial.it\/annapaolacavalieri\/2020\/05\/07\/focus-menopausa-disturbi-umore-e-disturbi-del-sonno\/#primaryimage"},"image":{"@id":"https:\/\/www.medisocial.it\/annapaolacavalieri\/2020\/05\/07\/focus-menopausa-disturbi-umore-e-disturbi-del-sonno\/#primaryimage"},"thumbnailUrl":"https:\/\/www.medisocial.it\/annapaolacavalieri\/wp-content\/uploads\/2020\/05\/Focus-Menopausa-disturbi-umre.png","datePublished":"2020-05-07T10:12:45+00:00","dateModified":"2020-06-04T17:40:45+00:00","description":"Focus menopausa: disturbi dell\u2019umore e disturbi del sonno Molto frequenti in menopausa ma anche in premenopausa, i disturbi dell\u2019umore e del sonno","breadcrumb":{"@id":"https:\/\/www.medisocial.it\/annapaolacavalieri\/2020\/05\/07\/focus-menopausa-disturbi-umore-e-disturbi-del-sonno\/#breadcrumb"},"inLanguage":"it-IT","potentialAction":[{"@type":"ReadAction","target":["https:\/\/www.medisocial.it\/annapaolacavalieri\/2020\/05\/07\/focus-menopausa-disturbi-umore-e-disturbi-del-sonno\/"]}]},{"@type":"ImageObject","inLanguage":"it-IT","@id":"https:\/\/www.medisocial.it\/annapaolacavalieri\/2020\/05\/07\/focus-menopausa-disturbi-umore-e-disturbi-del-sonno\/#primaryimage","url":"https:\/\/www.medisocial.it\/annapaolacavalieri\/wp-content\/uploads\/2020\/05\/Focus-Menopausa-disturbi-umre.png","contentUrl":"https:\/\/www.medisocial.it\/annapaolacavalieri\/wp-content\/uploads\/2020\/05\/Focus-Menopausa-disturbi-umre.png","width":764,"height":712,"caption":"Focus Menopausa"},{"@type":"BreadcrumbList","@id":"https:\/\/www.medisocial.it\/annapaolacavalieri\/2020\/05\/07\/focus-menopausa-disturbi-umore-e-disturbi-del-sonno\/#breadcrumb","itemListElement":[{"@type":"ListItem","position":1,"name":"Home","item":"https:\/\/www.medisocial.it\/annapaolacavalieri\/"},{"@type":"ListItem","position":2,"name":"Focus menopausa: disturbi dell\u2019umore e disturbi del sonno"}]},{"@type":"WebSite","@id":"https:\/\/www.medisocial.it\/annapaolacavalieri\/#website","url":"https:\/\/www.medisocial.it\/annapaolacavalieri\/","name":"Dott.ssa Anna Paola Cavalieri","description":"Specialista in Ostetricia e Ginecologia - Roma","publisher":{"@id":"https:\/\/www.medisocial.it\/annapaolacavalieri\/#organization"},"potentialAction":[{"@type":"SearchAction","target":{"@type":"EntryPoint","urlTemplate":"https:\/\/www.medisocial.it\/annapaolacavalieri\/?s={search_term_string}"},"query-input":{"@type":"PropertyValueSpecification","valueRequired":true,"valueName":"search_term_string"}}],"inLanguage":"it-IT"},{"@type":"Organization","@id":"https:\/\/www.medisocial.it\/annapaolacavalieri\/#organization","name":"Dott.ssa Anna Paola Cavalieri","url":"https:\/\/www.medisocial.it\/annapaolacavalieri\/","logo":{"@type":"ImageObject","inLanguage":"it-IT","@id":"https:\/\/www.medisocial.it\/annapaolacavalieri\/#\/schema\/logo\/image\/","url":"https:\/\/www.medisocial.it\/annapaolacavalieri\/wp-content\/uploads\/2019\/06\/logo7.jpg","contentUrl":"https:\/\/www.medisocial.it\/annapaolacavalieri\/wp-content\/uploads\/2019\/06\/logo7.jpg","width":242,"height":99,"caption":"Dott.ssa Anna Paola Cavalieri"},"image":{"@id":"https:\/\/www.medisocial.it\/annapaolacavalieri\/#\/schema\/logo\/image\/"}},{"@type":"Person","@id":"https:\/\/www.medisocial.it\/annapaolacavalieri\/#\/schema\/person\/1cd0bfb9ce49bd43804584df39ef2c91","name":"medisocial","image":{"@type":"ImageObject","inLanguage":"it-IT","@id":"https:\/\/www.medisocial.it\/annapaolacavalieri\/#\/schema\/person\/image\/","url":"https:\/\/secure.gravatar.com\/avatar\/efa9393110d3610a15f45429c6613084?s=96&d=mm&r=g","contentUrl":"https:\/\/secure.gravatar.com\/avatar\/efa9393110d3610a15f45429c6613084?s=96&d=mm&r=g","caption":"medisocial"}}]}},"_links":{"self":[{"href":"https:\/\/www.medisocial.it\/annapaolacavalieri\/wp-json\/wp\/v2\/posts\/446"}],"collection":[{"href":"https:\/\/www.medisocial.it\/annapaolacavalieri\/wp-json\/wp\/v2\/posts"}],"about":[{"href":"https:\/\/www.medisocial.it\/annapaolacavalieri\/wp-json\/wp\/v2\/types\/post"}],"author":[{"embeddable":true,"href":"https:\/\/www.medisocial.it\/annapaolacavalieri\/wp-json\/wp\/v2\/users\/1"}],"replies":[{"embeddable":true,"href":"https:\/\/www.medisocial.it\/annapaolacavalieri\/wp-json\/wp\/v2\/comments?post=446"}],"version-history":[{"count":5,"href":"https:\/\/www.medisocial.it\/annapaolacavalieri\/wp-json\/wp\/v2\/posts\/446\/revisions"}],"predecessor-version":[{"id":453,"href":"https:\/\/www.medisocial.it\/annapaolacavalieri\/wp-json\/wp\/v2\/posts\/446\/revisions\/453"}],"wp:featuredmedia":[{"embeddable":true,"href":"https:\/\/www.medisocial.it\/annapaolacavalieri\/wp-json\/wp\/v2\/media\/447"}],"wp:attachment":[{"href":"https:\/\/www.medisocial.it\/annapaolacavalieri\/wp-json\/wp\/v2\/media?parent=446"}],"wp:term":[{"taxonomy":"category","embeddable":true,"href":"https:\/\/www.medisocial.it\/annapaolacavalieri\/wp-json\/wp\/v2\/categories?post=446"},{"taxonomy":"post_tag","embeddable":true,"href":"https:\/\/www.medisocial.it\/annapaolacavalieri\/wp-json\/wp\/v2\/tags?post=446"}],"curies":[{"name":"wp","href":"https:\/\/api.w.org\/{rel}","templated":true}]}}