{"id":434,"date":"2020-04-17T19:40:43","date_gmt":"2020-04-17T17:40:43","guid":{"rendered":"https:\/\/www.medisocial.it\/annapaolacavalieri\/?p=434"},"modified":"2020-04-17T19:42:20","modified_gmt":"2020-04-17T17:42:20","slug":"ovulazione-e-perdite-vaginali","status":"publish","type":"post","link":"https:\/\/www.medisocial.it\/annapaolacavalieri\/2020\/04\/17\/ovulazione-e-perdite-vaginali\/","title":{"rendered":"Ovulazione e perdite vaginali"},"content":{"rendered":"<p>Ovulazione e perdite vaginali. Durante le varie fasi del ciclo mestruale (periodo proliferativo, ovulazione e periodo secretivo) vengono fisiologicamente prodotte diverse secrezioni vaginali che variano per consistenza, aspetto e quantit\u00e0.<\/p>\n<p>Le normali secrezioni sono inodori, non particolarmente abbondanti e la loro funzione \u00e8 quella di mantenere lubrificato idratato e pulito l\u2019ambiente vaginale.<\/p>\n<p>Nel periodo dell\u2019ovulazione, caratterizzata da perdite trasparenti e filanti simili alla chiara dell\u2019uovo, le secrezioni possono essere pi\u00f9 abbondanti, poi nel periodo successivo e fino all\u2019arrivo del ciclo mestruale, le perdite diventano meno abbondanti ma pi\u00f9 vischiose, biancastre. In caso di infezioni tali secrezioni si modificano per qualit\u00e0 e quantit\u00e0 e possono comparire disturbi associati quali cattivo odore, bruciore, prurito.<\/p>\n<p>In tali casi \u00e8 bene rivolgersi al ginecologo.<\/p>\n<p>Se riscontri problemi di ovulazione e di infezioni vaginali, prenota un consulto o una visita ai numeri indicati nel modulo <a href=\"https:\/\/www.medisocial.it\/annapaolacavalieri\/contatti\/\">Contatti<\/a><\/p>\n","protected":false},"excerpt":{"rendered":"<p>Ovulazione e perdite vaginali. Durante le varie fasi del ciclo mestruale (periodo proliferativo, ovulazione e periodo secretivo) vengono fisiologicamente prodotte diverse secrezioni vaginali che variano per consistenza, aspetto e quantit\u00e0. Le normali secrezioni sono inodori, non particolarmente abbondanti e la loro funzione \u00e8 quella di mantenere lubrificato idratato e pulito l\u2019ambiente vaginale. Nel periodo dell\u2019ovulazione, [&hellip;]<\/p>\n","protected":false},"author":1,"featured_media":400,"comment_status":"open","ping_status":"open","sticky":false,"template":"","format":"standard","meta":{"_monsterinsights_skip_tracking":false,"_monsterinsights_sitenote_active":false,"_monsterinsights_sitenote_note":"","_monsterinsights_sitenote_category":0,"footnotes":""},"categories":[7],"tags":[140,101,25,109,138,137,141,139],"yoast_head":"<!-- This site is optimized with the Yoast SEO plugin v23.5 - https:\/\/yoast.com\/wordpress\/plugins\/seo\/ -->\n<title>Ovulazione e perdite vaginali - Dott.ssa Anna Paola Cavalieri<\/title>\n<meta name=\"description\" content=\"Ovulazione e perdite vaginali. Durante le varie fasi del ciclo mestruale vengono fisiologicamente prodotte diverse secrezioni vaginali\" \/>\n<meta name=\"robots\" content=\"index, follow, max-snippet:-1, max-image-preview:large, max-video-preview:-1\" \/>\n<link rel=\"canonical\" href=\"https:\/\/www.medisocial.it\/annapaolacavalieri\/2020\/04\/17\/ovulazione-e-perdite-vaginali\/\" \/>\n<meta property=\"og:locale\" content=\"it_IT\" \/>\n<meta property=\"og:type\" content=\"article\" \/>\n<meta property=\"og:title\" content=\"Ovulazione e perdite vaginali - Dott.ssa Anna Paola Cavalieri\" \/>\n<meta property=\"og:description\" content=\"Ovulazione e perdite vaginali. Durante le varie fasi del ciclo mestruale vengono fisiologicamente prodotte diverse secrezioni vaginali\" \/>\n<meta property=\"og:url\" content=\"https:\/\/www.medisocial.it\/annapaolacavalieri\/2020\/04\/17\/ovulazione-e-perdite-vaginali\/\" \/>\n<meta property=\"og:site_name\" content=\"Dott.ssa Anna Paola Cavalieri\" \/>\n<meta property=\"article:published_time\" content=\"2020-04-17T17:40:43+00:00\" \/>\n<meta property=\"article:modified_time\" content=\"2020-04-17T17:42:20+00:00\" \/>\n<meta property=\"og:image\" content=\"https:\/\/www.medisocial.it\/annapaolacavalieri\/wp-content\/uploads\/2020\/02\/IMG_3644-1024x683.jpg\" \/>\n\t<meta property=\"og:image:width\" content=\"1024\" \/>\n\t<meta property=\"og:image:height\" content=\"683\" \/>\n\t<meta property=\"og:image:type\" content=\"image\/jpeg\" \/>\n<meta name=\"author\" content=\"medisocial\" \/>\n<meta name=\"twitter:card\" content=\"summary_large_image\" \/>\n<meta name=\"twitter:label1\" content=\"Scritto da\" \/>\n\t<meta name=\"twitter:data1\" content=\"medisocial\" \/>\n\t<meta name=\"twitter:label2\" content=\"Tempo di lettura stimato\" \/>\n\t<meta name=\"twitter:data2\" content=\"1 minuto\" \/>\n<script type=\"application\/ld+json\" class=\"yoast-schema-graph\">{\"@context\":\"https:\/\/schema.org\",\"@graph\":[{\"@type\":\"Article\",\"@id\":\"https:\/\/www.medisocial.it\/annapaolacavalieri\/2020\/04\/17\/ovulazione-e-perdite-vaginali\/#article\",\"isPartOf\":{\"@id\":\"https:\/\/www.medisocial.it\/annapaolacavalieri\/2020\/04\/17\/ovulazione-e-perdite-vaginali\/\"},\"author\":{\"name\":\"medisocial\",\"@id\":\"https:\/\/www.medisocial.it\/annapaolacavalieri\/#\/schema\/person\/1cd0bfb9ce49bd43804584df39ef2c91\"},\"headline\":\"Ovulazione e perdite vaginali\",\"datePublished\":\"2020-04-17T17:40:43+00:00\",\"dateModified\":\"2020-04-17T17:42:20+00:00\",\"mainEntityOfPage\":{\"@id\":\"https:\/\/www.medisocial.it\/annapaolacavalieri\/2020\/04\/17\/ovulazione-e-perdite-vaginali\/\"},\"wordCount\":147,\"commentCount\":0,\"publisher\":{\"@id\":\"https:\/\/www.medisocial.it\/annapaolacavalieri\/#organization\"},\"image\":{\"@id\":\"https:\/\/www.medisocial.it\/annapaolacavalieri\/2020\/04\/17\/ovulazione-e-perdite-vaginali\/#primaryimage\"},\"thumbnailUrl\":\"https:\/\/www.medisocial.it\/annapaolacavalieri\/wp-content\/uploads\/2020\/02\/IMG_3644.jpg\",\"keywords\":[\"bruciore\",\"ciclo mestruale\",\"Dottoressa Annapaola Cavalieri\",\"infezioni vaginali\",\"ovulazione\",\"perdite vaginali\",\"prurito\",\"secrezioni vaginali\"],\"articleSection\":[\"Articoli\"],\"inLanguage\":\"it-IT\",\"potentialAction\":[{\"@type\":\"CommentAction\",\"name\":\"Comment\",\"target\":[\"https:\/\/www.medisocial.it\/annapaolacavalieri\/2020\/04\/17\/ovulazione-e-perdite-vaginali\/#respond\"]}]},{\"@type\":\"WebPage\",\"@id\":\"https:\/\/www.medisocial.it\/annapaolacavalieri\/2020\/04\/17\/ovulazione-e-perdite-vaginali\/\",\"url\":\"https:\/\/www.medisocial.it\/annapaolacavalieri\/2020\/04\/17\/ovulazione-e-perdite-vaginali\/\",\"name\":\"Ovulazione e perdite vaginali - Dott.ssa Anna Paola Cavalieri\",\"isPartOf\":{\"@id\":\"https:\/\/www.medisocial.it\/annapaolacavalieri\/#website\"},\"primaryImageOfPage\":{\"@id\":\"https:\/\/www.medisocial.it\/annapaolacavalieri\/2020\/04\/17\/ovulazione-e-perdite-vaginali\/#primaryimage\"},\"image\":{\"@id\":\"https:\/\/www.medisocial.it\/annapaolacavalieri\/2020\/04\/17\/ovulazione-e-perdite-vaginali\/#primaryimage\"},\"thumbnailUrl\":\"https:\/\/www.medisocial.it\/annapaolacavalieri\/wp-content\/uploads\/2020\/02\/IMG_3644.jpg\",\"datePublished\":\"2020-04-17T17:40:43+00:00\",\"dateModified\":\"2020-04-17T17:42:20+00:00\",\"description\":\"Ovulazione e perdite vaginali. Durante le varie fasi del ciclo mestruale vengono fisiologicamente prodotte diverse secrezioni vaginali\",\"breadcrumb\":{\"@id\":\"https:\/\/www.medisocial.it\/annapaolacavalieri\/2020\/04\/17\/ovulazione-e-perdite-vaginali\/#breadcrumb\"},\"inLanguage\":\"it-IT\",\"potentialAction\":[{\"@type\":\"ReadAction\",\"target\":[\"https:\/\/www.medisocial.it\/annapaolacavalieri\/2020\/04\/17\/ovulazione-e-perdite-vaginali\/\"]}]},{\"@type\":\"ImageObject\",\"inLanguage\":\"it-IT\",\"@id\":\"https:\/\/www.medisocial.it\/annapaolacavalieri\/2020\/04\/17\/ovulazione-e-perdite-vaginali\/#primaryimage\",\"url\":\"https:\/\/www.medisocial.it\/annapaolacavalieri\/wp-content\/uploads\/2020\/02\/IMG_3644.jpg\",\"contentUrl\":\"https:\/\/www.medisocial.it\/annapaolacavalieri\/wp-content\/uploads\/2020\/02\/IMG_3644.jpg\",\"width\":5184,\"height\":3456,\"caption\":\"ovulazione e perdite vaginali\"},{\"@type\":\"BreadcrumbList\",\"@id\":\"https:\/\/www.medisocial.it\/annapaolacavalieri\/2020\/04\/17\/ovulazione-e-perdite-vaginali\/#breadcrumb\",\"itemListElement\":[{\"@type\":\"ListItem\",\"position\":1,\"name\":\"Home\",\"item\":\"https:\/\/www.medisocial.it\/annapaolacavalieri\/\"},{\"@type\":\"ListItem\",\"position\":2,\"name\":\"Ovulazione e perdite vaginali\"}]},{\"@type\":\"WebSite\",\"@id\":\"https:\/\/www.medisocial.it\/annapaolacavalieri\/#website\",\"url\":\"https:\/\/www.medisocial.it\/annapaolacavalieri\/\",\"name\":\"Dott.ssa Anna Paola Cavalieri\",\"description\":\"Specialista in Ostetricia e Ginecologia - Roma\",\"publisher\":{\"@id\":\"https:\/\/www.medisocial.it\/annapaolacavalieri\/#organization\"},\"potentialAction\":[{\"@type\":\"SearchAction\",\"target\":{\"@type\":\"EntryPoint\",\"urlTemplate\":\"https:\/\/www.medisocial.it\/annapaolacavalieri\/?s={search_term_string}\"},\"query-input\":{\"@type\":\"PropertyValueSpecification\",\"valueRequired\":true,\"valueName\":\"search_term_string\"}}],\"inLanguage\":\"it-IT\"},{\"@type\":\"Organization\",\"@id\":\"https:\/\/www.medisocial.it\/annapaolacavalieri\/#organization\",\"name\":\"Dott.ssa Anna Paola Cavalieri\",\"url\":\"https:\/\/www.medisocial.it\/annapaolacavalieri\/\",\"logo\":{\"@type\":\"ImageObject\",\"inLanguage\":\"it-IT\",\"@id\":\"https:\/\/www.medisocial.it\/annapaolacavalieri\/#\/schema\/logo\/image\/\",\"url\":\"https:\/\/www.medisocial.it\/annapaolacavalieri\/wp-content\/uploads\/2019\/06\/logo7.jpg\",\"contentUrl\":\"https:\/\/www.medisocial.it\/annapaolacavalieri\/wp-content\/uploads\/2019\/06\/logo7.jpg\",\"width\":242,\"height\":99,\"caption\":\"Dott.ssa Anna Paola Cavalieri\"},\"image\":{\"@id\":\"https:\/\/www.medisocial.it\/annapaolacavalieri\/#\/schema\/logo\/image\/\"}},{\"@type\":\"Person\",\"@id\":\"https:\/\/www.medisocial.it\/annapaolacavalieri\/#\/schema\/person\/1cd0bfb9ce49bd43804584df39ef2c91\",\"name\":\"medisocial\",\"image\":{\"@type\":\"ImageObject\",\"inLanguage\":\"it-IT\",\"@id\":\"https:\/\/www.medisocial.it\/annapaolacavalieri\/#\/schema\/person\/image\/\",\"url\":\"https:\/\/secure.gravatar.com\/avatar\/efa9393110d3610a15f45429c6613084?s=96&d=mm&r=g\",\"contentUrl\":\"https:\/\/secure.gravatar.com\/avatar\/efa9393110d3610a15f45429c6613084?s=96&d=mm&r=g\",\"caption\":\"medisocial\"}}]}<\/script>\n<!-- \/ Yoast SEO plugin. -->","yoast_head_json":{"title":"Ovulazione e perdite vaginali - Dott.ssa Anna Paola Cavalieri","description":"Ovulazione e perdite vaginali. Durante le varie fasi del ciclo mestruale vengono fisiologicamente prodotte diverse secrezioni vaginali","robots":{"index":"index","follow":"follow","max-snippet":"max-snippet:-1","max-image-preview":"max-image-preview:large","max-video-preview":"max-video-preview:-1"},"canonical":"https:\/\/www.medisocial.it\/annapaolacavalieri\/2020\/04\/17\/ovulazione-e-perdite-vaginali\/","og_locale":"it_IT","og_type":"article","og_title":"Ovulazione e perdite vaginali - Dott.ssa Anna Paola Cavalieri","og_description":"Ovulazione e perdite vaginali. Durante le varie fasi del ciclo mestruale vengono fisiologicamente prodotte diverse secrezioni vaginali","og_url":"https:\/\/www.medisocial.it\/annapaolacavalieri\/2020\/04\/17\/ovulazione-e-perdite-vaginali\/","og_site_name":"Dott.ssa Anna Paola Cavalieri","article_published_time":"2020-04-17T17:40:43+00:00","article_modified_time":"2020-04-17T17:42:20+00:00","og_image":[{"width":1024,"height":683,"url":"https:\/\/www.medisocial.it\/annapaolacavalieri\/wp-content\/uploads\/2020\/02\/IMG_3644-1024x683.jpg","type":"image\/jpeg"}],"author":"medisocial","twitter_card":"summary_large_image","twitter_misc":{"Scritto da":"medisocial","Tempo di lettura stimato":"1 minuto"},"schema":{"@context":"https:\/\/schema.org","@graph":[{"@type":"Article","@id":"https:\/\/www.medisocial.it\/annapaolacavalieri\/2020\/04\/17\/ovulazione-e-perdite-vaginali\/#article","isPartOf":{"@id":"https:\/\/www.medisocial.it\/annapaolacavalieri\/2020\/04\/17\/ovulazione-e-perdite-vaginali\/"},"author":{"name":"medisocial","@id":"https:\/\/www.medisocial.it\/annapaolacavalieri\/#\/schema\/person\/1cd0bfb9ce49bd43804584df39ef2c91"},"headline":"Ovulazione e perdite vaginali","datePublished":"2020-04-17T17:40:43+00:00","dateModified":"2020-04-17T17:42:20+00:00","mainEntityOfPage":{"@id":"https:\/\/www.medisocial.it\/annapaolacavalieri\/2020\/04\/17\/ovulazione-e-perdite-vaginali\/"},"wordCount":147,"commentCount":0,"publisher":{"@id":"https:\/\/www.medisocial.it\/annapaolacavalieri\/#organization"},"image":{"@id":"https:\/\/www.medisocial.it\/annapaolacavalieri\/2020\/04\/17\/ovulazione-e-perdite-vaginali\/#primaryimage"},"thumbnailUrl":"https:\/\/www.medisocial.it\/annapaolacavalieri\/wp-content\/uploads\/2020\/02\/IMG_3644.jpg","keywords":["bruciore","ciclo mestruale","Dottoressa Annapaola Cavalieri","infezioni vaginali","ovulazione","perdite vaginali","prurito","secrezioni vaginali"],"articleSection":["Articoli"],"inLanguage":"it-IT","potentialAction":[{"@type":"CommentAction","name":"Comment","target":["https:\/\/www.medisocial.it\/annapaolacavalieri\/2020\/04\/17\/ovulazione-e-perdite-vaginali\/#respond"]}]},{"@type":"WebPage","@id":"https:\/\/www.medisocial.it\/annapaolacavalieri\/2020\/04\/17\/ovulazione-e-perdite-vaginali\/","url":"https:\/\/www.medisocial.it\/annapaolacavalieri\/2020\/04\/17\/ovulazione-e-perdite-vaginali\/","name":"Ovulazione e perdite vaginali - Dott.ssa Anna Paola Cavalieri","isPartOf":{"@id":"https:\/\/www.medisocial.it\/annapaolacavalieri\/#website"},"primaryImageOfPage":{"@id":"https:\/\/www.medisocial.it\/annapaolacavalieri\/2020\/04\/17\/ovulazione-e-perdite-vaginali\/#primaryimage"},"image":{"@id":"https:\/\/www.medisocial.it\/annapaolacavalieri\/2020\/04\/17\/ovulazione-e-perdite-vaginali\/#primaryimage"},"thumbnailUrl":"https:\/\/www.medisocial.it\/annapaolacavalieri\/wp-content\/uploads\/2020\/02\/IMG_3644.jpg","datePublished":"2020-04-17T17:40:43+00:00","dateModified":"2020-04-17T17:42:20+00:00","description":"Ovulazione e perdite vaginali. Durante le varie fasi del ciclo mestruale vengono fisiologicamente prodotte diverse secrezioni vaginali","breadcrumb":{"@id":"https:\/\/www.medisocial.it\/annapaolacavalieri\/2020\/04\/17\/ovulazione-e-perdite-vaginali\/#breadcrumb"},"inLanguage":"it-IT","potentialAction":[{"@type":"ReadAction","target":["https:\/\/www.medisocial.it\/annapaolacavalieri\/2020\/04\/17\/ovulazione-e-perdite-vaginali\/"]}]},{"@type":"ImageObject","inLanguage":"it-IT","@id":"https:\/\/www.medisocial.it\/annapaolacavalieri\/2020\/04\/17\/ovulazione-e-perdite-vaginali\/#primaryimage","url":"https:\/\/www.medisocial.it\/annapaolacavalieri\/wp-content\/uploads\/2020\/02\/IMG_3644.jpg","contentUrl":"https:\/\/www.medisocial.it\/annapaolacavalieri\/wp-content\/uploads\/2020\/02\/IMG_3644.jpg","width":5184,"height":3456,"caption":"ovulazione e perdite vaginali"},{"@type":"BreadcrumbList","@id":"https:\/\/www.medisocial.it\/annapaolacavalieri\/2020\/04\/17\/ovulazione-e-perdite-vaginali\/#breadcrumb","itemListElement":[{"@type":"ListItem","position":1,"name":"Home","item":"https:\/\/www.medisocial.it\/annapaolacavalieri\/"},{"@type":"ListItem","position":2,"name":"Ovulazione e perdite vaginali"}]},{"@type":"WebSite","@id":"https:\/\/www.medisocial.it\/annapaolacavalieri\/#website","url":"https:\/\/www.medisocial.it\/annapaolacavalieri\/","name":"Dott.ssa Anna Paola Cavalieri","description":"Specialista in Ostetricia e Ginecologia - Roma","publisher":{"@id":"https:\/\/www.medisocial.it\/annapaolacavalieri\/#organization"},"potentialAction":[{"@type":"SearchAction","target":{"@type":"EntryPoint","urlTemplate":"https:\/\/www.medisocial.it\/annapaolacavalieri\/?s={search_term_string}"},"query-input":{"@type":"PropertyValueSpecification","valueRequired":true,"valueName":"search_term_string"}}],"inLanguage":"it-IT"},{"@type":"Organization","@id":"https:\/\/www.medisocial.it\/annapaolacavalieri\/#organization","name":"Dott.ssa Anna Paola Cavalieri","url":"https:\/\/www.medisocial.it\/annapaolacavalieri\/","logo":{"@type":"ImageObject","inLanguage":"it-IT","@id":"https:\/\/www.medisocial.it\/annapaolacavalieri\/#\/schema\/logo\/image\/","url":"https:\/\/www.medisocial.it\/annapaolacavalieri\/wp-content\/uploads\/2019\/06\/logo7.jpg","contentUrl":"https:\/\/www.medisocial.it\/annapaolacavalieri\/wp-content\/uploads\/2019\/06\/logo7.jpg","width":242,"height":99,"caption":"Dott.ssa Anna Paola Cavalieri"},"image":{"@id":"https:\/\/www.medisocial.it\/annapaolacavalieri\/#\/schema\/logo\/image\/"}},{"@type":"Person","@id":"https:\/\/www.medisocial.it\/annapaolacavalieri\/#\/schema\/person\/1cd0bfb9ce49bd43804584df39ef2c91","name":"medisocial","image":{"@type":"ImageObject","inLanguage":"it-IT","@id":"https:\/\/www.medisocial.it\/annapaolacavalieri\/#\/schema\/person\/image\/","url":"https:\/\/secure.gravatar.com\/avatar\/efa9393110d3610a15f45429c6613084?s=96&d=mm&r=g","contentUrl":"https:\/\/secure.gravatar.com\/avatar\/efa9393110d3610a15f45429c6613084?s=96&d=mm&r=g","caption":"medisocial"}}]}},"_links":{"self":[{"href":"https:\/\/www.medisocial.it\/annapaolacavalieri\/wp-json\/wp\/v2\/posts\/434"}],"collection":[{"href":"https:\/\/www.medisocial.it\/annapaolacavalieri\/wp-json\/wp\/v2\/posts"}],"about":[{"href":"https:\/\/www.medisocial.it\/annapaolacavalieri\/wp-json\/wp\/v2\/types\/post"}],"author":[{"embeddable":true,"href":"https:\/\/www.medisocial.it\/annapaolacavalieri\/wp-json\/wp\/v2\/users\/1"}],"replies":[{"embeddable":true,"href":"https:\/\/www.medisocial.it\/annapaolacavalieri\/wp-json\/wp\/v2\/comments?post=434"}],"version-history":[{"count":2,"href":"https:\/\/www.medisocial.it\/annapaolacavalieri\/wp-json\/wp\/v2\/posts\/434\/revisions"}],"predecessor-version":[{"id":436,"href":"https:\/\/www.medisocial.it\/annapaolacavalieri\/wp-json\/wp\/v2\/posts\/434\/revisions\/436"}],"wp:featuredmedia":[{"embeddable":true,"href":"https:\/\/www.medisocial.it\/annapaolacavalieri\/wp-json\/wp\/v2\/media\/400"}],"wp:attachment":[{"href":"https:\/\/www.medisocial.it\/annapaolacavalieri\/wp-json\/wp\/v2\/media?parent=434"}],"wp:term":[{"taxonomy":"category","embeddable":true,"href":"https:\/\/www.medisocial.it\/annapaolacavalieri\/wp-json\/wp\/v2\/categories?post=434"},{"taxonomy":"post_tag","embeddable":true,"href":"https:\/\/www.medisocial.it\/annapaolacavalieri\/wp-json\/wp\/v2\/tags?post=434"}],"curies":[{"name":"wp","href":"https:\/\/api.w.org\/{rel}","templated":true}]}}