{"id":43,"date":"2019-06-24T20:28:30","date_gmt":"2019-06-24T18:28:30","guid":{"rendered":"http:\/\/www.medisocial.it\/annapaolacavalieri\/?p=43"},"modified":"2019-10-02T19:12:23","modified_gmt":"2019-10-02T17:12:23","slug":"il-parto-cesareo-dolce","status":"publish","type":"post","link":"https:\/\/www.medisocial.it\/annapaolacavalieri\/2019\/06\/24\/il-parto-cesareo-dolce\/","title":{"rendered":"Il Parto cesareo dolce"},"content":{"rendered":"\r\n<div class=\"item-ex\">\r\n<p>Il cesareo cosiddetto \u201cdolce\u201d \u00e8 una tecnica chirurgica che unisce alla tecnica classica nell\u2019eseguire un taglio cesareo, una serie di accortezze per quello che riguarda anche l\u2019aspetto emotivo e intimo della mamma e del pap\u00e0.<\/p>\r\n<p>In pratica si tratta di un cesareo eseguito secondo la tecnica standard ma con la possibilit\u00e0, per esempio, di avere una persona che accompagni la mamma in sala operatoria che solitamente \u00e8 il pap\u00e0. Nel momento in cui il bimbo nasce si cerca di farlo in maniera poco traumatica, quindi, un\u2019estrazione piuttosto dolce, non troppo rapida e se possibile lasciando il sacco amniotico integro fino alla fine. Una volta che il bimbo nasce e, ovviamente, se il bimbo sta bene, ma presumibilmente \u00e8 cos\u00ec, si passa direttamente alla mamma con un contatto pelle a pelle precocissimo; si \u00e8 visto che lo \u201cskin to skin\u201d \u00e8 fondamentale per l\u2019inizio di un buon rapporto madre-bambino nonch\u00e9 anche per un avviamento migliore dell\u2019allattamento.<\/p>\r\n<p>In alcuni ospedali c\u2019\u00e8 addirittura la possibilit\u00e0, in alcuni casi, di lasciare il cordone integro per qualche minuto, per permettere al sangue placentare di fluire attraverso il cordone al bambino quando solitamente durante un cesareo si taglia immediatamente; sono delle piccole attenzioni che per\u00f2 fanno la differenza per una mamma e per un pap\u00e0.<\/p>\r\n<\/div>\r\n","protected":false},"excerpt":{"rendered":"<p>Il cesareo cosiddetto \u201cdolce\u201d \u00e8 una tecnica chirurgica che unisce alla tecnica classica nell\u2019eseguire un taglio cesareo, una serie di accortezze per quello che riguarda anche l\u2019aspetto emotivo e intimo della mamma e del pap\u00e0. In pratica si tratta di un cesareo eseguito secondo la tecnica standard ma con la possibilit\u00e0, per esempio, di avere [&hellip;]<\/p>\n","protected":false},"author":1,"featured_media":202,"comment_status":"open","ping_status":"open","sticky":false,"template":"","format":"video","meta":{"_monsterinsights_skip_tracking":false,"_monsterinsights_sitenote_active":false,"_monsterinsights_sitenote_note":"","_monsterinsights_sitenote_category":0,"footnotes":""},"categories":[5],"tags":[],"yoast_head":"<!-- This site is optimized with the Yoast SEO plugin v23.5 - https:\/\/yoast.com\/wordpress\/plugins\/seo\/ -->\n<title>Il Parto cesareo dolce - Dott.ssa Anna Paola Cavalieri<\/title>\n<meta name=\"robots\" content=\"index, follow, max-snippet:-1, max-image-preview:large, max-video-preview:-1\" \/>\n<link rel=\"canonical\" href=\"https:\/\/www.medisocial.it\/annapaolacavalieri\/2019\/06\/24\/il-parto-cesareo-dolce\/\" \/>\n<meta property=\"og:locale\" content=\"it_IT\" \/>\n<meta property=\"og:type\" content=\"article\" \/>\n<meta property=\"og:title\" content=\"Il Parto cesareo dolce - Dott.ssa Anna Paola Cavalieri\" \/>\n<meta property=\"og:description\" content=\"Il cesareo cosiddetto \u201cdolce\u201d \u00e8 una tecnica chirurgica che unisce alla tecnica classica nell\u2019eseguire un taglio cesareo, una serie di accortezze per quello che riguarda anche l\u2019aspetto emotivo e intimo della mamma e del pap\u00e0. In pratica si tratta di un cesareo eseguito secondo la tecnica standard ma con la possibilit\u00e0, per esempio, di avere [&hellip;]\" \/>\n<meta property=\"og:url\" content=\"https:\/\/www.medisocial.it\/annapaolacavalieri\/2019\/06\/24\/il-parto-cesareo-dolce\/\" \/>\n<meta property=\"og:site_name\" content=\"Dott.ssa Anna Paola Cavalieri\" \/>\n<meta property=\"article:published_time\" content=\"2019-06-24T18:28:30+00:00\" \/>\n<meta property=\"article:modified_time\" content=\"2019-10-02T17:12:23+00:00\" \/>\n<meta property=\"og:image\" content=\"https:\/\/www.medisocial.it\/annapaolacavalieri\/wp-content\/uploads\/2019\/06\/MadreFiglio.jpg\" \/>\n\t<meta property=\"og:image:width\" content=\"650\" \/>\n\t<meta property=\"og:image:height\" content=\"450\" \/>\n\t<meta property=\"og:image:type\" content=\"image\/jpeg\" \/>\n<meta name=\"author\" content=\"medisocial\" \/>\n<meta name=\"twitter:card\" content=\"summary_large_image\" \/>\n<meta name=\"twitter:label1\" content=\"Scritto da\" \/>\n\t<meta name=\"twitter:data1\" content=\"medisocial\" \/>\n\t<meta name=\"twitter:label2\" content=\"Tempo di lettura stimato\" \/>\n\t<meta name=\"twitter:data2\" content=\"1 minuto\" \/>\n<script type=\"application\/ld+json\" class=\"yoast-schema-graph\">{\"@context\":\"https:\/\/schema.org\",\"@graph\":[{\"@type\":\"Article\",\"@id\":\"https:\/\/www.medisocial.it\/annapaolacavalieri\/2019\/06\/24\/il-parto-cesareo-dolce\/#article\",\"isPartOf\":{\"@id\":\"https:\/\/www.medisocial.it\/annapaolacavalieri\/2019\/06\/24\/il-parto-cesareo-dolce\/\"},\"author\":{\"name\":\"medisocial\",\"@id\":\"https:\/\/www.medisocial.it\/annapaolacavalieri\/#\/schema\/person\/1cd0bfb9ce49bd43804584df39ef2c91\"},\"headline\":\"Il Parto cesareo dolce\",\"datePublished\":\"2019-06-24T18:28:30+00:00\",\"dateModified\":\"2019-10-02T17:12:23+00:00\",\"mainEntityOfPage\":{\"@id\":\"https:\/\/www.medisocial.it\/annapaolacavalieri\/2019\/06\/24\/il-parto-cesareo-dolce\/\"},\"wordCount\":213,\"commentCount\":0,\"publisher\":{\"@id\":\"https:\/\/www.medisocial.it\/annapaolacavalieri\/#organization\"},\"image\":{\"@id\":\"https:\/\/www.medisocial.it\/annapaolacavalieri\/2019\/06\/24\/il-parto-cesareo-dolce\/#primaryimage\"},\"thumbnailUrl\":\"https:\/\/www.medisocial.it\/annapaolacavalieri\/wp-content\/uploads\/2019\/06\/MadreFiglio.jpg\",\"articleSection\":[\"Video\"],\"inLanguage\":\"it-IT\",\"potentialAction\":[{\"@type\":\"CommentAction\",\"name\":\"Comment\",\"target\":[\"https:\/\/www.medisocial.it\/annapaolacavalieri\/2019\/06\/24\/il-parto-cesareo-dolce\/#respond\"]}]},{\"@type\":\"WebPage\",\"@id\":\"https:\/\/www.medisocial.it\/annapaolacavalieri\/2019\/06\/24\/il-parto-cesareo-dolce\/\",\"url\":\"https:\/\/www.medisocial.it\/annapaolacavalieri\/2019\/06\/24\/il-parto-cesareo-dolce\/\",\"name\":\"Il Parto cesareo dolce - Dott.ssa Anna Paola Cavalieri\",\"isPartOf\":{\"@id\":\"https:\/\/www.medisocial.it\/annapaolacavalieri\/#website\"},\"primaryImageOfPage\":{\"@id\":\"https:\/\/www.medisocial.it\/annapaolacavalieri\/2019\/06\/24\/il-parto-cesareo-dolce\/#primaryimage\"},\"image\":{\"@id\":\"https:\/\/www.medisocial.it\/annapaolacavalieri\/2019\/06\/24\/il-parto-cesareo-dolce\/#primaryimage\"},\"thumbnailUrl\":\"https:\/\/www.medisocial.it\/annapaolacavalieri\/wp-content\/uploads\/2019\/06\/MadreFiglio.jpg\",\"datePublished\":\"2019-06-24T18:28:30+00:00\",\"dateModified\":\"2019-10-02T17:12:23+00:00\",\"breadcrumb\":{\"@id\":\"https:\/\/www.medisocial.it\/annapaolacavalieri\/2019\/06\/24\/il-parto-cesareo-dolce\/#breadcrumb\"},\"inLanguage\":\"it-IT\",\"potentialAction\":[{\"@type\":\"ReadAction\",\"target\":[\"https:\/\/www.medisocial.it\/annapaolacavalieri\/2019\/06\/24\/il-parto-cesareo-dolce\/\"]}]},{\"@type\":\"ImageObject\",\"inLanguage\":\"it-IT\",\"@id\":\"https:\/\/www.medisocial.it\/annapaolacavalieri\/2019\/06\/24\/il-parto-cesareo-dolce\/#primaryimage\",\"url\":\"https:\/\/www.medisocial.it\/annapaolacavalieri\/wp-content\/uploads\/2019\/06\/MadreFiglio.jpg\",\"contentUrl\":\"https:\/\/www.medisocial.it\/annapaolacavalieri\/wp-content\/uploads\/2019\/06\/MadreFiglio.jpg\",\"width\":650,\"height\":450,\"caption\":\"Ostetricia Dolce\"},{\"@type\":\"BreadcrumbList\",\"@id\":\"https:\/\/www.medisocial.it\/annapaolacavalieri\/2019\/06\/24\/il-parto-cesareo-dolce\/#breadcrumb\",\"itemListElement\":[{\"@type\":\"ListItem\",\"position\":1,\"name\":\"Home\",\"item\":\"https:\/\/www.medisocial.it\/annapaolacavalieri\/\"},{\"@type\":\"ListItem\",\"position\":2,\"name\":\"Il Parto cesareo dolce\"}]},{\"@type\":\"WebSite\",\"@id\":\"https:\/\/www.medisocial.it\/annapaolacavalieri\/#website\",\"url\":\"https:\/\/www.medisocial.it\/annapaolacavalieri\/\",\"name\":\"Dott.ssa Anna Paola Cavalieri\",\"description\":\"Specialista in Ostetricia e Ginecologia - Roma\",\"publisher\":{\"@id\":\"https:\/\/www.medisocial.it\/annapaolacavalieri\/#organization\"},\"potentialAction\":[{\"@type\":\"SearchAction\",\"target\":{\"@type\":\"EntryPoint\",\"urlTemplate\":\"https:\/\/www.medisocial.it\/annapaolacavalieri\/?s={search_term_string}\"},\"query-input\":{\"@type\":\"PropertyValueSpecification\",\"valueRequired\":true,\"valueName\":\"search_term_string\"}}],\"inLanguage\":\"it-IT\"},{\"@type\":\"Organization\",\"@id\":\"https:\/\/www.medisocial.it\/annapaolacavalieri\/#organization\",\"name\":\"Dott.ssa Anna Paola Cavalieri\",\"url\":\"https:\/\/www.medisocial.it\/annapaolacavalieri\/\",\"logo\":{\"@type\":\"ImageObject\",\"inLanguage\":\"it-IT\",\"@id\":\"https:\/\/www.medisocial.it\/annapaolacavalieri\/#\/schema\/logo\/image\/\",\"url\":\"https:\/\/www.medisocial.it\/annapaolacavalieri\/wp-content\/uploads\/2019\/06\/logo7.jpg\",\"contentUrl\":\"https:\/\/www.medisocial.it\/annapaolacavalieri\/wp-content\/uploads\/2019\/06\/logo7.jpg\",\"width\":242,\"height\":99,\"caption\":\"Dott.ssa Anna Paola Cavalieri\"},\"image\":{\"@id\":\"https:\/\/www.medisocial.it\/annapaolacavalieri\/#\/schema\/logo\/image\/\"}},{\"@type\":\"Person\",\"@id\":\"https:\/\/www.medisocial.it\/annapaolacavalieri\/#\/schema\/person\/1cd0bfb9ce49bd43804584df39ef2c91\",\"name\":\"medisocial\",\"image\":{\"@type\":\"ImageObject\",\"inLanguage\":\"it-IT\",\"@id\":\"https:\/\/www.medisocial.it\/annapaolacavalieri\/#\/schema\/person\/image\/\",\"url\":\"https:\/\/secure.gravatar.com\/avatar\/efa9393110d3610a15f45429c6613084?s=96&d=mm&r=g\",\"contentUrl\":\"https:\/\/secure.gravatar.com\/avatar\/efa9393110d3610a15f45429c6613084?s=96&d=mm&r=g\",\"caption\":\"medisocial\"}}]}<\/script>\n<!-- \/ Yoast SEO plugin. -->","yoast_head_json":{"title":"Il Parto cesareo dolce - Dott.ssa Anna Paola Cavalieri","robots":{"index":"index","follow":"follow","max-snippet":"max-snippet:-1","max-image-preview":"max-image-preview:large","max-video-preview":"max-video-preview:-1"},"canonical":"https:\/\/www.medisocial.it\/annapaolacavalieri\/2019\/06\/24\/il-parto-cesareo-dolce\/","og_locale":"it_IT","og_type":"article","og_title":"Il Parto cesareo dolce - Dott.ssa Anna Paola Cavalieri","og_description":"Il cesareo cosiddetto \u201cdolce\u201d \u00e8 una tecnica chirurgica che unisce alla tecnica classica nell\u2019eseguire un taglio cesareo, una serie di accortezze per quello che riguarda anche l\u2019aspetto emotivo e intimo della mamma e del pap\u00e0. In pratica si tratta di un cesareo eseguito secondo la tecnica standard ma con la possibilit\u00e0, per esempio, di avere [&hellip;]","og_url":"https:\/\/www.medisocial.it\/annapaolacavalieri\/2019\/06\/24\/il-parto-cesareo-dolce\/","og_site_name":"Dott.ssa Anna Paola Cavalieri","article_published_time":"2019-06-24T18:28:30+00:00","article_modified_time":"2019-10-02T17:12:23+00:00","og_image":[{"width":650,"height":450,"url":"https:\/\/www.medisocial.it\/annapaolacavalieri\/wp-content\/uploads\/2019\/06\/MadreFiglio.jpg","type":"image\/jpeg"}],"author":"medisocial","twitter_card":"summary_large_image","twitter_misc":{"Scritto da":"medisocial","Tempo di lettura stimato":"1 minuto"},"schema":{"@context":"https:\/\/schema.org","@graph":[{"@type":"Article","@id":"https:\/\/www.medisocial.it\/annapaolacavalieri\/2019\/06\/24\/il-parto-cesareo-dolce\/#article","isPartOf":{"@id":"https:\/\/www.medisocial.it\/annapaolacavalieri\/2019\/06\/24\/il-parto-cesareo-dolce\/"},"author":{"name":"medisocial","@id":"https:\/\/www.medisocial.it\/annapaolacavalieri\/#\/schema\/person\/1cd0bfb9ce49bd43804584df39ef2c91"},"headline":"Il Parto cesareo dolce","datePublished":"2019-06-24T18:28:30+00:00","dateModified":"2019-10-02T17:12:23+00:00","mainEntityOfPage":{"@id":"https:\/\/www.medisocial.it\/annapaolacavalieri\/2019\/06\/24\/il-parto-cesareo-dolce\/"},"wordCount":213,"commentCount":0,"publisher":{"@id":"https:\/\/www.medisocial.it\/annapaolacavalieri\/#organization"},"image":{"@id":"https:\/\/www.medisocial.it\/annapaolacavalieri\/2019\/06\/24\/il-parto-cesareo-dolce\/#primaryimage"},"thumbnailUrl":"https:\/\/www.medisocial.it\/annapaolacavalieri\/wp-content\/uploads\/2019\/06\/MadreFiglio.jpg","articleSection":["Video"],"inLanguage":"it-IT","potentialAction":[{"@type":"CommentAction","name":"Comment","target":["https:\/\/www.medisocial.it\/annapaolacavalieri\/2019\/06\/24\/il-parto-cesareo-dolce\/#respond"]}]},{"@type":"WebPage","@id":"https:\/\/www.medisocial.it\/annapaolacavalieri\/2019\/06\/24\/il-parto-cesareo-dolce\/","url":"https:\/\/www.medisocial.it\/annapaolacavalieri\/2019\/06\/24\/il-parto-cesareo-dolce\/","name":"Il Parto cesareo dolce - Dott.ssa Anna Paola Cavalieri","isPartOf":{"@id":"https:\/\/www.medisocial.it\/annapaolacavalieri\/#website"},"primaryImageOfPage":{"@id":"https:\/\/www.medisocial.it\/annapaolacavalieri\/2019\/06\/24\/il-parto-cesareo-dolce\/#primaryimage"},"image":{"@id":"https:\/\/www.medisocial.it\/annapaolacavalieri\/2019\/06\/24\/il-parto-cesareo-dolce\/#primaryimage"},"thumbnailUrl":"https:\/\/www.medisocial.it\/annapaolacavalieri\/wp-content\/uploads\/2019\/06\/MadreFiglio.jpg","datePublished":"2019-06-24T18:28:30+00:00","dateModified":"2019-10-02T17:12:23+00:00","breadcrumb":{"@id":"https:\/\/www.medisocial.it\/annapaolacavalieri\/2019\/06\/24\/il-parto-cesareo-dolce\/#breadcrumb"},"inLanguage":"it-IT","potentialAction":[{"@type":"ReadAction","target":["https:\/\/www.medisocial.it\/annapaolacavalieri\/2019\/06\/24\/il-parto-cesareo-dolce\/"]}]},{"@type":"ImageObject","inLanguage":"it-IT","@id":"https:\/\/www.medisocial.it\/annapaolacavalieri\/2019\/06\/24\/il-parto-cesareo-dolce\/#primaryimage","url":"https:\/\/www.medisocial.it\/annapaolacavalieri\/wp-content\/uploads\/2019\/06\/MadreFiglio.jpg","contentUrl":"https:\/\/www.medisocial.it\/annapaolacavalieri\/wp-content\/uploads\/2019\/06\/MadreFiglio.jpg","width":650,"height":450,"caption":"Ostetricia Dolce"},{"@type":"BreadcrumbList","@id":"https:\/\/www.medisocial.it\/annapaolacavalieri\/2019\/06\/24\/il-parto-cesareo-dolce\/#breadcrumb","itemListElement":[{"@type":"ListItem","position":1,"name":"Home","item":"https:\/\/www.medisocial.it\/annapaolacavalieri\/"},{"@type":"ListItem","position":2,"name":"Il Parto cesareo dolce"}]},{"@type":"WebSite","@id":"https:\/\/www.medisocial.it\/annapaolacavalieri\/#website","url":"https:\/\/www.medisocial.it\/annapaolacavalieri\/","name":"Dott.ssa Anna Paola Cavalieri","description":"Specialista in Ostetricia e Ginecologia - Roma","publisher":{"@id":"https:\/\/www.medisocial.it\/annapaolacavalieri\/#organization"},"potentialAction":[{"@type":"SearchAction","target":{"@type":"EntryPoint","urlTemplate":"https:\/\/www.medisocial.it\/annapaolacavalieri\/?s={search_term_string}"},"query-input":{"@type":"PropertyValueSpecification","valueRequired":true,"valueName":"search_term_string"}}],"inLanguage":"it-IT"},{"@type":"Organization","@id":"https:\/\/www.medisocial.it\/annapaolacavalieri\/#organization","name":"Dott.ssa Anna Paola Cavalieri","url":"https:\/\/www.medisocial.it\/annapaolacavalieri\/","logo":{"@type":"ImageObject","inLanguage":"it-IT","@id":"https:\/\/www.medisocial.it\/annapaolacavalieri\/#\/schema\/logo\/image\/","url":"https:\/\/www.medisocial.it\/annapaolacavalieri\/wp-content\/uploads\/2019\/06\/logo7.jpg","contentUrl":"https:\/\/www.medisocial.it\/annapaolacavalieri\/wp-content\/uploads\/2019\/06\/logo7.jpg","width":242,"height":99,"caption":"Dott.ssa Anna Paola Cavalieri"},"image":{"@id":"https:\/\/www.medisocial.it\/annapaolacavalieri\/#\/schema\/logo\/image\/"}},{"@type":"Person","@id":"https:\/\/www.medisocial.it\/annapaolacavalieri\/#\/schema\/person\/1cd0bfb9ce49bd43804584df39ef2c91","name":"medisocial","image":{"@type":"ImageObject","inLanguage":"it-IT","@id":"https:\/\/www.medisocial.it\/annapaolacavalieri\/#\/schema\/person\/image\/","url":"https:\/\/secure.gravatar.com\/avatar\/efa9393110d3610a15f45429c6613084?s=96&d=mm&r=g","contentUrl":"https:\/\/secure.gravatar.com\/avatar\/efa9393110d3610a15f45429c6613084?s=96&d=mm&r=g","caption":"medisocial"}}]}},"_links":{"self":[{"href":"https:\/\/www.medisocial.it\/annapaolacavalieri\/wp-json\/wp\/v2\/posts\/43"}],"collection":[{"href":"https:\/\/www.medisocial.it\/annapaolacavalieri\/wp-json\/wp\/v2\/posts"}],"about":[{"href":"https:\/\/www.medisocial.it\/annapaolacavalieri\/wp-json\/wp\/v2\/types\/post"}],"author":[{"embeddable":true,"href":"https:\/\/www.medisocial.it\/annapaolacavalieri\/wp-json\/wp\/v2\/users\/1"}],"replies":[{"embeddable":true,"href":"https:\/\/www.medisocial.it\/annapaolacavalieri\/wp-json\/wp\/v2\/comments?post=43"}],"version-history":[{"count":4,"href":"https:\/\/www.medisocial.it\/annapaolacavalieri\/wp-json\/wp\/v2\/posts\/43\/revisions"}],"predecessor-version":[{"id":116,"href":"https:\/\/www.medisocial.it\/annapaolacavalieri\/wp-json\/wp\/v2\/posts\/43\/revisions\/116"}],"wp:featuredmedia":[{"embeddable":true,"href":"https:\/\/www.medisocial.it\/annapaolacavalieri\/wp-json\/wp\/v2\/media\/202"}],"wp:attachment":[{"href":"https:\/\/www.medisocial.it\/annapaolacavalieri\/wp-json\/wp\/v2\/media?parent=43"}],"wp:term":[{"taxonomy":"category","embeddable":true,"href":"https:\/\/www.medisocial.it\/annapaolacavalieri\/wp-json\/wp\/v2\/categories?post=43"},{"taxonomy":"post_tag","embeddable":true,"href":"https:\/\/www.medisocial.it\/annapaolacavalieri\/wp-json\/wp\/v2\/tags?post=43"}],"curies":[{"name":"wp","href":"https:\/\/api.w.org\/{rel}","templated":true}]}}