{"id":422,"date":"2020-03-20T10:46:51","date_gmt":"2020-03-20T09:46:51","guid":{"rendered":"https:\/\/www.medisocial.it\/annapaolacavalieri\/?p=422"},"modified":"2020-03-20T10:46:51","modified_gmt":"2020-03-20T09:46:51","slug":"allattamento-al-seno-e-ciclo-mestruale","status":"publish","type":"post","link":"https:\/\/www.medisocial.it\/annapaolacavalieri\/2020\/03\/20\/allattamento-al-seno-e-ciclo-mestruale\/","title":{"rendered":"Allattamento al seno e Ciclo Mestruale"},"content":{"rendered":"<p><strong>Allattamento al seno e assenza di Ciclo Mestruale<\/strong><\/p>\n<p>Nelle donne che allattano al seno la mancanza di mestruazioni \u00e8 piuttosto normale ed \u00e8 legata agli alti valori di un ormone, la prolattina, che blocca il processo ovulatorio.<\/p>\n<p>Man mano che la frequenza delle poppate e quindi la produzione di latte si riduce, si abbassano i livelli di tale ormone nel sangue.<\/p>\n<p>Ad un certo punto, quindi, il processo di ovulazione si riattiva (e dunque la fertilit\u00e0) e in genere dopo circa 2 settimane compare il primo ciclo mestruale o capoparto (pi\u00f9 raramente il capoparto pu\u00f2 comparire prima della prima ovulazione).<\/p>\n<p>Quando questo accada, non \u00e8 prevedibile e soprattutto \u00e8 molto variabile da donna a donna, ragion per cui \u00e8 difficile essere certi della propria fertilit\u00e0 in allattamento.<\/p>\n<p>Esistono pertanto delle pillole appositamente studiate per le donne che allattano e vogliano comunque una contraccezione sicura.<\/p>\n<p>Si tratta della cosiddetta minipillola, a base di solo progestinico.<\/p>\n<p>Solo questo tipo di pillola \u00e8 compatibile con l\u2019allattamento.<\/p>\n<p>Per quanto riguarda gli altri tipi di pillole (le classiche con formulazione a base di estrogeni e progestinico) si dovr\u00e0 invece attendere la sospensione dell\u2019allattamento al seno.<\/p>\n<p>Per qualsiasi ulteriori informazione sull&#8217;<strong>Allattamento al seno e Ciclo Mestruale<\/strong>, potete contattarmi anche inviando un messaggio dalla sezione <a href=\"https:\/\/www.medisocial.it\/annapaolacavalieri\/contatti\/\">Contatti<\/a><\/p>\n","protected":false},"excerpt":{"rendered":"<p>Allattamento al seno e assenza di Ciclo Mestruale Nelle donne che allattano al seno la mancanza di mestruazioni \u00e8 piuttosto normale ed \u00e8 legata agli alti valori di un ormone, la prolattina, che blocca il processo ovulatorio. Man mano che la frequenza delle poppate e quindi la produzione di latte si riduce, si abbassano i [&hellip;]<\/p>\n","protected":false},"author":1,"featured_media":423,"comment_status":"open","ping_status":"open","sticky":false,"template":"","format":"standard","meta":{"_monsterinsights_skip_tracking":false,"_monsterinsights_sitenote_active":false,"_monsterinsights_sitenote_note":"","_monsterinsights_sitenote_category":0,"footnotes":""},"categories":[7],"tags":[11,127,101,118,128],"yoast_head":"<!-- This site is optimized with the Yoast SEO plugin v23.5 - https:\/\/yoast.com\/wordpress\/plugins\/seo\/ -->\n<title>Allattamento al seno e Ciclo Mestruale - Dott.ssa Anna Paola Cavalieri<\/title>\n<meta name=\"description\" content=\"Allattamento al seno e assenza di Ciclo Mestruale Nelle donne che allattano al seno la mancanza di mestruazioni \u00e8 piuttosto normale\" \/>\n<meta name=\"robots\" content=\"index, follow, max-snippet:-1, max-image-preview:large, max-video-preview:-1\" \/>\n<link rel=\"canonical\" href=\"https:\/\/www.medisocial.it\/annapaolacavalieri\/2020\/03\/20\/allattamento-al-seno-e-ciclo-mestruale\/\" \/>\n<meta property=\"og:locale\" content=\"it_IT\" \/>\n<meta property=\"og:type\" content=\"article\" \/>\n<meta property=\"og:title\" content=\"Allattamento al seno e Ciclo Mestruale - Dott.ssa Anna Paola Cavalieri\" \/>\n<meta property=\"og:description\" content=\"Allattamento al seno e assenza di Ciclo Mestruale Nelle donne che allattano al seno la mancanza di mestruazioni \u00e8 piuttosto normale\" \/>\n<meta property=\"og:url\" content=\"https:\/\/www.medisocial.it\/annapaolacavalieri\/2020\/03\/20\/allattamento-al-seno-e-ciclo-mestruale\/\" \/>\n<meta property=\"og:site_name\" content=\"Dott.ssa Anna Paola Cavalieri\" \/>\n<meta property=\"article:published_time\" content=\"2020-03-20T09:46:51+00:00\" \/>\n<meta property=\"og:image\" content=\"https:\/\/www.medisocial.it\/annapaolacavalieri\/wp-content\/uploads\/2020\/03\/allattamento-ritoccato.jpg\" \/>\n\t<meta property=\"og:image:width\" content=\"387\" \/>\n\t<meta property=\"og:image:height\" content=\"327\" \/>\n\t<meta property=\"og:image:type\" content=\"image\/jpeg\" \/>\n<meta name=\"author\" content=\"medisocial\" \/>\n<meta name=\"twitter:card\" content=\"summary_large_image\" \/>\n<meta name=\"twitter:label1\" content=\"Scritto da\" \/>\n\t<meta name=\"twitter:data1\" content=\"medisocial\" \/>\n\t<meta name=\"twitter:label2\" content=\"Tempo di lettura stimato\" \/>\n\t<meta name=\"twitter:data2\" content=\"1 minuto\" \/>\n<script type=\"application\/ld+json\" class=\"yoast-schema-graph\">{\"@context\":\"https:\/\/schema.org\",\"@graph\":[{\"@type\":\"Article\",\"@id\":\"https:\/\/www.medisocial.it\/annapaolacavalieri\/2020\/03\/20\/allattamento-al-seno-e-ciclo-mestruale\/#article\",\"isPartOf\":{\"@id\":\"https:\/\/www.medisocial.it\/annapaolacavalieri\/2020\/03\/20\/allattamento-al-seno-e-ciclo-mestruale\/\"},\"author\":{\"name\":\"medisocial\",\"@id\":\"https:\/\/www.medisocial.it\/annapaolacavalieri\/#\/schema\/person\/1cd0bfb9ce49bd43804584df39ef2c91\"},\"headline\":\"Allattamento al seno e Ciclo Mestruale\",\"datePublished\":\"2020-03-20T09:46:51+00:00\",\"dateModified\":\"2020-03-20T09:46:51+00:00\",\"mainEntityOfPage\":{\"@id\":\"https:\/\/www.medisocial.it\/annapaolacavalieri\/2020\/03\/20\/allattamento-al-seno-e-ciclo-mestruale\/\"},\"wordCount\":211,\"commentCount\":0,\"publisher\":{\"@id\":\"https:\/\/www.medisocial.it\/annapaolacavalieri\/#organization\"},\"image\":{\"@id\":\"https:\/\/www.medisocial.it\/annapaolacavalieri\/2020\/03\/20\/allattamento-al-seno-e-ciclo-mestruale\/#primaryimage\"},\"thumbnailUrl\":\"https:\/\/www.medisocial.it\/annapaolacavalieri\/wp-content\/uploads\/2020\/03\/allattamento-ritoccato.jpg\",\"keywords\":[\"allattamento\",\"capoparto\",\"ciclo mestruale\",\"mestruazioni\",\"prolattina\"],\"articleSection\":[\"Articoli\"],\"inLanguage\":\"it-IT\",\"potentialAction\":[{\"@type\":\"CommentAction\",\"name\":\"Comment\",\"target\":[\"https:\/\/www.medisocial.it\/annapaolacavalieri\/2020\/03\/20\/allattamento-al-seno-e-ciclo-mestruale\/#respond\"]}]},{\"@type\":\"WebPage\",\"@id\":\"https:\/\/www.medisocial.it\/annapaolacavalieri\/2020\/03\/20\/allattamento-al-seno-e-ciclo-mestruale\/\",\"url\":\"https:\/\/www.medisocial.it\/annapaolacavalieri\/2020\/03\/20\/allattamento-al-seno-e-ciclo-mestruale\/\",\"name\":\"Allattamento al seno e Ciclo Mestruale - Dott.ssa Anna Paola Cavalieri\",\"isPartOf\":{\"@id\":\"https:\/\/www.medisocial.it\/annapaolacavalieri\/#website\"},\"primaryImageOfPage\":{\"@id\":\"https:\/\/www.medisocial.it\/annapaolacavalieri\/2020\/03\/20\/allattamento-al-seno-e-ciclo-mestruale\/#primaryimage\"},\"image\":{\"@id\":\"https:\/\/www.medisocial.it\/annapaolacavalieri\/2020\/03\/20\/allattamento-al-seno-e-ciclo-mestruale\/#primaryimage\"},\"thumbnailUrl\":\"https:\/\/www.medisocial.it\/annapaolacavalieri\/wp-content\/uploads\/2020\/03\/allattamento-ritoccato.jpg\",\"datePublished\":\"2020-03-20T09:46:51+00:00\",\"dateModified\":\"2020-03-20T09:46:51+00:00\",\"description\":\"Allattamento al seno e assenza di Ciclo Mestruale Nelle donne che allattano al seno la mancanza di mestruazioni \u00e8 piuttosto normale\",\"breadcrumb\":{\"@id\":\"https:\/\/www.medisocial.it\/annapaolacavalieri\/2020\/03\/20\/allattamento-al-seno-e-ciclo-mestruale\/#breadcrumb\"},\"inLanguage\":\"it-IT\",\"potentialAction\":[{\"@type\":\"ReadAction\",\"target\":[\"https:\/\/www.medisocial.it\/annapaolacavalieri\/2020\/03\/20\/allattamento-al-seno-e-ciclo-mestruale\/\"]}]},{\"@type\":\"ImageObject\",\"inLanguage\":\"it-IT\",\"@id\":\"https:\/\/www.medisocial.it\/annapaolacavalieri\/2020\/03\/20\/allattamento-al-seno-e-ciclo-mestruale\/#primaryimage\",\"url\":\"https:\/\/www.medisocial.it\/annapaolacavalieri\/wp-content\/uploads\/2020\/03\/allattamento-ritoccato.jpg\",\"contentUrl\":\"https:\/\/www.medisocial.it\/annapaolacavalieri\/wp-content\/uploads\/2020\/03\/allattamento-ritoccato.jpg\",\"width\":387,\"height\":327,\"caption\":\"allattamento al seno e ciclo mestruale\"},{\"@type\":\"BreadcrumbList\",\"@id\":\"https:\/\/www.medisocial.it\/annapaolacavalieri\/2020\/03\/20\/allattamento-al-seno-e-ciclo-mestruale\/#breadcrumb\",\"itemListElement\":[{\"@type\":\"ListItem\",\"position\":1,\"name\":\"Home\",\"item\":\"https:\/\/www.medisocial.it\/annapaolacavalieri\/\"},{\"@type\":\"ListItem\",\"position\":2,\"name\":\"Allattamento al seno e Ciclo Mestruale\"}]},{\"@type\":\"WebSite\",\"@id\":\"https:\/\/www.medisocial.it\/annapaolacavalieri\/#website\",\"url\":\"https:\/\/www.medisocial.it\/annapaolacavalieri\/\",\"name\":\"Dott.ssa Anna Paola Cavalieri\",\"description\":\"Specialista in Ostetricia e Ginecologia - Roma\",\"publisher\":{\"@id\":\"https:\/\/www.medisocial.it\/annapaolacavalieri\/#organization\"},\"potentialAction\":[{\"@type\":\"SearchAction\",\"target\":{\"@type\":\"EntryPoint\",\"urlTemplate\":\"https:\/\/www.medisocial.it\/annapaolacavalieri\/?s={search_term_string}\"},\"query-input\":{\"@type\":\"PropertyValueSpecification\",\"valueRequired\":true,\"valueName\":\"search_term_string\"}}],\"inLanguage\":\"it-IT\"},{\"@type\":\"Organization\",\"@id\":\"https:\/\/www.medisocial.it\/annapaolacavalieri\/#organization\",\"name\":\"Dott.ssa Anna Paola Cavalieri\",\"url\":\"https:\/\/www.medisocial.it\/annapaolacavalieri\/\",\"logo\":{\"@type\":\"ImageObject\",\"inLanguage\":\"it-IT\",\"@id\":\"https:\/\/www.medisocial.it\/annapaolacavalieri\/#\/schema\/logo\/image\/\",\"url\":\"https:\/\/www.medisocial.it\/annapaolacavalieri\/wp-content\/uploads\/2019\/06\/logo7.jpg\",\"contentUrl\":\"https:\/\/www.medisocial.it\/annapaolacavalieri\/wp-content\/uploads\/2019\/06\/logo7.jpg\",\"width\":242,\"height\":99,\"caption\":\"Dott.ssa Anna Paola Cavalieri\"},\"image\":{\"@id\":\"https:\/\/www.medisocial.it\/annapaolacavalieri\/#\/schema\/logo\/image\/\"}},{\"@type\":\"Person\",\"@id\":\"https:\/\/www.medisocial.it\/annapaolacavalieri\/#\/schema\/person\/1cd0bfb9ce49bd43804584df39ef2c91\",\"name\":\"medisocial\",\"image\":{\"@type\":\"ImageObject\",\"inLanguage\":\"it-IT\",\"@id\":\"https:\/\/www.medisocial.it\/annapaolacavalieri\/#\/schema\/person\/image\/\",\"url\":\"https:\/\/secure.gravatar.com\/avatar\/efa9393110d3610a15f45429c6613084?s=96&d=mm&r=g\",\"contentUrl\":\"https:\/\/secure.gravatar.com\/avatar\/efa9393110d3610a15f45429c6613084?s=96&d=mm&r=g\",\"caption\":\"medisocial\"}}]}<\/script>\n<!-- \/ Yoast SEO plugin. -->","yoast_head_json":{"title":"Allattamento al seno e Ciclo Mestruale - Dott.ssa Anna Paola Cavalieri","description":"Allattamento al seno e assenza di Ciclo Mestruale Nelle donne che allattano al seno la mancanza di mestruazioni \u00e8 piuttosto normale","robots":{"index":"index","follow":"follow","max-snippet":"max-snippet:-1","max-image-preview":"max-image-preview:large","max-video-preview":"max-video-preview:-1"},"canonical":"https:\/\/www.medisocial.it\/annapaolacavalieri\/2020\/03\/20\/allattamento-al-seno-e-ciclo-mestruale\/","og_locale":"it_IT","og_type":"article","og_title":"Allattamento al seno e Ciclo Mestruale - Dott.ssa Anna Paola Cavalieri","og_description":"Allattamento al seno e assenza di Ciclo Mestruale Nelle donne che allattano al seno la mancanza di mestruazioni \u00e8 piuttosto normale","og_url":"https:\/\/www.medisocial.it\/annapaolacavalieri\/2020\/03\/20\/allattamento-al-seno-e-ciclo-mestruale\/","og_site_name":"Dott.ssa Anna Paola Cavalieri","article_published_time":"2020-03-20T09:46:51+00:00","og_image":[{"width":387,"height":327,"url":"https:\/\/www.medisocial.it\/annapaolacavalieri\/wp-content\/uploads\/2020\/03\/allattamento-ritoccato.jpg","type":"image\/jpeg"}],"author":"medisocial","twitter_card":"summary_large_image","twitter_misc":{"Scritto da":"medisocial","Tempo di lettura stimato":"1 minuto"},"schema":{"@context":"https:\/\/schema.org","@graph":[{"@type":"Article","@id":"https:\/\/www.medisocial.it\/annapaolacavalieri\/2020\/03\/20\/allattamento-al-seno-e-ciclo-mestruale\/#article","isPartOf":{"@id":"https:\/\/www.medisocial.it\/annapaolacavalieri\/2020\/03\/20\/allattamento-al-seno-e-ciclo-mestruale\/"},"author":{"name":"medisocial","@id":"https:\/\/www.medisocial.it\/annapaolacavalieri\/#\/schema\/person\/1cd0bfb9ce49bd43804584df39ef2c91"},"headline":"Allattamento al seno e Ciclo Mestruale","datePublished":"2020-03-20T09:46:51+00:00","dateModified":"2020-03-20T09:46:51+00:00","mainEntityOfPage":{"@id":"https:\/\/www.medisocial.it\/annapaolacavalieri\/2020\/03\/20\/allattamento-al-seno-e-ciclo-mestruale\/"},"wordCount":211,"commentCount":0,"publisher":{"@id":"https:\/\/www.medisocial.it\/annapaolacavalieri\/#organization"},"image":{"@id":"https:\/\/www.medisocial.it\/annapaolacavalieri\/2020\/03\/20\/allattamento-al-seno-e-ciclo-mestruale\/#primaryimage"},"thumbnailUrl":"https:\/\/www.medisocial.it\/annapaolacavalieri\/wp-content\/uploads\/2020\/03\/allattamento-ritoccato.jpg","keywords":["allattamento","capoparto","ciclo mestruale","mestruazioni","prolattina"],"articleSection":["Articoli"],"inLanguage":"it-IT","potentialAction":[{"@type":"CommentAction","name":"Comment","target":["https:\/\/www.medisocial.it\/annapaolacavalieri\/2020\/03\/20\/allattamento-al-seno-e-ciclo-mestruale\/#respond"]}]},{"@type":"WebPage","@id":"https:\/\/www.medisocial.it\/annapaolacavalieri\/2020\/03\/20\/allattamento-al-seno-e-ciclo-mestruale\/","url":"https:\/\/www.medisocial.it\/annapaolacavalieri\/2020\/03\/20\/allattamento-al-seno-e-ciclo-mestruale\/","name":"Allattamento al seno e Ciclo Mestruale - Dott.ssa Anna Paola Cavalieri","isPartOf":{"@id":"https:\/\/www.medisocial.it\/annapaolacavalieri\/#website"},"primaryImageOfPage":{"@id":"https:\/\/www.medisocial.it\/annapaolacavalieri\/2020\/03\/20\/allattamento-al-seno-e-ciclo-mestruale\/#primaryimage"},"image":{"@id":"https:\/\/www.medisocial.it\/annapaolacavalieri\/2020\/03\/20\/allattamento-al-seno-e-ciclo-mestruale\/#primaryimage"},"thumbnailUrl":"https:\/\/www.medisocial.it\/annapaolacavalieri\/wp-content\/uploads\/2020\/03\/allattamento-ritoccato.jpg","datePublished":"2020-03-20T09:46:51+00:00","dateModified":"2020-03-20T09:46:51+00:00","description":"Allattamento al seno e assenza di Ciclo Mestruale Nelle donne che allattano al seno la mancanza di mestruazioni \u00e8 piuttosto normale","breadcrumb":{"@id":"https:\/\/www.medisocial.it\/annapaolacavalieri\/2020\/03\/20\/allattamento-al-seno-e-ciclo-mestruale\/#breadcrumb"},"inLanguage":"it-IT","potentialAction":[{"@type":"ReadAction","target":["https:\/\/www.medisocial.it\/annapaolacavalieri\/2020\/03\/20\/allattamento-al-seno-e-ciclo-mestruale\/"]}]},{"@type":"ImageObject","inLanguage":"it-IT","@id":"https:\/\/www.medisocial.it\/annapaolacavalieri\/2020\/03\/20\/allattamento-al-seno-e-ciclo-mestruale\/#primaryimage","url":"https:\/\/www.medisocial.it\/annapaolacavalieri\/wp-content\/uploads\/2020\/03\/allattamento-ritoccato.jpg","contentUrl":"https:\/\/www.medisocial.it\/annapaolacavalieri\/wp-content\/uploads\/2020\/03\/allattamento-ritoccato.jpg","width":387,"height":327,"caption":"allattamento al seno e ciclo mestruale"},{"@type":"BreadcrumbList","@id":"https:\/\/www.medisocial.it\/annapaolacavalieri\/2020\/03\/20\/allattamento-al-seno-e-ciclo-mestruale\/#breadcrumb","itemListElement":[{"@type":"ListItem","position":1,"name":"Home","item":"https:\/\/www.medisocial.it\/annapaolacavalieri\/"},{"@type":"ListItem","position":2,"name":"Allattamento al seno e Ciclo Mestruale"}]},{"@type":"WebSite","@id":"https:\/\/www.medisocial.it\/annapaolacavalieri\/#website","url":"https:\/\/www.medisocial.it\/annapaolacavalieri\/","name":"Dott.ssa Anna Paola Cavalieri","description":"Specialista in Ostetricia e Ginecologia - Roma","publisher":{"@id":"https:\/\/www.medisocial.it\/annapaolacavalieri\/#organization"},"potentialAction":[{"@type":"SearchAction","target":{"@type":"EntryPoint","urlTemplate":"https:\/\/www.medisocial.it\/annapaolacavalieri\/?s={search_term_string}"},"query-input":{"@type":"PropertyValueSpecification","valueRequired":true,"valueName":"search_term_string"}}],"inLanguage":"it-IT"},{"@type":"Organization","@id":"https:\/\/www.medisocial.it\/annapaolacavalieri\/#organization","name":"Dott.ssa Anna Paola Cavalieri","url":"https:\/\/www.medisocial.it\/annapaolacavalieri\/","logo":{"@type":"ImageObject","inLanguage":"it-IT","@id":"https:\/\/www.medisocial.it\/annapaolacavalieri\/#\/schema\/logo\/image\/","url":"https:\/\/www.medisocial.it\/annapaolacavalieri\/wp-content\/uploads\/2019\/06\/logo7.jpg","contentUrl":"https:\/\/www.medisocial.it\/annapaolacavalieri\/wp-content\/uploads\/2019\/06\/logo7.jpg","width":242,"height":99,"caption":"Dott.ssa Anna Paola Cavalieri"},"image":{"@id":"https:\/\/www.medisocial.it\/annapaolacavalieri\/#\/schema\/logo\/image\/"}},{"@type":"Person","@id":"https:\/\/www.medisocial.it\/annapaolacavalieri\/#\/schema\/person\/1cd0bfb9ce49bd43804584df39ef2c91","name":"medisocial","image":{"@type":"ImageObject","inLanguage":"it-IT","@id":"https:\/\/www.medisocial.it\/annapaolacavalieri\/#\/schema\/person\/image\/","url":"https:\/\/secure.gravatar.com\/avatar\/efa9393110d3610a15f45429c6613084?s=96&d=mm&r=g","contentUrl":"https:\/\/secure.gravatar.com\/avatar\/efa9393110d3610a15f45429c6613084?s=96&d=mm&r=g","caption":"medisocial"}}]}},"_links":{"self":[{"href":"https:\/\/www.medisocial.it\/annapaolacavalieri\/wp-json\/wp\/v2\/posts\/422"}],"collection":[{"href":"https:\/\/www.medisocial.it\/annapaolacavalieri\/wp-json\/wp\/v2\/posts"}],"about":[{"href":"https:\/\/www.medisocial.it\/annapaolacavalieri\/wp-json\/wp\/v2\/types\/post"}],"author":[{"embeddable":true,"href":"https:\/\/www.medisocial.it\/annapaolacavalieri\/wp-json\/wp\/v2\/users\/1"}],"replies":[{"embeddable":true,"href":"https:\/\/www.medisocial.it\/annapaolacavalieri\/wp-json\/wp\/v2\/comments?post=422"}],"version-history":[{"count":1,"href":"https:\/\/www.medisocial.it\/annapaolacavalieri\/wp-json\/wp\/v2\/posts\/422\/revisions"}],"predecessor-version":[{"id":424,"href":"https:\/\/www.medisocial.it\/annapaolacavalieri\/wp-json\/wp\/v2\/posts\/422\/revisions\/424"}],"wp:featuredmedia":[{"embeddable":true,"href":"https:\/\/www.medisocial.it\/annapaolacavalieri\/wp-json\/wp\/v2\/media\/423"}],"wp:attachment":[{"href":"https:\/\/www.medisocial.it\/annapaolacavalieri\/wp-json\/wp\/v2\/media?parent=422"}],"wp:term":[{"taxonomy":"category","embeddable":true,"href":"https:\/\/www.medisocial.it\/annapaolacavalieri\/wp-json\/wp\/v2\/categories?post=422"},{"taxonomy":"post_tag","embeddable":true,"href":"https:\/\/www.medisocial.it\/annapaolacavalieri\/wp-json\/wp\/v2\/tags?post=422"}],"curies":[{"name":"wp","href":"https:\/\/api.w.org\/{rel}","templated":true}]}}