{"id":420,"date":"2020-03-13T11:14:33","date_gmt":"2020-03-13T10:14:33","guid":{"rendered":"https:\/\/www.medisocial.it\/annapaolacavalieri\/?p=420"},"modified":"2020-03-13T11:14:33","modified_gmt":"2020-03-13T10:14:33","slug":"infezione-da-coronavirus-e-gravidanza","status":"publish","type":"post","link":"https:\/\/www.medisocial.it\/annapaolacavalieri\/2020\/03\/13\/infezione-da-coronavirus-e-gravidanza\/","title":{"rendered":"Infezione da coronavirus e gravidanza"},"content":{"rendered":"<p>Infezione da coronavirus e gravidanza \u00a0(Tratto da Linee guida Royal College of Obstetricians and Gynaecologists)<\/p>\n<p>Le donne in gravidanza presentano una maggiore suscettibilit\u00e0 alle infezioni virali rispetto alla popolazione generale. Ci\u00f2 \u00e8 dovuto ad uno stato transitorio e fisiologico di lieve immunodepressione.<\/p>\n<p>Premesso ci\u00f2 possiamo per\u00f2 evincere dai (pochi) casi studiati che le gestanti non sembrano sviluppare infezioni da coronavirus pi\u00f9 gravi rispetto alla popolazione generale.<\/p>\n<p>La maggior parte presentera\u2019 sintomi simil influenzali lievi o moderati.<\/p>\n<p>Ad oggi non \u00e8 stato riportato nessun caso di morte da coronavirus in gravidanza.<\/p>\n<p>Poich\u00e9 si tratta di un virus nuovo non abbiamo ancora molti dati a disposizione sugli effetti sul feto di una infezione in gravidanza, in particolare mancano dati su infezioni contratte nel primo e nel secondo trimestre.<\/p>\n<p>Dai casi segnalati sembrerebbe che il virus contratto da donne durante il terzo trimestre di gravidanza non sia mai stato trasmesso al feto (trasmissione verticale).<\/p>\n<p>Al momento non c\u2019\u00e8 indicazione ad eseguire taglio cesareo in donne infette.<\/p>\n","protected":false},"excerpt":{"rendered":"<p>Infezione da coronavirus e gravidanza \u00a0(Tratto da Linee guida Royal College of Obstetricians and Gynaecologists) Le donne in gravidanza presentano una maggiore suscettibilit\u00e0 alle infezioni virali rispetto alla popolazione generale. Ci\u00f2 \u00e8 dovuto ad uno stato transitorio e fisiologico di lieve immunodepressione. Premesso ci\u00f2 possiamo per\u00f2 evincere dai (pochi) casi studiati che le gestanti non [&hellip;]<\/p>\n","protected":false},"author":1,"featured_media":363,"comment_status":"open","ping_status":"open","sticky":false,"template":"","format":"standard","meta":{"_monsterinsights_skip_tracking":false,"_monsterinsights_sitenote_active":false,"_monsterinsights_sitenote_note":"","_monsterinsights_sitenote_category":0,"footnotes":""},"categories":[7],"tags":[125,10,126,55,75],"yoast_head":"<!-- This site is optimized with the Yoast SEO plugin v23.5 - https:\/\/yoast.com\/wordpress\/plugins\/seo\/ -->\n<title>Infezione da coronavirus e gravidanza - Dott.ssa Anna Paola Cavalieri<\/title>\n<meta name=\"description\" content=\"Infezione da coronavirus e gravidanza \u00a0(Tratto da Linee guida Royal College of Obstetricians and Gynaecologists). Leggi le info\" \/>\n<meta name=\"robots\" content=\"index, follow, max-snippet:-1, max-image-preview:large, max-video-preview:-1\" \/>\n<link rel=\"canonical\" href=\"https:\/\/www.medisocial.it\/annapaolacavalieri\/2020\/03\/13\/infezione-da-coronavirus-e-gravidanza\/\" \/>\n<meta property=\"og:locale\" content=\"it_IT\" \/>\n<meta property=\"og:type\" content=\"article\" \/>\n<meta property=\"og:title\" content=\"Infezione da coronavirus e gravidanza - Dott.ssa Anna Paola Cavalieri\" \/>\n<meta property=\"og:description\" content=\"Infezione da coronavirus e gravidanza \u00a0(Tratto da Linee guida Royal College of Obstetricians and Gynaecologists). Leggi le info\" \/>\n<meta property=\"og:url\" content=\"https:\/\/www.medisocial.it\/annapaolacavalieri\/2020\/03\/13\/infezione-da-coronavirus-e-gravidanza\/\" \/>\n<meta property=\"og:site_name\" content=\"Dott.ssa Anna Paola Cavalieri\" \/>\n<meta property=\"article:published_time\" content=\"2020-03-13T10:14:33+00:00\" \/>\n<meta property=\"og:image\" content=\"https:\/\/www.medisocial.it\/annapaolacavalieri\/wp-content\/uploads\/2019\/11\/IMG_3605-1024x683.jpg\" \/>\n\t<meta property=\"og:image:width\" content=\"1024\" \/>\n\t<meta property=\"og:image:height\" content=\"683\" \/>\n\t<meta property=\"og:image:type\" content=\"image\/jpeg\" \/>\n<meta name=\"author\" content=\"medisocial\" \/>\n<meta name=\"twitter:card\" content=\"summary_large_image\" \/>\n<meta name=\"twitter:label1\" content=\"Scritto da\" \/>\n\t<meta name=\"twitter:data1\" content=\"medisocial\" \/>\n\t<meta name=\"twitter:label2\" content=\"Tempo di lettura stimato\" \/>\n\t<meta name=\"twitter:data2\" content=\"1 minuto\" \/>\n<script type=\"application\/ld+json\" class=\"yoast-schema-graph\">{\"@context\":\"https:\/\/schema.org\",\"@graph\":[{\"@type\":\"Article\",\"@id\":\"https:\/\/www.medisocial.it\/annapaolacavalieri\/2020\/03\/13\/infezione-da-coronavirus-e-gravidanza\/#article\",\"isPartOf\":{\"@id\":\"https:\/\/www.medisocial.it\/annapaolacavalieri\/2020\/03\/13\/infezione-da-coronavirus-e-gravidanza\/\"},\"author\":{\"name\":\"medisocial\",\"@id\":\"https:\/\/www.medisocial.it\/annapaolacavalieri\/#\/schema\/person\/1cd0bfb9ce49bd43804584df39ef2c91\"},\"headline\":\"Infezione da coronavirus e gravidanza\",\"datePublished\":\"2020-03-13T10:14:33+00:00\",\"dateModified\":\"2020-03-13T10:14:33+00:00\",\"mainEntityOfPage\":{\"@id\":\"https:\/\/www.medisocial.it\/annapaolacavalieri\/2020\/03\/13\/infezione-da-coronavirus-e-gravidanza\/\"},\"wordCount\":166,\"commentCount\":0,\"publisher\":{\"@id\":\"https:\/\/www.medisocial.it\/annapaolacavalieri\/#organization\"},\"image\":{\"@id\":\"https:\/\/www.medisocial.it\/annapaolacavalieri\/2020\/03\/13\/infezione-da-coronavirus-e-gravidanza\/#primaryimage\"},\"thumbnailUrl\":\"https:\/\/www.medisocial.it\/annapaolacavalieri\/wp-content\/uploads\/2019\/11\/IMG_3605.jpg\",\"keywords\":[\"coronavirus\",\"gravidanza\",\"immunodepressione\",\"infezione\",\"virus\"],\"articleSection\":[\"Articoli\"],\"inLanguage\":\"it-IT\",\"potentialAction\":[{\"@type\":\"CommentAction\",\"name\":\"Comment\",\"target\":[\"https:\/\/www.medisocial.it\/annapaolacavalieri\/2020\/03\/13\/infezione-da-coronavirus-e-gravidanza\/#respond\"]}]},{\"@type\":\"WebPage\",\"@id\":\"https:\/\/www.medisocial.it\/annapaolacavalieri\/2020\/03\/13\/infezione-da-coronavirus-e-gravidanza\/\",\"url\":\"https:\/\/www.medisocial.it\/annapaolacavalieri\/2020\/03\/13\/infezione-da-coronavirus-e-gravidanza\/\",\"name\":\"Infezione da coronavirus e gravidanza - Dott.ssa Anna Paola Cavalieri\",\"isPartOf\":{\"@id\":\"https:\/\/www.medisocial.it\/annapaolacavalieri\/#website\"},\"primaryImageOfPage\":{\"@id\":\"https:\/\/www.medisocial.it\/annapaolacavalieri\/2020\/03\/13\/infezione-da-coronavirus-e-gravidanza\/#primaryimage\"},\"image\":{\"@id\":\"https:\/\/www.medisocial.it\/annapaolacavalieri\/2020\/03\/13\/infezione-da-coronavirus-e-gravidanza\/#primaryimage\"},\"thumbnailUrl\":\"https:\/\/www.medisocial.it\/annapaolacavalieri\/wp-content\/uploads\/2019\/11\/IMG_3605.jpg\",\"datePublished\":\"2020-03-13T10:14:33+00:00\",\"dateModified\":\"2020-03-13T10:14:33+00:00\",\"description\":\"Infezione da coronavirus e gravidanza \u00a0(Tratto da Linee guida Royal College of Obstetricians and Gynaecologists). Leggi le info\",\"breadcrumb\":{\"@id\":\"https:\/\/www.medisocial.it\/annapaolacavalieri\/2020\/03\/13\/infezione-da-coronavirus-e-gravidanza\/#breadcrumb\"},\"inLanguage\":\"it-IT\",\"potentialAction\":[{\"@type\":\"ReadAction\",\"target\":[\"https:\/\/www.medisocial.it\/annapaolacavalieri\/2020\/03\/13\/infezione-da-coronavirus-e-gravidanza\/\"]}]},{\"@type\":\"ImageObject\",\"inLanguage\":\"it-IT\",\"@id\":\"https:\/\/www.medisocial.it\/annapaolacavalieri\/2020\/03\/13\/infezione-da-coronavirus-e-gravidanza\/#primaryimage\",\"url\":\"https:\/\/www.medisocial.it\/annapaolacavalieri\/wp-content\/uploads\/2019\/11\/IMG_3605.jpg\",\"contentUrl\":\"https:\/\/www.medisocial.it\/annapaolacavalieri\/wp-content\/uploads\/2019\/11\/IMG_3605.jpg\",\"width\":5184,\"height\":3456,\"caption\":\"endometrio\"},{\"@type\":\"BreadcrumbList\",\"@id\":\"https:\/\/www.medisocial.it\/annapaolacavalieri\/2020\/03\/13\/infezione-da-coronavirus-e-gravidanza\/#breadcrumb\",\"itemListElement\":[{\"@type\":\"ListItem\",\"position\":1,\"name\":\"Home\",\"item\":\"https:\/\/www.medisocial.it\/annapaolacavalieri\/\"},{\"@type\":\"ListItem\",\"position\":2,\"name\":\"Infezione da coronavirus e gravidanza\"}]},{\"@type\":\"WebSite\",\"@id\":\"https:\/\/www.medisocial.it\/annapaolacavalieri\/#website\",\"url\":\"https:\/\/www.medisocial.it\/annapaolacavalieri\/\",\"name\":\"Dott.ssa Anna Paola Cavalieri\",\"description\":\"Specialista in Ostetricia e Ginecologia - Roma\",\"publisher\":{\"@id\":\"https:\/\/www.medisocial.it\/annapaolacavalieri\/#organization\"},\"potentialAction\":[{\"@type\":\"SearchAction\",\"target\":{\"@type\":\"EntryPoint\",\"urlTemplate\":\"https:\/\/www.medisocial.it\/annapaolacavalieri\/?s={search_term_string}\"},\"query-input\":{\"@type\":\"PropertyValueSpecification\",\"valueRequired\":true,\"valueName\":\"search_term_string\"}}],\"inLanguage\":\"it-IT\"},{\"@type\":\"Organization\",\"@id\":\"https:\/\/www.medisocial.it\/annapaolacavalieri\/#organization\",\"name\":\"Dott.ssa Anna Paola Cavalieri\",\"url\":\"https:\/\/www.medisocial.it\/annapaolacavalieri\/\",\"logo\":{\"@type\":\"ImageObject\",\"inLanguage\":\"it-IT\",\"@id\":\"https:\/\/www.medisocial.it\/annapaolacavalieri\/#\/schema\/logo\/image\/\",\"url\":\"https:\/\/www.medisocial.it\/annapaolacavalieri\/wp-content\/uploads\/2019\/06\/logo7.jpg\",\"contentUrl\":\"https:\/\/www.medisocial.it\/annapaolacavalieri\/wp-content\/uploads\/2019\/06\/logo7.jpg\",\"width\":242,\"height\":99,\"caption\":\"Dott.ssa Anna Paola Cavalieri\"},\"image\":{\"@id\":\"https:\/\/www.medisocial.it\/annapaolacavalieri\/#\/schema\/logo\/image\/\"}},{\"@type\":\"Person\",\"@id\":\"https:\/\/www.medisocial.it\/annapaolacavalieri\/#\/schema\/person\/1cd0bfb9ce49bd43804584df39ef2c91\",\"name\":\"medisocial\",\"image\":{\"@type\":\"ImageObject\",\"inLanguage\":\"it-IT\",\"@id\":\"https:\/\/www.medisocial.it\/annapaolacavalieri\/#\/schema\/person\/image\/\",\"url\":\"https:\/\/secure.gravatar.com\/avatar\/efa9393110d3610a15f45429c6613084?s=96&d=mm&r=g\",\"contentUrl\":\"https:\/\/secure.gravatar.com\/avatar\/efa9393110d3610a15f45429c6613084?s=96&d=mm&r=g\",\"caption\":\"medisocial\"}}]}<\/script>\n<!-- \/ Yoast SEO plugin. -->","yoast_head_json":{"title":"Infezione da coronavirus e gravidanza - Dott.ssa Anna Paola Cavalieri","description":"Infezione da coronavirus e gravidanza \u00a0(Tratto da Linee guida Royal College of Obstetricians and Gynaecologists). Leggi le info","robots":{"index":"index","follow":"follow","max-snippet":"max-snippet:-1","max-image-preview":"max-image-preview:large","max-video-preview":"max-video-preview:-1"},"canonical":"https:\/\/www.medisocial.it\/annapaolacavalieri\/2020\/03\/13\/infezione-da-coronavirus-e-gravidanza\/","og_locale":"it_IT","og_type":"article","og_title":"Infezione da coronavirus e gravidanza - Dott.ssa Anna Paola Cavalieri","og_description":"Infezione da coronavirus e gravidanza \u00a0(Tratto da Linee guida Royal College of Obstetricians and Gynaecologists). Leggi le info","og_url":"https:\/\/www.medisocial.it\/annapaolacavalieri\/2020\/03\/13\/infezione-da-coronavirus-e-gravidanza\/","og_site_name":"Dott.ssa Anna Paola Cavalieri","article_published_time":"2020-03-13T10:14:33+00:00","og_image":[{"width":1024,"height":683,"url":"https:\/\/www.medisocial.it\/annapaolacavalieri\/wp-content\/uploads\/2019\/11\/IMG_3605-1024x683.jpg","type":"image\/jpeg"}],"author":"medisocial","twitter_card":"summary_large_image","twitter_misc":{"Scritto da":"medisocial","Tempo di lettura stimato":"1 minuto"},"schema":{"@context":"https:\/\/schema.org","@graph":[{"@type":"Article","@id":"https:\/\/www.medisocial.it\/annapaolacavalieri\/2020\/03\/13\/infezione-da-coronavirus-e-gravidanza\/#article","isPartOf":{"@id":"https:\/\/www.medisocial.it\/annapaolacavalieri\/2020\/03\/13\/infezione-da-coronavirus-e-gravidanza\/"},"author":{"name":"medisocial","@id":"https:\/\/www.medisocial.it\/annapaolacavalieri\/#\/schema\/person\/1cd0bfb9ce49bd43804584df39ef2c91"},"headline":"Infezione da coronavirus e gravidanza","datePublished":"2020-03-13T10:14:33+00:00","dateModified":"2020-03-13T10:14:33+00:00","mainEntityOfPage":{"@id":"https:\/\/www.medisocial.it\/annapaolacavalieri\/2020\/03\/13\/infezione-da-coronavirus-e-gravidanza\/"},"wordCount":166,"commentCount":0,"publisher":{"@id":"https:\/\/www.medisocial.it\/annapaolacavalieri\/#organization"},"image":{"@id":"https:\/\/www.medisocial.it\/annapaolacavalieri\/2020\/03\/13\/infezione-da-coronavirus-e-gravidanza\/#primaryimage"},"thumbnailUrl":"https:\/\/www.medisocial.it\/annapaolacavalieri\/wp-content\/uploads\/2019\/11\/IMG_3605.jpg","keywords":["coronavirus","gravidanza","immunodepressione","infezione","virus"],"articleSection":["Articoli"],"inLanguage":"it-IT","potentialAction":[{"@type":"CommentAction","name":"Comment","target":["https:\/\/www.medisocial.it\/annapaolacavalieri\/2020\/03\/13\/infezione-da-coronavirus-e-gravidanza\/#respond"]}]},{"@type":"WebPage","@id":"https:\/\/www.medisocial.it\/annapaolacavalieri\/2020\/03\/13\/infezione-da-coronavirus-e-gravidanza\/","url":"https:\/\/www.medisocial.it\/annapaolacavalieri\/2020\/03\/13\/infezione-da-coronavirus-e-gravidanza\/","name":"Infezione da coronavirus e gravidanza - Dott.ssa Anna Paola Cavalieri","isPartOf":{"@id":"https:\/\/www.medisocial.it\/annapaolacavalieri\/#website"},"primaryImageOfPage":{"@id":"https:\/\/www.medisocial.it\/annapaolacavalieri\/2020\/03\/13\/infezione-da-coronavirus-e-gravidanza\/#primaryimage"},"image":{"@id":"https:\/\/www.medisocial.it\/annapaolacavalieri\/2020\/03\/13\/infezione-da-coronavirus-e-gravidanza\/#primaryimage"},"thumbnailUrl":"https:\/\/www.medisocial.it\/annapaolacavalieri\/wp-content\/uploads\/2019\/11\/IMG_3605.jpg","datePublished":"2020-03-13T10:14:33+00:00","dateModified":"2020-03-13T10:14:33+00:00","description":"Infezione da coronavirus e gravidanza \u00a0(Tratto da Linee guida Royal College of Obstetricians and Gynaecologists). Leggi le info","breadcrumb":{"@id":"https:\/\/www.medisocial.it\/annapaolacavalieri\/2020\/03\/13\/infezione-da-coronavirus-e-gravidanza\/#breadcrumb"},"inLanguage":"it-IT","potentialAction":[{"@type":"ReadAction","target":["https:\/\/www.medisocial.it\/annapaolacavalieri\/2020\/03\/13\/infezione-da-coronavirus-e-gravidanza\/"]}]},{"@type":"ImageObject","inLanguage":"it-IT","@id":"https:\/\/www.medisocial.it\/annapaolacavalieri\/2020\/03\/13\/infezione-da-coronavirus-e-gravidanza\/#primaryimage","url":"https:\/\/www.medisocial.it\/annapaolacavalieri\/wp-content\/uploads\/2019\/11\/IMG_3605.jpg","contentUrl":"https:\/\/www.medisocial.it\/annapaolacavalieri\/wp-content\/uploads\/2019\/11\/IMG_3605.jpg","width":5184,"height":3456,"caption":"endometrio"},{"@type":"BreadcrumbList","@id":"https:\/\/www.medisocial.it\/annapaolacavalieri\/2020\/03\/13\/infezione-da-coronavirus-e-gravidanza\/#breadcrumb","itemListElement":[{"@type":"ListItem","position":1,"name":"Home","item":"https:\/\/www.medisocial.it\/annapaolacavalieri\/"},{"@type":"ListItem","position":2,"name":"Infezione da coronavirus e gravidanza"}]},{"@type":"WebSite","@id":"https:\/\/www.medisocial.it\/annapaolacavalieri\/#website","url":"https:\/\/www.medisocial.it\/annapaolacavalieri\/","name":"Dott.ssa Anna Paola Cavalieri","description":"Specialista in Ostetricia e Ginecologia - Roma","publisher":{"@id":"https:\/\/www.medisocial.it\/annapaolacavalieri\/#organization"},"potentialAction":[{"@type":"SearchAction","target":{"@type":"EntryPoint","urlTemplate":"https:\/\/www.medisocial.it\/annapaolacavalieri\/?s={search_term_string}"},"query-input":{"@type":"PropertyValueSpecification","valueRequired":true,"valueName":"search_term_string"}}],"inLanguage":"it-IT"},{"@type":"Organization","@id":"https:\/\/www.medisocial.it\/annapaolacavalieri\/#organization","name":"Dott.ssa Anna Paola Cavalieri","url":"https:\/\/www.medisocial.it\/annapaolacavalieri\/","logo":{"@type":"ImageObject","inLanguage":"it-IT","@id":"https:\/\/www.medisocial.it\/annapaolacavalieri\/#\/schema\/logo\/image\/","url":"https:\/\/www.medisocial.it\/annapaolacavalieri\/wp-content\/uploads\/2019\/06\/logo7.jpg","contentUrl":"https:\/\/www.medisocial.it\/annapaolacavalieri\/wp-content\/uploads\/2019\/06\/logo7.jpg","width":242,"height":99,"caption":"Dott.ssa Anna Paola Cavalieri"},"image":{"@id":"https:\/\/www.medisocial.it\/annapaolacavalieri\/#\/schema\/logo\/image\/"}},{"@type":"Person","@id":"https:\/\/www.medisocial.it\/annapaolacavalieri\/#\/schema\/person\/1cd0bfb9ce49bd43804584df39ef2c91","name":"medisocial","image":{"@type":"ImageObject","inLanguage":"it-IT","@id":"https:\/\/www.medisocial.it\/annapaolacavalieri\/#\/schema\/person\/image\/","url":"https:\/\/secure.gravatar.com\/avatar\/efa9393110d3610a15f45429c6613084?s=96&d=mm&r=g","contentUrl":"https:\/\/secure.gravatar.com\/avatar\/efa9393110d3610a15f45429c6613084?s=96&d=mm&r=g","caption":"medisocial"}}]}},"_links":{"self":[{"href":"https:\/\/www.medisocial.it\/annapaolacavalieri\/wp-json\/wp\/v2\/posts\/420"}],"collection":[{"href":"https:\/\/www.medisocial.it\/annapaolacavalieri\/wp-json\/wp\/v2\/posts"}],"about":[{"href":"https:\/\/www.medisocial.it\/annapaolacavalieri\/wp-json\/wp\/v2\/types\/post"}],"author":[{"embeddable":true,"href":"https:\/\/www.medisocial.it\/annapaolacavalieri\/wp-json\/wp\/v2\/users\/1"}],"replies":[{"embeddable":true,"href":"https:\/\/www.medisocial.it\/annapaolacavalieri\/wp-json\/wp\/v2\/comments?post=420"}],"version-history":[{"count":1,"href":"https:\/\/www.medisocial.it\/annapaolacavalieri\/wp-json\/wp\/v2\/posts\/420\/revisions"}],"predecessor-version":[{"id":421,"href":"https:\/\/www.medisocial.it\/annapaolacavalieri\/wp-json\/wp\/v2\/posts\/420\/revisions\/421"}],"wp:featuredmedia":[{"embeddable":true,"href":"https:\/\/www.medisocial.it\/annapaolacavalieri\/wp-json\/wp\/v2\/media\/363"}],"wp:attachment":[{"href":"https:\/\/www.medisocial.it\/annapaolacavalieri\/wp-json\/wp\/v2\/media?parent=420"}],"wp:term":[{"taxonomy":"category","embeddable":true,"href":"https:\/\/www.medisocial.it\/annapaolacavalieri\/wp-json\/wp\/v2\/categories?post=420"},{"taxonomy":"post_tag","embeddable":true,"href":"https:\/\/www.medisocial.it\/annapaolacavalieri\/wp-json\/wp\/v2\/tags?post=420"}],"curies":[{"name":"wp","href":"https:\/\/api.w.org\/{rel}","templated":true}]}}