{"id":392,"date":"2020-01-31T11:23:36","date_gmt":"2020-01-31T10:23:36","guid":{"rendered":"https:\/\/www.medisocial.it\/annapaolacavalieri\/?p=392"},"modified":"2020-01-31T11:24:29","modified_gmt":"2020-01-31T10:24:29","slug":"il-rivolgimento-del-feto","status":"publish","type":"post","link":"https:\/\/www.medisocial.it\/annapaolacavalieri\/2020\/01\/31\/il-rivolgimento-del-feto\/","title":{"rendered":"Il Rivolgimento del Feto"},"content":{"rendered":"<p>Il Rivolgimento del Feto per Manovre Esterne. Quando il feto si trova in presentazione podalica a termine di gravidanza, \u00e8 considerato pi\u00f9 sicuro per il neonato che il parto avvenga con taglio cesareo elettivo.<\/p>\n<p>Per questo motivo molte Societ\u00e0 Scientifiche Internazionali raccomandano di offrire la versione cefalica esterna (ECV) a tutte le donne con una gravidanza singola non complicata con feto in presentazione podalica oltre le 36 settimane, quando non controindicato, in modo da poter affrontare il travaglio di parto con il feto in presentazione cefalica (cio\u00e8 a testa in gi\u00f9).<\/p>\n<p>Il taglio cesareo elettivo sar\u00e0 poi programmato in caso di fallimento della manovra ECV o in presenza di controindicazioni alla stessa.<\/p>\n<p>Nel video mostriamo una piccola parte della manovra di rivolgimento che si esegue in posizione semisdraiata e sotto guida ecografica.<\/p>\n<p><iframe loading=\"lazy\" title=\"Video manovra rivolgimento\" width=\"1140\" height=\"641\" src=\"https:\/\/www.youtube.com\/embed\/-HvAGcF9RKU?feature=oembed\" frameborder=\"0\" allow=\"accelerometer; autoplay; encrypted-media; gyroscope; picture-in-picture\" allowfullscreen><\/iframe><\/p>\n<p>Dopo aver cosparso l\u2019addome di gel per evitare l\u2019attrito delle manipolazioni si esercita una pressione sulla testa e sul podice fetale con entrambe le mani al fine di fargli compiere una capriola in avanti o all\u2019indietro.<\/p>\n<p>\u00c8 una manovra che, per la sua complessit\u00e0, per i tempi e le tecniche di cui necessita, in caso di rottura del sacco o di inizio di un travaglio,<a href=\"https:\/\/www.medisocial.it\/annapaolacavalieri\/contatti\/\"> <strong><u>va svolta dal ginecologo <\/u><\/strong><\/a>e all\u2019interno di una struttura attrezzata, di un ospedale o di una clinica.<\/p>\n","protected":false},"excerpt":{"rendered":"<p>Il Rivolgimento del Feto per Manovre Esterne. Quando il feto si trova in presentazione podalica a termine di gravidanza, \u00e8 considerato pi\u00f9 sicuro per il neonato che il parto avvenga con taglio cesareo elettivo. Per questo motivo molte Societ\u00e0 Scientifiche Internazionali raccomandano di offrire la versione cefalica esterna (ECV) a tutte le donne con una [&hellip;]<\/p>\n","protected":false},"author":1,"featured_media":394,"comment_status":"open","ping_status":"open","sticky":false,"template":"","format":"standard","meta":{"_monsterinsights_skip_tracking":false,"_monsterinsights_sitenote_active":false,"_monsterinsights_sitenote_note":"","_monsterinsights_sitenote_category":0,"footnotes":""},"categories":[7,5],"tags":[89,14,114,115,116,113],"yoast_head":"<!-- This site is optimized with the Yoast SEO plugin v23.5 - https:\/\/yoast.com\/wordpress\/plugins\/seo\/ -->\n<title>Il Rivolgimento del Feto - Dott.ssa Anna Paola Cavalieri<\/title>\n<meta name=\"description\" content=\"Il Rivolgimento del Feto per Manovre Esterne Nel video, una piccola parte della manovra che si esegue in posizione semisdraiata e sotto guida ecografica\" \/>\n<meta name=\"robots\" content=\"index, follow, max-snippet:-1, max-image-preview:large, max-video-preview:-1\" \/>\n<link rel=\"canonical\" href=\"https:\/\/www.medisocial.it\/annapaolacavalieri\/2020\/01\/31\/il-rivolgimento-del-feto\/\" \/>\n<meta property=\"og:locale\" content=\"it_IT\" \/>\n<meta property=\"og:type\" content=\"article\" \/>\n<meta property=\"og:title\" content=\"Il Rivolgimento del Feto - Dott.ssa Anna Paola Cavalieri\" \/>\n<meta property=\"og:description\" content=\"Il Rivolgimento del Feto per Manovre Esterne Nel video, una piccola parte della manovra che si esegue in posizione semisdraiata e sotto guida ecografica\" \/>\n<meta property=\"og:url\" content=\"https:\/\/www.medisocial.it\/annapaolacavalieri\/2020\/01\/31\/il-rivolgimento-del-feto\/\" \/>\n<meta property=\"og:site_name\" content=\"Dott.ssa Anna Paola Cavalieri\" \/>\n<meta property=\"article:published_time\" content=\"2020-01-31T10:23:36+00:00\" \/>\n<meta property=\"article:modified_time\" content=\"2020-01-31T10:24:29+00:00\" \/>\n<meta property=\"og:image\" content=\"https:\/\/www.medisocial.it\/annapaolacavalieri\/wp-content\/uploads\/2020\/01\/rivolgimento.png\" \/>\n\t<meta property=\"og:image:width\" content=\"1002\" \/>\n\t<meta property=\"og:image:height\" content=\"1016\" \/>\n\t<meta property=\"og:image:type\" content=\"image\/png\" \/>\n<meta name=\"author\" content=\"medisocial\" \/>\n<meta name=\"twitter:card\" content=\"summary_large_image\" \/>\n<meta name=\"twitter:label1\" content=\"Scritto da\" \/>\n\t<meta name=\"twitter:data1\" content=\"medisocial\" \/>\n\t<meta name=\"twitter:label2\" content=\"Tempo di lettura stimato\" \/>\n\t<meta name=\"twitter:data2\" content=\"1 minuto\" \/>\n<script type=\"application\/ld+json\" class=\"yoast-schema-graph\">{\"@context\":\"https:\/\/schema.org\",\"@graph\":[{\"@type\":\"Article\",\"@id\":\"https:\/\/www.medisocial.it\/annapaolacavalieri\/2020\/01\/31\/il-rivolgimento-del-feto\/#article\",\"isPartOf\":{\"@id\":\"https:\/\/www.medisocial.it\/annapaolacavalieri\/2020\/01\/31\/il-rivolgimento-del-feto\/\"},\"author\":{\"name\":\"medisocial\",\"@id\":\"https:\/\/www.medisocial.it\/annapaolacavalieri\/#\/schema\/person\/1cd0bfb9ce49bd43804584df39ef2c91\"},\"headline\":\"Il Rivolgimento del Feto\",\"datePublished\":\"2020-01-31T10:23:36+00:00\",\"dateModified\":\"2020-01-31T10:24:29+00:00\",\"mainEntityOfPage\":{\"@id\":\"https:\/\/www.medisocial.it\/annapaolacavalieri\/2020\/01\/31\/il-rivolgimento-del-feto\/\"},\"wordCount\":224,\"commentCount\":0,\"publisher\":{\"@id\":\"https:\/\/www.medisocial.it\/annapaolacavalieri\/#organization\"},\"image\":{\"@id\":\"https:\/\/www.medisocial.it\/annapaolacavalieri\/2020\/01\/31\/il-rivolgimento-del-feto\/#primaryimage\"},\"thumbnailUrl\":\"https:\/\/www.medisocial.it\/annapaolacavalieri\/wp-content\/uploads\/2020\/01\/rivolgimento.png\",\"keywords\":[\"ecografia\",\"feto\",\"manovre esterne\",\"podice fetale\",\"presentazione podalica\",\"rivolgimento\"],\"articleSection\":[\"Articoli\",\"Video\"],\"inLanguage\":\"it-IT\",\"potentialAction\":[{\"@type\":\"CommentAction\",\"name\":\"Comment\",\"target\":[\"https:\/\/www.medisocial.it\/annapaolacavalieri\/2020\/01\/31\/il-rivolgimento-del-feto\/#respond\"]}]},{\"@type\":\"WebPage\",\"@id\":\"https:\/\/www.medisocial.it\/annapaolacavalieri\/2020\/01\/31\/il-rivolgimento-del-feto\/\",\"url\":\"https:\/\/www.medisocial.it\/annapaolacavalieri\/2020\/01\/31\/il-rivolgimento-del-feto\/\",\"name\":\"Il Rivolgimento del Feto - Dott.ssa Anna Paola Cavalieri\",\"isPartOf\":{\"@id\":\"https:\/\/www.medisocial.it\/annapaolacavalieri\/#website\"},\"primaryImageOfPage\":{\"@id\":\"https:\/\/www.medisocial.it\/annapaolacavalieri\/2020\/01\/31\/il-rivolgimento-del-feto\/#primaryimage\"},\"image\":{\"@id\":\"https:\/\/www.medisocial.it\/annapaolacavalieri\/2020\/01\/31\/il-rivolgimento-del-feto\/#primaryimage\"},\"thumbnailUrl\":\"https:\/\/www.medisocial.it\/annapaolacavalieri\/wp-content\/uploads\/2020\/01\/rivolgimento.png\",\"datePublished\":\"2020-01-31T10:23:36+00:00\",\"dateModified\":\"2020-01-31T10:24:29+00:00\",\"description\":\"Il Rivolgimento del Feto per Manovre Esterne Nel video, una piccola parte della manovra che si esegue in posizione semisdraiata e sotto guida ecografica\",\"breadcrumb\":{\"@id\":\"https:\/\/www.medisocial.it\/annapaolacavalieri\/2020\/01\/31\/il-rivolgimento-del-feto\/#breadcrumb\"},\"inLanguage\":\"it-IT\",\"potentialAction\":[{\"@type\":\"ReadAction\",\"target\":[\"https:\/\/www.medisocial.it\/annapaolacavalieri\/2020\/01\/31\/il-rivolgimento-del-feto\/\"]}]},{\"@type\":\"ImageObject\",\"inLanguage\":\"it-IT\",\"@id\":\"https:\/\/www.medisocial.it\/annapaolacavalieri\/2020\/01\/31\/il-rivolgimento-del-feto\/#primaryimage\",\"url\":\"https:\/\/www.medisocial.it\/annapaolacavalieri\/wp-content\/uploads\/2020\/01\/rivolgimento.png\",\"contentUrl\":\"https:\/\/www.medisocial.it\/annapaolacavalieri\/wp-content\/uploads\/2020\/01\/rivolgimento.png\",\"width\":1002,\"height\":1016,\"caption\":\"rivolgimento\"},{\"@type\":\"BreadcrumbList\",\"@id\":\"https:\/\/www.medisocial.it\/annapaolacavalieri\/2020\/01\/31\/il-rivolgimento-del-feto\/#breadcrumb\",\"itemListElement\":[{\"@type\":\"ListItem\",\"position\":1,\"name\":\"Home\",\"item\":\"https:\/\/www.medisocial.it\/annapaolacavalieri\/\"},{\"@type\":\"ListItem\",\"position\":2,\"name\":\"Il Rivolgimento del Feto\"}]},{\"@type\":\"WebSite\",\"@id\":\"https:\/\/www.medisocial.it\/annapaolacavalieri\/#website\",\"url\":\"https:\/\/www.medisocial.it\/annapaolacavalieri\/\",\"name\":\"Dott.ssa Anna Paola Cavalieri\",\"description\":\"Specialista in Ostetricia e Ginecologia - Roma\",\"publisher\":{\"@id\":\"https:\/\/www.medisocial.it\/annapaolacavalieri\/#organization\"},\"potentialAction\":[{\"@type\":\"SearchAction\",\"target\":{\"@type\":\"EntryPoint\",\"urlTemplate\":\"https:\/\/www.medisocial.it\/annapaolacavalieri\/?s={search_term_string}\"},\"query-input\":{\"@type\":\"PropertyValueSpecification\",\"valueRequired\":true,\"valueName\":\"search_term_string\"}}],\"inLanguage\":\"it-IT\"},{\"@type\":\"Organization\",\"@id\":\"https:\/\/www.medisocial.it\/annapaolacavalieri\/#organization\",\"name\":\"Dott.ssa Anna Paola Cavalieri\",\"url\":\"https:\/\/www.medisocial.it\/annapaolacavalieri\/\",\"logo\":{\"@type\":\"ImageObject\",\"inLanguage\":\"it-IT\",\"@id\":\"https:\/\/www.medisocial.it\/annapaolacavalieri\/#\/schema\/logo\/image\/\",\"url\":\"https:\/\/www.medisocial.it\/annapaolacavalieri\/wp-content\/uploads\/2019\/06\/logo7.jpg\",\"contentUrl\":\"https:\/\/www.medisocial.it\/annapaolacavalieri\/wp-content\/uploads\/2019\/06\/logo7.jpg\",\"width\":242,\"height\":99,\"caption\":\"Dott.ssa Anna Paola Cavalieri\"},\"image\":{\"@id\":\"https:\/\/www.medisocial.it\/annapaolacavalieri\/#\/schema\/logo\/image\/\"}},{\"@type\":\"Person\",\"@id\":\"https:\/\/www.medisocial.it\/annapaolacavalieri\/#\/schema\/person\/1cd0bfb9ce49bd43804584df39ef2c91\",\"name\":\"medisocial\",\"image\":{\"@type\":\"ImageObject\",\"inLanguage\":\"it-IT\",\"@id\":\"https:\/\/www.medisocial.it\/annapaolacavalieri\/#\/schema\/person\/image\/\",\"url\":\"https:\/\/secure.gravatar.com\/avatar\/efa9393110d3610a15f45429c6613084?s=96&d=mm&r=g\",\"contentUrl\":\"https:\/\/secure.gravatar.com\/avatar\/efa9393110d3610a15f45429c6613084?s=96&d=mm&r=g\",\"caption\":\"medisocial\"}}]}<\/script>\n<!-- \/ Yoast SEO plugin. -->","yoast_head_json":{"title":"Il Rivolgimento del Feto - Dott.ssa Anna Paola Cavalieri","description":"Il Rivolgimento del Feto per Manovre Esterne Nel video, una piccola parte della manovra che si esegue in posizione semisdraiata e sotto guida ecografica","robots":{"index":"index","follow":"follow","max-snippet":"max-snippet:-1","max-image-preview":"max-image-preview:large","max-video-preview":"max-video-preview:-1"},"canonical":"https:\/\/www.medisocial.it\/annapaolacavalieri\/2020\/01\/31\/il-rivolgimento-del-feto\/","og_locale":"it_IT","og_type":"article","og_title":"Il Rivolgimento del Feto - Dott.ssa Anna Paola Cavalieri","og_description":"Il Rivolgimento del Feto per Manovre Esterne Nel video, una piccola parte della manovra che si esegue in posizione semisdraiata e sotto guida ecografica","og_url":"https:\/\/www.medisocial.it\/annapaolacavalieri\/2020\/01\/31\/il-rivolgimento-del-feto\/","og_site_name":"Dott.ssa Anna Paola Cavalieri","article_published_time":"2020-01-31T10:23:36+00:00","article_modified_time":"2020-01-31T10:24:29+00:00","og_image":[{"width":1002,"height":1016,"url":"https:\/\/www.medisocial.it\/annapaolacavalieri\/wp-content\/uploads\/2020\/01\/rivolgimento.png","type":"image\/png"}],"author":"medisocial","twitter_card":"summary_large_image","twitter_misc":{"Scritto da":"medisocial","Tempo di lettura stimato":"1 minuto"},"schema":{"@context":"https:\/\/schema.org","@graph":[{"@type":"Article","@id":"https:\/\/www.medisocial.it\/annapaolacavalieri\/2020\/01\/31\/il-rivolgimento-del-feto\/#article","isPartOf":{"@id":"https:\/\/www.medisocial.it\/annapaolacavalieri\/2020\/01\/31\/il-rivolgimento-del-feto\/"},"author":{"name":"medisocial","@id":"https:\/\/www.medisocial.it\/annapaolacavalieri\/#\/schema\/person\/1cd0bfb9ce49bd43804584df39ef2c91"},"headline":"Il Rivolgimento del Feto","datePublished":"2020-01-31T10:23:36+00:00","dateModified":"2020-01-31T10:24:29+00:00","mainEntityOfPage":{"@id":"https:\/\/www.medisocial.it\/annapaolacavalieri\/2020\/01\/31\/il-rivolgimento-del-feto\/"},"wordCount":224,"commentCount":0,"publisher":{"@id":"https:\/\/www.medisocial.it\/annapaolacavalieri\/#organization"},"image":{"@id":"https:\/\/www.medisocial.it\/annapaolacavalieri\/2020\/01\/31\/il-rivolgimento-del-feto\/#primaryimage"},"thumbnailUrl":"https:\/\/www.medisocial.it\/annapaolacavalieri\/wp-content\/uploads\/2020\/01\/rivolgimento.png","keywords":["ecografia","feto","manovre esterne","podice fetale","presentazione podalica","rivolgimento"],"articleSection":["Articoli","Video"],"inLanguage":"it-IT","potentialAction":[{"@type":"CommentAction","name":"Comment","target":["https:\/\/www.medisocial.it\/annapaolacavalieri\/2020\/01\/31\/il-rivolgimento-del-feto\/#respond"]}]},{"@type":"WebPage","@id":"https:\/\/www.medisocial.it\/annapaolacavalieri\/2020\/01\/31\/il-rivolgimento-del-feto\/","url":"https:\/\/www.medisocial.it\/annapaolacavalieri\/2020\/01\/31\/il-rivolgimento-del-feto\/","name":"Il Rivolgimento del Feto - Dott.ssa Anna Paola Cavalieri","isPartOf":{"@id":"https:\/\/www.medisocial.it\/annapaolacavalieri\/#website"},"primaryImageOfPage":{"@id":"https:\/\/www.medisocial.it\/annapaolacavalieri\/2020\/01\/31\/il-rivolgimento-del-feto\/#primaryimage"},"image":{"@id":"https:\/\/www.medisocial.it\/annapaolacavalieri\/2020\/01\/31\/il-rivolgimento-del-feto\/#primaryimage"},"thumbnailUrl":"https:\/\/www.medisocial.it\/annapaolacavalieri\/wp-content\/uploads\/2020\/01\/rivolgimento.png","datePublished":"2020-01-31T10:23:36+00:00","dateModified":"2020-01-31T10:24:29+00:00","description":"Il Rivolgimento del Feto per Manovre Esterne Nel video, una piccola parte della manovra che si esegue in posizione semisdraiata e sotto guida ecografica","breadcrumb":{"@id":"https:\/\/www.medisocial.it\/annapaolacavalieri\/2020\/01\/31\/il-rivolgimento-del-feto\/#breadcrumb"},"inLanguage":"it-IT","potentialAction":[{"@type":"ReadAction","target":["https:\/\/www.medisocial.it\/annapaolacavalieri\/2020\/01\/31\/il-rivolgimento-del-feto\/"]}]},{"@type":"ImageObject","inLanguage":"it-IT","@id":"https:\/\/www.medisocial.it\/annapaolacavalieri\/2020\/01\/31\/il-rivolgimento-del-feto\/#primaryimage","url":"https:\/\/www.medisocial.it\/annapaolacavalieri\/wp-content\/uploads\/2020\/01\/rivolgimento.png","contentUrl":"https:\/\/www.medisocial.it\/annapaolacavalieri\/wp-content\/uploads\/2020\/01\/rivolgimento.png","width":1002,"height":1016,"caption":"rivolgimento"},{"@type":"BreadcrumbList","@id":"https:\/\/www.medisocial.it\/annapaolacavalieri\/2020\/01\/31\/il-rivolgimento-del-feto\/#breadcrumb","itemListElement":[{"@type":"ListItem","position":1,"name":"Home","item":"https:\/\/www.medisocial.it\/annapaolacavalieri\/"},{"@type":"ListItem","position":2,"name":"Il Rivolgimento del Feto"}]},{"@type":"WebSite","@id":"https:\/\/www.medisocial.it\/annapaolacavalieri\/#website","url":"https:\/\/www.medisocial.it\/annapaolacavalieri\/","name":"Dott.ssa Anna Paola Cavalieri","description":"Specialista in Ostetricia e Ginecologia - Roma","publisher":{"@id":"https:\/\/www.medisocial.it\/annapaolacavalieri\/#organization"},"potentialAction":[{"@type":"SearchAction","target":{"@type":"EntryPoint","urlTemplate":"https:\/\/www.medisocial.it\/annapaolacavalieri\/?s={search_term_string}"},"query-input":{"@type":"PropertyValueSpecification","valueRequired":true,"valueName":"search_term_string"}}],"inLanguage":"it-IT"},{"@type":"Organization","@id":"https:\/\/www.medisocial.it\/annapaolacavalieri\/#organization","name":"Dott.ssa Anna Paola Cavalieri","url":"https:\/\/www.medisocial.it\/annapaolacavalieri\/","logo":{"@type":"ImageObject","inLanguage":"it-IT","@id":"https:\/\/www.medisocial.it\/annapaolacavalieri\/#\/schema\/logo\/image\/","url":"https:\/\/www.medisocial.it\/annapaolacavalieri\/wp-content\/uploads\/2019\/06\/logo7.jpg","contentUrl":"https:\/\/www.medisocial.it\/annapaolacavalieri\/wp-content\/uploads\/2019\/06\/logo7.jpg","width":242,"height":99,"caption":"Dott.ssa Anna Paola Cavalieri"},"image":{"@id":"https:\/\/www.medisocial.it\/annapaolacavalieri\/#\/schema\/logo\/image\/"}},{"@type":"Person","@id":"https:\/\/www.medisocial.it\/annapaolacavalieri\/#\/schema\/person\/1cd0bfb9ce49bd43804584df39ef2c91","name":"medisocial","image":{"@type":"ImageObject","inLanguage":"it-IT","@id":"https:\/\/www.medisocial.it\/annapaolacavalieri\/#\/schema\/person\/image\/","url":"https:\/\/secure.gravatar.com\/avatar\/efa9393110d3610a15f45429c6613084?s=96&d=mm&r=g","contentUrl":"https:\/\/secure.gravatar.com\/avatar\/efa9393110d3610a15f45429c6613084?s=96&d=mm&r=g","caption":"medisocial"}}]}},"_links":{"self":[{"href":"https:\/\/www.medisocial.it\/annapaolacavalieri\/wp-json\/wp\/v2\/posts\/392"}],"collection":[{"href":"https:\/\/www.medisocial.it\/annapaolacavalieri\/wp-json\/wp\/v2\/posts"}],"about":[{"href":"https:\/\/www.medisocial.it\/annapaolacavalieri\/wp-json\/wp\/v2\/types\/post"}],"author":[{"embeddable":true,"href":"https:\/\/www.medisocial.it\/annapaolacavalieri\/wp-json\/wp\/v2\/users\/1"}],"replies":[{"embeddable":true,"href":"https:\/\/www.medisocial.it\/annapaolacavalieri\/wp-json\/wp\/v2\/comments?post=392"}],"version-history":[{"count":2,"href":"https:\/\/www.medisocial.it\/annapaolacavalieri\/wp-json\/wp\/v2\/posts\/392\/revisions"}],"predecessor-version":[{"id":396,"href":"https:\/\/www.medisocial.it\/annapaolacavalieri\/wp-json\/wp\/v2\/posts\/392\/revisions\/396"}],"wp:featuredmedia":[{"embeddable":true,"href":"https:\/\/www.medisocial.it\/annapaolacavalieri\/wp-json\/wp\/v2\/media\/394"}],"wp:attachment":[{"href":"https:\/\/www.medisocial.it\/annapaolacavalieri\/wp-json\/wp\/v2\/media?parent=392"}],"wp:term":[{"taxonomy":"category","embeddable":true,"href":"https:\/\/www.medisocial.it\/annapaolacavalieri\/wp-json\/wp\/v2\/categories?post=392"},{"taxonomy":"post_tag","embeddable":true,"href":"https:\/\/www.medisocial.it\/annapaolacavalieri\/wp-json\/wp\/v2\/tags?post=392"}],"curies":[{"name":"wp","href":"https:\/\/api.w.org\/{rel}","templated":true}]}}