{"id":388,"date":"2020-01-10T12:29:48","date_gmt":"2020-01-10T11:29:48","guid":{"rendered":"https:\/\/www.medisocial.it\/annapaolacavalieri\/?p=388"},"modified":"2020-01-10T12:29:48","modified_gmt":"2020-01-10T11:29:48","slug":"infezioni-vaginali-e-alimentazione-scorretta","status":"publish","type":"post","link":"https:\/\/www.medisocial.it\/annapaolacavalieri\/2020\/01\/10\/infezioni-vaginali-e-alimentazione-scorretta\/","title":{"rendered":"Infezioni Vaginali e Alimentazione scorretta"},"content":{"rendered":"<p><strong><em>Infezioni Vaginali e Alimentazione scorretta<\/em><\/strong>. L\u2019alimentazione scorretta pu\u00f2, alterando la flora batterica intestinale e vaginale, creare condizioni favorevoli alla proliferazione di alcune infezioni.<\/p>\n<p>Per lo stesso motivo ci\u00f2 che mangiamo pu\u00f2 aiutarci a curare alcuni disturbi vaginali.<\/p>\n<p>In particolare un\u2019alimentazione ricca di zuccheri e amidi pu\u00f2 creare uno squilibrio intestinale e vaginale che favorisce la proliferazione di microrganismi di natura fungina in primis fra questi la Candida, vaginite diffusissima tra la popolazione italiana.<\/p>\n<p>La candidosi \u00e8 una malattia piuttosto comune. Si tratta di un\u2019infezione vaginale dovuta al fungo Candida albicans, che colpisce le donne in et\u00e0 fertile, si risolve facilmente. I sintomi possono comunque variare perch\u00e9 ogni donna \u00e8 diversa dall\u2019altra ma, non appena si manifestano i primi sintomi (prurito e bruciore nelle parti intime, perdite biancastre, ect.) \u00a0\u00e8 bene parlare subito con il tuo <a href=\"https:\/\/www.medisocial.it\/annapaolacavalieri\/contatti\/\">ginecologo di fiducia<\/a> per iniziare il trattamento pi\u00f9 adeguato.<\/p>\n<p>Altra correlazione nota \u00e8 quella tra alimentazione scorretta (ricca di zuccheri, coloranti, alimenti raffinati, additivi, e con scarsa introduzione di acqua) e cistiti.<\/p>\n<p>Infatti, uno dei migliori modi per prevenire la cistite \u00e8 curare l\u2019alimentazione che dovr\u00e0 essere ricca di cereali integrali, frutta e verdure di stagione, con una maggiore preferenza per i cibi ad azione diuretica, per esempio ananas, fragole, anguria, finocchi e cetrioli.<\/p>\n<p>Nelle infezioni vaginali \u00e8 utile, inoltre, introdurre nell\u2019alimentazione cibi ad azione antinfiammatoria come per esempio il ribes e i mirtilli.<\/p>\n","protected":false},"excerpt":{"rendered":"<p>Infezioni Vaginali e Alimentazione scorretta. L\u2019alimentazione scorretta pu\u00f2, alterando la flora batterica intestinale e vaginale, creare condizioni favorevoli alla proliferazione di alcune infezioni. Per lo stesso motivo ci\u00f2 che mangiamo pu\u00f2 aiutarci a curare alcuni disturbi vaginali. In particolare un\u2019alimentazione ricca di zuccheri e amidi pu\u00f2 creare uno squilibrio intestinale e vaginale che favorisce la [&hellip;]<\/p>\n","protected":false},"author":1,"featured_media":389,"comment_status":"open","ping_status":"open","sticky":false,"template":"","format":"standard","meta":{"_monsterinsights_skip_tracking":false,"_monsterinsights_sitenote_active":false,"_monsterinsights_sitenote_note":"","_monsterinsights_sitenote_category":0,"footnotes":""},"categories":[7],"tags":[111,110,112,109],"yoast_head":"<!-- This site is optimized with the Yoast SEO plugin v23.5 - https:\/\/yoast.com\/wordpress\/plugins\/seo\/ -->\n<title>Infezioni Vaginali e Alimentazione scorretta - Dott.ssa Anna Paola Cavalieri<\/title>\n<meta name=\"description\" content=\"Infezioni Vaginali e Alimentazione scorretta. L\u2019alimentazione scorretta pu\u00f2 alterare la flora batterica intestinale e vaginale e favorire infezioni vaginali\" \/>\n<meta name=\"robots\" content=\"index, follow, max-snippet:-1, max-image-preview:large, max-video-preview:-1\" \/>\n<link rel=\"canonical\" href=\"https:\/\/www.medisocial.it\/annapaolacavalieri\/2020\/01\/10\/infezioni-vaginali-e-alimentazione-scorretta\/\" \/>\n<meta property=\"og:locale\" content=\"it_IT\" \/>\n<meta property=\"og:type\" content=\"article\" \/>\n<meta property=\"og:title\" content=\"Infezioni Vaginali e Alimentazione scorretta - Dott.ssa Anna Paola Cavalieri\" \/>\n<meta property=\"og:description\" content=\"Infezioni Vaginali e Alimentazione scorretta. L\u2019alimentazione scorretta pu\u00f2 alterare la flora batterica intestinale e vaginale e favorire infezioni vaginali\" \/>\n<meta property=\"og:url\" content=\"https:\/\/www.medisocial.it\/annapaolacavalieri\/2020\/01\/10\/infezioni-vaginali-e-alimentazione-scorretta\/\" \/>\n<meta property=\"og:site_name\" content=\"Dott.ssa Anna Paola Cavalieri\" \/>\n<meta property=\"article:published_time\" content=\"2020-01-10T11:29:48+00:00\" \/>\n<meta property=\"og:image\" content=\"https:\/\/www.medisocial.it\/annapaolacavalieri\/wp-content\/uploads\/2020\/01\/candida-vaginale-modificato.png\" \/>\n\t<meta property=\"og:image:width\" content=\"595\" \/>\n\t<meta property=\"og:image:height\" content=\"597\" \/>\n\t<meta property=\"og:image:type\" content=\"image\/png\" \/>\n<meta name=\"author\" content=\"medisocial\" \/>\n<meta name=\"twitter:card\" content=\"summary_large_image\" \/>\n<meta name=\"twitter:label1\" content=\"Scritto da\" \/>\n\t<meta name=\"twitter:data1\" content=\"medisocial\" \/>\n\t<meta name=\"twitter:label2\" content=\"Tempo di lettura stimato\" \/>\n\t<meta name=\"twitter:data2\" content=\"1 minuto\" \/>\n<script type=\"application\/ld+json\" class=\"yoast-schema-graph\">{\"@context\":\"https:\/\/schema.org\",\"@graph\":[{\"@type\":\"Article\",\"@id\":\"https:\/\/www.medisocial.it\/annapaolacavalieri\/2020\/01\/10\/infezioni-vaginali-e-alimentazione-scorretta\/#article\",\"isPartOf\":{\"@id\":\"https:\/\/www.medisocial.it\/annapaolacavalieri\/2020\/01\/10\/infezioni-vaginali-e-alimentazione-scorretta\/\"},\"author\":{\"name\":\"medisocial\",\"@id\":\"https:\/\/www.medisocial.it\/annapaolacavalieri\/#\/schema\/person\/1cd0bfb9ce49bd43804584df39ef2c91\"},\"headline\":\"Infezioni Vaginali e Alimentazione scorretta\",\"datePublished\":\"2020-01-10T11:29:48+00:00\",\"dateModified\":\"2020-01-10T11:29:48+00:00\",\"mainEntityOfPage\":{\"@id\":\"https:\/\/www.medisocial.it\/annapaolacavalieri\/2020\/01\/10\/infezioni-vaginali-e-alimentazione-scorretta\/\"},\"wordCount\":234,\"commentCount\":0,\"publisher\":{\"@id\":\"https:\/\/www.medisocial.it\/annapaolacavalieri\/#organization\"},\"image\":{\"@id\":\"https:\/\/www.medisocial.it\/annapaolacavalieri\/2020\/01\/10\/infezioni-vaginali-e-alimentazione-scorretta\/#primaryimage\"},\"thumbnailUrl\":\"https:\/\/www.medisocial.it\/annapaolacavalieri\/wp-content\/uploads\/2020\/01\/candida-vaginale-modificato.png\",\"keywords\":[\"candida\",\"cistite\",\"flora batterica\",\"infezioni vaginali\"],\"articleSection\":[\"Articoli\"],\"inLanguage\":\"it-IT\",\"potentialAction\":[{\"@type\":\"CommentAction\",\"name\":\"Comment\",\"target\":[\"https:\/\/www.medisocial.it\/annapaolacavalieri\/2020\/01\/10\/infezioni-vaginali-e-alimentazione-scorretta\/#respond\"]}]},{\"@type\":\"WebPage\",\"@id\":\"https:\/\/www.medisocial.it\/annapaolacavalieri\/2020\/01\/10\/infezioni-vaginali-e-alimentazione-scorretta\/\",\"url\":\"https:\/\/www.medisocial.it\/annapaolacavalieri\/2020\/01\/10\/infezioni-vaginali-e-alimentazione-scorretta\/\",\"name\":\"Infezioni Vaginali e Alimentazione scorretta - Dott.ssa Anna Paola Cavalieri\",\"isPartOf\":{\"@id\":\"https:\/\/www.medisocial.it\/annapaolacavalieri\/#website\"},\"primaryImageOfPage\":{\"@id\":\"https:\/\/www.medisocial.it\/annapaolacavalieri\/2020\/01\/10\/infezioni-vaginali-e-alimentazione-scorretta\/#primaryimage\"},\"image\":{\"@id\":\"https:\/\/www.medisocial.it\/annapaolacavalieri\/2020\/01\/10\/infezioni-vaginali-e-alimentazione-scorretta\/#primaryimage\"},\"thumbnailUrl\":\"https:\/\/www.medisocial.it\/annapaolacavalieri\/wp-content\/uploads\/2020\/01\/candida-vaginale-modificato.png\",\"datePublished\":\"2020-01-10T11:29:48+00:00\",\"dateModified\":\"2020-01-10T11:29:48+00:00\",\"description\":\"Infezioni Vaginali e Alimentazione scorretta. L\u2019alimentazione scorretta pu\u00f2 alterare la flora batterica intestinale e vaginale e favorire infezioni vaginali\",\"breadcrumb\":{\"@id\":\"https:\/\/www.medisocial.it\/annapaolacavalieri\/2020\/01\/10\/infezioni-vaginali-e-alimentazione-scorretta\/#breadcrumb\"},\"inLanguage\":\"it-IT\",\"potentialAction\":[{\"@type\":\"ReadAction\",\"target\":[\"https:\/\/www.medisocial.it\/annapaolacavalieri\/2020\/01\/10\/infezioni-vaginali-e-alimentazione-scorretta\/\"]}]},{\"@type\":\"ImageObject\",\"inLanguage\":\"it-IT\",\"@id\":\"https:\/\/www.medisocial.it\/annapaolacavalieri\/2020\/01\/10\/infezioni-vaginali-e-alimentazione-scorretta\/#primaryimage\",\"url\":\"https:\/\/www.medisocial.it\/annapaolacavalieri\/wp-content\/uploads\/2020\/01\/candida-vaginale-modificato.png\",\"contentUrl\":\"https:\/\/www.medisocial.it\/annapaolacavalieri\/wp-content\/uploads\/2020\/01\/candida-vaginale-modificato.png\",\"width\":595,\"height\":597,\"caption\":\"infezioni vaginali\"},{\"@type\":\"BreadcrumbList\",\"@id\":\"https:\/\/www.medisocial.it\/annapaolacavalieri\/2020\/01\/10\/infezioni-vaginali-e-alimentazione-scorretta\/#breadcrumb\",\"itemListElement\":[{\"@type\":\"ListItem\",\"position\":1,\"name\":\"Home\",\"item\":\"https:\/\/www.medisocial.it\/annapaolacavalieri\/\"},{\"@type\":\"ListItem\",\"position\":2,\"name\":\"Infezioni Vaginali e Alimentazione scorretta\"}]},{\"@type\":\"WebSite\",\"@id\":\"https:\/\/www.medisocial.it\/annapaolacavalieri\/#website\",\"url\":\"https:\/\/www.medisocial.it\/annapaolacavalieri\/\",\"name\":\"Dott.ssa Anna Paola Cavalieri\",\"description\":\"Specialista in Ostetricia e Ginecologia - Roma\",\"publisher\":{\"@id\":\"https:\/\/www.medisocial.it\/annapaolacavalieri\/#organization\"},\"potentialAction\":[{\"@type\":\"SearchAction\",\"target\":{\"@type\":\"EntryPoint\",\"urlTemplate\":\"https:\/\/www.medisocial.it\/annapaolacavalieri\/?s={search_term_string}\"},\"query-input\":{\"@type\":\"PropertyValueSpecification\",\"valueRequired\":true,\"valueName\":\"search_term_string\"}}],\"inLanguage\":\"it-IT\"},{\"@type\":\"Organization\",\"@id\":\"https:\/\/www.medisocial.it\/annapaolacavalieri\/#organization\",\"name\":\"Dott.ssa Anna Paola Cavalieri\",\"url\":\"https:\/\/www.medisocial.it\/annapaolacavalieri\/\",\"logo\":{\"@type\":\"ImageObject\",\"inLanguage\":\"it-IT\",\"@id\":\"https:\/\/www.medisocial.it\/annapaolacavalieri\/#\/schema\/logo\/image\/\",\"url\":\"https:\/\/www.medisocial.it\/annapaolacavalieri\/wp-content\/uploads\/2019\/06\/logo7.jpg\",\"contentUrl\":\"https:\/\/www.medisocial.it\/annapaolacavalieri\/wp-content\/uploads\/2019\/06\/logo7.jpg\",\"width\":242,\"height\":99,\"caption\":\"Dott.ssa Anna Paola Cavalieri\"},\"image\":{\"@id\":\"https:\/\/www.medisocial.it\/annapaolacavalieri\/#\/schema\/logo\/image\/\"}},{\"@type\":\"Person\",\"@id\":\"https:\/\/www.medisocial.it\/annapaolacavalieri\/#\/schema\/person\/1cd0bfb9ce49bd43804584df39ef2c91\",\"name\":\"medisocial\",\"image\":{\"@type\":\"ImageObject\",\"inLanguage\":\"it-IT\",\"@id\":\"https:\/\/www.medisocial.it\/annapaolacavalieri\/#\/schema\/person\/image\/\",\"url\":\"https:\/\/secure.gravatar.com\/avatar\/efa9393110d3610a15f45429c6613084?s=96&d=mm&r=g\",\"contentUrl\":\"https:\/\/secure.gravatar.com\/avatar\/efa9393110d3610a15f45429c6613084?s=96&d=mm&r=g\",\"caption\":\"medisocial\"}}]}<\/script>\n<!-- \/ Yoast SEO plugin. -->","yoast_head_json":{"title":"Infezioni Vaginali e Alimentazione scorretta - Dott.ssa Anna Paola Cavalieri","description":"Infezioni Vaginali e Alimentazione scorretta. L\u2019alimentazione scorretta pu\u00f2 alterare la flora batterica intestinale e vaginale e favorire infezioni vaginali","robots":{"index":"index","follow":"follow","max-snippet":"max-snippet:-1","max-image-preview":"max-image-preview:large","max-video-preview":"max-video-preview:-1"},"canonical":"https:\/\/www.medisocial.it\/annapaolacavalieri\/2020\/01\/10\/infezioni-vaginali-e-alimentazione-scorretta\/","og_locale":"it_IT","og_type":"article","og_title":"Infezioni Vaginali e Alimentazione scorretta - Dott.ssa Anna Paola Cavalieri","og_description":"Infezioni Vaginali e Alimentazione scorretta. L\u2019alimentazione scorretta pu\u00f2 alterare la flora batterica intestinale e vaginale e favorire infezioni vaginali","og_url":"https:\/\/www.medisocial.it\/annapaolacavalieri\/2020\/01\/10\/infezioni-vaginali-e-alimentazione-scorretta\/","og_site_name":"Dott.ssa Anna Paola Cavalieri","article_published_time":"2020-01-10T11:29:48+00:00","og_image":[{"width":595,"height":597,"url":"https:\/\/www.medisocial.it\/annapaolacavalieri\/wp-content\/uploads\/2020\/01\/candida-vaginale-modificato.png","type":"image\/png"}],"author":"medisocial","twitter_card":"summary_large_image","twitter_misc":{"Scritto da":"medisocial","Tempo di lettura stimato":"1 minuto"},"schema":{"@context":"https:\/\/schema.org","@graph":[{"@type":"Article","@id":"https:\/\/www.medisocial.it\/annapaolacavalieri\/2020\/01\/10\/infezioni-vaginali-e-alimentazione-scorretta\/#article","isPartOf":{"@id":"https:\/\/www.medisocial.it\/annapaolacavalieri\/2020\/01\/10\/infezioni-vaginali-e-alimentazione-scorretta\/"},"author":{"name":"medisocial","@id":"https:\/\/www.medisocial.it\/annapaolacavalieri\/#\/schema\/person\/1cd0bfb9ce49bd43804584df39ef2c91"},"headline":"Infezioni Vaginali e Alimentazione scorretta","datePublished":"2020-01-10T11:29:48+00:00","dateModified":"2020-01-10T11:29:48+00:00","mainEntityOfPage":{"@id":"https:\/\/www.medisocial.it\/annapaolacavalieri\/2020\/01\/10\/infezioni-vaginali-e-alimentazione-scorretta\/"},"wordCount":234,"commentCount":0,"publisher":{"@id":"https:\/\/www.medisocial.it\/annapaolacavalieri\/#organization"},"image":{"@id":"https:\/\/www.medisocial.it\/annapaolacavalieri\/2020\/01\/10\/infezioni-vaginali-e-alimentazione-scorretta\/#primaryimage"},"thumbnailUrl":"https:\/\/www.medisocial.it\/annapaolacavalieri\/wp-content\/uploads\/2020\/01\/candida-vaginale-modificato.png","keywords":["candida","cistite","flora batterica","infezioni vaginali"],"articleSection":["Articoli"],"inLanguage":"it-IT","potentialAction":[{"@type":"CommentAction","name":"Comment","target":["https:\/\/www.medisocial.it\/annapaolacavalieri\/2020\/01\/10\/infezioni-vaginali-e-alimentazione-scorretta\/#respond"]}]},{"@type":"WebPage","@id":"https:\/\/www.medisocial.it\/annapaolacavalieri\/2020\/01\/10\/infezioni-vaginali-e-alimentazione-scorretta\/","url":"https:\/\/www.medisocial.it\/annapaolacavalieri\/2020\/01\/10\/infezioni-vaginali-e-alimentazione-scorretta\/","name":"Infezioni Vaginali e Alimentazione scorretta - Dott.ssa Anna Paola Cavalieri","isPartOf":{"@id":"https:\/\/www.medisocial.it\/annapaolacavalieri\/#website"},"primaryImageOfPage":{"@id":"https:\/\/www.medisocial.it\/annapaolacavalieri\/2020\/01\/10\/infezioni-vaginali-e-alimentazione-scorretta\/#primaryimage"},"image":{"@id":"https:\/\/www.medisocial.it\/annapaolacavalieri\/2020\/01\/10\/infezioni-vaginali-e-alimentazione-scorretta\/#primaryimage"},"thumbnailUrl":"https:\/\/www.medisocial.it\/annapaolacavalieri\/wp-content\/uploads\/2020\/01\/candida-vaginale-modificato.png","datePublished":"2020-01-10T11:29:48+00:00","dateModified":"2020-01-10T11:29:48+00:00","description":"Infezioni Vaginali e Alimentazione scorretta. L\u2019alimentazione scorretta pu\u00f2 alterare la flora batterica intestinale e vaginale e favorire infezioni vaginali","breadcrumb":{"@id":"https:\/\/www.medisocial.it\/annapaolacavalieri\/2020\/01\/10\/infezioni-vaginali-e-alimentazione-scorretta\/#breadcrumb"},"inLanguage":"it-IT","potentialAction":[{"@type":"ReadAction","target":["https:\/\/www.medisocial.it\/annapaolacavalieri\/2020\/01\/10\/infezioni-vaginali-e-alimentazione-scorretta\/"]}]},{"@type":"ImageObject","inLanguage":"it-IT","@id":"https:\/\/www.medisocial.it\/annapaolacavalieri\/2020\/01\/10\/infezioni-vaginali-e-alimentazione-scorretta\/#primaryimage","url":"https:\/\/www.medisocial.it\/annapaolacavalieri\/wp-content\/uploads\/2020\/01\/candida-vaginale-modificato.png","contentUrl":"https:\/\/www.medisocial.it\/annapaolacavalieri\/wp-content\/uploads\/2020\/01\/candida-vaginale-modificato.png","width":595,"height":597,"caption":"infezioni vaginali"},{"@type":"BreadcrumbList","@id":"https:\/\/www.medisocial.it\/annapaolacavalieri\/2020\/01\/10\/infezioni-vaginali-e-alimentazione-scorretta\/#breadcrumb","itemListElement":[{"@type":"ListItem","position":1,"name":"Home","item":"https:\/\/www.medisocial.it\/annapaolacavalieri\/"},{"@type":"ListItem","position":2,"name":"Infezioni Vaginali e Alimentazione scorretta"}]},{"@type":"WebSite","@id":"https:\/\/www.medisocial.it\/annapaolacavalieri\/#website","url":"https:\/\/www.medisocial.it\/annapaolacavalieri\/","name":"Dott.ssa Anna Paola Cavalieri","description":"Specialista in Ostetricia e Ginecologia - Roma","publisher":{"@id":"https:\/\/www.medisocial.it\/annapaolacavalieri\/#organization"},"potentialAction":[{"@type":"SearchAction","target":{"@type":"EntryPoint","urlTemplate":"https:\/\/www.medisocial.it\/annapaolacavalieri\/?s={search_term_string}"},"query-input":{"@type":"PropertyValueSpecification","valueRequired":true,"valueName":"search_term_string"}}],"inLanguage":"it-IT"},{"@type":"Organization","@id":"https:\/\/www.medisocial.it\/annapaolacavalieri\/#organization","name":"Dott.ssa Anna Paola Cavalieri","url":"https:\/\/www.medisocial.it\/annapaolacavalieri\/","logo":{"@type":"ImageObject","inLanguage":"it-IT","@id":"https:\/\/www.medisocial.it\/annapaolacavalieri\/#\/schema\/logo\/image\/","url":"https:\/\/www.medisocial.it\/annapaolacavalieri\/wp-content\/uploads\/2019\/06\/logo7.jpg","contentUrl":"https:\/\/www.medisocial.it\/annapaolacavalieri\/wp-content\/uploads\/2019\/06\/logo7.jpg","width":242,"height":99,"caption":"Dott.ssa Anna Paola Cavalieri"},"image":{"@id":"https:\/\/www.medisocial.it\/annapaolacavalieri\/#\/schema\/logo\/image\/"}},{"@type":"Person","@id":"https:\/\/www.medisocial.it\/annapaolacavalieri\/#\/schema\/person\/1cd0bfb9ce49bd43804584df39ef2c91","name":"medisocial","image":{"@type":"ImageObject","inLanguage":"it-IT","@id":"https:\/\/www.medisocial.it\/annapaolacavalieri\/#\/schema\/person\/image\/","url":"https:\/\/secure.gravatar.com\/avatar\/efa9393110d3610a15f45429c6613084?s=96&d=mm&r=g","contentUrl":"https:\/\/secure.gravatar.com\/avatar\/efa9393110d3610a15f45429c6613084?s=96&d=mm&r=g","caption":"medisocial"}}]}},"_links":{"self":[{"href":"https:\/\/www.medisocial.it\/annapaolacavalieri\/wp-json\/wp\/v2\/posts\/388"}],"collection":[{"href":"https:\/\/www.medisocial.it\/annapaolacavalieri\/wp-json\/wp\/v2\/posts"}],"about":[{"href":"https:\/\/www.medisocial.it\/annapaolacavalieri\/wp-json\/wp\/v2\/types\/post"}],"author":[{"embeddable":true,"href":"https:\/\/www.medisocial.it\/annapaolacavalieri\/wp-json\/wp\/v2\/users\/1"}],"replies":[{"embeddable":true,"href":"https:\/\/www.medisocial.it\/annapaolacavalieri\/wp-json\/wp\/v2\/comments?post=388"}],"version-history":[{"count":1,"href":"https:\/\/www.medisocial.it\/annapaolacavalieri\/wp-json\/wp\/v2\/posts\/388\/revisions"}],"predecessor-version":[{"id":390,"href":"https:\/\/www.medisocial.it\/annapaolacavalieri\/wp-json\/wp\/v2\/posts\/388\/revisions\/390"}],"wp:featuredmedia":[{"embeddable":true,"href":"https:\/\/www.medisocial.it\/annapaolacavalieri\/wp-json\/wp\/v2\/media\/389"}],"wp:attachment":[{"href":"https:\/\/www.medisocial.it\/annapaolacavalieri\/wp-json\/wp\/v2\/media?parent=388"}],"wp:term":[{"taxonomy":"category","embeddable":true,"href":"https:\/\/www.medisocial.it\/annapaolacavalieri\/wp-json\/wp\/v2\/categories?post=388"},{"taxonomy":"post_tag","embeddable":true,"href":"https:\/\/www.medisocial.it\/annapaolacavalieri\/wp-json\/wp\/v2\/tags?post=388"}],"curies":[{"name":"wp","href":"https:\/\/api.w.org\/{rel}","templated":true}]}}