{"id":384,"date":"2019-12-20T10:52:14","date_gmt":"2019-12-20T09:52:14","guid":{"rendered":"https:\/\/www.medisocial.it\/annapaolacavalieri\/?p=384"},"modified":"2019-12-20T10:52:58","modified_gmt":"2019-12-20T09:52:58","slug":"dismenorrea-che-cose-e-quali-cure-adottare","status":"publish","type":"post","link":"https:\/\/www.medisocial.it\/annapaolacavalieri\/2019\/12\/20\/dismenorrea-che-cose-e-quali-cure-adottare\/","title":{"rendered":"Dismenorrea: cos\u2019\u00e8 e quali cure adottare"},"content":{"rendered":"<p>La dismenorrea \u00e8 uno dei pi\u00f9 comuni disturbi ginecologici soprattutto in adolescenza.<\/p>\n<p>Con il termine dismenorrea si intende un dolore pelvico forte e persistente correlato al ciclo mestruale, tale da interferire con il regolare svolgimento delle attivit\u00e0 quotidiane.<\/p>\n<p>Durante il ciclo, circa il 60% delle donne sperimenta dolori addominali, una condizione che risulta particolarmente dolorosa nei primi due anni dopo il menarca.<\/p>\n<p>Il dolore di solito inizia con le mestruazioni (o poco prima) e persiste per i primi 1-2 giorni. Si localizza al basso ventre e pu\u00f2 irradiarsi alla schiena o coscia. Le pazienti possono anche avere malessere, stanchezza, nausea, vomito, diarrea, mal di schiena, o mal di testa.<\/p>\n<p>Nella maggior parte dei casi si parla di dismenorrea primaria.<\/p>\n<p>E&#8217; considerata primaria in assenza di patologie sottostanti, la diagnosi \u00e8 quindi una diagnosi di esclusione.<\/p>\n<p>Vanno cio\u00e8 escluse tutte le cause di forme secondarie.<\/p>\n<p>La pi\u00f9 comune causa di dismenorrea secondaria \u00e8 l\u2019endometriosi.<\/p>\n<p>Altre cause da escludere sono malattie infiammatorie pelviche, cisti ovariche, patologie malformative dei genitali interni, fibromi e adenomiosi uterina.<\/p>\n<p>I farmaci pi\u00f9 utilizzati contro la dismenorrea primaria sono i comuni FANS, per le forme secondarie la terapia varia a seconda della patologia sottostante.<\/p>\n<p>E&#8217; comunque sempre consigliabile fare una visita ed un&#8217;ecografia di controllo.<\/p>\n<p>Chiama lo studio e prenota la tua visita di controllo <a href=\"https:\/\/www.medisocial.it\/annapaolacavalieri\/contatti\/\">qui<\/a><\/p>\n<p>&nbsp;<\/p>\n","protected":false},"excerpt":{"rendered":"<p>La dismenorrea \u00e8 uno dei pi\u00f9 comuni disturbi ginecologici soprattutto in adolescenza. Con il termine dismenorrea si intende un dolore pelvico forte e persistente correlato al ciclo mestruale, tale da interferire con il regolare svolgimento delle attivit\u00e0 quotidiane. Durante il ciclo, circa il 60% delle donne sperimenta dolori addominali, una condizione che risulta particolarmente dolorosa [&hellip;]<\/p>\n","protected":false},"author":1,"featured_media":385,"comment_status":"open","ping_status":"open","sticky":false,"template":"","format":"standard","meta":{"_monsterinsights_skip_tracking":false,"_monsterinsights_sitenote_active":false,"_monsterinsights_sitenote_note":"","_monsterinsights_sitenote_category":0,"footnotes":""},"categories":[7],"tags":[101,107,108],"yoast_head":"<!-- This site is optimized with the Yoast SEO plugin v23.5 - https:\/\/yoast.com\/wordpress\/plugins\/seo\/ -->\n<title>Dismenorrea: cos\u2019\u00e8 e quali cure adottare - Dott.ssa Anna Paola Cavalieri<\/title>\n<meta name=\"description\" content=\"La dismenorrea \u00e8 uno dei pi\u00f9 comuni disturbi ginecologici soprattutto in adolescenza e provoca un dolore pelvico forte e persistente da ciclo mestruale\" \/>\n<meta name=\"robots\" content=\"index, follow, max-snippet:-1, max-image-preview:large, max-video-preview:-1\" \/>\n<link rel=\"canonical\" href=\"https:\/\/www.medisocial.it\/annapaolacavalieri\/2019\/12\/20\/dismenorrea-che-cose-e-quali-cure-adottare\/\" \/>\n<meta property=\"og:locale\" content=\"it_IT\" \/>\n<meta property=\"og:type\" content=\"article\" \/>\n<meta property=\"og:title\" content=\"Dismenorrea: cos\u2019\u00e8 e quali cure adottare - Dott.ssa Anna Paola Cavalieri\" \/>\n<meta property=\"og:description\" content=\"La dismenorrea \u00e8 uno dei pi\u00f9 comuni disturbi ginecologici soprattutto in adolescenza e provoca un dolore pelvico forte e persistente da ciclo mestruale\" \/>\n<meta property=\"og:url\" content=\"https:\/\/www.medisocial.it\/annapaolacavalieri\/2019\/12\/20\/dismenorrea-che-cose-e-quali-cure-adottare\/\" \/>\n<meta property=\"og:site_name\" content=\"Dott.ssa Anna Paola Cavalieri\" \/>\n<meta property=\"article:published_time\" content=\"2019-12-20T09:52:14+00:00\" \/>\n<meta property=\"article:modified_time\" content=\"2019-12-20T09:52:58+00:00\" \/>\n<meta property=\"og:image\" content=\"https:\/\/www.medisocial.it\/annapaolacavalieri\/wp-content\/uploads\/2019\/12\/IMG_3638-1024x683.jpg\" \/>\n\t<meta property=\"og:image:width\" content=\"1024\" \/>\n\t<meta property=\"og:image:height\" content=\"683\" \/>\n\t<meta property=\"og:image:type\" content=\"image\/jpeg\" \/>\n<meta name=\"author\" content=\"medisocial\" \/>\n<meta name=\"twitter:card\" content=\"summary_large_image\" \/>\n<meta name=\"twitter:label1\" content=\"Scritto da\" \/>\n\t<meta name=\"twitter:data1\" content=\"medisocial\" \/>\n\t<meta name=\"twitter:label2\" content=\"Tempo di lettura stimato\" \/>\n\t<meta name=\"twitter:data2\" content=\"1 minuto\" \/>\n<script type=\"application\/ld+json\" class=\"yoast-schema-graph\">{\"@context\":\"https:\/\/schema.org\",\"@graph\":[{\"@type\":\"Article\",\"@id\":\"https:\/\/www.medisocial.it\/annapaolacavalieri\/2019\/12\/20\/dismenorrea-che-cose-e-quali-cure-adottare\/#article\",\"isPartOf\":{\"@id\":\"https:\/\/www.medisocial.it\/annapaolacavalieri\/2019\/12\/20\/dismenorrea-che-cose-e-quali-cure-adottare\/\"},\"author\":{\"name\":\"medisocial\",\"@id\":\"https:\/\/www.medisocial.it\/annapaolacavalieri\/#\/schema\/person\/1cd0bfb9ce49bd43804584df39ef2c91\"},\"headline\":\"Dismenorrea: cos\u2019\u00e8 e quali cure adottare\",\"datePublished\":\"2019-12-20T09:52:14+00:00\",\"dateModified\":\"2019-12-20T09:52:58+00:00\",\"mainEntityOfPage\":{\"@id\":\"https:\/\/www.medisocial.it\/annapaolacavalieri\/2019\/12\/20\/dismenorrea-che-cose-e-quali-cure-adottare\/\"},\"wordCount\":223,\"commentCount\":0,\"publisher\":{\"@id\":\"https:\/\/www.medisocial.it\/annapaolacavalieri\/#organization\"},\"image\":{\"@id\":\"https:\/\/www.medisocial.it\/annapaolacavalieri\/2019\/12\/20\/dismenorrea-che-cose-e-quali-cure-adottare\/#primaryimage\"},\"thumbnailUrl\":\"https:\/\/www.medisocial.it\/annapaolacavalieri\/wp-content\/uploads\/2019\/12\/IMG_3638.jpg\",\"keywords\":[\"ciclo mestruale\",\"dismenorrea\",\"endometriosi\"],\"articleSection\":[\"Articoli\"],\"inLanguage\":\"it-IT\",\"potentialAction\":[{\"@type\":\"CommentAction\",\"name\":\"Comment\",\"target\":[\"https:\/\/www.medisocial.it\/annapaolacavalieri\/2019\/12\/20\/dismenorrea-che-cose-e-quali-cure-adottare\/#respond\"]}]},{\"@type\":\"WebPage\",\"@id\":\"https:\/\/www.medisocial.it\/annapaolacavalieri\/2019\/12\/20\/dismenorrea-che-cose-e-quali-cure-adottare\/\",\"url\":\"https:\/\/www.medisocial.it\/annapaolacavalieri\/2019\/12\/20\/dismenorrea-che-cose-e-quali-cure-adottare\/\",\"name\":\"Dismenorrea: cos\u2019\u00e8 e quali cure adottare - Dott.ssa Anna Paola Cavalieri\",\"isPartOf\":{\"@id\":\"https:\/\/www.medisocial.it\/annapaolacavalieri\/#website\"},\"primaryImageOfPage\":{\"@id\":\"https:\/\/www.medisocial.it\/annapaolacavalieri\/2019\/12\/20\/dismenorrea-che-cose-e-quali-cure-adottare\/#primaryimage\"},\"image\":{\"@id\":\"https:\/\/www.medisocial.it\/annapaolacavalieri\/2019\/12\/20\/dismenorrea-che-cose-e-quali-cure-adottare\/#primaryimage\"},\"thumbnailUrl\":\"https:\/\/www.medisocial.it\/annapaolacavalieri\/wp-content\/uploads\/2019\/12\/IMG_3638.jpg\",\"datePublished\":\"2019-12-20T09:52:14+00:00\",\"dateModified\":\"2019-12-20T09:52:58+00:00\",\"description\":\"La dismenorrea \u00e8 uno dei pi\u00f9 comuni disturbi ginecologici soprattutto in adolescenza e provoca un dolore pelvico forte e persistente da ciclo mestruale\",\"breadcrumb\":{\"@id\":\"https:\/\/www.medisocial.it\/annapaolacavalieri\/2019\/12\/20\/dismenorrea-che-cose-e-quali-cure-adottare\/#breadcrumb\"},\"inLanguage\":\"it-IT\",\"potentialAction\":[{\"@type\":\"ReadAction\",\"target\":[\"https:\/\/www.medisocial.it\/annapaolacavalieri\/2019\/12\/20\/dismenorrea-che-cose-e-quali-cure-adottare\/\"]}]},{\"@type\":\"ImageObject\",\"inLanguage\":\"it-IT\",\"@id\":\"https:\/\/www.medisocial.it\/annapaolacavalieri\/2019\/12\/20\/dismenorrea-che-cose-e-quali-cure-adottare\/#primaryimage\",\"url\":\"https:\/\/www.medisocial.it\/annapaolacavalieri\/wp-content\/uploads\/2019\/12\/IMG_3638.jpg\",\"contentUrl\":\"https:\/\/www.medisocial.it\/annapaolacavalieri\/wp-content\/uploads\/2019\/12\/IMG_3638.jpg\",\"width\":5184,\"height\":3456,\"caption\":\"dismenorrea\"},{\"@type\":\"BreadcrumbList\",\"@id\":\"https:\/\/www.medisocial.it\/annapaolacavalieri\/2019\/12\/20\/dismenorrea-che-cose-e-quali-cure-adottare\/#breadcrumb\",\"itemListElement\":[{\"@type\":\"ListItem\",\"position\":1,\"name\":\"Home\",\"item\":\"https:\/\/www.medisocial.it\/annapaolacavalieri\/\"},{\"@type\":\"ListItem\",\"position\":2,\"name\":\"Dismenorrea: cos\u2019\u00e8 e quali cure adottare\"}]},{\"@type\":\"WebSite\",\"@id\":\"https:\/\/www.medisocial.it\/annapaolacavalieri\/#website\",\"url\":\"https:\/\/www.medisocial.it\/annapaolacavalieri\/\",\"name\":\"Dott.ssa Anna Paola Cavalieri\",\"description\":\"Specialista in Ostetricia e Ginecologia - Roma\",\"publisher\":{\"@id\":\"https:\/\/www.medisocial.it\/annapaolacavalieri\/#organization\"},\"potentialAction\":[{\"@type\":\"SearchAction\",\"target\":{\"@type\":\"EntryPoint\",\"urlTemplate\":\"https:\/\/www.medisocial.it\/annapaolacavalieri\/?s={search_term_string}\"},\"query-input\":{\"@type\":\"PropertyValueSpecification\",\"valueRequired\":true,\"valueName\":\"search_term_string\"}}],\"inLanguage\":\"it-IT\"},{\"@type\":\"Organization\",\"@id\":\"https:\/\/www.medisocial.it\/annapaolacavalieri\/#organization\",\"name\":\"Dott.ssa Anna Paola Cavalieri\",\"url\":\"https:\/\/www.medisocial.it\/annapaolacavalieri\/\",\"logo\":{\"@type\":\"ImageObject\",\"inLanguage\":\"it-IT\",\"@id\":\"https:\/\/www.medisocial.it\/annapaolacavalieri\/#\/schema\/logo\/image\/\",\"url\":\"https:\/\/www.medisocial.it\/annapaolacavalieri\/wp-content\/uploads\/2019\/06\/logo7.jpg\",\"contentUrl\":\"https:\/\/www.medisocial.it\/annapaolacavalieri\/wp-content\/uploads\/2019\/06\/logo7.jpg\",\"width\":242,\"height\":99,\"caption\":\"Dott.ssa Anna Paola Cavalieri\"},\"image\":{\"@id\":\"https:\/\/www.medisocial.it\/annapaolacavalieri\/#\/schema\/logo\/image\/\"}},{\"@type\":\"Person\",\"@id\":\"https:\/\/www.medisocial.it\/annapaolacavalieri\/#\/schema\/person\/1cd0bfb9ce49bd43804584df39ef2c91\",\"name\":\"medisocial\",\"image\":{\"@type\":\"ImageObject\",\"inLanguage\":\"it-IT\",\"@id\":\"https:\/\/www.medisocial.it\/annapaolacavalieri\/#\/schema\/person\/image\/\",\"url\":\"https:\/\/secure.gravatar.com\/avatar\/efa9393110d3610a15f45429c6613084?s=96&d=mm&r=g\",\"contentUrl\":\"https:\/\/secure.gravatar.com\/avatar\/efa9393110d3610a15f45429c6613084?s=96&d=mm&r=g\",\"caption\":\"medisocial\"}}]}<\/script>\n<!-- \/ Yoast SEO plugin. -->","yoast_head_json":{"title":"Dismenorrea: cos\u2019\u00e8 e quali cure adottare - Dott.ssa Anna Paola Cavalieri","description":"La dismenorrea \u00e8 uno dei pi\u00f9 comuni disturbi ginecologici soprattutto in adolescenza e provoca un dolore pelvico forte e persistente da ciclo mestruale","robots":{"index":"index","follow":"follow","max-snippet":"max-snippet:-1","max-image-preview":"max-image-preview:large","max-video-preview":"max-video-preview:-1"},"canonical":"https:\/\/www.medisocial.it\/annapaolacavalieri\/2019\/12\/20\/dismenorrea-che-cose-e-quali-cure-adottare\/","og_locale":"it_IT","og_type":"article","og_title":"Dismenorrea: cos\u2019\u00e8 e quali cure adottare - Dott.ssa Anna Paola Cavalieri","og_description":"La dismenorrea \u00e8 uno dei pi\u00f9 comuni disturbi ginecologici soprattutto in adolescenza e provoca un dolore pelvico forte e persistente da ciclo mestruale","og_url":"https:\/\/www.medisocial.it\/annapaolacavalieri\/2019\/12\/20\/dismenorrea-che-cose-e-quali-cure-adottare\/","og_site_name":"Dott.ssa Anna Paola Cavalieri","article_published_time":"2019-12-20T09:52:14+00:00","article_modified_time":"2019-12-20T09:52:58+00:00","og_image":[{"width":1024,"height":683,"url":"https:\/\/www.medisocial.it\/annapaolacavalieri\/wp-content\/uploads\/2019\/12\/IMG_3638-1024x683.jpg","type":"image\/jpeg"}],"author":"medisocial","twitter_card":"summary_large_image","twitter_misc":{"Scritto da":"medisocial","Tempo di lettura stimato":"1 minuto"},"schema":{"@context":"https:\/\/schema.org","@graph":[{"@type":"Article","@id":"https:\/\/www.medisocial.it\/annapaolacavalieri\/2019\/12\/20\/dismenorrea-che-cose-e-quali-cure-adottare\/#article","isPartOf":{"@id":"https:\/\/www.medisocial.it\/annapaolacavalieri\/2019\/12\/20\/dismenorrea-che-cose-e-quali-cure-adottare\/"},"author":{"name":"medisocial","@id":"https:\/\/www.medisocial.it\/annapaolacavalieri\/#\/schema\/person\/1cd0bfb9ce49bd43804584df39ef2c91"},"headline":"Dismenorrea: cos\u2019\u00e8 e quali cure adottare","datePublished":"2019-12-20T09:52:14+00:00","dateModified":"2019-12-20T09:52:58+00:00","mainEntityOfPage":{"@id":"https:\/\/www.medisocial.it\/annapaolacavalieri\/2019\/12\/20\/dismenorrea-che-cose-e-quali-cure-adottare\/"},"wordCount":223,"commentCount":0,"publisher":{"@id":"https:\/\/www.medisocial.it\/annapaolacavalieri\/#organization"},"image":{"@id":"https:\/\/www.medisocial.it\/annapaolacavalieri\/2019\/12\/20\/dismenorrea-che-cose-e-quali-cure-adottare\/#primaryimage"},"thumbnailUrl":"https:\/\/www.medisocial.it\/annapaolacavalieri\/wp-content\/uploads\/2019\/12\/IMG_3638.jpg","keywords":["ciclo mestruale","dismenorrea","endometriosi"],"articleSection":["Articoli"],"inLanguage":"it-IT","potentialAction":[{"@type":"CommentAction","name":"Comment","target":["https:\/\/www.medisocial.it\/annapaolacavalieri\/2019\/12\/20\/dismenorrea-che-cose-e-quali-cure-adottare\/#respond"]}]},{"@type":"WebPage","@id":"https:\/\/www.medisocial.it\/annapaolacavalieri\/2019\/12\/20\/dismenorrea-che-cose-e-quali-cure-adottare\/","url":"https:\/\/www.medisocial.it\/annapaolacavalieri\/2019\/12\/20\/dismenorrea-che-cose-e-quali-cure-adottare\/","name":"Dismenorrea: cos\u2019\u00e8 e quali cure adottare - Dott.ssa Anna Paola Cavalieri","isPartOf":{"@id":"https:\/\/www.medisocial.it\/annapaolacavalieri\/#website"},"primaryImageOfPage":{"@id":"https:\/\/www.medisocial.it\/annapaolacavalieri\/2019\/12\/20\/dismenorrea-che-cose-e-quali-cure-adottare\/#primaryimage"},"image":{"@id":"https:\/\/www.medisocial.it\/annapaolacavalieri\/2019\/12\/20\/dismenorrea-che-cose-e-quali-cure-adottare\/#primaryimage"},"thumbnailUrl":"https:\/\/www.medisocial.it\/annapaolacavalieri\/wp-content\/uploads\/2019\/12\/IMG_3638.jpg","datePublished":"2019-12-20T09:52:14+00:00","dateModified":"2019-12-20T09:52:58+00:00","description":"La dismenorrea \u00e8 uno dei pi\u00f9 comuni disturbi ginecologici soprattutto in adolescenza e provoca un dolore pelvico forte e persistente da ciclo mestruale","breadcrumb":{"@id":"https:\/\/www.medisocial.it\/annapaolacavalieri\/2019\/12\/20\/dismenorrea-che-cose-e-quali-cure-adottare\/#breadcrumb"},"inLanguage":"it-IT","potentialAction":[{"@type":"ReadAction","target":["https:\/\/www.medisocial.it\/annapaolacavalieri\/2019\/12\/20\/dismenorrea-che-cose-e-quali-cure-adottare\/"]}]},{"@type":"ImageObject","inLanguage":"it-IT","@id":"https:\/\/www.medisocial.it\/annapaolacavalieri\/2019\/12\/20\/dismenorrea-che-cose-e-quali-cure-adottare\/#primaryimage","url":"https:\/\/www.medisocial.it\/annapaolacavalieri\/wp-content\/uploads\/2019\/12\/IMG_3638.jpg","contentUrl":"https:\/\/www.medisocial.it\/annapaolacavalieri\/wp-content\/uploads\/2019\/12\/IMG_3638.jpg","width":5184,"height":3456,"caption":"dismenorrea"},{"@type":"BreadcrumbList","@id":"https:\/\/www.medisocial.it\/annapaolacavalieri\/2019\/12\/20\/dismenorrea-che-cose-e-quali-cure-adottare\/#breadcrumb","itemListElement":[{"@type":"ListItem","position":1,"name":"Home","item":"https:\/\/www.medisocial.it\/annapaolacavalieri\/"},{"@type":"ListItem","position":2,"name":"Dismenorrea: cos\u2019\u00e8 e quali cure adottare"}]},{"@type":"WebSite","@id":"https:\/\/www.medisocial.it\/annapaolacavalieri\/#website","url":"https:\/\/www.medisocial.it\/annapaolacavalieri\/","name":"Dott.ssa Anna Paola Cavalieri","description":"Specialista in Ostetricia e Ginecologia - Roma","publisher":{"@id":"https:\/\/www.medisocial.it\/annapaolacavalieri\/#organization"},"potentialAction":[{"@type":"SearchAction","target":{"@type":"EntryPoint","urlTemplate":"https:\/\/www.medisocial.it\/annapaolacavalieri\/?s={search_term_string}"},"query-input":{"@type":"PropertyValueSpecification","valueRequired":true,"valueName":"search_term_string"}}],"inLanguage":"it-IT"},{"@type":"Organization","@id":"https:\/\/www.medisocial.it\/annapaolacavalieri\/#organization","name":"Dott.ssa Anna Paola Cavalieri","url":"https:\/\/www.medisocial.it\/annapaolacavalieri\/","logo":{"@type":"ImageObject","inLanguage":"it-IT","@id":"https:\/\/www.medisocial.it\/annapaolacavalieri\/#\/schema\/logo\/image\/","url":"https:\/\/www.medisocial.it\/annapaolacavalieri\/wp-content\/uploads\/2019\/06\/logo7.jpg","contentUrl":"https:\/\/www.medisocial.it\/annapaolacavalieri\/wp-content\/uploads\/2019\/06\/logo7.jpg","width":242,"height":99,"caption":"Dott.ssa Anna Paola Cavalieri"},"image":{"@id":"https:\/\/www.medisocial.it\/annapaolacavalieri\/#\/schema\/logo\/image\/"}},{"@type":"Person","@id":"https:\/\/www.medisocial.it\/annapaolacavalieri\/#\/schema\/person\/1cd0bfb9ce49bd43804584df39ef2c91","name":"medisocial","image":{"@type":"ImageObject","inLanguage":"it-IT","@id":"https:\/\/www.medisocial.it\/annapaolacavalieri\/#\/schema\/person\/image\/","url":"https:\/\/secure.gravatar.com\/avatar\/efa9393110d3610a15f45429c6613084?s=96&d=mm&r=g","contentUrl":"https:\/\/secure.gravatar.com\/avatar\/efa9393110d3610a15f45429c6613084?s=96&d=mm&r=g","caption":"medisocial"}}]}},"_links":{"self":[{"href":"https:\/\/www.medisocial.it\/annapaolacavalieri\/wp-json\/wp\/v2\/posts\/384"}],"collection":[{"href":"https:\/\/www.medisocial.it\/annapaolacavalieri\/wp-json\/wp\/v2\/posts"}],"about":[{"href":"https:\/\/www.medisocial.it\/annapaolacavalieri\/wp-json\/wp\/v2\/types\/post"}],"author":[{"embeddable":true,"href":"https:\/\/www.medisocial.it\/annapaolacavalieri\/wp-json\/wp\/v2\/users\/1"}],"replies":[{"embeddable":true,"href":"https:\/\/www.medisocial.it\/annapaolacavalieri\/wp-json\/wp\/v2\/comments?post=384"}],"version-history":[{"count":1,"href":"https:\/\/www.medisocial.it\/annapaolacavalieri\/wp-json\/wp\/v2\/posts\/384\/revisions"}],"predecessor-version":[{"id":386,"href":"https:\/\/www.medisocial.it\/annapaolacavalieri\/wp-json\/wp\/v2\/posts\/384\/revisions\/386"}],"wp:featuredmedia":[{"embeddable":true,"href":"https:\/\/www.medisocial.it\/annapaolacavalieri\/wp-json\/wp\/v2\/media\/385"}],"wp:attachment":[{"href":"https:\/\/www.medisocial.it\/annapaolacavalieri\/wp-json\/wp\/v2\/media?parent=384"}],"wp:term":[{"taxonomy":"category","embeddable":true,"href":"https:\/\/www.medisocial.it\/annapaolacavalieri\/wp-json\/wp\/v2\/categories?post=384"},{"taxonomy":"post_tag","embeddable":true,"href":"https:\/\/www.medisocial.it\/annapaolacavalieri\/wp-json\/wp\/v2\/tags?post=384"}],"curies":[{"name":"wp","href":"https:\/\/api.w.org\/{rel}","templated":true}]}}