{"id":365,"date":"2019-11-29T16:48:00","date_gmt":"2019-11-29T15:48:00","guid":{"rendered":"https:\/\/www.medisocial.it\/annapaolacavalieri\/?p=365"},"modified":"2019-11-29T16:49:20","modified_gmt":"2019-11-29T15:49:20","slug":"giorno-della-fecondazione-esami-specifici","status":"publish","type":"post","link":"https:\/\/www.medisocial.it\/annapaolacavalieri\/2019\/11\/29\/giorno-della-fecondazione-esami-specifici\/","title":{"rendered":"Giorno della fecondazione: esami specifici per sapere qual \u00e8"},"content":{"rendered":"<h4>Giorno della fecondazione: ci sono esami specifici per sapere qual \u00e8?<\/h4>\n<p>In genere la fase fertile in una donna con ciclo regolare di 28 giorni, e quindi la data in cui \u00e8 possibile il concepimento, si colloca intorno al 14esimo giorno del ciclo.<\/p>\n<h4>Ma in alcuni casi questa data pu\u00f2 \u00a0variare, soprattutto in donne con cicli irregolari.<\/h4>\n<p>Una volta instauratasi la gravidanza , pi\u00fa che con gli esami del sangue o urine \u00a0(Betahcg) \u00a0sar\u00e0 l\u2019ecografia del I trimestre che riuscir\u00e0 ad individuare con una buona approssimazione il giorno del concepimento o fecondazione.<\/p>\n<p>Con la misura ecografica del CRL embrionario (lunghezza sacro vertice) si valuta la data del concepimento, con uno scarto di possibile errore di qualche giorno.<\/p>\n<p>Tale datazione verr\u00e0 poi confermata dall\u2019ecografia fetale del secondo trimestre.<\/p>\n<p>Contatta la <a href=\"https:\/\/www.medisocial.it\/annapaolacavalieri\/\">Dottoressa Anna Paola Cavalieri<\/a> per un consulto compilando il form nella sezione <a href=\"https:\/\/www.medisocial.it\/annapaolacavalieri\/contatti\/\">Contatti<\/a><\/p>\n","protected":false},"excerpt":{"rendered":"<p>Giorno della fecondazione: ci sono esami specifici per sapere qual \u00e8? In genere la fase fertile in una donna con ciclo regolare di 28 giorni, e quindi la data in cui \u00e8 possibile il concepimento, si colloca intorno al 14esimo giorno del ciclo. Ma in alcuni casi questa data pu\u00f2 \u00a0variare, soprattutto in donne con [&hellip;]<\/p>\n","protected":false},"author":1,"featured_media":366,"comment_status":"open","ping_status":"open","sticky":false,"template":"","format":"standard","meta":{"_monsterinsights_skip_tracking":false,"_monsterinsights_sitenote_active":false,"_monsterinsights_sitenote_note":"","_monsterinsights_sitenote_category":0,"footnotes":""},"categories":[7],"tags":[88,89,90],"yoast_head":"<!-- This site is optimized with the Yoast SEO plugin v23.5 - https:\/\/yoast.com\/wordpress\/plugins\/seo\/ -->\n<title>Giorno della fecondazione: esami specifici per sapere qual \u00e8 - Dott.ssa Anna Paola Cavalieri<\/title>\n<meta name=\"description\" content=\"Giorno della fecondazione: In genere la fase fertile in una donna con ciclo regolare di 28 giorni si colloca intorno al 14esimo giorno del ciclo\" \/>\n<meta name=\"robots\" content=\"index, follow, max-snippet:-1, max-image-preview:large, max-video-preview:-1\" \/>\n<link rel=\"canonical\" href=\"https:\/\/www.medisocial.it\/annapaolacavalieri\/2019\/11\/29\/giorno-della-fecondazione-esami-specifici\/\" \/>\n<meta property=\"og:locale\" content=\"it_IT\" \/>\n<meta property=\"og:type\" content=\"article\" \/>\n<meta property=\"og:title\" content=\"Giorno della fecondazione: esami specifici per sapere qual \u00e8 - Dott.ssa Anna Paola Cavalieri\" \/>\n<meta property=\"og:description\" content=\"Giorno della fecondazione: In genere la fase fertile in una donna con ciclo regolare di 28 giorni si colloca intorno al 14esimo giorno del ciclo\" \/>\n<meta property=\"og:url\" content=\"https:\/\/www.medisocial.it\/annapaolacavalieri\/2019\/11\/29\/giorno-della-fecondazione-esami-specifici\/\" \/>\n<meta property=\"og:site_name\" content=\"Dott.ssa Anna Paola Cavalieri\" \/>\n<meta property=\"article:published_time\" content=\"2019-11-29T15:48:00+00:00\" \/>\n<meta property=\"article:modified_time\" content=\"2019-11-29T15:49:20+00:00\" \/>\n<meta property=\"og:image\" content=\"https:\/\/www.medisocial.it\/annapaolacavalieri\/wp-content\/uploads\/2019\/11\/giorno-della-fecondazione.png\" \/>\n\t<meta property=\"og:image:width\" content=\"304\" \/>\n\t<meta property=\"og:image:height\" content=\"170\" \/>\n\t<meta property=\"og:image:type\" content=\"image\/png\" \/>\n<meta name=\"author\" content=\"medisocial\" \/>\n<meta name=\"twitter:card\" content=\"summary_large_image\" \/>\n<meta name=\"twitter:label1\" content=\"Scritto da\" \/>\n\t<meta name=\"twitter:data1\" content=\"medisocial\" \/>\n\t<meta name=\"twitter:label2\" content=\"Tempo di lettura stimato\" \/>\n\t<meta name=\"twitter:data2\" content=\"1 minuto\" \/>\n<script type=\"application\/ld+json\" class=\"yoast-schema-graph\">{\"@context\":\"https:\/\/schema.org\",\"@graph\":[{\"@type\":\"Article\",\"@id\":\"https:\/\/www.medisocial.it\/annapaolacavalieri\/2019\/11\/29\/giorno-della-fecondazione-esami-specifici\/#article\",\"isPartOf\":{\"@id\":\"https:\/\/www.medisocial.it\/annapaolacavalieri\/2019\/11\/29\/giorno-della-fecondazione-esami-specifici\/\"},\"author\":{\"name\":\"medisocial\",\"@id\":\"https:\/\/www.medisocial.it\/annapaolacavalieri\/#\/schema\/person\/1cd0bfb9ce49bd43804584df39ef2c91\"},\"headline\":\"Giorno della fecondazione: esami specifici per sapere qual \u00e8\",\"datePublished\":\"2019-11-29T15:48:00+00:00\",\"dateModified\":\"2019-11-29T15:49:20+00:00\",\"mainEntityOfPage\":{\"@id\":\"https:\/\/www.medisocial.it\/annapaolacavalieri\/2019\/11\/29\/giorno-della-fecondazione-esami-specifici\/\"},\"wordCount\":148,\"commentCount\":0,\"publisher\":{\"@id\":\"https:\/\/www.medisocial.it\/annapaolacavalieri\/#organization\"},\"image\":{\"@id\":\"https:\/\/www.medisocial.it\/annapaolacavalieri\/2019\/11\/29\/giorno-della-fecondazione-esami-specifici\/#primaryimage\"},\"thumbnailUrl\":\"https:\/\/www.medisocial.it\/annapaolacavalieri\/wp-content\/uploads\/2019\/11\/giorno-della-fecondazione.png\",\"keywords\":[\"ciclo\",\"ecografia\",\"fecondazione\"],\"articleSection\":[\"Articoli\"],\"inLanguage\":\"it-IT\",\"potentialAction\":[{\"@type\":\"CommentAction\",\"name\":\"Comment\",\"target\":[\"https:\/\/www.medisocial.it\/annapaolacavalieri\/2019\/11\/29\/giorno-della-fecondazione-esami-specifici\/#respond\"]}]},{\"@type\":\"WebPage\",\"@id\":\"https:\/\/www.medisocial.it\/annapaolacavalieri\/2019\/11\/29\/giorno-della-fecondazione-esami-specifici\/\",\"url\":\"https:\/\/www.medisocial.it\/annapaolacavalieri\/2019\/11\/29\/giorno-della-fecondazione-esami-specifici\/\",\"name\":\"Giorno della fecondazione: esami specifici per sapere qual \u00e8 - Dott.ssa Anna Paola Cavalieri\",\"isPartOf\":{\"@id\":\"https:\/\/www.medisocial.it\/annapaolacavalieri\/#website\"},\"primaryImageOfPage\":{\"@id\":\"https:\/\/www.medisocial.it\/annapaolacavalieri\/2019\/11\/29\/giorno-della-fecondazione-esami-specifici\/#primaryimage\"},\"image\":{\"@id\":\"https:\/\/www.medisocial.it\/annapaolacavalieri\/2019\/11\/29\/giorno-della-fecondazione-esami-specifici\/#primaryimage\"},\"thumbnailUrl\":\"https:\/\/www.medisocial.it\/annapaolacavalieri\/wp-content\/uploads\/2019\/11\/giorno-della-fecondazione.png\",\"datePublished\":\"2019-11-29T15:48:00+00:00\",\"dateModified\":\"2019-11-29T15:49:20+00:00\",\"description\":\"Giorno della fecondazione: In genere la fase fertile in una donna con ciclo regolare di 28 giorni si colloca intorno al 14esimo giorno del ciclo\",\"breadcrumb\":{\"@id\":\"https:\/\/www.medisocial.it\/annapaolacavalieri\/2019\/11\/29\/giorno-della-fecondazione-esami-specifici\/#breadcrumb\"},\"inLanguage\":\"it-IT\",\"potentialAction\":[{\"@type\":\"ReadAction\",\"target\":[\"https:\/\/www.medisocial.it\/annapaolacavalieri\/2019\/11\/29\/giorno-della-fecondazione-esami-specifici\/\"]}]},{\"@type\":\"ImageObject\",\"inLanguage\":\"it-IT\",\"@id\":\"https:\/\/www.medisocial.it\/annapaolacavalieri\/2019\/11\/29\/giorno-della-fecondazione-esami-specifici\/#primaryimage\",\"url\":\"https:\/\/www.medisocial.it\/annapaolacavalieri\/wp-content\/uploads\/2019\/11\/giorno-della-fecondazione.png\",\"contentUrl\":\"https:\/\/www.medisocial.it\/annapaolacavalieri\/wp-content\/uploads\/2019\/11\/giorno-della-fecondazione.png\",\"width\":304,\"height\":170,\"caption\":\"giorno della fecondazione\"},{\"@type\":\"BreadcrumbList\",\"@id\":\"https:\/\/www.medisocial.it\/annapaolacavalieri\/2019\/11\/29\/giorno-della-fecondazione-esami-specifici\/#breadcrumb\",\"itemListElement\":[{\"@type\":\"ListItem\",\"position\":1,\"name\":\"Home\",\"item\":\"https:\/\/www.medisocial.it\/annapaolacavalieri\/\"},{\"@type\":\"ListItem\",\"position\":2,\"name\":\"Giorno della fecondazione: esami specifici per sapere qual \u00e8\"}]},{\"@type\":\"WebSite\",\"@id\":\"https:\/\/www.medisocial.it\/annapaolacavalieri\/#website\",\"url\":\"https:\/\/www.medisocial.it\/annapaolacavalieri\/\",\"name\":\"Dott.ssa Anna Paola Cavalieri\",\"description\":\"Specialista in Ostetricia e Ginecologia - Roma\",\"publisher\":{\"@id\":\"https:\/\/www.medisocial.it\/annapaolacavalieri\/#organization\"},\"potentialAction\":[{\"@type\":\"SearchAction\",\"target\":{\"@type\":\"EntryPoint\",\"urlTemplate\":\"https:\/\/www.medisocial.it\/annapaolacavalieri\/?s={search_term_string}\"},\"query-input\":{\"@type\":\"PropertyValueSpecification\",\"valueRequired\":true,\"valueName\":\"search_term_string\"}}],\"inLanguage\":\"it-IT\"},{\"@type\":\"Organization\",\"@id\":\"https:\/\/www.medisocial.it\/annapaolacavalieri\/#organization\",\"name\":\"Dott.ssa Anna Paola Cavalieri\",\"url\":\"https:\/\/www.medisocial.it\/annapaolacavalieri\/\",\"logo\":{\"@type\":\"ImageObject\",\"inLanguage\":\"it-IT\",\"@id\":\"https:\/\/www.medisocial.it\/annapaolacavalieri\/#\/schema\/logo\/image\/\",\"url\":\"https:\/\/www.medisocial.it\/annapaolacavalieri\/wp-content\/uploads\/2019\/06\/logo7.jpg\",\"contentUrl\":\"https:\/\/www.medisocial.it\/annapaolacavalieri\/wp-content\/uploads\/2019\/06\/logo7.jpg\",\"width\":242,\"height\":99,\"caption\":\"Dott.ssa Anna Paola Cavalieri\"},\"image\":{\"@id\":\"https:\/\/www.medisocial.it\/annapaolacavalieri\/#\/schema\/logo\/image\/\"}},{\"@type\":\"Person\",\"@id\":\"https:\/\/www.medisocial.it\/annapaolacavalieri\/#\/schema\/person\/1cd0bfb9ce49bd43804584df39ef2c91\",\"name\":\"medisocial\",\"image\":{\"@type\":\"ImageObject\",\"inLanguage\":\"it-IT\",\"@id\":\"https:\/\/www.medisocial.it\/annapaolacavalieri\/#\/schema\/person\/image\/\",\"url\":\"https:\/\/secure.gravatar.com\/avatar\/efa9393110d3610a15f45429c6613084?s=96&d=mm&r=g\",\"contentUrl\":\"https:\/\/secure.gravatar.com\/avatar\/efa9393110d3610a15f45429c6613084?s=96&d=mm&r=g\",\"caption\":\"medisocial\"}}]}<\/script>\n<!-- \/ Yoast SEO plugin. -->","yoast_head_json":{"title":"Giorno della fecondazione: esami specifici per sapere qual \u00e8 - Dott.ssa Anna Paola Cavalieri","description":"Giorno della fecondazione: In genere la fase fertile in una donna con ciclo regolare di 28 giorni si colloca intorno al 14esimo giorno del ciclo","robots":{"index":"index","follow":"follow","max-snippet":"max-snippet:-1","max-image-preview":"max-image-preview:large","max-video-preview":"max-video-preview:-1"},"canonical":"https:\/\/www.medisocial.it\/annapaolacavalieri\/2019\/11\/29\/giorno-della-fecondazione-esami-specifici\/","og_locale":"it_IT","og_type":"article","og_title":"Giorno della fecondazione: esami specifici per sapere qual \u00e8 - Dott.ssa Anna Paola Cavalieri","og_description":"Giorno della fecondazione: In genere la fase fertile in una donna con ciclo regolare di 28 giorni si colloca intorno al 14esimo giorno del ciclo","og_url":"https:\/\/www.medisocial.it\/annapaolacavalieri\/2019\/11\/29\/giorno-della-fecondazione-esami-specifici\/","og_site_name":"Dott.ssa Anna Paola Cavalieri","article_published_time":"2019-11-29T15:48:00+00:00","article_modified_time":"2019-11-29T15:49:20+00:00","og_image":[{"width":304,"height":170,"url":"https:\/\/www.medisocial.it\/annapaolacavalieri\/wp-content\/uploads\/2019\/11\/giorno-della-fecondazione.png","type":"image\/png"}],"author":"medisocial","twitter_card":"summary_large_image","twitter_misc":{"Scritto da":"medisocial","Tempo di lettura stimato":"1 minuto"},"schema":{"@context":"https:\/\/schema.org","@graph":[{"@type":"Article","@id":"https:\/\/www.medisocial.it\/annapaolacavalieri\/2019\/11\/29\/giorno-della-fecondazione-esami-specifici\/#article","isPartOf":{"@id":"https:\/\/www.medisocial.it\/annapaolacavalieri\/2019\/11\/29\/giorno-della-fecondazione-esami-specifici\/"},"author":{"name":"medisocial","@id":"https:\/\/www.medisocial.it\/annapaolacavalieri\/#\/schema\/person\/1cd0bfb9ce49bd43804584df39ef2c91"},"headline":"Giorno della fecondazione: esami specifici per sapere qual \u00e8","datePublished":"2019-11-29T15:48:00+00:00","dateModified":"2019-11-29T15:49:20+00:00","mainEntityOfPage":{"@id":"https:\/\/www.medisocial.it\/annapaolacavalieri\/2019\/11\/29\/giorno-della-fecondazione-esami-specifici\/"},"wordCount":148,"commentCount":0,"publisher":{"@id":"https:\/\/www.medisocial.it\/annapaolacavalieri\/#organization"},"image":{"@id":"https:\/\/www.medisocial.it\/annapaolacavalieri\/2019\/11\/29\/giorno-della-fecondazione-esami-specifici\/#primaryimage"},"thumbnailUrl":"https:\/\/www.medisocial.it\/annapaolacavalieri\/wp-content\/uploads\/2019\/11\/giorno-della-fecondazione.png","keywords":["ciclo","ecografia","fecondazione"],"articleSection":["Articoli"],"inLanguage":"it-IT","potentialAction":[{"@type":"CommentAction","name":"Comment","target":["https:\/\/www.medisocial.it\/annapaolacavalieri\/2019\/11\/29\/giorno-della-fecondazione-esami-specifici\/#respond"]}]},{"@type":"WebPage","@id":"https:\/\/www.medisocial.it\/annapaolacavalieri\/2019\/11\/29\/giorno-della-fecondazione-esami-specifici\/","url":"https:\/\/www.medisocial.it\/annapaolacavalieri\/2019\/11\/29\/giorno-della-fecondazione-esami-specifici\/","name":"Giorno della fecondazione: esami specifici per sapere qual \u00e8 - Dott.ssa Anna Paola Cavalieri","isPartOf":{"@id":"https:\/\/www.medisocial.it\/annapaolacavalieri\/#website"},"primaryImageOfPage":{"@id":"https:\/\/www.medisocial.it\/annapaolacavalieri\/2019\/11\/29\/giorno-della-fecondazione-esami-specifici\/#primaryimage"},"image":{"@id":"https:\/\/www.medisocial.it\/annapaolacavalieri\/2019\/11\/29\/giorno-della-fecondazione-esami-specifici\/#primaryimage"},"thumbnailUrl":"https:\/\/www.medisocial.it\/annapaolacavalieri\/wp-content\/uploads\/2019\/11\/giorno-della-fecondazione.png","datePublished":"2019-11-29T15:48:00+00:00","dateModified":"2019-11-29T15:49:20+00:00","description":"Giorno della fecondazione: In genere la fase fertile in una donna con ciclo regolare di 28 giorni si colloca intorno al 14esimo giorno del ciclo","breadcrumb":{"@id":"https:\/\/www.medisocial.it\/annapaolacavalieri\/2019\/11\/29\/giorno-della-fecondazione-esami-specifici\/#breadcrumb"},"inLanguage":"it-IT","potentialAction":[{"@type":"ReadAction","target":["https:\/\/www.medisocial.it\/annapaolacavalieri\/2019\/11\/29\/giorno-della-fecondazione-esami-specifici\/"]}]},{"@type":"ImageObject","inLanguage":"it-IT","@id":"https:\/\/www.medisocial.it\/annapaolacavalieri\/2019\/11\/29\/giorno-della-fecondazione-esami-specifici\/#primaryimage","url":"https:\/\/www.medisocial.it\/annapaolacavalieri\/wp-content\/uploads\/2019\/11\/giorno-della-fecondazione.png","contentUrl":"https:\/\/www.medisocial.it\/annapaolacavalieri\/wp-content\/uploads\/2019\/11\/giorno-della-fecondazione.png","width":304,"height":170,"caption":"giorno della fecondazione"},{"@type":"BreadcrumbList","@id":"https:\/\/www.medisocial.it\/annapaolacavalieri\/2019\/11\/29\/giorno-della-fecondazione-esami-specifici\/#breadcrumb","itemListElement":[{"@type":"ListItem","position":1,"name":"Home","item":"https:\/\/www.medisocial.it\/annapaolacavalieri\/"},{"@type":"ListItem","position":2,"name":"Giorno della fecondazione: esami specifici per sapere qual \u00e8"}]},{"@type":"WebSite","@id":"https:\/\/www.medisocial.it\/annapaolacavalieri\/#website","url":"https:\/\/www.medisocial.it\/annapaolacavalieri\/","name":"Dott.ssa Anna Paola Cavalieri","description":"Specialista in Ostetricia e Ginecologia - Roma","publisher":{"@id":"https:\/\/www.medisocial.it\/annapaolacavalieri\/#organization"},"potentialAction":[{"@type":"SearchAction","target":{"@type":"EntryPoint","urlTemplate":"https:\/\/www.medisocial.it\/annapaolacavalieri\/?s={search_term_string}"},"query-input":{"@type":"PropertyValueSpecification","valueRequired":true,"valueName":"search_term_string"}}],"inLanguage":"it-IT"},{"@type":"Organization","@id":"https:\/\/www.medisocial.it\/annapaolacavalieri\/#organization","name":"Dott.ssa Anna Paola Cavalieri","url":"https:\/\/www.medisocial.it\/annapaolacavalieri\/","logo":{"@type":"ImageObject","inLanguage":"it-IT","@id":"https:\/\/www.medisocial.it\/annapaolacavalieri\/#\/schema\/logo\/image\/","url":"https:\/\/www.medisocial.it\/annapaolacavalieri\/wp-content\/uploads\/2019\/06\/logo7.jpg","contentUrl":"https:\/\/www.medisocial.it\/annapaolacavalieri\/wp-content\/uploads\/2019\/06\/logo7.jpg","width":242,"height":99,"caption":"Dott.ssa Anna Paola Cavalieri"},"image":{"@id":"https:\/\/www.medisocial.it\/annapaolacavalieri\/#\/schema\/logo\/image\/"}},{"@type":"Person","@id":"https:\/\/www.medisocial.it\/annapaolacavalieri\/#\/schema\/person\/1cd0bfb9ce49bd43804584df39ef2c91","name":"medisocial","image":{"@type":"ImageObject","inLanguage":"it-IT","@id":"https:\/\/www.medisocial.it\/annapaolacavalieri\/#\/schema\/person\/image\/","url":"https:\/\/secure.gravatar.com\/avatar\/efa9393110d3610a15f45429c6613084?s=96&d=mm&r=g","contentUrl":"https:\/\/secure.gravatar.com\/avatar\/efa9393110d3610a15f45429c6613084?s=96&d=mm&r=g","caption":"medisocial"}}]}},"_links":{"self":[{"href":"https:\/\/www.medisocial.it\/annapaolacavalieri\/wp-json\/wp\/v2\/posts\/365"}],"collection":[{"href":"https:\/\/www.medisocial.it\/annapaolacavalieri\/wp-json\/wp\/v2\/posts"}],"about":[{"href":"https:\/\/www.medisocial.it\/annapaolacavalieri\/wp-json\/wp\/v2\/types\/post"}],"author":[{"embeddable":true,"href":"https:\/\/www.medisocial.it\/annapaolacavalieri\/wp-json\/wp\/v2\/users\/1"}],"replies":[{"embeddable":true,"href":"https:\/\/www.medisocial.it\/annapaolacavalieri\/wp-json\/wp\/v2\/comments?post=365"}],"version-history":[{"count":1,"href":"https:\/\/www.medisocial.it\/annapaolacavalieri\/wp-json\/wp\/v2\/posts\/365\/revisions"}],"predecessor-version":[{"id":367,"href":"https:\/\/www.medisocial.it\/annapaolacavalieri\/wp-json\/wp\/v2\/posts\/365\/revisions\/367"}],"wp:featuredmedia":[{"embeddable":true,"href":"https:\/\/www.medisocial.it\/annapaolacavalieri\/wp-json\/wp\/v2\/media\/366"}],"wp:attachment":[{"href":"https:\/\/www.medisocial.it\/annapaolacavalieri\/wp-json\/wp\/v2\/media?parent=365"}],"wp:term":[{"taxonomy":"category","embeddable":true,"href":"https:\/\/www.medisocial.it\/annapaolacavalieri\/wp-json\/wp\/v2\/categories?post=365"},{"taxonomy":"post_tag","embeddable":true,"href":"https:\/\/www.medisocial.it\/annapaolacavalieri\/wp-json\/wp\/v2\/tags?post=365"}],"curies":[{"name":"wp","href":"https:\/\/api.w.org\/{rel}","templated":true}]}}