{"id":312,"date":"2019-10-25T17:09:09","date_gmt":"2019-10-25T15:09:09","guid":{"rendered":"https:\/\/www.medisocial.it\/annapaolacavalieri\/?p=312"},"modified":"2019-10-30T17:02:33","modified_gmt":"2019-10-30T16:02:33","slug":"la-clamidia-linfezione-e-la-terapia","status":"publish","type":"post","link":"https:\/\/www.medisocial.it\/annapaolacavalieri\/2019\/10\/25\/la-clamidia-linfezione-e-la-terapia\/","title":{"rendered":"La clamidia: l\u2019infezione e la terapia"},"content":{"rendered":"<h3>Clamidia: l\u2019infezione e la terapia<\/h3>\n<p><img loading=\"lazy\" decoding=\"async\" class=\"alignright wp-image-313\" src=\"https:\/\/www.medisocial.it\/annapaolacavalieri\/wp-content\/uploads\/2019\/10\/chlamydia-300x125.jpg\" alt=\"clamidia\" width=\"400\" height=\"167\" srcset=\"https:\/\/www.medisocial.it\/annapaolacavalieri\/wp-content\/uploads\/2019\/10\/chlamydia-300x125.jpg 300w, https:\/\/www.medisocial.it\/annapaolacavalieri\/wp-content\/uploads\/2019\/10\/chlamydia-768x321.jpg 768w, https:\/\/www.medisocial.it\/annapaolacavalieri\/wp-content\/uploads\/2019\/10\/chlamydia.jpg 795w\" sizes=\"(max-width: 400px) 100vw, 400px\" \/><\/p>\n<p>Analizziamo l&#8217;infezione della Clamidia (<i><b>Chlamydia trachomatis<\/b><\/i>), e la terapia da utilizzare<\/p>\n<h4>L&#8217;infezione<\/h4>\n<p>La <strong>clamidia<\/strong> \u00e8 una malattia infettiva molto diffusa tra gli adolescenti e i giovani adulti. Soprattutto in America del nord, ma sempre pi\u00f9 presente anche in Europa. Il problema principale della Clamidia \u00e8 che produce sintomi abbastanza lievi tanto da non essere facilmente spesso riconosciuti. Per questo motivo, la Clamidia \u00e8 definita una malattia &#8220;<strong>silenziosa<\/strong>&#8220;.<\/p>\n<p>\u00c8 pericolosa perch\u00e9, dopo aver infettato la cervice uterina, pu\u00f2 raggiungere per via ascendente la tuba di Falloppio. A questo punto pu\u00f2 determinare lo sviluppo di una infezione pelvica.<\/p>\n<p>Attenzione, quindi perch\u00e9 se viene sottovalutata o non trattata, l&#8217;infezione pu\u00f2 portare a complicanze per l&#8217;apparato riproduttivo sia femminile che maschile. Con in casi estremi al raggiungimento dell&#8217;infertilit\u00e0.<\/p>\n<p>La diffusione della Clamidia \u00e8 facilitata poich\u00e9 non causa sintomi importanti.<br \/>\nPer cui, anche soggetti che non manifestano sintomatologia e che apparentemente sono in buona salute, possono trasmettere l&#8217;infezione.<\/p>\n<p><strong><em>Il consiglio della <a href=\"https:\/\/www.medisocial.it\/annapaolacavalieri\/curriculum-vitae-annapaola-cavalieri\/\">Dott.ssa Anna Paola Cavalieri<\/a><\/em><\/strong><\/p>\n<h4>La terapia<\/h4>\n<p><em>Purtroppo la Chlamydia \u00e8 una infezione che si trasmette sessualmente. In caso di contagio anche di uno solo dei partner, consiglio ad entrambi i partner di effettuare una terapia antibiotica mirata.<br \/>\n<\/em><\/p>\n<p>Gli antibiotici pi\u00f9 indicati per questo tipo di infezione sono tetracicline, macrolidi e fluorochinoloni.<\/p>\n<p><em> Al termine della terapia occorre poi controllare con un tampone cervicale di aver debellato l\u2019infezione.<\/em><\/p>\n<p>Il tampone Cervicale \u00e8 un esame rapido ed indolore.<br \/>\nSi dice cervicale perch\u00e9 serve per individuare infezioni che possono presentarsi al livello del collo dell&#8217;utero.<\/p>\n<p>Con il tampone cervicale si analizzano le secrezioni delle cellule della mucosa che rivestono il collo dell&#8217;utero.<\/p>\n<p>Il tampone cervicale si esegue attraverso l&#8217;introduzione nel canale endocervicale di appositi bastoncini ovattati.<br \/>\nQuesti hanno il compito di prelevare un campione da analizzare successivamente in laboratorio.<\/p>\n<p>Il tampone cervicale \u00e8 un esame eseguito ambulatorialmente, che richiede pochi minuti (indicativamente, una decina) per l&#8217;esecuzione.<\/p>\n<p>Qui puoi trovare maggiori informazioni sul <a href=\"https:\/\/www.my-personaltrainer.it\/salute\/tampone-cervicale.html\">tampone cervicale<\/a><\/p>\n<p>&nbsp;<\/p>\n<p>La Dott.ssa Anna Paola Cavalieri riceve per appuntamento ai seguenti indirizzi:<br \/>\nStudio medico Piazza Bologna 22 Roma<br \/>\nTel:<a href=\"tel:0644244904\">\u00a006 44 24 4904<\/a><br \/>\nStudio medico Lungo Tevere degli Anguillara, 11 Roma<br \/>\nTel:<a href=\"tel:065881555\">\u00a006 58 81 555<\/a><\/p>\n","protected":false},"excerpt":{"rendered":"<p>Clamidia: l\u2019infezione e la terapia Analizziamo l&#8217;infezione della Clamidia (Chlamydia trachomatis), e la terapia da utilizzare L&#8217;infezione La clamidia \u00e8 una malattia infettiva molto diffusa tra gli adolescenti e i giovani adulti. Soprattutto in America del nord, ma sempre pi\u00f9 presente anche in Europa. Il problema principale della Clamidia \u00e8 che produce sintomi abbastanza lievi [&hellip;]<\/p>\n","protected":false},"author":1,"featured_media":313,"comment_status":"open","ping_status":"open","sticky":false,"template":"","format":"standard","meta":{"_monsterinsights_skip_tracking":false,"_monsterinsights_sitenote_active":false,"_monsterinsights_sitenote_note":"","_monsterinsights_sitenote_category":0,"footnotes":""},"categories":[7],"tags":[57,54,59,58,55,56],"yoast_head":"<!-- This site is optimized with the Yoast SEO plugin v23.5 - https:\/\/yoast.com\/wordpress\/plugins\/seo\/ -->\n<title>La clamidia: l\u2019infezione e la terapia - Dott.ssa Anna Paola Cavalieri<\/title>\n<meta name=\"description\" content=\"La clamidia \u00e8 una malattia infettiva molto diffusa tra gli adolescenti e i giovani adulti.In questo articolo analizziamo l&#039;infezione e terapia per la cura\" \/>\n<meta name=\"robots\" content=\"index, follow, max-snippet:-1, max-image-preview:large, max-video-preview:-1\" \/>\n<link rel=\"canonical\" href=\"https:\/\/www.medisocial.it\/annapaolacavalieri\/2019\/10\/25\/la-clamidia-linfezione-e-la-terapia\/\" \/>\n<meta property=\"og:locale\" content=\"it_IT\" \/>\n<meta property=\"og:type\" content=\"article\" \/>\n<meta property=\"og:title\" content=\"La clamidia: l\u2019infezione e la terapia - Dott.ssa Anna Paola Cavalieri\" \/>\n<meta property=\"og:description\" content=\"La clamidia \u00e8 una malattia infettiva molto diffusa tra gli adolescenti e i giovani adulti.In questo articolo analizziamo l&#039;infezione e terapia per la cura\" \/>\n<meta property=\"og:url\" content=\"https:\/\/www.medisocial.it\/annapaolacavalieri\/2019\/10\/25\/la-clamidia-linfezione-e-la-terapia\/\" \/>\n<meta property=\"og:site_name\" content=\"Dott.ssa Anna Paola Cavalieri\" \/>\n<meta property=\"article:published_time\" content=\"2019-10-25T15:09:09+00:00\" \/>\n<meta property=\"article:modified_time\" content=\"2019-10-30T16:02:33+00:00\" \/>\n<meta property=\"og:image\" content=\"https:\/\/www.medisocial.it\/annapaolacavalieri\/wp-content\/uploads\/2019\/10\/chlamydia.jpg\" \/>\n\t<meta property=\"og:image:width\" content=\"795\" \/>\n\t<meta property=\"og:image:height\" content=\"332\" \/>\n\t<meta property=\"og:image:type\" content=\"image\/jpeg\" \/>\n<meta name=\"author\" content=\"medisocial\" \/>\n<meta name=\"twitter:card\" content=\"summary_large_image\" \/>\n<meta name=\"twitter:label1\" content=\"Scritto da\" \/>\n\t<meta name=\"twitter:data1\" content=\"medisocial\" \/>\n\t<meta name=\"twitter:label2\" content=\"Tempo di lettura stimato\" \/>\n\t<meta name=\"twitter:data2\" content=\"2 minuti\" \/>\n<script type=\"application\/ld+json\" class=\"yoast-schema-graph\">{\"@context\":\"https:\/\/schema.org\",\"@graph\":[{\"@type\":\"Article\",\"@id\":\"https:\/\/www.medisocial.it\/annapaolacavalieri\/2019\/10\/25\/la-clamidia-linfezione-e-la-terapia\/#article\",\"isPartOf\":{\"@id\":\"https:\/\/www.medisocial.it\/annapaolacavalieri\/2019\/10\/25\/la-clamidia-linfezione-e-la-terapia\/\"},\"author\":{\"name\":\"medisocial\",\"@id\":\"https:\/\/www.medisocial.it\/annapaolacavalieri\/#\/schema\/person\/1cd0bfb9ce49bd43804584df39ef2c91\"},\"headline\":\"La clamidia: l\u2019infezione e la terapia\",\"datePublished\":\"2019-10-25T15:09:09+00:00\",\"dateModified\":\"2019-10-30T16:02:33+00:00\",\"mainEntityOfPage\":{\"@id\":\"https:\/\/www.medisocial.it\/annapaolacavalieri\/2019\/10\/25\/la-clamidia-linfezione-e-la-terapia\/\"},\"wordCount\":360,\"commentCount\":0,\"publisher\":{\"@id\":\"https:\/\/www.medisocial.it\/annapaolacavalieri\/#organization\"},\"image\":{\"@id\":\"https:\/\/www.medisocial.it\/annapaolacavalieri\/2019\/10\/25\/la-clamidia-linfezione-e-la-terapia\/#primaryimage\"},\"thumbnailUrl\":\"https:\/\/www.medisocial.it\/annapaolacavalieri\/wp-content\/uploads\/2019\/10\/chlamydia.jpg\",\"keywords\":[\"adolescenti\",\"clamidia\",\"contagio\",\"giovani adulti\",\"infezione\",\"sintomi\"],\"articleSection\":[\"Articoli\"],\"inLanguage\":\"it-IT\",\"potentialAction\":[{\"@type\":\"CommentAction\",\"name\":\"Comment\",\"target\":[\"https:\/\/www.medisocial.it\/annapaolacavalieri\/2019\/10\/25\/la-clamidia-linfezione-e-la-terapia\/#respond\"]}]},{\"@type\":\"WebPage\",\"@id\":\"https:\/\/www.medisocial.it\/annapaolacavalieri\/2019\/10\/25\/la-clamidia-linfezione-e-la-terapia\/\",\"url\":\"https:\/\/www.medisocial.it\/annapaolacavalieri\/2019\/10\/25\/la-clamidia-linfezione-e-la-terapia\/\",\"name\":\"La clamidia: l\u2019infezione e la terapia - Dott.ssa Anna Paola Cavalieri\",\"isPartOf\":{\"@id\":\"https:\/\/www.medisocial.it\/annapaolacavalieri\/#website\"},\"primaryImageOfPage\":{\"@id\":\"https:\/\/www.medisocial.it\/annapaolacavalieri\/2019\/10\/25\/la-clamidia-linfezione-e-la-terapia\/#primaryimage\"},\"image\":{\"@id\":\"https:\/\/www.medisocial.it\/annapaolacavalieri\/2019\/10\/25\/la-clamidia-linfezione-e-la-terapia\/#primaryimage\"},\"thumbnailUrl\":\"https:\/\/www.medisocial.it\/annapaolacavalieri\/wp-content\/uploads\/2019\/10\/chlamydia.jpg\",\"datePublished\":\"2019-10-25T15:09:09+00:00\",\"dateModified\":\"2019-10-30T16:02:33+00:00\",\"description\":\"La clamidia \u00e8 una malattia infettiva molto diffusa tra gli adolescenti e i giovani adulti.In questo articolo analizziamo l'infezione e terapia per la cura\",\"breadcrumb\":{\"@id\":\"https:\/\/www.medisocial.it\/annapaolacavalieri\/2019\/10\/25\/la-clamidia-linfezione-e-la-terapia\/#breadcrumb\"},\"inLanguage\":\"it-IT\",\"potentialAction\":[{\"@type\":\"ReadAction\",\"target\":[\"https:\/\/www.medisocial.it\/annapaolacavalieri\/2019\/10\/25\/la-clamidia-linfezione-e-la-terapia\/\"]}]},{\"@type\":\"ImageObject\",\"inLanguage\":\"it-IT\",\"@id\":\"https:\/\/www.medisocial.it\/annapaolacavalieri\/2019\/10\/25\/la-clamidia-linfezione-e-la-terapia\/#primaryimage\",\"url\":\"https:\/\/www.medisocial.it\/annapaolacavalieri\/wp-content\/uploads\/2019\/10\/chlamydia.jpg\",\"contentUrl\":\"https:\/\/www.medisocial.it\/annapaolacavalieri\/wp-content\/uploads\/2019\/10\/chlamydia.jpg\",\"width\":795,\"height\":332,\"caption\":\"clamidia\"},{\"@type\":\"BreadcrumbList\",\"@id\":\"https:\/\/www.medisocial.it\/annapaolacavalieri\/2019\/10\/25\/la-clamidia-linfezione-e-la-terapia\/#breadcrumb\",\"itemListElement\":[{\"@type\":\"ListItem\",\"position\":1,\"name\":\"Home\",\"item\":\"https:\/\/www.medisocial.it\/annapaolacavalieri\/\"},{\"@type\":\"ListItem\",\"position\":2,\"name\":\"La clamidia: l\u2019infezione e la terapia\"}]},{\"@type\":\"WebSite\",\"@id\":\"https:\/\/www.medisocial.it\/annapaolacavalieri\/#website\",\"url\":\"https:\/\/www.medisocial.it\/annapaolacavalieri\/\",\"name\":\"Dott.ssa Anna Paola Cavalieri\",\"description\":\"Specialista in Ostetricia e Ginecologia - Roma\",\"publisher\":{\"@id\":\"https:\/\/www.medisocial.it\/annapaolacavalieri\/#organization\"},\"potentialAction\":[{\"@type\":\"SearchAction\",\"target\":{\"@type\":\"EntryPoint\",\"urlTemplate\":\"https:\/\/www.medisocial.it\/annapaolacavalieri\/?s={search_term_string}\"},\"query-input\":{\"@type\":\"PropertyValueSpecification\",\"valueRequired\":true,\"valueName\":\"search_term_string\"}}],\"inLanguage\":\"it-IT\"},{\"@type\":\"Organization\",\"@id\":\"https:\/\/www.medisocial.it\/annapaolacavalieri\/#organization\",\"name\":\"Dott.ssa Anna Paola Cavalieri\",\"url\":\"https:\/\/www.medisocial.it\/annapaolacavalieri\/\",\"logo\":{\"@type\":\"ImageObject\",\"inLanguage\":\"it-IT\",\"@id\":\"https:\/\/www.medisocial.it\/annapaolacavalieri\/#\/schema\/logo\/image\/\",\"url\":\"https:\/\/www.medisocial.it\/annapaolacavalieri\/wp-content\/uploads\/2019\/06\/logo7.jpg\",\"contentUrl\":\"https:\/\/www.medisocial.it\/annapaolacavalieri\/wp-content\/uploads\/2019\/06\/logo7.jpg\",\"width\":242,\"height\":99,\"caption\":\"Dott.ssa Anna Paola Cavalieri\"},\"image\":{\"@id\":\"https:\/\/www.medisocial.it\/annapaolacavalieri\/#\/schema\/logo\/image\/\"}},{\"@type\":\"Person\",\"@id\":\"https:\/\/www.medisocial.it\/annapaolacavalieri\/#\/schema\/person\/1cd0bfb9ce49bd43804584df39ef2c91\",\"name\":\"medisocial\",\"image\":{\"@type\":\"ImageObject\",\"inLanguage\":\"it-IT\",\"@id\":\"https:\/\/www.medisocial.it\/annapaolacavalieri\/#\/schema\/person\/image\/\",\"url\":\"https:\/\/secure.gravatar.com\/avatar\/efa9393110d3610a15f45429c6613084?s=96&d=mm&r=g\",\"contentUrl\":\"https:\/\/secure.gravatar.com\/avatar\/efa9393110d3610a15f45429c6613084?s=96&d=mm&r=g\",\"caption\":\"medisocial\"}}]}<\/script>\n<!-- \/ Yoast SEO plugin. -->","yoast_head_json":{"title":"La clamidia: l\u2019infezione e la terapia - Dott.ssa Anna Paola Cavalieri","description":"La clamidia \u00e8 una malattia infettiva molto diffusa tra gli adolescenti e i giovani adulti.In questo articolo analizziamo l'infezione e terapia per la cura","robots":{"index":"index","follow":"follow","max-snippet":"max-snippet:-1","max-image-preview":"max-image-preview:large","max-video-preview":"max-video-preview:-1"},"canonical":"https:\/\/www.medisocial.it\/annapaolacavalieri\/2019\/10\/25\/la-clamidia-linfezione-e-la-terapia\/","og_locale":"it_IT","og_type":"article","og_title":"La clamidia: l\u2019infezione e la terapia - Dott.ssa Anna Paola Cavalieri","og_description":"La clamidia \u00e8 una malattia infettiva molto diffusa tra gli adolescenti e i giovani adulti.In questo articolo analizziamo l'infezione e terapia per la cura","og_url":"https:\/\/www.medisocial.it\/annapaolacavalieri\/2019\/10\/25\/la-clamidia-linfezione-e-la-terapia\/","og_site_name":"Dott.ssa Anna Paola Cavalieri","article_published_time":"2019-10-25T15:09:09+00:00","article_modified_time":"2019-10-30T16:02:33+00:00","og_image":[{"width":795,"height":332,"url":"https:\/\/www.medisocial.it\/annapaolacavalieri\/wp-content\/uploads\/2019\/10\/chlamydia.jpg","type":"image\/jpeg"}],"author":"medisocial","twitter_card":"summary_large_image","twitter_misc":{"Scritto da":"medisocial","Tempo di lettura stimato":"2 minuti"},"schema":{"@context":"https:\/\/schema.org","@graph":[{"@type":"Article","@id":"https:\/\/www.medisocial.it\/annapaolacavalieri\/2019\/10\/25\/la-clamidia-linfezione-e-la-terapia\/#article","isPartOf":{"@id":"https:\/\/www.medisocial.it\/annapaolacavalieri\/2019\/10\/25\/la-clamidia-linfezione-e-la-terapia\/"},"author":{"name":"medisocial","@id":"https:\/\/www.medisocial.it\/annapaolacavalieri\/#\/schema\/person\/1cd0bfb9ce49bd43804584df39ef2c91"},"headline":"La clamidia: l\u2019infezione e la terapia","datePublished":"2019-10-25T15:09:09+00:00","dateModified":"2019-10-30T16:02:33+00:00","mainEntityOfPage":{"@id":"https:\/\/www.medisocial.it\/annapaolacavalieri\/2019\/10\/25\/la-clamidia-linfezione-e-la-terapia\/"},"wordCount":360,"commentCount":0,"publisher":{"@id":"https:\/\/www.medisocial.it\/annapaolacavalieri\/#organization"},"image":{"@id":"https:\/\/www.medisocial.it\/annapaolacavalieri\/2019\/10\/25\/la-clamidia-linfezione-e-la-terapia\/#primaryimage"},"thumbnailUrl":"https:\/\/www.medisocial.it\/annapaolacavalieri\/wp-content\/uploads\/2019\/10\/chlamydia.jpg","keywords":["adolescenti","clamidia","contagio","giovani adulti","infezione","sintomi"],"articleSection":["Articoli"],"inLanguage":"it-IT","potentialAction":[{"@type":"CommentAction","name":"Comment","target":["https:\/\/www.medisocial.it\/annapaolacavalieri\/2019\/10\/25\/la-clamidia-linfezione-e-la-terapia\/#respond"]}]},{"@type":"WebPage","@id":"https:\/\/www.medisocial.it\/annapaolacavalieri\/2019\/10\/25\/la-clamidia-linfezione-e-la-terapia\/","url":"https:\/\/www.medisocial.it\/annapaolacavalieri\/2019\/10\/25\/la-clamidia-linfezione-e-la-terapia\/","name":"La clamidia: l\u2019infezione e la terapia - Dott.ssa Anna Paola Cavalieri","isPartOf":{"@id":"https:\/\/www.medisocial.it\/annapaolacavalieri\/#website"},"primaryImageOfPage":{"@id":"https:\/\/www.medisocial.it\/annapaolacavalieri\/2019\/10\/25\/la-clamidia-linfezione-e-la-terapia\/#primaryimage"},"image":{"@id":"https:\/\/www.medisocial.it\/annapaolacavalieri\/2019\/10\/25\/la-clamidia-linfezione-e-la-terapia\/#primaryimage"},"thumbnailUrl":"https:\/\/www.medisocial.it\/annapaolacavalieri\/wp-content\/uploads\/2019\/10\/chlamydia.jpg","datePublished":"2019-10-25T15:09:09+00:00","dateModified":"2019-10-30T16:02:33+00:00","description":"La clamidia \u00e8 una malattia infettiva molto diffusa tra gli adolescenti e i giovani adulti.In questo articolo analizziamo l'infezione e terapia per la cura","breadcrumb":{"@id":"https:\/\/www.medisocial.it\/annapaolacavalieri\/2019\/10\/25\/la-clamidia-linfezione-e-la-terapia\/#breadcrumb"},"inLanguage":"it-IT","potentialAction":[{"@type":"ReadAction","target":["https:\/\/www.medisocial.it\/annapaolacavalieri\/2019\/10\/25\/la-clamidia-linfezione-e-la-terapia\/"]}]},{"@type":"ImageObject","inLanguage":"it-IT","@id":"https:\/\/www.medisocial.it\/annapaolacavalieri\/2019\/10\/25\/la-clamidia-linfezione-e-la-terapia\/#primaryimage","url":"https:\/\/www.medisocial.it\/annapaolacavalieri\/wp-content\/uploads\/2019\/10\/chlamydia.jpg","contentUrl":"https:\/\/www.medisocial.it\/annapaolacavalieri\/wp-content\/uploads\/2019\/10\/chlamydia.jpg","width":795,"height":332,"caption":"clamidia"},{"@type":"BreadcrumbList","@id":"https:\/\/www.medisocial.it\/annapaolacavalieri\/2019\/10\/25\/la-clamidia-linfezione-e-la-terapia\/#breadcrumb","itemListElement":[{"@type":"ListItem","position":1,"name":"Home","item":"https:\/\/www.medisocial.it\/annapaolacavalieri\/"},{"@type":"ListItem","position":2,"name":"La clamidia: l\u2019infezione e la terapia"}]},{"@type":"WebSite","@id":"https:\/\/www.medisocial.it\/annapaolacavalieri\/#website","url":"https:\/\/www.medisocial.it\/annapaolacavalieri\/","name":"Dott.ssa Anna Paola Cavalieri","description":"Specialista in Ostetricia e Ginecologia - Roma","publisher":{"@id":"https:\/\/www.medisocial.it\/annapaolacavalieri\/#organization"},"potentialAction":[{"@type":"SearchAction","target":{"@type":"EntryPoint","urlTemplate":"https:\/\/www.medisocial.it\/annapaolacavalieri\/?s={search_term_string}"},"query-input":{"@type":"PropertyValueSpecification","valueRequired":true,"valueName":"search_term_string"}}],"inLanguage":"it-IT"},{"@type":"Organization","@id":"https:\/\/www.medisocial.it\/annapaolacavalieri\/#organization","name":"Dott.ssa Anna Paola Cavalieri","url":"https:\/\/www.medisocial.it\/annapaolacavalieri\/","logo":{"@type":"ImageObject","inLanguage":"it-IT","@id":"https:\/\/www.medisocial.it\/annapaolacavalieri\/#\/schema\/logo\/image\/","url":"https:\/\/www.medisocial.it\/annapaolacavalieri\/wp-content\/uploads\/2019\/06\/logo7.jpg","contentUrl":"https:\/\/www.medisocial.it\/annapaolacavalieri\/wp-content\/uploads\/2019\/06\/logo7.jpg","width":242,"height":99,"caption":"Dott.ssa Anna Paola Cavalieri"},"image":{"@id":"https:\/\/www.medisocial.it\/annapaolacavalieri\/#\/schema\/logo\/image\/"}},{"@type":"Person","@id":"https:\/\/www.medisocial.it\/annapaolacavalieri\/#\/schema\/person\/1cd0bfb9ce49bd43804584df39ef2c91","name":"medisocial","image":{"@type":"ImageObject","inLanguage":"it-IT","@id":"https:\/\/www.medisocial.it\/annapaolacavalieri\/#\/schema\/person\/image\/","url":"https:\/\/secure.gravatar.com\/avatar\/efa9393110d3610a15f45429c6613084?s=96&d=mm&r=g","contentUrl":"https:\/\/secure.gravatar.com\/avatar\/efa9393110d3610a15f45429c6613084?s=96&d=mm&r=g","caption":"medisocial"}}]}},"_links":{"self":[{"href":"https:\/\/www.medisocial.it\/annapaolacavalieri\/wp-json\/wp\/v2\/posts\/312"}],"collection":[{"href":"https:\/\/www.medisocial.it\/annapaolacavalieri\/wp-json\/wp\/v2\/posts"}],"about":[{"href":"https:\/\/www.medisocial.it\/annapaolacavalieri\/wp-json\/wp\/v2\/types\/post"}],"author":[{"embeddable":true,"href":"https:\/\/www.medisocial.it\/annapaolacavalieri\/wp-json\/wp\/v2\/users\/1"}],"replies":[{"embeddable":true,"href":"https:\/\/www.medisocial.it\/annapaolacavalieri\/wp-json\/wp\/v2\/comments?post=312"}],"version-history":[{"count":7,"href":"https:\/\/www.medisocial.it\/annapaolacavalieri\/wp-json\/wp\/v2\/posts\/312\/revisions"}],"predecessor-version":[{"id":334,"href":"https:\/\/www.medisocial.it\/annapaolacavalieri\/wp-json\/wp\/v2\/posts\/312\/revisions\/334"}],"wp:featuredmedia":[{"embeddable":true,"href":"https:\/\/www.medisocial.it\/annapaolacavalieri\/wp-json\/wp\/v2\/media\/313"}],"wp:attachment":[{"href":"https:\/\/www.medisocial.it\/annapaolacavalieri\/wp-json\/wp\/v2\/media?parent=312"}],"wp:term":[{"taxonomy":"category","embeddable":true,"href":"https:\/\/www.medisocial.it\/annapaolacavalieri\/wp-json\/wp\/v2\/categories?post=312"},{"taxonomy":"post_tag","embeddable":true,"href":"https:\/\/www.medisocial.it\/annapaolacavalieri\/wp-json\/wp\/v2\/tags?post=312"}],"curies":[{"name":"wp","href":"https:\/\/api.w.org\/{rel}","templated":true}]}}