{"id":152,"date":"2019-09-16T15:41:55","date_gmt":"2019-09-16T13:41:55","guid":{"rendered":"http:\/\/www.medisocial.it\/annapaolacavalieri\/?p=152"},"modified":"2019-10-25T17:13:05","modified_gmt":"2019-10-25T15:13:05","slug":"gravidanza-la-corretta-alimentazione","status":"publish","type":"post","link":"https:\/\/www.medisocial.it\/annapaolacavalieri\/2019\/09\/16\/gravidanza-la-corretta-alimentazione\/","title":{"rendered":"Gravidanza: la corretta alimentazione"},"content":{"rendered":"<p>L\u2019alimentazione in gravidanza, ma vedremo anche in allattamento, \u00e8 assolutamente un capitolo importante perch\u00e9 la gravidanza \u00e8 uno di quei pochi momenti in cui un individuo dipende totalmente da un altro individuo per cui quello che la madre ingerisce sar\u00e0 fondamentale per il corretto sviluppo e accrescimento del feto.<\/p>\n<p>In linea di massima il fabbisogno calorico di una donna in gravidanza normopeso aumenta di poco, 200 &#8211; 300 kcal al giorno, e cambia a secondo dei trimestri.<\/p>\n<p>Ma la cosa importante \u00e8 che molte donne ignorano che \u00e8 fondamentale in questi mesi aumentare la quota proteica, non di tantissimo, parliamo di circa 10 grammi di proteine rispetto all&#8217;ideale.<\/p>\n<h4>Questo perch\u00e9 le proteine forniscono proprio le materie prime, i mattoni col quale poi il feto sviluppa il proprio organismo.<\/h4>\n<p>In particolare le proteine nobili sono contenute in diversi alimenti.<\/p>\n<h3>Quello che mi preme sottolineare \u00e8 che sarebbe importante per tutte le donne in gravidanza mangiare del pesce.<\/h3>\n<p>Il pesce \u00e8 infatti ricco di proteine essenziali nobili ma anche dei famosi acidi grassi omega-3 e omega-6 che sono fondamentali per lo sviluppo neurologico del feto nonch\u00e9 per la retina.<\/p>\n<p>Si \u00e8 stimato che solo il 3% delle donne si alimentano correttamente garantendo la giusta entrata di acidi omega 6 Omega 3 e per questo motivo sono stati studiati degli integratori che vanno somministrati soprattutto nel secondo e terzo trimestre per sopperire a questo tipo di mancanza.<\/p>\n<h3>In gravidanza \u00e8 importante che la donna mangi poco e spesso; in particolare si raccomandano circa 5 6 pasti al giorno<\/h3>\n<p>Ci\u00f2 per evitare che ci siano dei picchi di iper o di ipoglicemia che possano quindi danneggiare non solo la madre ma anche il bambino.<\/p>\n<p>A questo scopo pu\u00f2 essere utile anche variare il tipo di carboidrati introdotti.<\/p>\n<p>In particolare <em><strong>\u00e8 preferibile consumare carboidrati complessi<\/strong><\/em> quindi prodotti integrali, legumi, farine particolari e questo perch\u00e9 la digestione di questi ultimi \u00e8 pi\u00f9 lenta e sono pi\u00f9 simili al profilo metabolico glucidico che noi miriamo ad ottenere in gravidanza.<\/p>\n<p>Gli zuccheri semplici quindi i banali dolci, miele, marmellate hanno un picco glicemico immediato che non fa bene alla donna in gravidanza e n\u00e9 tantomeno al bambino e poi porta una ipoglicemia pi\u00f9 precoce per cui la donna ha fame pi\u00f9 velocemente e questo non va bene.<\/p>\n<h4>Una corretta alimentazione \u00e8 quello che ogni donna pu\u00f2 fare per ridurre il proprio rischio di patologie legate alla gravidanza, patologie che saranno pericolose non solo per la madre ma anche per il bambino.<\/h4>\n<h4>In particolare mi riferisco a problematiche quali diabete ma anche la gestosi, l&#8217;eclampsia, quindi parliamo di seria patologia della gravidanza.<\/h4>\n<p>Piccoli suggerimenti che vanno bene per ridurre il rischio di questi tipi di problematiche sono appunto quello di preferire carboidrati complessi, di eliminare o il ridurre il sale o comunque gli alimenti salati dalla dalla propria dieta, eliminare se possibile i dolci, bere tanta acqua idratare molto il proprio corpo.<\/p>\n<p>In gravidanza \u00e8 stimato che sarebbe bene bere almeno un litro e mezzo di acqua al giorno preferibilmente lontano dai pasti.<\/p>\n<h3>Questo perch\u00e9 l&#8217;organismo di una donna in gravidanza nonch\u00e9 quello del feto richiede quantit\u00e0 importanti di liquido.<\/h3>\n<p>L&#8217;acqua preferibilmente dovrebbe essere un acqua liscia, se parliamo di acque imbottigliate, acque povere di sodio \u00e8 ricche di calcio.<\/p>\n<p>L&#8217;importanza dell&#8217;idratazione \u00e8 fondamentale anche perch\u00e9 una mancata idratazione pu\u00f2 portare anche a problemi, che magari possono sembrare pi\u00f9 banali a noi medici ma che per la donna sono importanti, quali la stitichezza.<\/p>\n<p>Il bisogno di bere \u00e8 tardivo rispetto alla reale necessit\u00e0, per cui bisogna proprio prenderla quasi come una medicina: una bottiglia da un litro e mezzo fa finita durante l&#8217;arco della giornata.<\/p>\n<p>Oltre ovviamente a frullati succhi di frutta e quello che la donna ha voglia introdurre liquido.<\/p>\n","protected":false},"excerpt":{"rendered":"<p>L\u2019alimentazione in gravidanza, ma vedremo anche in allattamento, \u00e8 assolutamente un capitolo importante perch\u00e9 la gravidanza \u00e8 uno di quei pochi momenti in cui un individuo dipende totalmente da un altro individuo per cui quello che la madre ingerisce sar\u00e0 fondamentale per il corretto sviluppo e accrescimento del feto. In linea di massima il fabbisogno [&hellip;]<\/p>\n","protected":false},"author":1,"featured_media":282,"comment_status":"open","ping_status":"open","sticky":false,"template":"","format":"standard","meta":{"_monsterinsights_skip_tracking":false,"_monsterinsights_sitenote_active":false,"_monsterinsights_sitenote_note":"","_monsterinsights_sitenote_category":0,"footnotes":""},"categories":[7],"tags":[12,67,17,10,66,65],"yoast_head":"<!-- This site is optimized with the Yoast SEO plugin v23.5 - https:\/\/yoast.com\/wordpress\/plugins\/seo\/ -->\n<title>Gravidanza: la corretta alimentazione - Dott.ssa Anna Paola Cavalieri<\/title>\n<meta name=\"description\" content=\"L\u2019alimentazione in gravidanza \u00e8 un capitolo importante perch\u00e9 la gravidanza \u00e8 uno dei momenti in cui un individuo dipende totalmente da un altro individuo\" \/>\n<meta name=\"robots\" content=\"index, follow, max-snippet:-1, max-image-preview:large, max-video-preview:-1\" \/>\n<link rel=\"canonical\" href=\"https:\/\/www.medisocial.it\/annapaolacavalieri\/2019\/09\/16\/gravidanza-la-corretta-alimentazione\/\" \/>\n<meta property=\"og:locale\" content=\"it_IT\" \/>\n<meta property=\"og:type\" content=\"article\" \/>\n<meta property=\"og:title\" content=\"Gravidanza: la corretta alimentazione - Dott.ssa Anna Paola Cavalieri\" \/>\n<meta property=\"og:description\" content=\"L\u2019alimentazione in gravidanza \u00e8 un capitolo importante perch\u00e9 la gravidanza \u00e8 uno dei momenti in cui un individuo dipende totalmente da un altro individuo\" \/>\n<meta property=\"og:url\" content=\"https:\/\/www.medisocial.it\/annapaolacavalieri\/2019\/09\/16\/gravidanza-la-corretta-alimentazione\/\" \/>\n<meta property=\"og:site_name\" content=\"Dott.ssa Anna Paola Cavalieri\" \/>\n<meta property=\"article:published_time\" content=\"2019-09-16T13:41:55+00:00\" \/>\n<meta property=\"article:modified_time\" content=\"2019-10-25T15:13:05+00:00\" \/>\n<meta property=\"og:image\" content=\"https:\/\/www.medisocial.it\/annapaolacavalieri\/wp-content\/uploads\/2019\/09\/alimentazione-in-gravidanza.jpg\" \/>\n\t<meta property=\"og:image:width\" content=\"750\" \/>\n\t<meta property=\"og:image:height\" content=\"500\" \/>\n\t<meta property=\"og:image:type\" content=\"image\/jpeg\" \/>\n<meta name=\"author\" content=\"medisocial\" \/>\n<meta name=\"twitter:card\" content=\"summary_large_image\" \/>\n<meta name=\"twitter:label1\" content=\"Scritto da\" \/>\n\t<meta name=\"twitter:data1\" content=\"medisocial\" \/>\n\t<meta name=\"twitter:label2\" content=\"Tempo di lettura stimato\" \/>\n\t<meta name=\"twitter:data2\" content=\"3 minuti\" \/>\n<script type=\"application\/ld+json\" class=\"yoast-schema-graph\">{\"@context\":\"https:\/\/schema.org\",\"@graph\":[{\"@type\":\"Article\",\"@id\":\"https:\/\/www.medisocial.it\/annapaolacavalieri\/2019\/09\/16\/gravidanza-la-corretta-alimentazione\/#article\",\"isPartOf\":{\"@id\":\"https:\/\/www.medisocial.it\/annapaolacavalieri\/2019\/09\/16\/gravidanza-la-corretta-alimentazione\/\"},\"author\":{\"name\":\"medisocial\",\"@id\":\"https:\/\/www.medisocial.it\/annapaolacavalieri\/#\/schema\/person\/1cd0bfb9ce49bd43804584df39ef2c91\"},\"headline\":\"Gravidanza: la corretta alimentazione\",\"datePublished\":\"2019-09-16T13:41:55+00:00\",\"dateModified\":\"2019-10-25T15:13:05+00:00\",\"mainEntityOfPage\":{\"@id\":\"https:\/\/www.medisocial.it\/annapaolacavalieri\/2019\/09\/16\/gravidanza-la-corretta-alimentazione\/\"},\"wordCount\":611,\"commentCount\":0,\"publisher\":{\"@id\":\"https:\/\/www.medisocial.it\/annapaolacavalieri\/#organization\"},\"image\":{\"@id\":\"https:\/\/www.medisocial.it\/annapaolacavalieri\/2019\/09\/16\/gravidanza-la-corretta-alimentazione\/#primaryimage\"},\"thumbnailUrl\":\"https:\/\/www.medisocial.it\/annapaolacavalieri\/wp-content\/uploads\/2019\/09\/alimentazione-in-gravidanza.jpg\",\"keywords\":[\"alimentazione\",\"diabete\",\"gestosi\",\"gravidanza\",\"integratori\",\"pasti\"],\"articleSection\":[\"Articoli\"],\"inLanguage\":\"it-IT\",\"potentialAction\":[{\"@type\":\"CommentAction\",\"name\":\"Comment\",\"target\":[\"https:\/\/www.medisocial.it\/annapaolacavalieri\/2019\/09\/16\/gravidanza-la-corretta-alimentazione\/#respond\"]}]},{\"@type\":\"WebPage\",\"@id\":\"https:\/\/www.medisocial.it\/annapaolacavalieri\/2019\/09\/16\/gravidanza-la-corretta-alimentazione\/\",\"url\":\"https:\/\/www.medisocial.it\/annapaolacavalieri\/2019\/09\/16\/gravidanza-la-corretta-alimentazione\/\",\"name\":\"Gravidanza: la corretta alimentazione - Dott.ssa Anna Paola Cavalieri\",\"isPartOf\":{\"@id\":\"https:\/\/www.medisocial.it\/annapaolacavalieri\/#website\"},\"primaryImageOfPage\":{\"@id\":\"https:\/\/www.medisocial.it\/annapaolacavalieri\/2019\/09\/16\/gravidanza-la-corretta-alimentazione\/#primaryimage\"},\"image\":{\"@id\":\"https:\/\/www.medisocial.it\/annapaolacavalieri\/2019\/09\/16\/gravidanza-la-corretta-alimentazione\/#primaryimage\"},\"thumbnailUrl\":\"https:\/\/www.medisocial.it\/annapaolacavalieri\/wp-content\/uploads\/2019\/09\/alimentazione-in-gravidanza.jpg\",\"datePublished\":\"2019-09-16T13:41:55+00:00\",\"dateModified\":\"2019-10-25T15:13:05+00:00\",\"description\":\"L\u2019alimentazione in gravidanza \u00e8 un capitolo importante perch\u00e9 la gravidanza \u00e8 uno dei momenti in cui un individuo dipende totalmente da un altro individuo\",\"breadcrumb\":{\"@id\":\"https:\/\/www.medisocial.it\/annapaolacavalieri\/2019\/09\/16\/gravidanza-la-corretta-alimentazione\/#breadcrumb\"},\"inLanguage\":\"it-IT\",\"potentialAction\":[{\"@type\":\"ReadAction\",\"target\":[\"https:\/\/www.medisocial.it\/annapaolacavalieri\/2019\/09\/16\/gravidanza-la-corretta-alimentazione\/\"]}]},{\"@type\":\"ImageObject\",\"inLanguage\":\"it-IT\",\"@id\":\"https:\/\/www.medisocial.it\/annapaolacavalieri\/2019\/09\/16\/gravidanza-la-corretta-alimentazione\/#primaryimage\",\"url\":\"https:\/\/www.medisocial.it\/annapaolacavalieri\/wp-content\/uploads\/2019\/09\/alimentazione-in-gravidanza.jpg\",\"contentUrl\":\"https:\/\/www.medisocial.it\/annapaolacavalieri\/wp-content\/uploads\/2019\/09\/alimentazione-in-gravidanza.jpg\",\"width\":750,\"height\":500,\"caption\":\"alimentazione in gravidanza\"},{\"@type\":\"BreadcrumbList\",\"@id\":\"https:\/\/www.medisocial.it\/annapaolacavalieri\/2019\/09\/16\/gravidanza-la-corretta-alimentazione\/#breadcrumb\",\"itemListElement\":[{\"@type\":\"ListItem\",\"position\":1,\"name\":\"Home\",\"item\":\"https:\/\/www.medisocial.it\/annapaolacavalieri\/\"},{\"@type\":\"ListItem\",\"position\":2,\"name\":\"Gravidanza: la corretta alimentazione\"}]},{\"@type\":\"WebSite\",\"@id\":\"https:\/\/www.medisocial.it\/annapaolacavalieri\/#website\",\"url\":\"https:\/\/www.medisocial.it\/annapaolacavalieri\/\",\"name\":\"Dott.ssa Anna Paola Cavalieri\",\"description\":\"Specialista in Ostetricia e Ginecologia - Roma\",\"publisher\":{\"@id\":\"https:\/\/www.medisocial.it\/annapaolacavalieri\/#organization\"},\"potentialAction\":[{\"@type\":\"SearchAction\",\"target\":{\"@type\":\"EntryPoint\",\"urlTemplate\":\"https:\/\/www.medisocial.it\/annapaolacavalieri\/?s={search_term_string}\"},\"query-input\":{\"@type\":\"PropertyValueSpecification\",\"valueRequired\":true,\"valueName\":\"search_term_string\"}}],\"inLanguage\":\"it-IT\"},{\"@type\":\"Organization\",\"@id\":\"https:\/\/www.medisocial.it\/annapaolacavalieri\/#organization\",\"name\":\"Dott.ssa Anna Paola Cavalieri\",\"url\":\"https:\/\/www.medisocial.it\/annapaolacavalieri\/\",\"logo\":{\"@type\":\"ImageObject\",\"inLanguage\":\"it-IT\",\"@id\":\"https:\/\/www.medisocial.it\/annapaolacavalieri\/#\/schema\/logo\/image\/\",\"url\":\"https:\/\/www.medisocial.it\/annapaolacavalieri\/wp-content\/uploads\/2019\/06\/logo7.jpg\",\"contentUrl\":\"https:\/\/www.medisocial.it\/annapaolacavalieri\/wp-content\/uploads\/2019\/06\/logo7.jpg\",\"width\":242,\"height\":99,\"caption\":\"Dott.ssa Anna Paola Cavalieri\"},\"image\":{\"@id\":\"https:\/\/www.medisocial.it\/annapaolacavalieri\/#\/schema\/logo\/image\/\"}},{\"@type\":\"Person\",\"@id\":\"https:\/\/www.medisocial.it\/annapaolacavalieri\/#\/schema\/person\/1cd0bfb9ce49bd43804584df39ef2c91\",\"name\":\"medisocial\",\"image\":{\"@type\":\"ImageObject\",\"inLanguage\":\"it-IT\",\"@id\":\"https:\/\/www.medisocial.it\/annapaolacavalieri\/#\/schema\/person\/image\/\",\"url\":\"https:\/\/secure.gravatar.com\/avatar\/efa9393110d3610a15f45429c6613084?s=96&d=mm&r=g\",\"contentUrl\":\"https:\/\/secure.gravatar.com\/avatar\/efa9393110d3610a15f45429c6613084?s=96&d=mm&r=g\",\"caption\":\"medisocial\"}}]}<\/script>\n<!-- \/ Yoast SEO plugin. -->","yoast_head_json":{"title":"Gravidanza: la corretta alimentazione - Dott.ssa Anna Paola Cavalieri","description":"L\u2019alimentazione in gravidanza \u00e8 un capitolo importante perch\u00e9 la gravidanza \u00e8 uno dei momenti in cui un individuo dipende totalmente da un altro individuo","robots":{"index":"index","follow":"follow","max-snippet":"max-snippet:-1","max-image-preview":"max-image-preview:large","max-video-preview":"max-video-preview:-1"},"canonical":"https:\/\/www.medisocial.it\/annapaolacavalieri\/2019\/09\/16\/gravidanza-la-corretta-alimentazione\/","og_locale":"it_IT","og_type":"article","og_title":"Gravidanza: la corretta alimentazione - Dott.ssa Anna Paola Cavalieri","og_description":"L\u2019alimentazione in gravidanza \u00e8 un capitolo importante perch\u00e9 la gravidanza \u00e8 uno dei momenti in cui un individuo dipende totalmente da un altro individuo","og_url":"https:\/\/www.medisocial.it\/annapaolacavalieri\/2019\/09\/16\/gravidanza-la-corretta-alimentazione\/","og_site_name":"Dott.ssa Anna Paola Cavalieri","article_published_time":"2019-09-16T13:41:55+00:00","article_modified_time":"2019-10-25T15:13:05+00:00","og_image":[{"width":750,"height":500,"url":"https:\/\/www.medisocial.it\/annapaolacavalieri\/wp-content\/uploads\/2019\/09\/alimentazione-in-gravidanza.jpg","type":"image\/jpeg"}],"author":"medisocial","twitter_card":"summary_large_image","twitter_misc":{"Scritto da":"medisocial","Tempo di lettura stimato":"3 minuti"},"schema":{"@context":"https:\/\/schema.org","@graph":[{"@type":"Article","@id":"https:\/\/www.medisocial.it\/annapaolacavalieri\/2019\/09\/16\/gravidanza-la-corretta-alimentazione\/#article","isPartOf":{"@id":"https:\/\/www.medisocial.it\/annapaolacavalieri\/2019\/09\/16\/gravidanza-la-corretta-alimentazione\/"},"author":{"name":"medisocial","@id":"https:\/\/www.medisocial.it\/annapaolacavalieri\/#\/schema\/person\/1cd0bfb9ce49bd43804584df39ef2c91"},"headline":"Gravidanza: la corretta alimentazione","datePublished":"2019-09-16T13:41:55+00:00","dateModified":"2019-10-25T15:13:05+00:00","mainEntityOfPage":{"@id":"https:\/\/www.medisocial.it\/annapaolacavalieri\/2019\/09\/16\/gravidanza-la-corretta-alimentazione\/"},"wordCount":611,"commentCount":0,"publisher":{"@id":"https:\/\/www.medisocial.it\/annapaolacavalieri\/#organization"},"image":{"@id":"https:\/\/www.medisocial.it\/annapaolacavalieri\/2019\/09\/16\/gravidanza-la-corretta-alimentazione\/#primaryimage"},"thumbnailUrl":"https:\/\/www.medisocial.it\/annapaolacavalieri\/wp-content\/uploads\/2019\/09\/alimentazione-in-gravidanza.jpg","keywords":["alimentazione","diabete","gestosi","gravidanza","integratori","pasti"],"articleSection":["Articoli"],"inLanguage":"it-IT","potentialAction":[{"@type":"CommentAction","name":"Comment","target":["https:\/\/www.medisocial.it\/annapaolacavalieri\/2019\/09\/16\/gravidanza-la-corretta-alimentazione\/#respond"]}]},{"@type":"WebPage","@id":"https:\/\/www.medisocial.it\/annapaolacavalieri\/2019\/09\/16\/gravidanza-la-corretta-alimentazione\/","url":"https:\/\/www.medisocial.it\/annapaolacavalieri\/2019\/09\/16\/gravidanza-la-corretta-alimentazione\/","name":"Gravidanza: la corretta alimentazione - Dott.ssa Anna Paola Cavalieri","isPartOf":{"@id":"https:\/\/www.medisocial.it\/annapaolacavalieri\/#website"},"primaryImageOfPage":{"@id":"https:\/\/www.medisocial.it\/annapaolacavalieri\/2019\/09\/16\/gravidanza-la-corretta-alimentazione\/#primaryimage"},"image":{"@id":"https:\/\/www.medisocial.it\/annapaolacavalieri\/2019\/09\/16\/gravidanza-la-corretta-alimentazione\/#primaryimage"},"thumbnailUrl":"https:\/\/www.medisocial.it\/annapaolacavalieri\/wp-content\/uploads\/2019\/09\/alimentazione-in-gravidanza.jpg","datePublished":"2019-09-16T13:41:55+00:00","dateModified":"2019-10-25T15:13:05+00:00","description":"L\u2019alimentazione in gravidanza \u00e8 un capitolo importante perch\u00e9 la gravidanza \u00e8 uno dei momenti in cui un individuo dipende totalmente da un altro individuo","breadcrumb":{"@id":"https:\/\/www.medisocial.it\/annapaolacavalieri\/2019\/09\/16\/gravidanza-la-corretta-alimentazione\/#breadcrumb"},"inLanguage":"it-IT","potentialAction":[{"@type":"ReadAction","target":["https:\/\/www.medisocial.it\/annapaolacavalieri\/2019\/09\/16\/gravidanza-la-corretta-alimentazione\/"]}]},{"@type":"ImageObject","inLanguage":"it-IT","@id":"https:\/\/www.medisocial.it\/annapaolacavalieri\/2019\/09\/16\/gravidanza-la-corretta-alimentazione\/#primaryimage","url":"https:\/\/www.medisocial.it\/annapaolacavalieri\/wp-content\/uploads\/2019\/09\/alimentazione-in-gravidanza.jpg","contentUrl":"https:\/\/www.medisocial.it\/annapaolacavalieri\/wp-content\/uploads\/2019\/09\/alimentazione-in-gravidanza.jpg","width":750,"height":500,"caption":"alimentazione in gravidanza"},{"@type":"BreadcrumbList","@id":"https:\/\/www.medisocial.it\/annapaolacavalieri\/2019\/09\/16\/gravidanza-la-corretta-alimentazione\/#breadcrumb","itemListElement":[{"@type":"ListItem","position":1,"name":"Home","item":"https:\/\/www.medisocial.it\/annapaolacavalieri\/"},{"@type":"ListItem","position":2,"name":"Gravidanza: la corretta alimentazione"}]},{"@type":"WebSite","@id":"https:\/\/www.medisocial.it\/annapaolacavalieri\/#website","url":"https:\/\/www.medisocial.it\/annapaolacavalieri\/","name":"Dott.ssa Anna Paola Cavalieri","description":"Specialista in Ostetricia e Ginecologia - Roma","publisher":{"@id":"https:\/\/www.medisocial.it\/annapaolacavalieri\/#organization"},"potentialAction":[{"@type":"SearchAction","target":{"@type":"EntryPoint","urlTemplate":"https:\/\/www.medisocial.it\/annapaolacavalieri\/?s={search_term_string}"},"query-input":{"@type":"PropertyValueSpecification","valueRequired":true,"valueName":"search_term_string"}}],"inLanguage":"it-IT"},{"@type":"Organization","@id":"https:\/\/www.medisocial.it\/annapaolacavalieri\/#organization","name":"Dott.ssa Anna Paola Cavalieri","url":"https:\/\/www.medisocial.it\/annapaolacavalieri\/","logo":{"@type":"ImageObject","inLanguage":"it-IT","@id":"https:\/\/www.medisocial.it\/annapaolacavalieri\/#\/schema\/logo\/image\/","url":"https:\/\/www.medisocial.it\/annapaolacavalieri\/wp-content\/uploads\/2019\/06\/logo7.jpg","contentUrl":"https:\/\/www.medisocial.it\/annapaolacavalieri\/wp-content\/uploads\/2019\/06\/logo7.jpg","width":242,"height":99,"caption":"Dott.ssa Anna Paola Cavalieri"},"image":{"@id":"https:\/\/www.medisocial.it\/annapaolacavalieri\/#\/schema\/logo\/image\/"}},{"@type":"Person","@id":"https:\/\/www.medisocial.it\/annapaolacavalieri\/#\/schema\/person\/1cd0bfb9ce49bd43804584df39ef2c91","name":"medisocial","image":{"@type":"ImageObject","inLanguage":"it-IT","@id":"https:\/\/www.medisocial.it\/annapaolacavalieri\/#\/schema\/person\/image\/","url":"https:\/\/secure.gravatar.com\/avatar\/efa9393110d3610a15f45429c6613084?s=96&d=mm&r=g","contentUrl":"https:\/\/secure.gravatar.com\/avatar\/efa9393110d3610a15f45429c6613084?s=96&d=mm&r=g","caption":"medisocial"}}]}},"_links":{"self":[{"href":"https:\/\/www.medisocial.it\/annapaolacavalieri\/wp-json\/wp\/v2\/posts\/152"}],"collection":[{"href":"https:\/\/www.medisocial.it\/annapaolacavalieri\/wp-json\/wp\/v2\/posts"}],"about":[{"href":"https:\/\/www.medisocial.it\/annapaolacavalieri\/wp-json\/wp\/v2\/types\/post"}],"author":[{"embeddable":true,"href":"https:\/\/www.medisocial.it\/annapaolacavalieri\/wp-json\/wp\/v2\/users\/1"}],"replies":[{"embeddable":true,"href":"https:\/\/www.medisocial.it\/annapaolacavalieri\/wp-json\/wp\/v2\/comments?post=152"}],"version-history":[{"count":3,"href":"https:\/\/www.medisocial.it\/annapaolacavalieri\/wp-json\/wp\/v2\/posts\/152\/revisions"}],"predecessor-version":[{"id":281,"href":"https:\/\/www.medisocial.it\/annapaolacavalieri\/wp-json\/wp\/v2\/posts\/152\/revisions\/281"}],"wp:featuredmedia":[{"embeddable":true,"href":"https:\/\/www.medisocial.it\/annapaolacavalieri\/wp-json\/wp\/v2\/media\/282"}],"wp:attachment":[{"href":"https:\/\/www.medisocial.it\/annapaolacavalieri\/wp-json\/wp\/v2\/media?parent=152"}],"wp:term":[{"taxonomy":"category","embeddable":true,"href":"https:\/\/www.medisocial.it\/annapaolacavalieri\/wp-json\/wp\/v2\/categories?post=152"},{"taxonomy":"post_tag","embeddable":true,"href":"https:\/\/www.medisocial.it\/annapaolacavalieri\/wp-json\/wp\/v2\/tags?post=152"}],"curies":[{"name":"wp","href":"https:\/\/api.w.org\/{rel}","templated":true}]}}